{"id":169435,"date":"2026-02-23T18:00:02","date_gmt":"2026-02-23T21:00:02","guid":{"rendered":"https:\/\/lavras.tv\/site\/?p=169435"},"modified":"2026-02-23T18:00:04","modified_gmt":"2026-02-23T21:00:04","slug":"nao-efetuou-o-pagamento-da-primeira-parcela-do-ipva-2026-saiba-como-regularizar-a-situacao","status":"publish","type":"post","link":"https:\/\/lavras.tv\/site\/2026\/02\/23\/nao-efetuou-o-pagamento-da-primeira-parcela-do-ipva-2026-saiba-como-regularizar-a-situacao\/","title":{"rendered":"N\u00e3o efetuou o pagamento da primeira parcela do IPVA 2026? Saiba como regularizar a situa\u00e7\u00e3o"},"content":{"rendered":"<div class=\"lavra-antes-do-conteudo_2\" id=\"lavra-795810196\"><div id=\"lavra-slider-27\" class=\"custom-slider lavra-slider-2626017476 lavra-slider\"><ul><li><div style=\"margin-left: auto;margin-right: auto;text-align: center;\" id=\"lavra-3114808548\"><a href=\"https:\/\/sistemas.lavras.mg.gov.br\/portalcidadao\/#df1b1a7c7b2a290bcb31e32771e610784662739a88807c0dacac58ede5f391a7530e299dc302d611ee73cb143fc22eaf93592e53e7b5bdb01b00a0b8d28dae460c141dd2ff83412e4dc1c31b16b25f33144a9e5620ea73b13f5bc1c59411d98439ad226e8af03840603796067d87afe130812cf3de24982d0e306f9e61e764e5\" aria-label=\"Lavras-TV&#8211;720x104px (1) (1)\"><img src=\"https:\/\/lavras.tv\/site\/wp-content\/uploads\/2025\/01\/Lavras-TV-720x104px-1-1.png\" alt=\"\"  srcset=\"https:\/\/lavras.tv\/site\/wp-content\/uploads\/2025\/01\/Lavras-TV-720x104px-1-1.png 720w, https:\/\/lavras.tv\/site\/wp-content\/uploads\/2025\/01\/Lavras-TV-720x104px-1-1-470x68.png 470w, https:\/\/lavras.tv\/site\/wp-content\/uploads\/2025\/01\/Lavras-TV-720x104px-1-1-170x25.png 170w, https:\/\/lavras.tv\/site\/wp-content\/uploads\/2025\/01\/Lavras-TV-720x104px-1-1-200x29.png 200w\" sizes=\"(max-width: 720px) 100vw, 720px\" width=\"720\" height=\"104\"  style=\"display: inline-block;\" \/><\/a><\/div><\/li><li><a href=\"https:\/\/sistemas.lavras.mg.gov.br\/portalcidadao\/#df1b1a7c7b2a290bcb31e32771e610784662739a88807c0dacac58ede5f391a7530e299dc302d611ee73cb143fc22eaf93592e53e7b5bdb01b00a0b8d28dae460c141dd2ff83412e4dc1c31b16b25f33144a9e5620ea73b13f5bc1c59411d98439ad226e8af03840603796067d87afe130812cf3de24982d0e306f9e61e764e5\" aria-label=\"Banner_Emprego_PortallavrasTV\"><img src=\"https:\/\/lavras.tv\/site\/wp-content\/uploads\/2025\/03\/Banner_Emprego_PortallavrasTV.png\" alt=\"\"  srcset=\"https:\/\/lavras.tv\/site\/wp-content\/uploads\/2025\/03\/Banner_Emprego_PortallavrasTV.png 720w, https:\/\/lavras.tv\/site\/wp-content\/uploads\/2025\/03\/Banner_Emprego_PortallavrasTV-470x68.png 470w, https:\/\/lavras.tv\/site\/wp-content\/uploads\/2025\/03\/Banner_Emprego_PortallavrasTV-170x25.png 170w, https:\/\/lavras.tv\/site\/wp-content\/uploads\/2025\/03\/Banner_Emprego_PortallavrasTV-200x29.png 200w\" sizes=\"(max-width: 720px) 100vw, 720px\" width=\"720\" height=\"104\"   \/><\/a><\/li><li><a href=\"https:\/\/sistemas.lavras.mg.gov.br\/portalcidadao\/#df1b1a7c7b2a290bcb31e32771e610784662739a88807c0dacac58ede5f391a7530e299dc302d611ee73cb143fc22eaf93592e53e7b5bdb01b00a0b8d28dae460c141dd2ff83412e4dc1c31b16b25f33144a9e5620ea73b13f5bc1c59411d98439ad226e8af03840603796067d87afe130812cf3de24982d0e306f9e61e764e5\" aria-label=\"Banner_Obras_PortallavrasTV\"><img src=\"https:\/\/lavras.tv\/site\/wp-content\/uploads\/2025\/03\/Banner_Obras_PortallavrasTV.png\" alt=\"\"  srcset=\"https:\/\/lavras.tv\/site\/wp-content\/uploads\/2025\/03\/Banner_Obras_PortallavrasTV.png 720w, https:\/\/lavras.tv\/site\/wp-content\/uploads\/2025\/03\/Banner_Obras_PortallavrasTV-470x68.png 470w, https:\/\/lavras.tv\/site\/wp-content\/uploads\/2025\/03\/Banner_Obras_PortallavrasTV-170x25.png 170w, https:\/\/lavras.tv\/site\/wp-content\/uploads\/2025\/03\/Banner_Obras_PortallavrasTV-200x29.png 200w\" sizes=\"(max-width: 720px) 100vw, 720px\" width=\"720\" height=\"104\"   \/><\/a><\/li><li><div style=\"margin-left: auto;margin-right: auto;text-align: center;\" id=\"lavra-3956424839\"><a href=\"https:\/\/sistemas.lavras.mg.gov.br\/portalcidadao\/#df1b1a7c7b2a290bcb31e32771e610784662739a88807c0dacac58ede5f391a7530e299dc302d611ee73cb143fc22eaf93592e53e7b5bdb01b00a0b8d28dae460c141dd2ff83412e4dc1c31b16b25f33144a9e5620ea73b13f5bc1c59411d98439ad226e8af03840603796067d87afe130812cf3de24982d0e306f9e61e764e5\" aria-label=\"Banner_Educa\u00e7\u00e3o_PortallavrasTV\"><img src=\"https:\/\/lavras.tv\/site\/wp-content\/uploads\/2025\/01\/Banner_Educacao_PortallavrasTV.png\" alt=\"\"  srcset=\"https:\/\/lavras.tv\/site\/wp-content\/uploads\/2025\/01\/Banner_Educacao_PortallavrasTV.png 720w, https:\/\/lavras.tv\/site\/wp-content\/uploads\/2025\/01\/Banner_Educacao_PortallavrasTV-470x68.png 470w, https:\/\/lavras.tv\/site\/wp-content\/uploads\/2025\/01\/Banner_Educacao_PortallavrasTV-170x25.png 170w, https:\/\/lavras.tv\/site\/wp-content\/uploads\/2025\/01\/Banner_Educacao_PortallavrasTV-200x29.png 200w\" sizes=\"(max-width: 720px) 100vw, 720px\" width=\"720\" height=\"104\"  style=\"display: inline-block;\" \/><\/a><\/div><\/li><li><a href=\"https:\/\/sistemas.lavras.mg.gov.br\/portalcidadao\/#df1b1a7c7b2a290bcb31e32771e610784662739a88807c0dacac58ede5f391a7530e299dc302d611ee73cb143fc22eaf93592e53e7b5bdb01b00a0b8d28dae460c141dd2ff83412e4dc1c31b16b25f33144a9e5620ea73b13f5bc1c59411d98439ad226e8af03840603796067d87afe130812cf3de24982d0e306f9e61e764e5\" aria-label=\"Banner_Sa\u00fade_PortallavrasTV\"><img src=\"https:\/\/lavras.tv\/site\/wp-content\/uploads\/2025\/03\/Banner_Saude_PortallavrasTV.png\" alt=\"\"  srcset=\"https:\/\/lavras.tv\/site\/wp-content\/uploads\/2025\/03\/Banner_Saude_PortallavrasTV.png 720w, https:\/\/lavras.tv\/site\/wp-content\/uploads\/2025\/03\/Banner_Saude_PortallavrasTV-470x68.png 470w, https:\/\/lavras.tv\/site\/wp-content\/uploads\/2025\/03\/Banner_Saude_PortallavrasTV-170x25.png 170w, https:\/\/lavras.tv\/site\/wp-content\/uploads\/2025\/03\/Banner_Saude_PortallavrasTV-200x29.png 200w\" sizes=\"(max-width: 720px) 100vw, 720px\" width=\"720\" height=\"104\"   \/><\/a><\/li><li><div id=\"lavra-768066861\" style=\"width:720px;height:104px;background-color:#ddd;overflow:scroll;\">\n\t<strong>Sa\u00edda da depura\u00e7\u00e3o de an\u00fancios<\/strong>\n\t<br><br>\n\tO an\u00fancio n\u00e3o \u00e9 exibido na p\u00e1gina<br><br>post atual: N\u00e3o efetuou o pagamento da primeira parcela do IPVA 2026? Saiba como regularizar a situa\u00e7\u00e3o, ID: 169435<br><br><span style=\"color: red;\">O post atual n\u00e3o \u00e9 id\u00eantico ao post principal.<\/span><br><br>An\u00fancios: ROXO - TOPO INTERNA - ROTATIVO 2 (197)<br \/>Grupo de an\u00fancios: Princ_Meio01_720x104 (27)<br><br>Condi\u00e7\u00f5es de exibi\u00e7\u00e3o<div style=\"margin-bottom: 20px; white-space: pre-wrap; font-family: monospace; width: 100%; background: #ffe9e9;\"><strong>condi\u00e7\u00f5es gerais<\/strong><table border=\"1\"><thead><tr><th><\/th><th>An\u00fancios<\/th><th>wp_the_query<\/th><\/tr><\/thead><tr><td>is_main_query<\/td><td>1<\/td><td>1<\/td><\/tr><tr><td>is_rest_api<\/td><td>0<\/td><td>1<\/td><\/tr><tr><td>page<\/td><td>0<\/td><td>1<\/td><\/tr><tr><td>numpages<\/td><td>0<\/td><td>1<\/td><\/tr><tr><td>is_archive<\/td><td>1<\/td><td><\/td><\/tr><tr><td>is_search<\/td><td>1<\/td><td><\/td><\/tr><tr><td>is_home<\/td><td>1<\/td><td><\/td><\/tr><tr><td>is_404<\/td><td>1<\/td><td><\/td><\/tr><tr><td>is_attachment<\/td><td>1<\/td><td><\/td><\/tr><tr><td>is_singular<\/td><td>1<\/td><td><\/td><\/tr><tr><td>is_front_page<\/td><td>1<\/td><td><\/td><\/tr><tr><td>is_feed<\/td><td>1<\/td><td><\/td><\/tr><\/table><\/div><br><br><span style=\"color: red;\">Seu site usa HTTPS, mas o c\u00f3digo do an\u00fancio cont\u00e9m HTTP e pode n\u00e3o funcionar.<\/span>\t<br><br>\n\t<a style=\"color: green;\" href=\"https:\/\/wpadvancedads.com\/manual\/ad-debug-mode\/?utm_source=advanced-ads&utm_medium=link&utm_campaign=ad-debug-mode\" target=\"_blank\" rel=\"nofollow\">Encontre solu\u00e7\u00f5es no manual<\/a>\n<\/div>\n<\/li><\/ul><\/div><script>( window.advanced_ads_ready || jQuery( document ).ready ).call( null, function() {var $lavraslider2626017476 = jQuery( \".lavra-slider-2626017476\" );$lavraslider2626017476.on( \"unslider.ready\", function() { jQuery( \"div.custom-slider ul li\" ).css( \"display\", \"block\" ); });$lavraslider2626017476.unslider({ delay:4000, autoplay:true, nav:false, arrows:false, infinite:true });$lavraslider2626017476.on(\"mouseover\", function() {$lavraslider2626017476.unslider(\"stop\");}).on(\"mouseout\", function() {$lavraslider2626017476.unslider(\"start\");});});<\/script><\/div>\n<h2 class=\"wp-block-heading\">Em Minas Gerais, o imposto pode ser quitado a qualquer momento, pelos meios oficiais do Governo do Estado<\/h2>\n\n\n\n<figure class=\"wp-block-image\"><img decoding=\"async\" src=\"https:\/\/www.agenciaminas.mg.gov.br\/system\/news\/images\/000\/129\/126\/large\/2026.02.23_IPVA_Thumbnail_%281%29.png?1771852728\" alt=\"imagem de destaque\"\/><\/figure>\n\n\n\n<p>Quem deixou de pagar a primeira parcela do Imposto sobre a Propriedade de Ve\u00edculos Automotores (IPVA) de 2026, em Minas Gerais, deve ter aten\u00e7\u00e3o \u00e0 orienta\u00e7\u00e3o da&nbsp;<a href=\"https:\/\/www.fazenda.mg.gov.br\/\" target=\"_blank\" rel=\"noreferrer noopener\">Secretaria de Estado de Fazenda (SEF\/MG)<\/a>&nbsp;para regularizar a situa\u00e7\u00e3o.&nbsp;A regulariza\u00e7\u00e3o do imposto pode ser realizada de forma simples e on-line.<br><br>Mesmo em atraso, o d\u00e9bito pode ser pago a qualquer momento, pelos canais&nbsp;oficiais do&nbsp;<a href=\"https:\/\/www.mg.gov.br\/\" target=\"_blank\" rel=\"noreferrer noopener\">Governo de Minas<\/a>. A multa e os juros s\u00e3o aplicados automaticamente, no ato da emiss\u00e3o do Documento de Arrecada\u00e7\u00e3o Estadual (DAE) ou do c\u00f3digo Pix \u2013 no site da&nbsp;<a href=\"https:\/\/www.fazenda.mg.gov.br\/\" target=\"_blank\" rel=\"noreferrer noopener\">fazenda.mg.gov.br<\/a>&nbsp;e no&nbsp;<a href=\"https:\/\/www.mg.gov.br\/pagina\/mg-app\" target=\"_blank\" rel=\"noreferrer noopener\">MG App<\/a>&nbsp;\u2013, assim como no autoatendimento ou internet banking dos agentes autorizados (Bradesco, SICOOB, Mercantil, Caixa, Casas Lot\u00e9ricas, Banco do Brasil, Mais BB, Ita\u00fa e Santander), bastando informar o n\u00famero do Renavam do ve\u00edculo.<br><br>No caso de pagamento via Pix, \u00e9 importante observar o nome do beneficiado da opera\u00e7\u00e3o, que sempre ser\u00e1&nbsp;Estado de Minas Gerais,&nbsp;CNPJ18.715.615\/0001-60, e os bancos emissores&nbsp;Ita\u00fa&nbsp;e&nbsp;Santander.<br><br>O quanto antes o imposto for quitado, menos juros ser\u00e3o cobrados pelo atraso. Al\u00e9m disso, a partir do 30\u00ba dia de atraso, \u00e9 cobrada multa de 20% sobre o valor da parcela.<br><br>O diretor de Informa\u00e7\u00f5es Econ\u00f4mico-Fiscais da SEF\/MG, Ricardo Alves de Sousa, lembra que o desconto da cota \u00fanica n\u00e3o pode mais ser aplicado. &#8220;O sistema n\u00e3o disponibiliza mais a op\u00e7\u00e3o de cota \u00fanica. O propriet\u00e1rio do ve\u00edculo que quiser pagar a totalidade do imposto, por exemplo, poder\u00e1 emitir guia \u00fanica com as tr\u00eas parcelas consolidadas, ou pagar a pr\u00f3xima a vencer junto com a parcela atrasada, bastando fazer a sele\u00e7\u00e3o na consulta dispon\u00edvel no site&nbsp;<a href=\"https:\/\/www.fazenda.mg.gov.br\/\" target=\"_blank\" rel=\"noreferrer noopener\">fazenda.mg.mgov.br<\/a>&nbsp;ou no aplicativo&nbsp;<a href=\"https:\/\/www.mg.gov.br\/pagina\/mg-app\" target=\"_blank\" rel=\"noreferrer noopener\">MG App<\/a>\u201d, afirma o diretor.<br><br>A escala de vencimento da primeira parcela do IPVA foi de 9\/2 a 13\/2. A segunda parcela ter\u00e1 vencimento entre os dias 9\/3 e 13\/3, e a terceira em de 9\/4 a 15\/4.<br><br><strong>Veja como pagar:<\/strong><\/p>\n\n\n\n<figure class=\"wp-block-image\"><img decoding=\"async\" src=\"https:\/\/www.agenciaminas.mg.gov.br\/ckeditor_assets\/pictures\/23941\/content_2026_02_23_ipva_arte_roteiro.png\" alt=\"\"\/><\/figure>\n\n\n\n<p><br><br><strong>D\u00e9bitos antigos<\/strong><br><br>Os d\u00e9bitos antigos de IPVA, de 2025 e anos anteriores, podem ser parcelados em at\u00e9 12 vezes. O servi\u00e7o \u00e9 oferecido pela SEF\/MG, de forma&nbsp;on-line.<br><br>Para simular e aderir ao parcelamento, basta entrar no site da&nbsp;<a href=\"http:\/\/www.fazenda.mg.gov.br\/\" target=\"_blank\" rel=\"noreferrer noopener\">Fazenda MG<\/a>, no menu \u201cIPVA\u201d e, em seguida, \u201cParcelamento\u201d. Os encargos pelo atraso s\u00e3o calculados automaticamente pelo sistema. Pessoas f\u00edsicas ou jur\u00eddicas que optam pelo servi\u00e7o precisam ficar atentos ao valor m\u00ednimo das parcelas, que \u00e9 R$ 200.<br><br>O contribuinte deve buscar a regulariza\u00e7\u00e3o o quanto antes para evitar a inscri\u00e7\u00e3o do d\u00e9bito em d\u00edvida ativa e protesto cartorial.<\/p>\n","protected":false},"excerpt":{"rendered":"<p>Em Minas Gerais, o imposto pode ser quitado a qualquer momento, pelos meios oficiais do Governo do Estado Quem deixou de pagar a primeira parcela do Imposto sobre a Propriedade de Ve\u00edculos Automotores (IPVA) de 2026, em Minas Gerais, deve ter aten\u00e7\u00e3o \u00e0 orienta\u00e7\u00e3o da&nbsp;Secretaria de Estado de Fazenda (SEF\/MG)&nbsp;para regularizar a situa\u00e7\u00e3o.&nbsp;A regulariza\u00e7\u00e3o do [&hellip;]<\/p>\n","protected":false},"author":5,"featured_media":169436,"comment_status":"closed","ping_status":"open","sticky":false,"template":"","format":"standard","meta":{"advgb_blocks_editor_width":"","advgb_blocks_columns_visual_guide":"","_exactmetrics_skip_tracking":false,"_exactmetrics_sitenote_active":false,"_exactmetrics_sitenote_note":"","_exactmetrics_sitenote_category":0,"footnotes":""},"categories":[7,2],"tags":[],"class_list":["post-169435","post","type-post","status-publish","format-standard","has-post-thumbnail","hentry","category-destaques","category-noticias"],"better_featured_image":{"id":169436,"alt_text":"","caption":"","description":"","media_type":"image","media_details":{"width":1952,"height":1028,"file":"2026\/02\/2026.02.23_IPVA_Thumbnail_1.png","filesize":2620989,"sizes":{"medium":{"file":"2026.02.23_IPVA_Thumbnail_1-470x248.png","width":470,"height":248,"mime-type":"image\/png","filesize":102164,"source_url":"https:\/\/lavras.tv\/site\/wp-content\/uploads\/2026\/02\/2026.02.23_IPVA_Thumbnail_1-470x248.png"},"large":{"file":"2026.02.23_IPVA_Thumbnail_1-970x511.png","width":970,"height":511,"mime-type":"image\/png","filesize":449012,"source_url":"https:\/\/lavras.tv\/site\/wp-content\/uploads\/2026\/02\/2026.02.23_IPVA_Thumbnail_1-970x511.png"},"thumbnail":{"file":"2026.02.23_IPVA_Thumbnail_1-170x90.png","width":170,"height":90,"mime-type":"image\/png","filesize":16781,"source_url":"https:\/\/lavras.tv\/site\/wp-content\/uploads\/2026\/02\/2026.02.23_IPVA_Thumbnail_1-170x90.png"},"1536x1536":{"file":"2026.02.23_IPVA_Thumbnail_1-1536x809.png","width":1536,"height":809,"mime-type":"image\/png","filesize":1167070,"source_url":"https:\/\/lavras.tv\/site\/wp-content\/uploads\/2026\/02\/2026.02.23_IPVA_Thumbnail_1-1536x809.png"},"alm-thumbnail":{"file":"2026.02.23_IPVA_Thumbnail_1-150x150.png","width":150,"height":150,"mime-type":"image\/png","filesize":24003,"source_url":"https:\/\/lavras.tv\/site\/wp-content\/uploads\/2026\/02\/2026.02.23_IPVA_Thumbnail_1-150x150.png"},"sow-carousel-default":{"file":"2026.02.23_IPVA_Thumbnail_1-272x182.png","width":272,"height":182,"mime-type":"image\/png","filesize":46352,"source_url":"https:\/\/lavras.tv\/site\/wp-content\/uploads\/2026\/02\/2026.02.23_IPVA_Thumbnail_1-272x182.png"}},"image_meta":{"aperture":"0","credit":"","camera":"","caption":"","created_timestamp":"0","copyright":"","focal_length":"0","iso":"0","shutter_speed":"0","title":"","orientation":"0","keywords":[]}},"post":169435,"source_url":"https:\/\/lavras.tv\/site\/wp-content\/uploads\/2026\/02\/2026.02.23_IPVA_Thumbnail_1.png"},"author_meta":{"display_name":"Vinicius Bustamante","author_link":"https:\/\/lavras.tv\/site\/author\/vinicius-bustamante\/"},"featured_img":"https:\/\/lavras.tv\/site\/wp-content\/uploads\/2026\/02\/2026.02.23_IPVA_Thumbnail_1-470x248.png","coauthors":[],"tax_additional":{"categories":{"linked":["<a href=\"https:\/\/lavras.tv\/site\/category\/destaques\/\" class=\"advgb-post-tax-term\">Destaques<\/a>","<a href=\"https:\/\/lavras.tv\/site\/category\/noticias\/\" class=\"advgb-post-tax-term\">Not\u00edcias<\/a>"],"unlinked":["<span class=\"advgb-post-tax-term\">Destaques<\/span>","<span class=\"advgb-post-tax-term\">Not\u00edcias<\/span>"]}},"comment_count":"0","relative_dates":{"created":"Publicado 2 meses atr\u00e1s","modified":"Atualizado 2 meses atr\u00e1s"},"absolute_dates":{"created":"Publicado em 23 de fevereiro de 2026","modified":"Atualizado em 23 de fevereiro de 2026"},"absolute_dates_time":{"created":"Publicado em 23 de fevereiro de 2026 18:00","modified":"Atualizado em 23 de fevereiro de 2026 18:00"},"featured_img_caption":"","series_order":"","_links":{"self":[{"href":"https:\/\/lavras.tv\/site\/wp-json\/wp\/v2\/posts\/169435","targetHints":{"allow":["GET"]}}],"collection":[{"href":"https:\/\/lavras.tv\/site\/wp-json\/wp\/v2\/posts"}],"about":[{"href":"https:\/\/lavras.tv\/site\/wp-json\/wp\/v2\/types\/post"}],"author":[{"embeddable":true,"href":"https:\/\/lavras.tv\/site\/wp-json\/wp\/v2\/users\/5"}],"replies":[{"embeddable":true,"href":"https:\/\/lavras.tv\/site\/wp-json\/wp\/v2\/comments?post=169435"}],"version-history":[{"count":1,"href":"https:\/\/lavras.tv\/site\/wp-json\/wp\/v2\/posts\/169435\/revisions"}],"predecessor-version":[{"id":169437,"href":"https:\/\/lavras.tv\/site\/wp-json\/wp\/v2\/posts\/169435\/revisions\/169437"}],"wp:featuredmedia":[{"embeddable":true,"href":"https:\/\/lavras.tv\/site\/wp-json\/wp\/v2\/media\/169436"}],"wp:attachment":[{"href":"https:\/\/lavras.tv\/site\/wp-json\/wp\/v2\/media?parent=169435"}],"wp:term":[{"taxonomy":"category","embeddable":true,"href":"https:\/\/lavras.tv\/site\/wp-json\/wp\/v2\/categories?post=169435"},{"taxonomy":"post_tag","embeddable":true,"href":"https:\/\/lavras.tv\/site\/wp-json\/wp\/v2\/tags?post=169435"}],"curies":[{"name":"wp","href":"https:\/\/api.w.org\/{rel}","templated":true}]}}