{"id":169438,"date":"2026-02-23T18:03:47","date_gmt":"2026-02-23T21:03:47","guid":{"rendered":"https:\/\/lavras.tv\/site\/?p=169438"},"modified":"2026-02-23T18:03:49","modified_gmt":"2026-02-23T21:03:49","slug":"presidente-da-amm-mobiliza-prefeitos-mineiros-para-ato-em-brasilia-contra-pautas-bomba-na-proxima-terca-24","status":"publish","type":"post","link":"https:\/\/lavras.tv\/site\/2026\/02\/23\/presidente-da-amm-mobiliza-prefeitos-mineiros-para-ato-em-brasilia-contra-pautas-bomba-na-proxima-terca-24\/","title":{"rendered":"Presidente da AMM mobiliza prefeitos mineiros para ato em Bras\u00edlia contra pautas-bomba, na pr\u00f3xima ter\u00e7a (24)"},"content":{"rendered":"<div class=\"lavra-antes-do-conteudo_2\" id=\"lavra-363505817\"><div id=\"lavra-slider-27\" class=\"custom-slider lavra-slider-2923485391 lavra-slider\"><ul><li><div style=\"margin-left: auto;margin-right: auto;text-align: center;\" id=\"lavra-3726341468\"><a href=\"https:\/\/sistemas.lavras.mg.gov.br\/portalcidadao\/#df1b1a7c7b2a290bcb31e32771e610784662739a88807c0dacac58ede5f391a7530e299dc302d611ee73cb143fc22eaf93592e53e7b5bdb01b00a0b8d28dae460c141dd2ff83412e4dc1c31b16b25f33144a9e5620ea73b13f5bc1c59411d98439ad226e8af03840603796067d87afe130812cf3de24982d0e306f9e61e764e5\" aria-label=\"Lavras-TV&#8211;720x104px (1) (1)\"><img src=\"https:\/\/lavras.tv\/site\/wp-content\/uploads\/2025\/01\/Lavras-TV-720x104px-1-1.png\" alt=\"\"  srcset=\"https:\/\/lavras.tv\/site\/wp-content\/uploads\/2025\/01\/Lavras-TV-720x104px-1-1.png 720w, https:\/\/lavras.tv\/site\/wp-content\/uploads\/2025\/01\/Lavras-TV-720x104px-1-1-470x68.png 470w, https:\/\/lavras.tv\/site\/wp-content\/uploads\/2025\/01\/Lavras-TV-720x104px-1-1-170x25.png 170w, https:\/\/lavras.tv\/site\/wp-content\/uploads\/2025\/01\/Lavras-TV-720x104px-1-1-200x29.png 200w\" sizes=\"(max-width: 720px) 100vw, 720px\" width=\"720\" height=\"104\"  style=\"display: inline-block;\" \/><\/a><\/div><\/li><li><a href=\"https:\/\/sistemas.lavras.mg.gov.br\/portalcidadao\/#df1b1a7c7b2a290bcb31e32771e610784662739a88807c0dacac58ede5f391a7530e299dc302d611ee73cb143fc22eaf93592e53e7b5bdb01b00a0b8d28dae460c141dd2ff83412e4dc1c31b16b25f33144a9e5620ea73b13f5bc1c59411d98439ad226e8af03840603796067d87afe130812cf3de24982d0e306f9e61e764e5\" aria-label=\"Banner_Emprego_PortallavrasTV\"><img src=\"https:\/\/lavras.tv\/site\/wp-content\/uploads\/2025\/03\/Banner_Emprego_PortallavrasTV.png\" alt=\"\"  srcset=\"https:\/\/lavras.tv\/site\/wp-content\/uploads\/2025\/03\/Banner_Emprego_PortallavrasTV.png 720w, https:\/\/lavras.tv\/site\/wp-content\/uploads\/2025\/03\/Banner_Emprego_PortallavrasTV-470x68.png 470w, https:\/\/lavras.tv\/site\/wp-content\/uploads\/2025\/03\/Banner_Emprego_PortallavrasTV-170x25.png 170w, https:\/\/lavras.tv\/site\/wp-content\/uploads\/2025\/03\/Banner_Emprego_PortallavrasTV-200x29.png 200w\" sizes=\"(max-width: 720px) 100vw, 720px\" width=\"720\" height=\"104\"   \/><\/a><\/li><li><a href=\"https:\/\/sistemas.lavras.mg.gov.br\/portalcidadao\/#df1b1a7c7b2a290bcb31e32771e610784662739a88807c0dacac58ede5f391a7530e299dc302d611ee73cb143fc22eaf93592e53e7b5bdb01b00a0b8d28dae460c141dd2ff83412e4dc1c31b16b25f33144a9e5620ea73b13f5bc1c59411d98439ad226e8af03840603796067d87afe130812cf3de24982d0e306f9e61e764e5\" aria-label=\"Banner_Obras_PortallavrasTV\"><img src=\"https:\/\/lavras.tv\/site\/wp-content\/uploads\/2025\/03\/Banner_Obras_PortallavrasTV.png\" alt=\"\"  srcset=\"https:\/\/lavras.tv\/site\/wp-content\/uploads\/2025\/03\/Banner_Obras_PortallavrasTV.png 720w, https:\/\/lavras.tv\/site\/wp-content\/uploads\/2025\/03\/Banner_Obras_PortallavrasTV-470x68.png 470w, https:\/\/lavras.tv\/site\/wp-content\/uploads\/2025\/03\/Banner_Obras_PortallavrasTV-170x25.png 170w, https:\/\/lavras.tv\/site\/wp-content\/uploads\/2025\/03\/Banner_Obras_PortallavrasTV-200x29.png 200w\" sizes=\"(max-width: 720px) 100vw, 720px\" width=\"720\" height=\"104\"   \/><\/a><\/li><li><div style=\"margin-left: auto;margin-right: auto;text-align: center;\" id=\"lavra-1142935635\"><a href=\"https:\/\/sistemas.lavras.mg.gov.br\/portalcidadao\/#df1b1a7c7b2a290bcb31e32771e610784662739a88807c0dacac58ede5f391a7530e299dc302d611ee73cb143fc22eaf93592e53e7b5bdb01b00a0b8d28dae460c141dd2ff83412e4dc1c31b16b25f33144a9e5620ea73b13f5bc1c59411d98439ad226e8af03840603796067d87afe130812cf3de24982d0e306f9e61e764e5\" aria-label=\"Banner_Educa\u00e7\u00e3o_PortallavrasTV\"><img src=\"https:\/\/lavras.tv\/site\/wp-content\/uploads\/2025\/01\/Banner_Educacao_PortallavrasTV.png\" alt=\"\"  srcset=\"https:\/\/lavras.tv\/site\/wp-content\/uploads\/2025\/01\/Banner_Educacao_PortallavrasTV.png 720w, https:\/\/lavras.tv\/site\/wp-content\/uploads\/2025\/01\/Banner_Educacao_PortallavrasTV-470x68.png 470w, https:\/\/lavras.tv\/site\/wp-content\/uploads\/2025\/01\/Banner_Educacao_PortallavrasTV-170x25.png 170w, https:\/\/lavras.tv\/site\/wp-content\/uploads\/2025\/01\/Banner_Educacao_PortallavrasTV-200x29.png 200w\" sizes=\"(max-width: 720px) 100vw, 720px\" width=\"720\" height=\"104\"  style=\"display: inline-block;\" \/><\/a><\/div><\/li><li><a href=\"https:\/\/sistemas.lavras.mg.gov.br\/portalcidadao\/#df1b1a7c7b2a290bcb31e32771e610784662739a88807c0dacac58ede5f391a7530e299dc302d611ee73cb143fc22eaf93592e53e7b5bdb01b00a0b8d28dae460c141dd2ff83412e4dc1c31b16b25f33144a9e5620ea73b13f5bc1c59411d98439ad226e8af03840603796067d87afe130812cf3de24982d0e306f9e61e764e5\" aria-label=\"Banner_Sa\u00fade_PortallavrasTV\"><img src=\"https:\/\/lavras.tv\/site\/wp-content\/uploads\/2025\/03\/Banner_Saude_PortallavrasTV.png\" alt=\"\"  srcset=\"https:\/\/lavras.tv\/site\/wp-content\/uploads\/2025\/03\/Banner_Saude_PortallavrasTV.png 720w, https:\/\/lavras.tv\/site\/wp-content\/uploads\/2025\/03\/Banner_Saude_PortallavrasTV-470x68.png 470w, https:\/\/lavras.tv\/site\/wp-content\/uploads\/2025\/03\/Banner_Saude_PortallavrasTV-170x25.png 170w, https:\/\/lavras.tv\/site\/wp-content\/uploads\/2025\/03\/Banner_Saude_PortallavrasTV-200x29.png 200w\" sizes=\"(max-width: 720px) 100vw, 720px\" width=\"720\" height=\"104\"   \/><\/a><\/li><li><div id=\"lavra-1202954653\" style=\"width:720px;height:104px;background-color:#ddd;overflow:scroll;\">\n\t<strong>Sa\u00edda da depura\u00e7\u00e3o de an\u00fancios<\/strong>\n\t<br><br>\n\tO an\u00fancio n\u00e3o \u00e9 exibido na p\u00e1gina<br><br>post atual: Presidente da AMM mobiliza prefeitos mineiros para ato em Bras\u00edlia contra pautas-bomba, na pr\u00f3xima ter\u00e7a (24), ID: 169438<br><br><span style=\"color: red;\">O post atual n\u00e3o \u00e9 id\u00eantico ao post principal.<\/span><br><br>An\u00fancios: ROXO - TOPO INTERNA - ROTATIVO 2 (197)<br \/>Grupo de an\u00fancios: Princ_Meio01_720x104 (27)<br><br>Condi\u00e7\u00f5es de exibi\u00e7\u00e3o<div style=\"margin-bottom: 20px; white-space: pre-wrap; font-family: monospace; width: 100%; background: #ffe9e9;\"><strong>condi\u00e7\u00f5es gerais<\/strong><table border=\"1\"><thead><tr><th><\/th><th>An\u00fancios<\/th><th>wp_the_query<\/th><\/tr><\/thead><tr><td>is_main_query<\/td><td>1<\/td><td>1<\/td><\/tr><tr><td>is_rest_api<\/td><td>0<\/td><td>1<\/td><\/tr><tr><td>page<\/td><td>0<\/td><td>1<\/td><\/tr><tr><td>numpages<\/td><td>0<\/td><td>1<\/td><\/tr><tr><td>is_archive<\/td><td>1<\/td><td><\/td><\/tr><tr><td>is_search<\/td><td>1<\/td><td><\/td><\/tr><tr><td>is_home<\/td><td>1<\/td><td><\/td><\/tr><tr><td>is_404<\/td><td>1<\/td><td><\/td><\/tr><tr><td>is_attachment<\/td><td>1<\/td><td><\/td><\/tr><tr><td>is_singular<\/td><td>1<\/td><td><\/td><\/tr><tr><td>is_front_page<\/td><td>1<\/td><td><\/td><\/tr><tr><td>is_feed<\/td><td>1<\/td><td><\/td><\/tr><\/table><\/div><br><br><span style=\"color: red;\">Seu site usa HTTPS, mas o c\u00f3digo do an\u00fancio cont\u00e9m HTTP e pode n\u00e3o funcionar.<\/span>\t<br><br>\n\t<a style=\"color: green;\" href=\"https:\/\/wpadvancedads.com\/manual\/ad-debug-mode\/?utm_source=advanced-ads&utm_medium=link&utm_campaign=ad-debug-mode\" target=\"_blank\" rel=\"nofollow\">Encontre solu\u00e7\u00f5es no manual<\/a>\n<\/div>\n<\/li><\/ul><\/div><script>( window.advanced_ads_ready || jQuery( document ).ready ).call( null, function() {var $lavraslider2923485391 = jQuery( \".lavra-slider-2923485391\" );$lavraslider2923485391.on( \"unslider.ready\", function() { jQuery( \"div.custom-slider ul li\" ).css( \"display\", \"block\" ); });$lavraslider2923485391.unslider({ delay:4000, autoplay:true, nav:false, arrows:false, infinite:true });$lavraslider2923485391.on(\"mouseover\", function() {$lavraslider2923485391.unslider(\"stop\");}).on(\"mouseout\", function() {$lavraslider2923485391.unslider(\"start\");});});<\/script><\/div>\n<figure class=\"wp-block-image\"><img decoding=\"async\" src=\"https:\/\/portalamm.com\/wp-content\/uploads\/2026\/02\/pautas-bomba.png\" alt=\"\" class=\"wp-image-114748\"\/><\/figure>\n\n\n\n<p>A Associa\u00e7\u00e3o Mineira de Munic\u00edpios (AMM) participa, na pr\u00f3xima ter\u00e7a-feira, 24 de fevereiro, de grande&nbsp;<strong>mobiliza\u00e7\u00e3o nacional em Bras\u00edlia contra o avan\u00e7o de pautas-bomba no Congresso Nacional<\/strong>. O presidente da entidade e prefeito de Patos de Minas, Lu\u00eds Eduardo Falc\u00e3o, estar\u00e1 na capital federal, acompanhado de uma&nbsp;<strong>comitiva de centenas de prefeitos mineiros,<\/strong>&nbsp;para fortalecer o movimento liderado pela Confedera\u00e7\u00e3o Nacional de Munic\u00edpios (CNM).<\/p>\n\n\n\n<p>O objetivo \u00e9 sensibilizar deputados e senadores quanto aos impactos financeiros de proposi\u00e7\u00f5es que aumentam despesas obrigat\u00f3rias sem a devida previs\u00e3o de receitas, agravando a j\u00e1 delicada situa\u00e7\u00e3o fiscal dos munic\u00edpios.<\/p>\n\n\n\n<blockquote class=\"wp-block-quote is-layout-flow wp-block-quote-is-layout-flow\">\n<p>Para Falc\u00e3o, a presen\u00e7a maci\u00e7a dos gestores mineiros \u00e9 estrat\u00e9gica para dar for\u00e7a ao municipalismo nacional. \u201cMinas Gerais estar\u00e1 representada por uma grande comitiva porque entendemos a gravidade do momento. S\u00e3o projetos que imp\u00f5em novos custos bilion\u00e1rios \u00e0s prefeituras, sem indicar a fonte de custeio. N\u00e3o podemos permitir que decis\u00f5es tomadas em Bras\u00edlia comprometam ainda mais os servi\u00e7os essenciais prestados \u00e0 popula\u00e7\u00e3o. Vamos defender, com firmeza, o equil\u00edbrio do pacto federativo e a sustentabilidade financeira dos nossos munic\u00edpios\u201d, afirmou Lu\u00eds Eduardo Falc\u00e3o.<\/p>\n<\/blockquote>\n\n\n\n<h2 class=\"wp-block-heading\" id=\"h-pautas-bomba\"><strong>Pautas-bomba<\/strong><\/h2>\n\n\n\n<p>Entre as mat\u00e9rias que motivam a mobiliza\u00e7\u00e3o est\u00e1 o Projeto de Lei Complementar (PLP) 185\/2024, que cria aposentadoria especial para Agentes Comunit\u00e1rios de Sa\u00fade (ACSs) e pode gerar impacto de R$ 103 bilh\u00f5es aos cofres municipais.<\/p>\n\n\n\n<p><strong>Tamb\u00e9m estar\u00e3o na pauta:<\/strong><\/p>\n\n\n\n<p>\u2013 O Projeto de Lei (PL) 1559\/2021, que cria piso salarial para profissionais farmac\u00eauticos, com impacto estimado de R$ 309 milh\u00f5es para os munic\u00edpios;<\/p>\n\n\n\n<p>\u2013 O PL 2952\/2025, que concede adicional de insalubridade a profissionais da educa\u00e7\u00e3o escolar, com impacto previsto de R$ 6,5 bilh\u00f5es;<\/p>\n\n\n\n<p>\u2013 O PL 4012\/2024, que altera a Lei de Diretrizes e Bases da Educa\u00e7\u00e3o Nacional (LDB) e obriga os munic\u00edpios a expandirem a oferta de creches e pr\u00e9-escolas em \u00e1reas urbanas e rurais, ampliando responsabilidades sem garantia de recursos.<\/p>\n\n\n\n<p>A mobiliza\u00e7\u00e3o tamb\u00e9m destacar\u00e1 medidas j\u00e1 aprovadas ou em tramita\u00e7\u00e3o que seguem a mesma l\u00f3gica de aumento de obriga\u00e7\u00f5es sem compensa\u00e7\u00e3o adequada, como a reforma do Imposto de Renda institu\u00edda pela Lei 15.270\/2025, com estimativa de queda de arrecada\u00e7\u00e3o de R$ 5,1 bilh\u00f5es ao ano para os entes locais, e a Medida Provis\u00f3ria 1.334\/2026, que reformula a regra de reajuste anual do piso salarial dos profissionais do magist\u00e9rio da educa\u00e7\u00e3o b\u00e1sica.<\/p>\n\n\n\n<h2 class=\"wp-block-heading\" id=\"h-proposta-municipalista\"><strong>Proposta municipalista<\/strong><\/h2>\n\n\n\n<p>Como uma das alternativas para amenizar o cen\u00e1rio fiscal, a CNM defende a aprova\u00e7\u00e3o da PEC 25\/2022, que prev\u00ea aumento de 1,5% no repasse do Fundo de Participa\u00e7\u00e3o dos Munic\u00edpios (FPM) no m\u00eas de mar\u00e7o de cada ano. Pelos c\u00e1lculos da entidade, a proposta poder\u00e1 garantir j\u00e1 no primeiro ano, conforme regra de transi\u00e7\u00e3o, aproximadamente R$ 7,5 bilh\u00f5es aos cofres municipais.<\/p>\n\n\n\n<p>A AMM refor\u00e7a o convite aos prefeitos, vice-prefeitos, vereadores e demais gestores municipais mineiros para que participem da mobiliza\u00e7\u00e3o desta ter\u00e7a-feira (24), em Bras\u00edlia, em defesa das finan\u00e7as locais e do fortalecimento do municipalismo.<\/p>\n\n\n\n<p>A concentra\u00e7\u00e3o acontecer\u00e1 na sede da CNM e ter\u00e1 in\u00edcio \u00e0s 8h30.<\/p>\n\n\n\n<p>A inscri\u00e7\u00e3o pode ser feita&nbsp;<a href=\"https:\/\/eventos.cnm.org.br\/evento\/Mobilizacao\" target=\"_blank\" rel=\"noreferrer noopener\"><strong>aqui<\/strong><\/a>.&nbsp;<\/p>\n","protected":false},"excerpt":{"rendered":"<p>A Associa\u00e7\u00e3o Mineira de Munic\u00edpios (AMM) participa, na pr\u00f3xima ter\u00e7a-feira, 24 de fevereiro, de grande&nbsp;mobiliza\u00e7\u00e3o nacional em Bras\u00edlia contra o avan\u00e7o de pautas-bomba no Congresso Nacional. O presidente da entidade e prefeito de Patos de Minas, Lu\u00eds Eduardo Falc\u00e3o, estar\u00e1 na capital federal, acompanhado de uma&nbsp;comitiva de centenas de prefeitos mineiros,&nbsp;para fortalecer o movimento liderado [&hellip;]<\/p>\n","protected":false},"author":5,"featured_media":169439,"comment_status":"closed","ping_status":"open","sticky":false,"template":"","format":"standard","meta":{"advgb_blocks_editor_width":"","advgb_blocks_columns_visual_guide":"","_exactmetrics_skip_tracking":false,"_exactmetrics_sitenote_active":false,"_exactmetrics_sitenote_note":"","_exactmetrics_sitenote_category":0,"footnotes":""},"categories":[7,2],"tags":[],"class_list":["post-169438","post","type-post","status-publish","format-standard","has-post-thumbnail","hentry","category-destaques","category-noticias"],"better_featured_image":{"id":169439,"alt_text":"","caption":"","description":"","media_type":"image","media_details":{"width":790,"height":364,"file":"2026\/02\/pautas-bomba.webp","filesize":31608,"sizes":{"medium":{"file":"pautas-bomba-470x217.webp","width":470,"height":217,"mime-type":"image\/webp","filesize":13830,"source_url":"https:\/\/lavras.tv\/site\/wp-content\/uploads\/2026\/02\/pautas-bomba-470x217.webp"},"thumbnail":{"file":"pautas-bomba-170x78.webp","width":170,"height":78,"mime-type":"image\/webp","filesize":3184,"source_url":"https:\/\/lavras.tv\/site\/wp-content\/uploads\/2026\/02\/pautas-bomba-170x78.webp"},"alm-thumbnail":{"file":"pautas-bomba-150x150.webp","width":150,"height":150,"mime-type":"image\/webp","filesize":5262,"source_url":"https:\/\/lavras.tv\/site\/wp-content\/uploads\/2026\/02\/pautas-bomba-150x150.webp"},"sow-carousel-default":{"file":"pautas-bomba-272x182.webp","width":272,"height":182,"mime-type":"image\/webp","filesize":10090,"source_url":"https:\/\/lavras.tv\/site\/wp-content\/uploads\/2026\/02\/pautas-bomba-272x182.webp"}},"image_meta":{"aperture":"0","credit":"","camera":"","caption":"","created_timestamp":"0","copyright":"","focal_length":"0","iso":"0","shutter_speed":"0","title":"","orientation":"0","keywords":[]}},"post":169438,"source_url":"https:\/\/lavras.tv\/site\/wp-content\/uploads\/2026\/02\/pautas-bomba.webp"},"author_meta":{"display_name":"Vinicius Bustamante","author_link":"https:\/\/lavras.tv\/site\/author\/vinicius-bustamante\/"},"featured_img":"https:\/\/lavras.tv\/site\/wp-content\/uploads\/2026\/02\/pautas-bomba-470x217.webp","coauthors":[],"tax_additional":{"categories":{"linked":["<a href=\"https:\/\/lavras.tv\/site\/category\/destaques\/\" class=\"advgb-post-tax-term\">Destaques<\/a>","<a href=\"https:\/\/lavras.tv\/site\/category\/noticias\/\" class=\"advgb-post-tax-term\">Not\u00edcias<\/a>"],"unlinked":["<span class=\"advgb-post-tax-term\">Destaques<\/span>","<span class=\"advgb-post-tax-term\">Not\u00edcias<\/span>"]}},"comment_count":"0","relative_dates":{"created":"Publicado 2 meses atr\u00e1s","modified":"Atualizado 2 meses atr\u00e1s"},"absolute_dates":{"created":"Publicado em 23 de fevereiro de 2026","modified":"Atualizado em 23 de fevereiro de 2026"},"absolute_dates_time":{"created":"Publicado em 23 de fevereiro de 2026 18:03","modified":"Atualizado em 23 de fevereiro de 2026 18:03"},"featured_img_caption":"","series_order":"","_links":{"self":[{"href":"https:\/\/lavras.tv\/site\/wp-json\/wp\/v2\/posts\/169438","targetHints":{"allow":["GET"]}}],"collection":[{"href":"https:\/\/lavras.tv\/site\/wp-json\/wp\/v2\/posts"}],"about":[{"href":"https:\/\/lavras.tv\/site\/wp-json\/wp\/v2\/types\/post"}],"author":[{"embeddable":true,"href":"https:\/\/lavras.tv\/site\/wp-json\/wp\/v2\/users\/5"}],"replies":[{"embeddable":true,"href":"https:\/\/lavras.tv\/site\/wp-json\/wp\/v2\/comments?post=169438"}],"version-history":[{"count":1,"href":"https:\/\/lavras.tv\/site\/wp-json\/wp\/v2\/posts\/169438\/revisions"}],"predecessor-version":[{"id":169440,"href":"https:\/\/lavras.tv\/site\/wp-json\/wp\/v2\/posts\/169438\/revisions\/169440"}],"wp:featuredmedia":[{"embeddable":true,"href":"https:\/\/lavras.tv\/site\/wp-json\/wp\/v2\/media\/169439"}],"wp:attachment":[{"href":"https:\/\/lavras.tv\/site\/wp-json\/wp\/v2\/media?parent=169438"}],"wp:term":[{"taxonomy":"category","embeddable":true,"href":"https:\/\/lavras.tv\/site\/wp-json\/wp\/v2\/categories?post=169438"},{"taxonomy":"post_tag","embeddable":true,"href":"https:\/\/lavras.tv\/site\/wp-json\/wp\/v2\/tags?post=169438"}],"curies":[{"name":"wp","href":"https:\/\/api.w.org\/{rel}","templated":true}]}}