{"id":169444,"date":"2026-02-23T19:14:26","date_gmt":"2026-02-23T22:14:26","guid":{"rendered":"https:\/\/lavras.tv\/site\/?p=169444"},"modified":"2026-02-23T19:14:29","modified_gmt":"2026-02-23T22:14:29","slug":"onibus-colide-na-traseira-de-carreta-parada-na-balanca-da-br-381-proximo-ao-trevo-de-lavras-transito-ja-foi-liberado","status":"publish","type":"post","link":"https:\/\/lavras.tv\/site\/2026\/02\/23\/onibus-colide-na-traseira-de-carreta-parada-na-balanca-da-br-381-proximo-ao-trevo-de-lavras-transito-ja-foi-liberado\/","title":{"rendered":"\u00d4nibus colide na traseira de carreta parada na balan\u00e7a da BR-381, pr\u00f3ximo ao trevo de Lavras; tr\u00e2nsito j\u00e1 foi liberado"},"content":{"rendered":"<div class=\"lavra-antes-do-conteudo_2\" id=\"lavra-2282219266\"><div id=\"lavra-slider-27\" class=\"custom-slider lavra-slider-2622159864 lavra-slider\"><ul><li><div style=\"margin-left: auto;margin-right: auto;text-align: center;\" id=\"lavra-1236139811\"><a href=\"https:\/\/sistemas.lavras.mg.gov.br\/portalcidadao\/#df1b1a7c7b2a290bcb31e32771e610784662739a88807c0dacac58ede5f391a7530e299dc302d611ee73cb143fc22eaf93592e53e7b5bdb01b00a0b8d28dae460c141dd2ff83412e4dc1c31b16b25f33144a9e5620ea73b13f5bc1c59411d98439ad226e8af03840603796067d87afe130812cf3de24982d0e306f9e61e764e5\" aria-label=\"Lavras-TV&#8211;720x104px (1) (1)\"><img src=\"https:\/\/lavras.tv\/site\/wp-content\/uploads\/2025\/01\/Lavras-TV-720x104px-1-1.png\" alt=\"\"  srcset=\"https:\/\/lavras.tv\/site\/wp-content\/uploads\/2025\/01\/Lavras-TV-720x104px-1-1.png 720w, https:\/\/lavras.tv\/site\/wp-content\/uploads\/2025\/01\/Lavras-TV-720x104px-1-1-470x68.png 470w, https:\/\/lavras.tv\/site\/wp-content\/uploads\/2025\/01\/Lavras-TV-720x104px-1-1-170x25.png 170w, https:\/\/lavras.tv\/site\/wp-content\/uploads\/2025\/01\/Lavras-TV-720x104px-1-1-200x29.png 200w\" sizes=\"(max-width: 720px) 100vw, 720px\" width=\"720\" height=\"104\"  style=\"display: inline-block;\" \/><\/a><\/div><\/li><li><a href=\"https:\/\/sistemas.lavras.mg.gov.br\/portalcidadao\/#df1b1a7c7b2a290bcb31e32771e610784662739a88807c0dacac58ede5f391a7530e299dc302d611ee73cb143fc22eaf93592e53e7b5bdb01b00a0b8d28dae460c141dd2ff83412e4dc1c31b16b25f33144a9e5620ea73b13f5bc1c59411d98439ad226e8af03840603796067d87afe130812cf3de24982d0e306f9e61e764e5\" aria-label=\"Banner_Emprego_PortallavrasTV\"><img src=\"https:\/\/lavras.tv\/site\/wp-content\/uploads\/2025\/03\/Banner_Emprego_PortallavrasTV.png\" alt=\"\"  srcset=\"https:\/\/lavras.tv\/site\/wp-content\/uploads\/2025\/03\/Banner_Emprego_PortallavrasTV.png 720w, https:\/\/lavras.tv\/site\/wp-content\/uploads\/2025\/03\/Banner_Emprego_PortallavrasTV-470x68.png 470w, https:\/\/lavras.tv\/site\/wp-content\/uploads\/2025\/03\/Banner_Emprego_PortallavrasTV-170x25.png 170w, https:\/\/lavras.tv\/site\/wp-content\/uploads\/2025\/03\/Banner_Emprego_PortallavrasTV-200x29.png 200w\" sizes=\"(max-width: 720px) 100vw, 720px\" width=\"720\" height=\"104\"   \/><\/a><\/li><li><a href=\"https:\/\/sistemas.lavras.mg.gov.br\/portalcidadao\/#df1b1a7c7b2a290bcb31e32771e610784662739a88807c0dacac58ede5f391a7530e299dc302d611ee73cb143fc22eaf93592e53e7b5bdb01b00a0b8d28dae460c141dd2ff83412e4dc1c31b16b25f33144a9e5620ea73b13f5bc1c59411d98439ad226e8af03840603796067d87afe130812cf3de24982d0e306f9e61e764e5\" aria-label=\"Banner_Obras_PortallavrasTV\"><img src=\"https:\/\/lavras.tv\/site\/wp-content\/uploads\/2025\/03\/Banner_Obras_PortallavrasTV.png\" alt=\"\"  srcset=\"https:\/\/lavras.tv\/site\/wp-content\/uploads\/2025\/03\/Banner_Obras_PortallavrasTV.png 720w, https:\/\/lavras.tv\/site\/wp-content\/uploads\/2025\/03\/Banner_Obras_PortallavrasTV-470x68.png 470w, https:\/\/lavras.tv\/site\/wp-content\/uploads\/2025\/03\/Banner_Obras_PortallavrasTV-170x25.png 170w, https:\/\/lavras.tv\/site\/wp-content\/uploads\/2025\/03\/Banner_Obras_PortallavrasTV-200x29.png 200w\" sizes=\"(max-width: 720px) 100vw, 720px\" width=\"720\" height=\"104\"   \/><\/a><\/li><li><div style=\"margin-left: auto;margin-right: auto;text-align: center;\" id=\"lavra-1410687791\"><a href=\"https:\/\/sistemas.lavras.mg.gov.br\/portalcidadao\/#df1b1a7c7b2a290bcb31e32771e610784662739a88807c0dacac58ede5f391a7530e299dc302d611ee73cb143fc22eaf93592e53e7b5bdb01b00a0b8d28dae460c141dd2ff83412e4dc1c31b16b25f33144a9e5620ea73b13f5bc1c59411d98439ad226e8af03840603796067d87afe130812cf3de24982d0e306f9e61e764e5\" aria-label=\"Banner_Educa\u00e7\u00e3o_PortallavrasTV\"><img src=\"https:\/\/lavras.tv\/site\/wp-content\/uploads\/2025\/01\/Banner_Educacao_PortallavrasTV.png\" alt=\"\"  srcset=\"https:\/\/lavras.tv\/site\/wp-content\/uploads\/2025\/01\/Banner_Educacao_PortallavrasTV.png 720w, https:\/\/lavras.tv\/site\/wp-content\/uploads\/2025\/01\/Banner_Educacao_PortallavrasTV-470x68.png 470w, https:\/\/lavras.tv\/site\/wp-content\/uploads\/2025\/01\/Banner_Educacao_PortallavrasTV-170x25.png 170w, https:\/\/lavras.tv\/site\/wp-content\/uploads\/2025\/01\/Banner_Educacao_PortallavrasTV-200x29.png 200w\" sizes=\"(max-width: 720px) 100vw, 720px\" width=\"720\" height=\"104\"  style=\"display: inline-block;\" \/><\/a><\/div><\/li><li><a href=\"https:\/\/sistemas.lavras.mg.gov.br\/portalcidadao\/#df1b1a7c7b2a290bcb31e32771e610784662739a88807c0dacac58ede5f391a7530e299dc302d611ee73cb143fc22eaf93592e53e7b5bdb01b00a0b8d28dae460c141dd2ff83412e4dc1c31b16b25f33144a9e5620ea73b13f5bc1c59411d98439ad226e8af03840603796067d87afe130812cf3de24982d0e306f9e61e764e5\" aria-label=\"Banner_Sa\u00fade_PortallavrasTV\"><img src=\"https:\/\/lavras.tv\/site\/wp-content\/uploads\/2025\/03\/Banner_Saude_PortallavrasTV.png\" alt=\"\"  srcset=\"https:\/\/lavras.tv\/site\/wp-content\/uploads\/2025\/03\/Banner_Saude_PortallavrasTV.png 720w, https:\/\/lavras.tv\/site\/wp-content\/uploads\/2025\/03\/Banner_Saude_PortallavrasTV-470x68.png 470w, https:\/\/lavras.tv\/site\/wp-content\/uploads\/2025\/03\/Banner_Saude_PortallavrasTV-170x25.png 170w, https:\/\/lavras.tv\/site\/wp-content\/uploads\/2025\/03\/Banner_Saude_PortallavrasTV-200x29.png 200w\" sizes=\"(max-width: 720px) 100vw, 720px\" width=\"720\" height=\"104\"   \/><\/a><\/li><li><div id=\"lavra-138986914\" style=\"width:720px;height:104px;background-color:#ddd;overflow:scroll;\">\n\t<strong>Sa\u00edda da depura\u00e7\u00e3o de an\u00fancios<\/strong>\n\t<br><br>\n\tO an\u00fancio n\u00e3o \u00e9 exibido na p\u00e1gina<br><br>post atual: \u00d4nibus colide na traseira de carreta parada na balan\u00e7a da BR-381, pr\u00f3ximo ao trevo de Lavras; tr\u00e2nsito j\u00e1 foi liberado, ID: 169444<br><br><span style=\"color: red;\">O post atual n\u00e3o \u00e9 id\u00eantico ao post principal.<\/span><br><br>An\u00fancios: ROXO - TOPO INTERNA - ROTATIVO 2 (197)<br \/>Grupo de an\u00fancios: Princ_Meio01_720x104 (27)<br><br>Condi\u00e7\u00f5es de exibi\u00e7\u00e3o<div style=\"margin-bottom: 20px; white-space: pre-wrap; font-family: monospace; width: 100%; background: #ffe9e9;\"><strong>condi\u00e7\u00f5es gerais<\/strong><table border=\"1\"><thead><tr><th><\/th><th>An\u00fancios<\/th><th>wp_the_query<\/th><\/tr><\/thead><tr><td>is_main_query<\/td><td>1<\/td><td>1<\/td><\/tr><tr><td>is_rest_api<\/td><td>0<\/td><td>1<\/td><\/tr><tr><td>page<\/td><td>0<\/td><td>1<\/td><\/tr><tr><td>numpages<\/td><td>0<\/td><td>1<\/td><\/tr><tr><td>is_archive<\/td><td>1<\/td><td><\/td><\/tr><tr><td>is_search<\/td><td>1<\/td><td><\/td><\/tr><tr><td>is_home<\/td><td>1<\/td><td><\/td><\/tr><tr><td>is_404<\/td><td>1<\/td><td><\/td><\/tr><tr><td>is_attachment<\/td><td>1<\/td><td><\/td><\/tr><tr><td>is_singular<\/td><td>1<\/td><td><\/td><\/tr><tr><td>is_front_page<\/td><td>1<\/td><td><\/td><\/tr><tr><td>is_feed<\/td><td>1<\/td><td><\/td><\/tr><\/table><\/div><br><br><span style=\"color: red;\">Seu site usa HTTPS, mas o c\u00f3digo do an\u00fancio cont\u00e9m HTTP e pode n\u00e3o funcionar.<\/span>\t<br><br>\n\t<a style=\"color: green;\" href=\"https:\/\/wpadvancedads.com\/manual\/ad-debug-mode\/?utm_source=advanced-ads&utm_medium=link&utm_campaign=ad-debug-mode\" target=\"_blank\" rel=\"nofollow\">Encontre solu\u00e7\u00f5es no manual<\/a>\n<\/div>\n<\/li><\/ul><\/div><script>( window.advanced_ads_ready || jQuery( document ).ready ).call( null, function() {var $lavraslider2622159864 = jQuery( \".lavra-slider-2622159864\" );$lavraslider2622159864.on( \"unslider.ready\", function() { jQuery( \"div.custom-slider ul li\" ).css( \"display\", \"block\" ); });$lavraslider2622159864.unslider({ delay:4000, autoplay:true, nav:false, arrows:false, infinite:true });$lavraslider2622159864.on(\"mouseover\", function() {$lavraslider2622159864.unslider(\"stop\");}).on(\"mouseout\", function() {$lavraslider2622159864.unslider(\"start\");});});<\/script><\/div>\n<figure class=\"wp-block-image size-full is-resized\"><img fetchpriority=\"high\" decoding=\"async\" width=\"474\" height=\"850\" src=\"https:\/\/lavras.tv\/site\/wp-content\/uploads\/2026\/02\/WhatsApp-Video-2026-02-23-at-19.04.24.mp4_snapshot_00.00.286.png\" alt=\"\" class=\"wp-image-169445\" style=\"width:359px;height:auto\" srcset=\"https:\/\/lavras.tv\/site\/wp-content\/uploads\/2026\/02\/WhatsApp-Video-2026-02-23-at-19.04.24.mp4_snapshot_00.00.286.png 474w, https:\/\/lavras.tv\/site\/wp-content\/uploads\/2026\/02\/WhatsApp-Video-2026-02-23-at-19.04.24.mp4_snapshot_00.00.286-167x300.png 167w, https:\/\/lavras.tv\/site\/wp-content\/uploads\/2026\/02\/WhatsApp-Video-2026-02-23-at-19.04.24.mp4_snapshot_00.00.286-84x150.png 84w\" sizes=\"(max-width: 474px) 100vw, 474px\" \/><\/figure>\n\n\n\n<p>Na tarde desta segunda-feira (23\/02), foi registrado um acidente envolvendo um \u00f4nibus e uma carreta na BR-381, pr\u00f3ximo ao trevo de Lavras.<br>De acordo com as primeiras informa\u00e7\u00f5es, o \u00f4nibus colidiu na traseira da carreta que estava parada na balan\u00e7a, no sentido S\u00e3o Paulo.<br>Informa\u00e7\u00f5es Importantes:<\/p>\n\n\n\n<ul class=\"wp-block-list\">\n<li>Local: Pr\u00f3ximo ao trevo de Lavras (sentido SP).<\/li>\n\n\n\n<li>Situa\u00e7\u00e3o: Ainda n\u00e3o h\u00e1 detalhes oficiais sobre o estado de sa\u00fade dos passageiros ou poss\u00edveis feridos.<\/li>\n\n\n\n<li>Tr\u00e2nsito: j\u00e1 liberado neste momento   <\/li>\n<\/ul>\n\n\n\n<figure class=\"wp-block-embed is-type-video is-provider-youtube wp-block-embed-youtube wp-embed-aspect-9-16 wp-has-aspect-ratio\"><div class=\"wp-block-embed__wrapper\">\n<iframe title=\"\u00d4nibus colide na traseira de carreta parada na balan\u00e7a da BR-381, pr\u00f3ximo ao trevo de Lavras\" width=\"422\" height=\"750\" src=\"https:\/\/www.youtube.com\/embed\/K0TgpTkBGoo?feature=oembed\" frameborder=\"0\" allow=\"accelerometer; autoplay; clipboard-write; encrypted-media; gyroscope; picture-in-picture; web-share\" referrerpolicy=\"strict-origin-when-cross-origin\" allowfullscreen><\/iframe>\n<\/div><\/figure>\n\n\n\n<h1 class=\"wp-block-heading\">BR381 #Lavras #Acidente #Rodovia #Transito #MinasGerais<\/h1>\n","protected":false},"excerpt":{"rendered":"<p>Na tarde desta segunda-feira (23\/02), foi registrado um acidente envolvendo um \u00f4nibus e uma carreta na BR-381, pr\u00f3ximo ao trevo de Lavras.De acordo com as primeiras informa\u00e7\u00f5es, o \u00f4nibus colidiu na traseira da carreta que estava parada na balan\u00e7a, no sentido S\u00e3o Paulo.Informa\u00e7\u00f5es Importantes: BR381 #Lavras #Acidente #Rodovia #Transito #MinasGerais<\/p>\n","protected":false},"author":5,"featured_media":169445,"comment_status":"closed","ping_status":"open","sticky":false,"template":"","format":"standard","meta":{"advgb_blocks_editor_width":"","advgb_blocks_columns_visual_guide":"","_exactmetrics_skip_tracking":false,"_exactmetrics_sitenote_active":false,"_exactmetrics_sitenote_note":"","_exactmetrics_sitenote_category":0,"footnotes":""},"categories":[7,2],"tags":[],"class_list":["post-169444","post","type-post","status-publish","format-standard","has-post-thumbnail","hentry","category-destaques","category-noticias"],"better_featured_image":{"id":169445,"alt_text":"","caption":"","description":"","media_type":"image","media_details":{"width":474,"height":850,"file":"2026\/02\/WhatsApp-Video-2026-02-23-at-19.04.24.mp4_snapshot_00.00.286.png","filesize":615685,"sizes":{"medium":{"file":"WhatsApp-Video-2026-02-23-at-19.04.24.mp4_snapshot_00.00.286-167x300.png","width":167,"height":300,"mime-type":"image\/png","filesize":73542,"source_url":"https:\/\/lavras.tv\/site\/wp-content\/uploads\/2026\/02\/WhatsApp-Video-2026-02-23-at-19.04.24.mp4_snapshot_00.00.286-167x300.png"},"thumbnail":{"file":"WhatsApp-Video-2026-02-23-at-19.04.24.mp4_snapshot_00.00.286-84x150.png","width":84,"height":150,"mime-type":"image\/png","filesize":21170,"source_url":"https:\/\/lavras.tv\/site\/wp-content\/uploads\/2026\/02\/WhatsApp-Video-2026-02-23-at-19.04.24.mp4_snapshot_00.00.286-84x150.png"},"alm-thumbnail":{"file":"WhatsApp-Video-2026-02-23-at-19.04.24.mp4_snapshot_00.00.286-150x150.png","width":150,"height":150,"mime-type":"image\/png","filesize":39966,"source_url":"https:\/\/lavras.tv\/site\/wp-content\/uploads\/2026\/02\/WhatsApp-Video-2026-02-23-at-19.04.24.mp4_snapshot_00.00.286-150x150.png"},"sow-carousel-default":{"file":"WhatsApp-Video-2026-02-23-at-19.04.24.mp4_snapshot_00.00.286-272x182.png","width":272,"height":182,"mime-type":"image\/png","filesize":79271,"source_url":"https:\/\/lavras.tv\/site\/wp-content\/uploads\/2026\/02\/WhatsApp-Video-2026-02-23-at-19.04.24.mp4_snapshot_00.00.286-272x182.png"}},"image_meta":{"aperture":"0","credit":"","camera":"","caption":"","created_timestamp":"0","copyright":"","focal_length":"0","iso":"0","shutter_speed":"0","title":"","orientation":"0","keywords":[]}},"post":169444,"source_url":"https:\/\/lavras.tv\/site\/wp-content\/uploads\/2026\/02\/WhatsApp-Video-2026-02-23-at-19.04.24.mp4_snapshot_00.00.286.png"},"author_meta":{"display_name":"Vinicius Bustamante","author_link":"https:\/\/lavras.tv\/site\/author\/vinicius-bustamante\/"},"featured_img":"https:\/\/lavras.tv\/site\/wp-content\/uploads\/2026\/02\/WhatsApp-Video-2026-02-23-at-19.04.24.mp4_snapshot_00.00.286-167x300.png","coauthors":[],"tax_additional":{"categories":{"linked":["<a href=\"https:\/\/lavras.tv\/site\/category\/destaques\/\" class=\"advgb-post-tax-term\">Destaques<\/a>","<a href=\"https:\/\/lavras.tv\/site\/category\/noticias\/\" class=\"advgb-post-tax-term\">Not\u00edcias<\/a>"],"unlinked":["<span class=\"advgb-post-tax-term\">Destaques<\/span>","<span class=\"advgb-post-tax-term\">Not\u00edcias<\/span>"]}},"comment_count":"0","relative_dates":{"created":"Publicado 2 meses atr\u00e1s","modified":"Atualizado 2 meses atr\u00e1s"},"absolute_dates":{"created":"Publicado em 23 de fevereiro de 2026","modified":"Atualizado em 23 de fevereiro de 2026"},"absolute_dates_time":{"created":"Publicado em 23 de fevereiro de 2026 19:14","modified":"Atualizado em 23 de fevereiro de 2026 19:14"},"featured_img_caption":"","series_order":"","_links":{"self":[{"href":"https:\/\/lavras.tv\/site\/wp-json\/wp\/v2\/posts\/169444","targetHints":{"allow":["GET"]}}],"collection":[{"href":"https:\/\/lavras.tv\/site\/wp-json\/wp\/v2\/posts"}],"about":[{"href":"https:\/\/lavras.tv\/site\/wp-json\/wp\/v2\/types\/post"}],"author":[{"embeddable":true,"href":"https:\/\/lavras.tv\/site\/wp-json\/wp\/v2\/users\/5"}],"replies":[{"embeddable":true,"href":"https:\/\/lavras.tv\/site\/wp-json\/wp\/v2\/comments?post=169444"}],"version-history":[{"count":1,"href":"https:\/\/lavras.tv\/site\/wp-json\/wp\/v2\/posts\/169444\/revisions"}],"predecessor-version":[{"id":169448,"href":"https:\/\/lavras.tv\/site\/wp-json\/wp\/v2\/posts\/169444\/revisions\/169448"}],"wp:featuredmedia":[{"embeddable":true,"href":"https:\/\/lavras.tv\/site\/wp-json\/wp\/v2\/media\/169445"}],"wp:attachment":[{"href":"https:\/\/lavras.tv\/site\/wp-json\/wp\/v2\/media?parent=169444"}],"wp:term":[{"taxonomy":"category","embeddable":true,"href":"https:\/\/lavras.tv\/site\/wp-json\/wp\/v2\/categories?post=169444"},{"taxonomy":"post_tag","embeddable":true,"href":"https:\/\/lavras.tv\/site\/wp-json\/wp\/v2\/tags?post=169444"}],"curies":[{"name":"wp","href":"https:\/\/api.w.org\/{rel}","templated":true}]}}