{"id":169452,"date":"2026-02-24T19:04:14","date_gmt":"2026-02-24T22:04:14","guid":{"rendered":"https:\/\/lavras.tv\/site\/?p=169452"},"modified":"2026-02-24T19:04:16","modified_gmt":"2026-02-24T22:04:16","slug":"fundacao-ezequiel-dias-coordena-estudo-para-avancar-no-combate-a-febre-maculosa-brasileira","status":"publish","type":"post","link":"https:\/\/lavras.tv\/site\/2026\/02\/24\/fundacao-ezequiel-dias-coordena-estudo-para-avancar-no-combate-a-febre-maculosa-brasileira\/","title":{"rendered":"Funda\u00e7\u00e3o Ezequiel Dias coordena estudo para avan\u00e7ar no combate \u00e0 febre maculosa brasileira"},"content":{"rendered":"<div class=\"lavra-antes-do-conteudo_2\" id=\"lavra-2422484597\"><div id=\"lavra-slider-27\" class=\"custom-slider lavra-slider-522884441 lavra-slider\"><ul><li><div style=\"margin-left: auto;margin-right: auto;text-align: center;\" id=\"lavra-2266571961\"><a href=\"https:\/\/sistemas.lavras.mg.gov.br\/portalcidadao\/#df1b1a7c7b2a290bcb31e32771e610784662739a88807c0dacac58ede5f391a7530e299dc302d611ee73cb143fc22eaf93592e53e7b5bdb01b00a0b8d28dae460c141dd2ff83412e4dc1c31b16b25f33144a9e5620ea73b13f5bc1c59411d98439ad226e8af03840603796067d87afe130812cf3de24982d0e306f9e61e764e5\" aria-label=\"Lavras-TV&#8211;720x104px (1) (1)\"><img src=\"https:\/\/lavras.tv\/site\/wp-content\/uploads\/2025\/01\/Lavras-TV-720x104px-1-1.png\" alt=\"\"  srcset=\"https:\/\/lavras.tv\/site\/wp-content\/uploads\/2025\/01\/Lavras-TV-720x104px-1-1.png 720w, https:\/\/lavras.tv\/site\/wp-content\/uploads\/2025\/01\/Lavras-TV-720x104px-1-1-470x68.png 470w, https:\/\/lavras.tv\/site\/wp-content\/uploads\/2025\/01\/Lavras-TV-720x104px-1-1-170x25.png 170w, https:\/\/lavras.tv\/site\/wp-content\/uploads\/2025\/01\/Lavras-TV-720x104px-1-1-200x29.png 200w\" sizes=\"(max-width: 720px) 100vw, 720px\" width=\"720\" height=\"104\"  style=\"display: inline-block;\" \/><\/a><\/div><\/li><li><a href=\"https:\/\/sistemas.lavras.mg.gov.br\/portalcidadao\/#df1b1a7c7b2a290bcb31e32771e610784662739a88807c0dacac58ede5f391a7530e299dc302d611ee73cb143fc22eaf93592e53e7b5bdb01b00a0b8d28dae460c141dd2ff83412e4dc1c31b16b25f33144a9e5620ea73b13f5bc1c59411d98439ad226e8af03840603796067d87afe130812cf3de24982d0e306f9e61e764e5\" aria-label=\"Banner_Emprego_PortallavrasTV\"><img src=\"https:\/\/lavras.tv\/site\/wp-content\/uploads\/2025\/03\/Banner_Emprego_PortallavrasTV.png\" alt=\"\"  srcset=\"https:\/\/lavras.tv\/site\/wp-content\/uploads\/2025\/03\/Banner_Emprego_PortallavrasTV.png 720w, https:\/\/lavras.tv\/site\/wp-content\/uploads\/2025\/03\/Banner_Emprego_PortallavrasTV-470x68.png 470w, https:\/\/lavras.tv\/site\/wp-content\/uploads\/2025\/03\/Banner_Emprego_PortallavrasTV-170x25.png 170w, https:\/\/lavras.tv\/site\/wp-content\/uploads\/2025\/03\/Banner_Emprego_PortallavrasTV-200x29.png 200w\" sizes=\"(max-width: 720px) 100vw, 720px\" width=\"720\" height=\"104\"   \/><\/a><\/li><li><a href=\"https:\/\/sistemas.lavras.mg.gov.br\/portalcidadao\/#df1b1a7c7b2a290bcb31e32771e610784662739a88807c0dacac58ede5f391a7530e299dc302d611ee73cb143fc22eaf93592e53e7b5bdb01b00a0b8d28dae460c141dd2ff83412e4dc1c31b16b25f33144a9e5620ea73b13f5bc1c59411d98439ad226e8af03840603796067d87afe130812cf3de24982d0e306f9e61e764e5\" aria-label=\"Banner_Obras_PortallavrasTV\"><img src=\"https:\/\/lavras.tv\/site\/wp-content\/uploads\/2025\/03\/Banner_Obras_PortallavrasTV.png\" alt=\"\"  srcset=\"https:\/\/lavras.tv\/site\/wp-content\/uploads\/2025\/03\/Banner_Obras_PortallavrasTV.png 720w, https:\/\/lavras.tv\/site\/wp-content\/uploads\/2025\/03\/Banner_Obras_PortallavrasTV-470x68.png 470w, https:\/\/lavras.tv\/site\/wp-content\/uploads\/2025\/03\/Banner_Obras_PortallavrasTV-170x25.png 170w, https:\/\/lavras.tv\/site\/wp-content\/uploads\/2025\/03\/Banner_Obras_PortallavrasTV-200x29.png 200w\" sizes=\"(max-width: 720px) 100vw, 720px\" width=\"720\" height=\"104\"   \/><\/a><\/li><li><div style=\"margin-left: auto;margin-right: auto;text-align: center;\" id=\"lavra-617140738\"><a href=\"https:\/\/sistemas.lavras.mg.gov.br\/portalcidadao\/#df1b1a7c7b2a290bcb31e32771e610784662739a88807c0dacac58ede5f391a7530e299dc302d611ee73cb143fc22eaf93592e53e7b5bdb01b00a0b8d28dae460c141dd2ff83412e4dc1c31b16b25f33144a9e5620ea73b13f5bc1c59411d98439ad226e8af03840603796067d87afe130812cf3de24982d0e306f9e61e764e5\" aria-label=\"Banner_Educa\u00e7\u00e3o_PortallavrasTV\"><img src=\"https:\/\/lavras.tv\/site\/wp-content\/uploads\/2025\/01\/Banner_Educacao_PortallavrasTV.png\" alt=\"\"  srcset=\"https:\/\/lavras.tv\/site\/wp-content\/uploads\/2025\/01\/Banner_Educacao_PortallavrasTV.png 720w, https:\/\/lavras.tv\/site\/wp-content\/uploads\/2025\/01\/Banner_Educacao_PortallavrasTV-470x68.png 470w, https:\/\/lavras.tv\/site\/wp-content\/uploads\/2025\/01\/Banner_Educacao_PortallavrasTV-170x25.png 170w, https:\/\/lavras.tv\/site\/wp-content\/uploads\/2025\/01\/Banner_Educacao_PortallavrasTV-200x29.png 200w\" sizes=\"(max-width: 720px) 100vw, 720px\" width=\"720\" height=\"104\"  style=\"display: inline-block;\" \/><\/a><\/div><\/li><li><a href=\"https:\/\/sistemas.lavras.mg.gov.br\/portalcidadao\/#df1b1a7c7b2a290bcb31e32771e610784662739a88807c0dacac58ede5f391a7530e299dc302d611ee73cb143fc22eaf93592e53e7b5bdb01b00a0b8d28dae460c141dd2ff83412e4dc1c31b16b25f33144a9e5620ea73b13f5bc1c59411d98439ad226e8af03840603796067d87afe130812cf3de24982d0e306f9e61e764e5\" aria-label=\"Banner_Sa\u00fade_PortallavrasTV\"><img src=\"https:\/\/lavras.tv\/site\/wp-content\/uploads\/2025\/03\/Banner_Saude_PortallavrasTV.png\" alt=\"\"  srcset=\"https:\/\/lavras.tv\/site\/wp-content\/uploads\/2025\/03\/Banner_Saude_PortallavrasTV.png 720w, https:\/\/lavras.tv\/site\/wp-content\/uploads\/2025\/03\/Banner_Saude_PortallavrasTV-470x68.png 470w, https:\/\/lavras.tv\/site\/wp-content\/uploads\/2025\/03\/Banner_Saude_PortallavrasTV-170x25.png 170w, https:\/\/lavras.tv\/site\/wp-content\/uploads\/2025\/03\/Banner_Saude_PortallavrasTV-200x29.png 200w\" sizes=\"(max-width: 720px) 100vw, 720px\" width=\"720\" height=\"104\"   \/><\/a><\/li><li><div id=\"lavra-3074038972\" style=\"width:720px;height:104px;background-color:#ddd;overflow:scroll;\">\n\t<strong>Sa\u00edda da depura\u00e7\u00e3o de an\u00fancios<\/strong>\n\t<br><br>\n\tO an\u00fancio n\u00e3o \u00e9 exibido na p\u00e1gina<br><br>post atual: Funda\u00e7\u00e3o Ezequiel Dias coordena estudo para avan\u00e7ar no combate \u00e0 febre maculosa brasileira, ID: 169452<br><br><span style=\"color: red;\">O post atual n\u00e3o \u00e9 id\u00eantico ao post principal.<\/span><br><br>An\u00fancios: ROXO - TOPO INTERNA - ROTATIVO 2 (197)<br \/>Grupo de an\u00fancios: Princ_Meio01_720x104 (27)<br><br>Condi\u00e7\u00f5es de exibi\u00e7\u00e3o<div style=\"margin-bottom: 20px; white-space: pre-wrap; font-family: monospace; width: 100%; background: #ffe9e9;\"><strong>condi\u00e7\u00f5es gerais<\/strong><table border=\"1\"><thead><tr><th><\/th><th>An\u00fancios<\/th><th>wp_the_query<\/th><\/tr><\/thead><tr><td>is_main_query<\/td><td>1<\/td><td>1<\/td><\/tr><tr><td>is_rest_api<\/td><td>0<\/td><td>1<\/td><\/tr><tr><td>page<\/td><td>0<\/td><td>1<\/td><\/tr><tr><td>numpages<\/td><td>0<\/td><td>1<\/td><\/tr><tr><td>is_archive<\/td><td>1<\/td><td><\/td><\/tr><tr><td>is_search<\/td><td>1<\/td><td><\/td><\/tr><tr><td>is_home<\/td><td>1<\/td><td><\/td><\/tr><tr><td>is_404<\/td><td>1<\/td><td><\/td><\/tr><tr><td>is_attachment<\/td><td>1<\/td><td><\/td><\/tr><tr><td>is_singular<\/td><td>1<\/td><td><\/td><\/tr><tr><td>is_front_page<\/td><td>1<\/td><td><\/td><\/tr><tr><td>is_feed<\/td><td>1<\/td><td><\/td><\/tr><\/table><\/div><br><br><span style=\"color: red;\">Seu site usa HTTPS, mas o c\u00f3digo do an\u00fancio cont\u00e9m HTTP e pode n\u00e3o funcionar.<\/span>\t<br><br>\n\t<a style=\"color: green;\" href=\"https:\/\/wpadvancedads.com\/manual\/ad-debug-mode\/?utm_source=advanced-ads&utm_medium=link&utm_campaign=ad-debug-mode\" target=\"_blank\" rel=\"nofollow\">Encontre solu\u00e7\u00f5es no manual<\/a>\n<\/div>\n<\/li><\/ul><\/div><script>( window.advanced_ads_ready || jQuery( document ).ready ).call( null, function() {var $lavraslider522884441 = jQuery( \".lavra-slider-522884441\" );$lavraslider522884441.on( \"unslider.ready\", function() { jQuery( \"div.custom-slider ul li\" ).css( \"display\", \"block\" ); });$lavraslider522884441.unslider({ delay:4000, autoplay:true, nav:false, arrows:false, infinite:true });$lavraslider522884441.on(\"mouseover\", function() {$lavraslider522884441.unslider(\"stop\");}).on(\"mouseout\", function() {$lavraslider522884441.unslider(\"start\");});});<\/script><\/div>\n<h2 class=\"wp-block-heading\">Projeto financiado pela Fapemig investiga mecanismos da doen\u00e7a para qualificar diagn\u00f3stico e cuidado no SUS<\/h2>\n\n\n\n<figure class=\"wp-block-image\"><img decoding=\"async\" src=\"https:\/\/www.agenciaminas.mg.gov.br\/system\/news\/images\/000\/129\/136\/large\/DSC03388.jpg?1771872546\" alt=\"imagem de destaque\"\/><\/figure>\n\n\n\n<p>A febre maculosa brasileira (FMB), \u00e9 uma doen\u00e7a grave, com desafios no diagn\u00f3stico e no tratamento pelo Sistema \u00danico de Sa\u00fade (SUS). Causada pela&nbsp;<em>Rickettsia rickettsii<\/em>, bact\u00e9ria presente em carrapatos, \u00e9 end\u00eamica na regi\u00e3o Sudeste, onde as taxas de letalidade passam de 50%, sendo a de maior import\u00e2ncia no pa\u00eds entre as transmitidas por esse pequeno aracn\u00eddeo. O A<em>mblyomma sculptum<\/em>, popularmente conhecido como carrapato-estrela, \u00e9 o principal vetor da bact\u00e9ria no Brasil.<\/p>\n\n\n\n<p>Em busca de melhorar o cen\u00e1rio atual, a pesquisadora da&nbsp;<a href=\"https:\/\/www.funed.mg.gov.br\/\" target=\"_blank\" rel=\"noreferrer noopener\">Funda\u00e7\u00e3o Ezequiel Dias (Funed)<\/a>,&nbsp;S\u00edlvia Oloris, ir\u00e1 coordenar a pesquisa \u201cFebre maculosa brasileira: caracteriza\u00e7\u00e3o da resposta inflamat\u00f3ria de pacientes e an\u00e1lise morfol\u00f3gica e prote\u00f4mica da infecc\u00e7\u00e3o experimental por&nbsp;<em>Rickettsia rickettsii<\/em>\u201d, utilizando recurso da&nbsp;<a href=\"https:\/\/fapemig.br\/\" target=\"_blank\" rel=\"noreferrer noopener\">Funda\u00e7\u00e3o de Amparo \u00e0 Pesquisa do Estado de Minas Gerais (Fapemig)<\/a>, por meio de aprova\u00e7\u00e3o no Edital 006\/2025 \u2013 Programa de Pesquisa para o SUS: Gest\u00e3o Compartilhada em Sa\u00fade (PPSUS) &#8211; 8\u00aa edi\u00e7\u00e3o.<\/p>\n\n\n\n<p>O projeto objetiva analisar aspectos da fisiopatologia da doen\u00e7a por meio da quantifica\u00e7\u00e3o de citocinas inflamat\u00f3rias e an\u00e1lise prote\u00f4mica. \u201cA aprova\u00e7\u00e3o \u00e9 de extrema relev\u00e2ncia para a sa\u00fade p\u00fablica, pela possibilidade de caracterizar os perfis epidemiol\u00f3gicos, cl\u00ednicos e imunol\u00f3gicos de pacientes com febre maculosa, doen\u00e7a com sintomas iniciais inespec\u00edficos, de r\u00e1pida progress\u00e3o e alta letalidade\u201d, explica S\u00edlvia.<\/p>\n\n\n\n<p>A pesquisa conta com a colabora\u00e7\u00e3o de pesquisadores das Diretorias de Pesquisa e Desenvolvimento (DPD) e do Instituto Oct\u00e1vio Magalh\u00e3es (Diom) da Funed, e da Universidade de S\u00e3o Paulo (USP), e ser\u00e1 conduzida no parque tecnol\u00f3gico da DPD\/Funed, que conta com equipamentos de ponta, como microsc\u00f3pio confocal Zeiss LS900, cit\u00f4metro de fluxo FACS Canto, e espectr\u00f4metro de massa de alta resolu\u00e7\u00e3o timsTOF Pro, sendo este rec\u00e9m adquirido pela funda\u00e7\u00e3o.<\/p>\n","protected":false},"excerpt":{"rendered":"<p>Projeto financiado pela Fapemig investiga mecanismos da doen\u00e7a para qualificar diagn\u00f3stico e cuidado no SUS A febre maculosa brasileira (FMB), \u00e9 uma doen\u00e7a grave, com desafios no diagn\u00f3stico e no tratamento pelo Sistema \u00danico de Sa\u00fade (SUS). Causada pela&nbsp;Rickettsia rickettsii, bact\u00e9ria presente em carrapatos, \u00e9 end\u00eamica na regi\u00e3o Sudeste, onde as taxas de letalidade passam [&hellip;]<\/p>\n","protected":false},"author":5,"featured_media":169453,"comment_status":"closed","ping_status":"open","sticky":false,"template":"","format":"standard","meta":{"advgb_blocks_editor_width":"","advgb_blocks_columns_visual_guide":"","_exactmetrics_skip_tracking":false,"_exactmetrics_sitenote_active":false,"_exactmetrics_sitenote_note":"","_exactmetrics_sitenote_category":0,"footnotes":""},"categories":[7,2,5749],"tags":[],"class_list":["post-169452","post","type-post","status-publish","format-standard","has-post-thumbnail","hentry","category-destaques","category-noticias","category-saude"],"better_featured_image":{"id":169453,"alt_text":"","caption":"","description":"","media_type":"image","media_details":{"width":2560,"height":1440,"file":"2026\/02\/DSC03388-scaled.jpg","filesize":266291,"sizes":{"medium":{"file":"DSC03388-470x264.jpg","width":470,"height":264,"mime-type":"image\/jpeg","filesize":34348,"source_url":"https:\/\/lavras.tv\/site\/wp-content\/uploads\/2026\/02\/DSC03388-470x264.jpg"},"large":{"file":"DSC03388-970x546.jpg","width":970,"height":546,"mime-type":"image\/jpeg","filesize":65656,"source_url":"https:\/\/lavras.tv\/site\/wp-content\/uploads\/2026\/02\/DSC03388-970x546.jpg"},"thumbnail":{"file":"DSC03388-170x96.jpg","width":170,"height":96,"mime-type":"image\/jpeg","filesize":22461,"source_url":"https:\/\/lavras.tv\/site\/wp-content\/uploads\/2026\/02\/DSC03388-170x96.jpg"},"1536x1536":{"file":"DSC03388-1536x864.jpg","width":1536,"height":864,"mime-type":"image\/jpeg","filesize":117496,"source_url":"https:\/\/lavras.tv\/site\/wp-content\/uploads\/2026\/02\/DSC03388-1536x864.jpg"}},"image_meta":{"aperture":"1.8","credit":"","camera":"ILCE-6300","caption":"","created_timestamp":"1686912767","copyright":"","focal_length":"50","iso":"100","shutter_speed":"0.005","title":"","orientation":"0","keywords":[]},"original_image":"DSC03388.jpg"},"post":169452,"source_url":"https:\/\/lavras.tv\/site\/wp-content\/uploads\/2026\/02\/DSC03388-scaled.jpg"},"author_meta":{"display_name":"Vinicius Bustamante","author_link":"https:\/\/lavras.tv\/site\/author\/vinicius-bustamante\/"},"featured_img":"https:\/\/lavras.tv\/site\/wp-content\/uploads\/2026\/02\/DSC03388-470x264.jpg","coauthors":[],"tax_additional":{"categories":{"linked":["<a href=\"https:\/\/lavras.tv\/site\/category\/destaques\/\" class=\"advgb-post-tax-term\">Destaques<\/a>","<a href=\"https:\/\/lavras.tv\/site\/category\/noticias\/\" class=\"advgb-post-tax-term\">Not\u00edcias<\/a>","<a href=\"https:\/\/lavras.tv\/site\/category\/saude\/\" class=\"advgb-post-tax-term\">Sa\u00fade<\/a>"],"unlinked":["<span class=\"advgb-post-tax-term\">Destaques<\/span>","<span class=\"advgb-post-tax-term\">Not\u00edcias<\/span>","<span class=\"advgb-post-tax-term\">Sa\u00fade<\/span>"]}},"comment_count":"0","relative_dates":{"created":"Publicado 2 meses atr\u00e1s","modified":"Atualizado 2 meses atr\u00e1s"},"absolute_dates":{"created":"Publicado em 24 de fevereiro de 2026","modified":"Atualizado em 24 de fevereiro de 2026"},"absolute_dates_time":{"created":"Publicado em 24 de fevereiro de 2026 19:04","modified":"Atualizado em 24 de fevereiro de 2026 19:04"},"featured_img_caption":"","series_order":"","_links":{"self":[{"href":"https:\/\/lavras.tv\/site\/wp-json\/wp\/v2\/posts\/169452","targetHints":{"allow":["GET"]}}],"collection":[{"href":"https:\/\/lavras.tv\/site\/wp-json\/wp\/v2\/posts"}],"about":[{"href":"https:\/\/lavras.tv\/site\/wp-json\/wp\/v2\/types\/post"}],"author":[{"embeddable":true,"href":"https:\/\/lavras.tv\/site\/wp-json\/wp\/v2\/users\/5"}],"replies":[{"embeddable":true,"href":"https:\/\/lavras.tv\/site\/wp-json\/wp\/v2\/comments?post=169452"}],"version-history":[{"count":1,"href":"https:\/\/lavras.tv\/site\/wp-json\/wp\/v2\/posts\/169452\/revisions"}],"predecessor-version":[{"id":169454,"href":"https:\/\/lavras.tv\/site\/wp-json\/wp\/v2\/posts\/169452\/revisions\/169454"}],"wp:featuredmedia":[{"embeddable":true,"href":"https:\/\/lavras.tv\/site\/wp-json\/wp\/v2\/media\/169453"}],"wp:attachment":[{"href":"https:\/\/lavras.tv\/site\/wp-json\/wp\/v2\/media?parent=169452"}],"wp:term":[{"taxonomy":"category","embeddable":true,"href":"https:\/\/lavras.tv\/site\/wp-json\/wp\/v2\/categories?post=169452"},{"taxonomy":"post_tag","embeddable":true,"href":"https:\/\/lavras.tv\/site\/wp-json\/wp\/v2\/tags?post=169452"}],"curies":[{"name":"wp","href":"https:\/\/api.w.org\/{rel}","templated":true}]}}