{"id":169458,"date":"2026-02-24T19:13:38","date_gmt":"2026-02-24T22:13:38","guid":{"rendered":"https:\/\/lavras.tv\/site\/?p=169458"},"modified":"2026-02-24T19:13:40","modified_gmt":"2026-02-24T22:13:40","slug":"projetos-do-sul-de-minas-estao-entre-os-finalistas-do-premio-educador-transformador-em-minas-gerais","status":"publish","type":"post","link":"https:\/\/lavras.tv\/site\/2026\/02\/24\/projetos-do-sul-de-minas-estao-entre-os-finalistas-do-premio-educador-transformador-em-minas-gerais\/","title":{"rendered":"Projetos do Sul de Minas est\u00e3o entre os finalistas do Pr\u00eamio Educador Transformador em Minas Gerais"},"content":{"rendered":"<div class=\"lavra-antes-do-conteudo_2\" id=\"lavra-1339531403\"><div id=\"lavra-slider-27\" class=\"custom-slider lavra-slider-2888971441 lavra-slider\"><ul><li><div style=\"margin-left: auto;margin-right: auto;text-align: center;\" id=\"lavra-643529630\"><a href=\"https:\/\/sistemas.lavras.mg.gov.br\/portalcidadao\/#df1b1a7c7b2a290bcb31e32771e610784662739a88807c0dacac58ede5f391a7530e299dc302d611ee73cb143fc22eaf93592e53e7b5bdb01b00a0b8d28dae460c141dd2ff83412e4dc1c31b16b25f33144a9e5620ea73b13f5bc1c59411d98439ad226e8af03840603796067d87afe130812cf3de24982d0e306f9e61e764e5\" aria-label=\"Lavras-TV&#8211;720x104px (1) (1)\"><img src=\"https:\/\/lavras.tv\/site\/wp-content\/uploads\/2025\/01\/Lavras-TV-720x104px-1-1.png\" alt=\"\"  srcset=\"https:\/\/lavras.tv\/site\/wp-content\/uploads\/2025\/01\/Lavras-TV-720x104px-1-1.png 720w, https:\/\/lavras.tv\/site\/wp-content\/uploads\/2025\/01\/Lavras-TV-720x104px-1-1-470x68.png 470w, https:\/\/lavras.tv\/site\/wp-content\/uploads\/2025\/01\/Lavras-TV-720x104px-1-1-170x25.png 170w, https:\/\/lavras.tv\/site\/wp-content\/uploads\/2025\/01\/Lavras-TV-720x104px-1-1-200x29.png 200w\" sizes=\"(max-width: 720px) 100vw, 720px\" width=\"720\" height=\"104\"  style=\"display: inline-block;\" \/><\/a><\/div><\/li><li><a href=\"https:\/\/sistemas.lavras.mg.gov.br\/portalcidadao\/#df1b1a7c7b2a290bcb31e32771e610784662739a88807c0dacac58ede5f391a7530e299dc302d611ee73cb143fc22eaf93592e53e7b5bdb01b00a0b8d28dae460c141dd2ff83412e4dc1c31b16b25f33144a9e5620ea73b13f5bc1c59411d98439ad226e8af03840603796067d87afe130812cf3de24982d0e306f9e61e764e5\" aria-label=\"Banner_Emprego_PortallavrasTV\"><img src=\"https:\/\/lavras.tv\/site\/wp-content\/uploads\/2025\/03\/Banner_Emprego_PortallavrasTV.png\" alt=\"\"  srcset=\"https:\/\/lavras.tv\/site\/wp-content\/uploads\/2025\/03\/Banner_Emprego_PortallavrasTV.png 720w, https:\/\/lavras.tv\/site\/wp-content\/uploads\/2025\/03\/Banner_Emprego_PortallavrasTV-470x68.png 470w, https:\/\/lavras.tv\/site\/wp-content\/uploads\/2025\/03\/Banner_Emprego_PortallavrasTV-170x25.png 170w, https:\/\/lavras.tv\/site\/wp-content\/uploads\/2025\/03\/Banner_Emprego_PortallavrasTV-200x29.png 200w\" sizes=\"(max-width: 720px) 100vw, 720px\" width=\"720\" height=\"104\"   \/><\/a><\/li><li><a href=\"https:\/\/sistemas.lavras.mg.gov.br\/portalcidadao\/#df1b1a7c7b2a290bcb31e32771e610784662739a88807c0dacac58ede5f391a7530e299dc302d611ee73cb143fc22eaf93592e53e7b5bdb01b00a0b8d28dae460c141dd2ff83412e4dc1c31b16b25f33144a9e5620ea73b13f5bc1c59411d98439ad226e8af03840603796067d87afe130812cf3de24982d0e306f9e61e764e5\" aria-label=\"Banner_Obras_PortallavrasTV\"><img src=\"https:\/\/lavras.tv\/site\/wp-content\/uploads\/2025\/03\/Banner_Obras_PortallavrasTV.png\" alt=\"\"  srcset=\"https:\/\/lavras.tv\/site\/wp-content\/uploads\/2025\/03\/Banner_Obras_PortallavrasTV.png 720w, https:\/\/lavras.tv\/site\/wp-content\/uploads\/2025\/03\/Banner_Obras_PortallavrasTV-470x68.png 470w, https:\/\/lavras.tv\/site\/wp-content\/uploads\/2025\/03\/Banner_Obras_PortallavrasTV-170x25.png 170w, https:\/\/lavras.tv\/site\/wp-content\/uploads\/2025\/03\/Banner_Obras_PortallavrasTV-200x29.png 200w\" sizes=\"(max-width: 720px) 100vw, 720px\" width=\"720\" height=\"104\"   \/><\/a><\/li><li><div style=\"margin-left: auto;margin-right: auto;text-align: center;\" id=\"lavra-2474542061\"><a href=\"https:\/\/sistemas.lavras.mg.gov.br\/portalcidadao\/#df1b1a7c7b2a290bcb31e32771e610784662739a88807c0dacac58ede5f391a7530e299dc302d611ee73cb143fc22eaf93592e53e7b5bdb01b00a0b8d28dae460c141dd2ff83412e4dc1c31b16b25f33144a9e5620ea73b13f5bc1c59411d98439ad226e8af03840603796067d87afe130812cf3de24982d0e306f9e61e764e5\" aria-label=\"Banner_Educa\u00e7\u00e3o_PortallavrasTV\"><img src=\"https:\/\/lavras.tv\/site\/wp-content\/uploads\/2025\/01\/Banner_Educacao_PortallavrasTV.png\" alt=\"\"  srcset=\"https:\/\/lavras.tv\/site\/wp-content\/uploads\/2025\/01\/Banner_Educacao_PortallavrasTV.png 720w, https:\/\/lavras.tv\/site\/wp-content\/uploads\/2025\/01\/Banner_Educacao_PortallavrasTV-470x68.png 470w, https:\/\/lavras.tv\/site\/wp-content\/uploads\/2025\/01\/Banner_Educacao_PortallavrasTV-170x25.png 170w, https:\/\/lavras.tv\/site\/wp-content\/uploads\/2025\/01\/Banner_Educacao_PortallavrasTV-200x29.png 200w\" sizes=\"(max-width: 720px) 100vw, 720px\" width=\"720\" height=\"104\"  style=\"display: inline-block;\" \/><\/a><\/div><\/li><li><a href=\"https:\/\/sistemas.lavras.mg.gov.br\/portalcidadao\/#df1b1a7c7b2a290bcb31e32771e610784662739a88807c0dacac58ede5f391a7530e299dc302d611ee73cb143fc22eaf93592e53e7b5bdb01b00a0b8d28dae460c141dd2ff83412e4dc1c31b16b25f33144a9e5620ea73b13f5bc1c59411d98439ad226e8af03840603796067d87afe130812cf3de24982d0e306f9e61e764e5\" aria-label=\"Banner_Sa\u00fade_PortallavrasTV\"><img src=\"https:\/\/lavras.tv\/site\/wp-content\/uploads\/2025\/03\/Banner_Saude_PortallavrasTV.png\" alt=\"\"  srcset=\"https:\/\/lavras.tv\/site\/wp-content\/uploads\/2025\/03\/Banner_Saude_PortallavrasTV.png 720w, https:\/\/lavras.tv\/site\/wp-content\/uploads\/2025\/03\/Banner_Saude_PortallavrasTV-470x68.png 470w, https:\/\/lavras.tv\/site\/wp-content\/uploads\/2025\/03\/Banner_Saude_PortallavrasTV-170x25.png 170w, https:\/\/lavras.tv\/site\/wp-content\/uploads\/2025\/03\/Banner_Saude_PortallavrasTV-200x29.png 200w\" sizes=\"(max-width: 720px) 100vw, 720px\" width=\"720\" height=\"104\"   \/><\/a><\/li><li><div id=\"lavra-547381786\" style=\"width:720px;height:104px;background-color:#ddd;overflow:scroll;\">\n\t<strong>Sa\u00edda da depura\u00e7\u00e3o de an\u00fancios<\/strong>\n\t<br><br>\n\tO an\u00fancio n\u00e3o \u00e9 exibido na p\u00e1gina<br><br>post atual: Projetos do Sul de Minas est\u00e3o entre os finalistas do Pr\u00eamio Educador Transformador em Minas Gerais, ID: 169458<br><br><span style=\"color: red;\">O post atual n\u00e3o \u00e9 id\u00eantico ao post principal.<\/span><br><br>An\u00fancios: ROXO - TOPO INTERNA - ROTATIVO 2 (197)<br \/>Grupo de an\u00fancios: Princ_Meio01_720x104 (27)<br><br>Condi\u00e7\u00f5es de exibi\u00e7\u00e3o<div style=\"margin-bottom: 20px; white-space: pre-wrap; font-family: monospace; width: 100%; background: #ffe9e9;\"><strong>condi\u00e7\u00f5es gerais<\/strong><table border=\"1\"><thead><tr><th><\/th><th>An\u00fancios<\/th><th>wp_the_query<\/th><\/tr><\/thead><tr><td>is_main_query<\/td><td>1<\/td><td>1<\/td><\/tr><tr><td>is_rest_api<\/td><td>0<\/td><td>1<\/td><\/tr><tr><td>page<\/td><td>0<\/td><td>1<\/td><\/tr><tr><td>numpages<\/td><td>0<\/td><td>1<\/td><\/tr><tr><td>is_archive<\/td><td>1<\/td><td><\/td><\/tr><tr><td>is_search<\/td><td>1<\/td><td><\/td><\/tr><tr><td>is_home<\/td><td>1<\/td><td><\/td><\/tr><tr><td>is_404<\/td><td>1<\/td><td><\/td><\/tr><tr><td>is_attachment<\/td><td>1<\/td><td><\/td><\/tr><tr><td>is_singular<\/td><td>1<\/td><td><\/td><\/tr><tr><td>is_front_page<\/td><td>1<\/td><td><\/td><\/tr><tr><td>is_feed<\/td><td>1<\/td><td><\/td><\/tr><\/table><\/div><br><br><span style=\"color: red;\">Seu site usa HTTPS, mas o c\u00f3digo do an\u00fancio cont\u00e9m HTTP e pode n\u00e3o funcionar.<\/span>\t<br><br>\n\t<a style=\"color: green;\" href=\"https:\/\/wpadvancedads.com\/manual\/ad-debug-mode\/?utm_source=advanced-ads&utm_medium=link&utm_campaign=ad-debug-mode\" target=\"_blank\" rel=\"nofollow\">Encontre solu\u00e7\u00f5es no manual<\/a>\n<\/div>\n<\/li><\/ul><\/div><script>( window.advanced_ads_ready || jQuery( document ).ready ).call( null, function() {var $lavraslider2888971441 = jQuery( \".lavra-slider-2888971441\" );$lavraslider2888971441.on( \"unslider.ready\", function() { jQuery( \"div.custom-slider ul li\" ).css( \"display\", \"block\" ); });$lavraslider2888971441.unslider({ delay:4000, autoplay:true, nav:false, arrows:false, infinite:true });$lavraslider2888971441.on(\"mouseover\", function() {$lavraslider2888971441.unslider(\"stop\");}).on(\"mouseout\", function() {$lavraslider2888971441.unslider(\"start\");});});<\/script><\/div>\n<p><em>Iniciativas de Varginha, Lumin\u00e1rias e Lavras figuram entre os tr\u00eas melhores do estado nas categorias \u201cInclus\u00e3o e Sustentabilidade\u201d, e \u201cGest\u00e3o Educacional Transformadora\u201d<\/em><\/p>\n\n\n\n<figure class=\"wp-block-image size-large\"><img fetchpriority=\"high\" decoding=\"async\" width=\"970\" height=\"646\" src=\"https:\/\/lavras.tv\/site\/wp-content\/uploads\/2026\/02\/Projeto-Luminarias-2-970x646.jpeg\" alt=\"\" class=\"wp-image-169459\" srcset=\"https:\/\/lavras.tv\/site\/wp-content\/uploads\/2026\/02\/Projeto-Luminarias-2-970x646.jpeg 970w, https:\/\/lavras.tv\/site\/wp-content\/uploads\/2026\/02\/Projeto-Luminarias-2-450x300.jpeg 450w, https:\/\/lavras.tv\/site\/wp-content\/uploads\/2026\/02\/Projeto-Luminarias-2-170x113.jpeg 170w, https:\/\/lavras.tv\/site\/wp-content\/uploads\/2026\/02\/Projeto-Luminarias-2-1536x1023.jpeg 1536w, https:\/\/lavras.tv\/site\/wp-content\/uploads\/2026\/02\/Projeto-Luminarias-2-272x182.jpeg 272w, https:\/\/lavras.tv\/site\/wp-content\/uploads\/2026\/02\/Projeto-Luminarias-2.jpeg 1600w\" sizes=\"(max-width: 970px) 100vw, 970px\" \/><\/figure>\n\n\n\n<p>Iniciativas do Sul de Minas est\u00e3o entre os tr\u00eas finalistas das Jornadas Estaduais do Pr\u00eamio Educador Transformador em Minas Gerais. De&nbsp;<strong>Varginha<\/strong>, est\u00e1 o projeto \u201cMenos \u00e9 Mais: Menos Consumo e Mais Sustentabilidade\u201d, da supervisora pedag\u00f3gica do CEMEI Ieda Carvalho Silva, Eliete Maria Abra\u00e3o Benfica. A iniciativa ficou em segundo lugar na categoria Inclus\u00e3o e Sustentabilidade na Educa\u00e7\u00e3o.<\/p>\n\n\n\n<p>Em&nbsp;<strong>Lumin\u00e1rias<\/strong>, o projeto \u201cCurso de Forma\u00e7\u00e3o de Condutores Mirins\u201d, da professora e coordenadora pedag\u00f3gica da Escola Municipal \u201cFrancisco Diniz\u201d, Aline Cristiane Gomes de Souza, conquistou o segundo lugar na categoria Gest\u00e3o Educacional Transformadora. E na mesma categoria, o projeto Conex\u00e3o D\u00e2mina, de Maria Aparecida Roquini Murad, da Escola Municipal Doutora D\u00e2mina, de&nbsp;<strong>Lavras<\/strong>, obteve o terceiro lugar.<\/p>\n\n\n\n<p>A premia\u00e7\u00e3o \u00e9 realizada pelo Sebrae, em parceria com o Instituto Significare e a Bett Brasil, e reconhece pr\u00e1ticas desenvolvidas por professores e gestores escolares de todo o pa\u00eds. Nesta edi\u00e7\u00e3o, foram registradas 5.560 inscri\u00e7\u00f5es, com 1,3 mil projetos distribu\u00eddos nas categorias Inova\u00e7\u00e3o Pedag\u00f3gica e Metodologias Ativas, Gest\u00e3o Educacional Transformadora e Inclus\u00e3o e Sustentabilidade na Educa\u00e7\u00e3o. Em Minas Gerais, nove projetos ficaram entre os tr\u00eas primeiros colocados. A lista completa de todos os vencedores estaduais pode ser conferida no&nbsp;<a href=\"https:\/\/conteudo.significare.org.br\/selecionados-3a-ed-premio-educador-transformador\" target=\"_blank\" rel=\"noreferrer noopener\">site oficial do pr\u00eamio<\/a>.<\/p>\n\n\n\n<p><strong>Sobre os projetos do Sul de Minas<\/strong><\/p>\n\n\n\n<p>Substitui\u00e7\u00e3o de brinquedos industrializados por materiais naturais e reaproveitados, implanta\u00e7\u00e3o de horta e sistema de compostagem, e incentivo ao contato com a natureza na educa\u00e7\u00e3o infantil. Esta \u00e9 a proposta do projeto destaque de Varginha que, segundo a escola, obteve 98,5% de aprova\u00e7\u00e3o pelas fam\u00edlias, e reduziu o tempo de exposi\u00e7\u00e3o das crian\u00e7as \u00e0s telas. \u201cSer finalista do Pr\u00eamio Educador Transformador representa o reconhecimento de que a educa\u00e7\u00e3o p\u00fablica para crian\u00e7as de 0 a 3 anos pode contribuir para a inova\u00e7\u00e3o sustent\u00e1vel. O pr\u00eamio valida metodologias que humanizam o aprendizado e protegem a inf\u00e2ncia da passividade digital\u201d, afirma Eliete Benfica.<\/p>\n\n\n\n<p>Em Lumin\u00e1rias, o projeto foi desenvolvido com alunos de 8 a 10 anos do ensino integral, com apoio da Secretaria de Educa\u00e7\u00e3o, da Casa da Cultura e, em 2025, contou com a parceria do Sebrae. A proposta re\u00fane hist\u00f3ria local, preserva\u00e7\u00e3o ambiental e no\u00e7\u00f5es de empreendedorismo, preparando os estudantes para atuarem como representantes da cidade. \u201cEste pr\u00eamio valida uma mudan\u00e7a na educa\u00e7\u00e3o p\u00fablica mineira ao reconhecer a\u00e7\u00f5es conectadas \u00e0 realidade local. Ser finalista confirma que o projeto contribui para o protagonismo dos alunos e a valoriza\u00e7\u00e3o da identidade do munic\u00edpio\u201d, afirma Aline Souza.<\/p>\n\n\n\n<p>J\u00e1 o projeto Conex\u00e3o D\u00e2mina cria um notici\u00e1rio escolar semanal com participa\u00e7\u00e3o de alunos da Educa\u00e7\u00e3o Infantil ao 3\u00ba ano do Ensino Fundamental. Os estudantes produzem reportagens, realizam entrevistas e gravam v\u00eddeos, fortalecendo leitura, escrita e oralidade. O conte\u00fado \u00e9 divulgado nas redes sociais da escola.<\/p>\n\n\n\n<p><strong>Reconhecimento<\/strong><\/p>\n\n\n\n<p>A premia\u00e7\u00e3o estadual ser\u00e1 realizada em 3 de mar\u00e7o, na sede do Sebrae Minas, em Belo Horizonte. Na etapa estadual, os tr\u00eas primeiros colocados de cada categoria recebem trof\u00e9u, certificado e selo digital. Os primeiros colocados avan\u00e7am para a etapa nacional, com resultado previsto para a Bett Brasil 2026, em S\u00e3o Paulo. Na etapa nacional, concorrem a premia\u00e7\u00f5es como miss\u00e3o internacional, notebooks e MBA em Educa\u00e7\u00e3o Empreendedora certificado pela Faculdade Sebrae.<\/p>\n\n\n\n<p>A gerente da Unidade de Educa\u00e7\u00e3o Empreendedora do Sebrae Minas, Fabiana Pinho, destaca que \u201cMinas Gerais \u00e9 refer\u00eancia em educa\u00e7\u00e3o empreendedora, e essa premia\u00e7\u00e3o fortalece ainda mais esse protagonismo, ao reconhecer o trabalho dos educadores e incentivar a dissemina\u00e7\u00e3o de boas pr\u00e1ticas em todo o Brasil\u201d, afirma.<\/p>\n","protected":false},"excerpt":{"rendered":"<p>Iniciativas de Varginha, Lumin\u00e1rias e Lavras figuram entre os tr\u00eas melhores do estado nas categorias \u201cInclus\u00e3o e Sustentabilidade\u201d, e \u201cGest\u00e3o Educacional Transformadora\u201d Iniciativas do Sul de Minas est\u00e3o entre os tr\u00eas finalistas das Jornadas Estaduais do Pr\u00eamio Educador Transformador em Minas Gerais. De&nbsp;Varginha, est\u00e1 o projeto \u201cMenos \u00e9 Mais: Menos Consumo e Mais Sustentabilidade\u201d, da [&hellip;]<\/p>\n","protected":false},"author":5,"featured_media":169459,"comment_status":"closed","ping_status":"open","sticky":false,"template":"","format":"standard","meta":{"advgb_blocks_editor_width":"","advgb_blocks_columns_visual_guide":"","_exactmetrics_skip_tracking":false,"_exactmetrics_sitenote_active":false,"_exactmetrics_sitenote_note":"","_exactmetrics_sitenote_category":0,"footnotes":""},"categories":[7,2],"tags":[],"class_list":["post-169458","post","type-post","status-publish","format-standard","has-post-thumbnail","hentry","category-destaques","category-noticias"],"better_featured_image":{"id":169459,"alt_text":"","caption":"","description":"","media_type":"image","media_details":{"width":1600,"height":1066,"file":"2026\/02\/Projeto-Luminarias-2.jpeg","filesize":748477,"sizes":{"medium":{"file":"Projeto-Luminarias-2-450x300.jpeg","width":450,"height":300,"mime-type":"image\/jpeg","filesize":41763,"source_url":"https:\/\/lavras.tv\/site\/wp-content\/uploads\/2026\/02\/Projeto-Luminarias-2-450x300.jpeg"},"large":{"file":"Projeto-Luminarias-2-970x646.jpeg","width":970,"height":646,"mime-type":"image\/jpeg","filesize":170179,"source_url":"https:\/\/lavras.tv\/site\/wp-content\/uploads\/2026\/02\/Projeto-Luminarias-2-970x646.jpeg"},"thumbnail":{"file":"Projeto-Luminarias-2-170x113.jpeg","width":170,"height":113,"mime-type":"image\/jpeg","filesize":7580,"source_url":"https:\/\/lavras.tv\/site\/wp-content\/uploads\/2026\/02\/Projeto-Luminarias-2-170x113.jpeg"},"1536x1536":{"file":"Projeto-Luminarias-2-1536x1023.jpeg","width":1536,"height":1023,"mime-type":"image\/jpeg","filesize":393114,"source_url":"https:\/\/lavras.tv\/site\/wp-content\/uploads\/2026\/02\/Projeto-Luminarias-2-1536x1023.jpeg"},"alm-thumbnail":{"file":"Projeto-Luminarias-2-150x150.jpeg","width":150,"height":150,"mime-type":"image\/jpeg","filesize":9004,"source_url":"https:\/\/lavras.tv\/site\/wp-content\/uploads\/2026\/02\/Projeto-Luminarias-2-150x150.jpeg"},"sow-carousel-default":{"file":"Projeto-Luminarias-2-272x182.jpeg","width":272,"height":182,"mime-type":"image\/jpeg","filesize":16733,"source_url":"https:\/\/lavras.tv\/site\/wp-content\/uploads\/2026\/02\/Projeto-Luminarias-2-272x182.jpeg"}},"image_meta":{"aperture":"0","credit":"","camera":"","caption":"","created_timestamp":"0","copyright":"","focal_length":"0","iso":"0","shutter_speed":"0","title":"","orientation":"0","keywords":[]}},"post":169458,"source_url":"https:\/\/lavras.tv\/site\/wp-content\/uploads\/2026\/02\/Projeto-Luminarias-2.jpeg"},"author_meta":{"display_name":"Vinicius Bustamante","author_link":"https:\/\/lavras.tv\/site\/author\/vinicius-bustamante\/"},"featured_img":"https:\/\/lavras.tv\/site\/wp-content\/uploads\/2026\/02\/Projeto-Luminarias-2-450x300.jpeg","coauthors":[],"tax_additional":{"categories":{"linked":["<a href=\"https:\/\/lavras.tv\/site\/category\/destaques\/\" class=\"advgb-post-tax-term\">Destaques<\/a>","<a href=\"https:\/\/lavras.tv\/site\/category\/noticias\/\" class=\"advgb-post-tax-term\">Not\u00edcias<\/a>"],"unlinked":["<span class=\"advgb-post-tax-term\">Destaques<\/span>","<span class=\"advgb-post-tax-term\">Not\u00edcias<\/span>"]}},"comment_count":"0","relative_dates":{"created":"Publicado 2 meses atr\u00e1s","modified":"Atualizado 2 meses atr\u00e1s"},"absolute_dates":{"created":"Publicado em 24 de fevereiro de 2026","modified":"Atualizado em 24 de fevereiro de 2026"},"absolute_dates_time":{"created":"Publicado em 24 de fevereiro de 2026 19:13","modified":"Atualizado em 24 de fevereiro de 2026 19:13"},"featured_img_caption":"","series_order":"","_links":{"self":[{"href":"https:\/\/lavras.tv\/site\/wp-json\/wp\/v2\/posts\/169458","targetHints":{"allow":["GET"]}}],"collection":[{"href":"https:\/\/lavras.tv\/site\/wp-json\/wp\/v2\/posts"}],"about":[{"href":"https:\/\/lavras.tv\/site\/wp-json\/wp\/v2\/types\/post"}],"author":[{"embeddable":true,"href":"https:\/\/lavras.tv\/site\/wp-json\/wp\/v2\/users\/5"}],"replies":[{"embeddable":true,"href":"https:\/\/lavras.tv\/site\/wp-json\/wp\/v2\/comments?post=169458"}],"version-history":[{"count":1,"href":"https:\/\/lavras.tv\/site\/wp-json\/wp\/v2\/posts\/169458\/revisions"}],"predecessor-version":[{"id":169460,"href":"https:\/\/lavras.tv\/site\/wp-json\/wp\/v2\/posts\/169458\/revisions\/169460"}],"wp:featuredmedia":[{"embeddable":true,"href":"https:\/\/lavras.tv\/site\/wp-json\/wp\/v2\/media\/169459"}],"wp:attachment":[{"href":"https:\/\/lavras.tv\/site\/wp-json\/wp\/v2\/media?parent=169458"}],"wp:term":[{"taxonomy":"category","embeddable":true,"href":"https:\/\/lavras.tv\/site\/wp-json\/wp\/v2\/categories?post=169458"},{"taxonomy":"post_tag","embeddable":true,"href":"https:\/\/lavras.tv\/site\/wp-json\/wp\/v2\/tags?post=169458"}],"curies":[{"name":"wp","href":"https:\/\/api.w.org\/{rel}","templated":true}]}}