{"id":169461,"date":"2026-02-24T19:22:06","date_gmt":"2026-02-24T22:22:06","guid":{"rendered":"https:\/\/lavras.tv\/site\/?p=169461"},"modified":"2026-02-24T19:22:07","modified_gmt":"2026-02-24T22:22:07","slug":"ufla-abre-concurso-para-professor-no-campus-de-sao-sebastiao-do-paraiso","status":"publish","type":"post","link":"https:\/\/lavras.tv\/site\/2026\/02\/24\/ufla-abre-concurso-para-professor-no-campus-de-sao-sebastiao-do-paraiso\/","title":{"rendered":"UFLA abre concurso para professor no c\u00e2mpus de S\u00e3o Sebasti\u00e3o do Para\u00edso"},"content":{"rendered":"<div class=\"lavra-antes-do-conteudo_2\" id=\"lavra-1040820306\"><div id=\"lavra-slider-27\" class=\"custom-slider lavra-slider-2397913251 lavra-slider\"><ul><li><div style=\"margin-left: auto;margin-right: auto;text-align: center;\" id=\"lavra-3931904049\"><a href=\"https:\/\/sistemas.lavras.mg.gov.br\/portalcidadao\/#df1b1a7c7b2a290bcb31e32771e610784662739a88807c0dacac58ede5f391a7530e299dc302d611ee73cb143fc22eaf93592e53e7b5bdb01b00a0b8d28dae460c141dd2ff83412e4dc1c31b16b25f33144a9e5620ea73b13f5bc1c59411d98439ad226e8af03840603796067d87afe130812cf3de24982d0e306f9e61e764e5\" aria-label=\"Lavras-TV&#8211;720x104px (1) (1)\"><img src=\"https:\/\/lavras.tv\/site\/wp-content\/uploads\/2025\/01\/Lavras-TV-720x104px-1-1.png\" alt=\"\"  srcset=\"https:\/\/lavras.tv\/site\/wp-content\/uploads\/2025\/01\/Lavras-TV-720x104px-1-1.png 720w, https:\/\/lavras.tv\/site\/wp-content\/uploads\/2025\/01\/Lavras-TV-720x104px-1-1-470x68.png 470w, https:\/\/lavras.tv\/site\/wp-content\/uploads\/2025\/01\/Lavras-TV-720x104px-1-1-170x25.png 170w, https:\/\/lavras.tv\/site\/wp-content\/uploads\/2025\/01\/Lavras-TV-720x104px-1-1-200x29.png 200w\" sizes=\"(max-width: 720px) 100vw, 720px\" width=\"720\" height=\"104\"  style=\"display: inline-block;\" \/><\/a><\/div><\/li><li><a href=\"https:\/\/sistemas.lavras.mg.gov.br\/portalcidadao\/#df1b1a7c7b2a290bcb31e32771e610784662739a88807c0dacac58ede5f391a7530e299dc302d611ee73cb143fc22eaf93592e53e7b5bdb01b00a0b8d28dae460c141dd2ff83412e4dc1c31b16b25f33144a9e5620ea73b13f5bc1c59411d98439ad226e8af03840603796067d87afe130812cf3de24982d0e306f9e61e764e5\" aria-label=\"Banner_Emprego_PortallavrasTV\"><img src=\"https:\/\/lavras.tv\/site\/wp-content\/uploads\/2025\/03\/Banner_Emprego_PortallavrasTV.png\" alt=\"\"  srcset=\"https:\/\/lavras.tv\/site\/wp-content\/uploads\/2025\/03\/Banner_Emprego_PortallavrasTV.png 720w, https:\/\/lavras.tv\/site\/wp-content\/uploads\/2025\/03\/Banner_Emprego_PortallavrasTV-470x68.png 470w, https:\/\/lavras.tv\/site\/wp-content\/uploads\/2025\/03\/Banner_Emprego_PortallavrasTV-170x25.png 170w, https:\/\/lavras.tv\/site\/wp-content\/uploads\/2025\/03\/Banner_Emprego_PortallavrasTV-200x29.png 200w\" sizes=\"(max-width: 720px) 100vw, 720px\" width=\"720\" height=\"104\"   \/><\/a><\/li><li><a href=\"https:\/\/sistemas.lavras.mg.gov.br\/portalcidadao\/#df1b1a7c7b2a290bcb31e32771e610784662739a88807c0dacac58ede5f391a7530e299dc302d611ee73cb143fc22eaf93592e53e7b5bdb01b00a0b8d28dae460c141dd2ff83412e4dc1c31b16b25f33144a9e5620ea73b13f5bc1c59411d98439ad226e8af03840603796067d87afe130812cf3de24982d0e306f9e61e764e5\" aria-label=\"Banner_Obras_PortallavrasTV\"><img src=\"https:\/\/lavras.tv\/site\/wp-content\/uploads\/2025\/03\/Banner_Obras_PortallavrasTV.png\" alt=\"\"  srcset=\"https:\/\/lavras.tv\/site\/wp-content\/uploads\/2025\/03\/Banner_Obras_PortallavrasTV.png 720w, https:\/\/lavras.tv\/site\/wp-content\/uploads\/2025\/03\/Banner_Obras_PortallavrasTV-470x68.png 470w, https:\/\/lavras.tv\/site\/wp-content\/uploads\/2025\/03\/Banner_Obras_PortallavrasTV-170x25.png 170w, https:\/\/lavras.tv\/site\/wp-content\/uploads\/2025\/03\/Banner_Obras_PortallavrasTV-200x29.png 200w\" sizes=\"(max-width: 720px) 100vw, 720px\" width=\"720\" height=\"104\"   \/><\/a><\/li><li><div style=\"margin-left: auto;margin-right: auto;text-align: center;\" id=\"lavra-3347896593\"><a href=\"https:\/\/sistemas.lavras.mg.gov.br\/portalcidadao\/#df1b1a7c7b2a290bcb31e32771e610784662739a88807c0dacac58ede5f391a7530e299dc302d611ee73cb143fc22eaf93592e53e7b5bdb01b00a0b8d28dae460c141dd2ff83412e4dc1c31b16b25f33144a9e5620ea73b13f5bc1c59411d98439ad226e8af03840603796067d87afe130812cf3de24982d0e306f9e61e764e5\" aria-label=\"Banner_Educa\u00e7\u00e3o_PortallavrasTV\"><img src=\"https:\/\/lavras.tv\/site\/wp-content\/uploads\/2025\/01\/Banner_Educacao_PortallavrasTV.png\" alt=\"\"  srcset=\"https:\/\/lavras.tv\/site\/wp-content\/uploads\/2025\/01\/Banner_Educacao_PortallavrasTV.png 720w, https:\/\/lavras.tv\/site\/wp-content\/uploads\/2025\/01\/Banner_Educacao_PortallavrasTV-470x68.png 470w, https:\/\/lavras.tv\/site\/wp-content\/uploads\/2025\/01\/Banner_Educacao_PortallavrasTV-170x25.png 170w, https:\/\/lavras.tv\/site\/wp-content\/uploads\/2025\/01\/Banner_Educacao_PortallavrasTV-200x29.png 200w\" sizes=\"(max-width: 720px) 100vw, 720px\" width=\"720\" height=\"104\"  style=\"display: inline-block;\" \/><\/a><\/div><\/li><li><a href=\"https:\/\/sistemas.lavras.mg.gov.br\/portalcidadao\/#df1b1a7c7b2a290bcb31e32771e610784662739a88807c0dacac58ede5f391a7530e299dc302d611ee73cb143fc22eaf93592e53e7b5bdb01b00a0b8d28dae460c141dd2ff83412e4dc1c31b16b25f33144a9e5620ea73b13f5bc1c59411d98439ad226e8af03840603796067d87afe130812cf3de24982d0e306f9e61e764e5\" aria-label=\"Banner_Sa\u00fade_PortallavrasTV\"><img src=\"https:\/\/lavras.tv\/site\/wp-content\/uploads\/2025\/03\/Banner_Saude_PortallavrasTV.png\" alt=\"\"  srcset=\"https:\/\/lavras.tv\/site\/wp-content\/uploads\/2025\/03\/Banner_Saude_PortallavrasTV.png 720w, https:\/\/lavras.tv\/site\/wp-content\/uploads\/2025\/03\/Banner_Saude_PortallavrasTV-470x68.png 470w, https:\/\/lavras.tv\/site\/wp-content\/uploads\/2025\/03\/Banner_Saude_PortallavrasTV-170x25.png 170w, https:\/\/lavras.tv\/site\/wp-content\/uploads\/2025\/03\/Banner_Saude_PortallavrasTV-200x29.png 200w\" sizes=\"(max-width: 720px) 100vw, 720px\" width=\"720\" height=\"104\"   \/><\/a><\/li><li><div id=\"lavra-2211387134\" style=\"width:720px;height:104px;background-color:#ddd;overflow:scroll;\">\n\t<strong>Sa\u00edda da depura\u00e7\u00e3o de an\u00fancios<\/strong>\n\t<br><br>\n\tO an\u00fancio n\u00e3o \u00e9 exibido na p\u00e1gina<br><br>post atual: UFLA abre concurso para professor no c\u00e2mpus de S\u00e3o Sebasti\u00e3o do Para\u00edso, ID: 169461<br><br><span style=\"color: red;\">O post atual n\u00e3o \u00e9 id\u00eantico ao post principal.<\/span><br><br>An\u00fancios: ROXO - TOPO INTERNA - ROTATIVO 2 (197)<br \/>Grupo de an\u00fancios: Princ_Meio01_720x104 (27)<br><br>Condi\u00e7\u00f5es de exibi\u00e7\u00e3o<div style=\"margin-bottom: 20px; white-space: pre-wrap; font-family: monospace; width: 100%; background: #ffe9e9;\"><strong>condi\u00e7\u00f5es gerais<\/strong><table border=\"1\"><thead><tr><th><\/th><th>An\u00fancios<\/th><th>wp_the_query<\/th><\/tr><\/thead><tr><td>is_main_query<\/td><td>1<\/td><td>1<\/td><\/tr><tr><td>is_rest_api<\/td><td>0<\/td><td>1<\/td><\/tr><tr><td>page<\/td><td>0<\/td><td>1<\/td><\/tr><tr><td>numpages<\/td><td>0<\/td><td>1<\/td><\/tr><tr><td>is_archive<\/td><td>1<\/td><td><\/td><\/tr><tr><td>is_search<\/td><td>1<\/td><td><\/td><\/tr><tr><td>is_home<\/td><td>1<\/td><td><\/td><\/tr><tr><td>is_404<\/td><td>1<\/td><td><\/td><\/tr><tr><td>is_attachment<\/td><td>1<\/td><td><\/td><\/tr><tr><td>is_singular<\/td><td>1<\/td><td><\/td><\/tr><tr><td>is_front_page<\/td><td>1<\/td><td><\/td><\/tr><tr><td>is_feed<\/td><td>1<\/td><td><\/td><\/tr><\/table><\/div><br><br><span style=\"color: red;\">Seu site usa HTTPS, mas o c\u00f3digo do an\u00fancio cont\u00e9m HTTP e pode n\u00e3o funcionar.<\/span>\t<br><br>\n\t<a style=\"color: green;\" href=\"https:\/\/wpadvancedads.com\/manual\/ad-debug-mode\/?utm_source=advanced-ads&utm_medium=link&utm_campaign=ad-debug-mode\" target=\"_blank\" rel=\"nofollow\">Encontre solu\u00e7\u00f5es no manual<\/a>\n<\/div>\n<\/li><\/ul><\/div><script>( window.advanced_ads_ready || jQuery( document ).ready ).call( null, function() {var $lavraslider2397913251 = jQuery( \".lavra-slider-2397913251\" );$lavraslider2397913251.on( \"unslider.ready\", function() { jQuery( \"div.custom-slider ul li\" ).css( \"display\", \"block\" ); });$lavraslider2397913251.unslider({ delay:4000, autoplay:true, nav:false, arrows:false, infinite:true });$lavraslider2397913251.on(\"mouseover\", function() {$lavraslider2397913251.unslider(\"stop\");}).on(\"mouseout\", function() {$lavraslider2397913251.unslider(\"start\");});});<\/script><\/div>\n<figure class=\"wp-block-image size-large\"><img fetchpriority=\"high\" decoding=\"async\" width=\"970\" height=\"606\" src=\"https:\/\/lavras.tv\/site\/wp-content\/uploads\/2026\/02\/concurso-publico-970x606.jpg\" alt=\"\" class=\"wp-image-169462\" srcset=\"https:\/\/lavras.tv\/site\/wp-content\/uploads\/2026\/02\/concurso-publico-970x606.jpg 970w, https:\/\/lavras.tv\/site\/wp-content\/uploads\/2026\/02\/concurso-publico-470x294.jpg 470w, https:\/\/lavras.tv\/site\/wp-content\/uploads\/2026\/02\/concurso-publico-170x106.jpg 170w, https:\/\/lavras.tv\/site\/wp-content\/uploads\/2026\/02\/concurso-publico.jpg 1280w\" sizes=\"(max-width: 970px) 100vw, 970px\" \/><\/figure>\n\n\n\n<p>A&nbsp;Universidade Federal de Lavras&nbsp;(UFLA) publicou o&nbsp;<a href=\"https:\/\/sei.ufla.br\/sei\/publicacoes\/controlador_publicacoes.php?acao=publicacao_visualizar&amp;id_documento=761778&amp;id_orgao_publicacao=0\"><strong>Edital n\u00ba 11\/2026<\/strong>,<\/a>&nbsp;que trata da abertura de concurso p\u00fablico para provimento de cargo da Carreira de Magist\u00e9rio Superior, no c\u00e2mpus de S\u00e3o Sebasti\u00e3o do Para\u00edso.<\/p>\n\n\n\n<p>O certame \u00e9 destinado ao cargo de&nbsp;<strong>Professor do Magist\u00e9rio Superior \u2013 Assistente, n\u00edvel 1<\/strong>, regido pela Lei n\u00ba 8.112\/1990, com lota\u00e7\u00e3o no&nbsp;<strong>Instituto de Ci\u00eancia, Tecnologia e Inova\u00e7\u00e3o (ICTIN)<\/strong>.<\/p>\n\n\n\n<p>O edital oferta&nbsp;<strong>11 vagas<\/strong>,&nbsp;nas seguintes \u00e1reas:<\/p>\n\n\n\n<ul class=\"wp-block-list\">\n<li>Ci\u00eancia da Computa\u00e7\u00e3o (1 vaga)<\/li>\n\n\n\n<li>Ci\u00eancias Ambientais (1 vaga)<\/li>\n\n\n\n<li>Ci\u00eancias Sociais Aplicadas (1 vaga)<\/li>\n\n\n\n<li>Desenho T\u00e9cnico, Metrologia e Processamento dos Materiais (1 vaga)<\/li>\n\n\n\n<li>Engenharia de Produ\u00e7\u00e3o (1 vaga)<\/li>\n\n\n\n<li>Engenharia de Software (3 vagas)<\/li>\n\n\n\n<li>Estat\u00edstica aplicada \u00e0 Ci\u00eancia de Dados (1 vaga)<\/li>\n\n\n\n<li>Gest\u00e3o da Inova\u00e7\u00e3o, Propriedade Intelectual e Empreendedorismo (1 vaga)<\/li>\n\n\n\n<li>Pesquisa Operacional, Modelagem e Otimiza\u00e7\u00e3o, Produ\u00e7\u00e3o e Machine Learning (1 vaga)<\/li>\n<\/ul>\n\n\n\n<p>Todas as vagas exigem&nbsp;<strong>t\u00edtulo de Doutorado<\/strong>&nbsp;na \u00e1rea especificada no edital e s\u00e3o para regime de&nbsp;<strong>Dedica\u00e7\u00e3o Exclusiva (DE)<\/strong>, com jornada de 40 horas semanais.<\/p>\n\n\n\n<h3 class=\"wp-block-heading\">Remunera\u00e7\u00e3o<\/h3>\n\n\n\n<p>A remunera\u00e7\u00e3o inicial para o cargo de Professor Assistente, n\u00edvel 1, em regime de Dedica\u00e7\u00e3o Exclusiva, \u00e9 composta por:<\/p>\n\n\n\n<ul class=\"wp-block-list\">\n<li>Vencimento B\u00e1sico: R$ 6.180,86<\/li>\n\n\n\n<li>Retribui\u00e7\u00e3o por Titula\u00e7\u00e3o (Doutorado): R$ 7.109,99<\/li>\n\n\n\n<li>Total: R$ 13.290,85<\/li>\n<\/ul>\n\n\n\n<p>O valor ser\u00e1 acrescido de aux\u00edlio-alimenta\u00e7\u00e3o, conforme a legisla\u00e7\u00e3o vigente.<\/p>\n\n\n\n<h3 class=\"wp-block-heading\">Inscri\u00e7\u00f5es<\/h3>\n\n\n\n<p>As inscri\u00e7\u00f5es ser\u00e3o realizadas exclusivamente via internet, pelo endere\u00e7o:&nbsp;<a href=\"https:\/\/sig.ufla.br\/modulos\/publico\/editais_servidores\">https:\/\/sig.ufla.br\/modulos\/publico\/editais_servidores<\/a>. O per\u00edodo de inscri\u00e7\u00e3o ser\u00e1 de&nbsp;<strong>9\/3\/2026 a 1\/4\/2026<\/strong>.<\/p>\n\n\n\n<p>O per\u00edodo para solicita\u00e7\u00e3o de isen\u00e7\u00e3o da inscri\u00e7\u00e3o ser\u00e1 de&nbsp;<strong>9\/3\/2026 a 13\/3\/2026<\/strong>, com divulga\u00e7\u00e3o do resultado em&nbsp;<strong>16\/3\/2026<\/strong>.<\/p>\n\n\n\n<h3 class=\"wp-block-heading\">Etapas do concurso<\/h3>\n\n\n\n<p>O concurso constar\u00e1 das seguintes etapas:<\/p>\n\n\n\n<ol class=\"wp-block-list\">\n<li>Prova escrita (eliminat\u00f3ria)<\/li>\n\n\n\n<li>Prova did\u00e1tica (eliminat\u00f3ria)<\/li>\n\n\n\n<li>Prova de defesa do Plano de Trabalho (classificat\u00f3ria)<\/li>\n\n\n\n<li>Prova de t\u00edtulos (classificat\u00f3ria)<\/li>\n<\/ol>\n\n\n\n<p>As provas ser\u00e3o realizadas na cidade de&nbsp;<strong>S\u00e3o Sebasti\u00e3o do Para\u00edso (MG)<\/strong>, a partir de&nbsp;<strong>4\/5\/2026<\/strong>. As datas espec\u00edficas ser\u00e3o divulgadas com anteced\u00eancia m\u00ednima de 15 dias.<\/p>\n","protected":false},"excerpt":{"rendered":"<p>A&nbsp;Universidade Federal de Lavras&nbsp;(UFLA) publicou o&nbsp;Edital n\u00ba 11\/2026,&nbsp;que trata da abertura de concurso p\u00fablico para provimento de cargo da Carreira de Magist\u00e9rio Superior, no c\u00e2mpus de S\u00e3o Sebasti\u00e3o do Para\u00edso. O certame \u00e9 destinado ao cargo de&nbsp;Professor do Magist\u00e9rio Superior \u2013 Assistente, n\u00edvel 1, regido pela Lei n\u00ba 8.112\/1990, com lota\u00e7\u00e3o no&nbsp;Instituto de Ci\u00eancia, Tecnologia [&hellip;]<\/p>\n","protected":false},"author":5,"featured_media":169462,"comment_status":"closed","ping_status":"open","sticky":false,"template":"","format":"standard","meta":{"advgb_blocks_editor_width":"","advgb_blocks_columns_visual_guide":"","_exactmetrics_skip_tracking":false,"_exactmetrics_sitenote_active":false,"_exactmetrics_sitenote_note":"","_exactmetrics_sitenote_category":0,"footnotes":""},"categories":[17,2,5760],"tags":[],"class_list":["post-169461","post","type-post","status-publish","format-standard","has-post-thumbnail","hentry","category-jornal-cidade","category-noticias","category-noticias-jornal-cidade"],"better_featured_image":{"id":169462,"alt_text":"","caption":"","description":"","media_type":"image","media_details":{"width":1280,"height":800,"file":"2026\/02\/concurso-publico.jpg","filesize":254823,"sizes":{"medium":{"file":"concurso-publico-470x294.jpg","width":470,"height":294,"mime-type":"image\/jpeg","filesize":45912,"source_url":"https:\/\/lavras.tv\/site\/wp-content\/uploads\/2026\/02\/concurso-publico-470x294.jpg"},"large":{"file":"concurso-publico-970x606.jpg","width":970,"height":606,"mime-type":"image\/jpeg","filesize":75864,"source_url":"https:\/\/lavras.tv\/site\/wp-content\/uploads\/2026\/02\/concurso-publico-970x606.jpg"},"thumbnail":{"file":"concurso-publico-170x106.jpg","width":170,"height":106,"mime-type":"image\/jpeg","filesize":31400,"source_url":"https:\/\/lavras.tv\/site\/wp-content\/uploads\/2026\/02\/concurso-publico-170x106.jpg"},"alm-thumbnail":{"file":"concurso-publico-150x150.jpg","width":150,"height":150,"mime-type":"image\/jpeg","filesize":33002,"source_url":"https:\/\/lavras.tv\/site\/wp-content\/uploads\/2026\/02\/concurso-publico-150x150.jpg"},"sow-carousel-default":{"file":"concurso-publico-272x182.jpg","width":272,"height":182,"mime-type":"image\/jpeg","filesize":36125,"source_url":"https:\/\/lavras.tv\/site\/wp-content\/uploads\/2026\/02\/concurso-publico-272x182.jpg"}},"image_meta":{"aperture":"0","credit":"","camera":"","caption":"","created_timestamp":"0","copyright":"","focal_length":"0","iso":"0","shutter_speed":"0","title":"","orientation":"0","keywords":[]}},"post":169461,"source_url":"https:\/\/lavras.tv\/site\/wp-content\/uploads\/2026\/02\/concurso-publico.jpg"},"author_meta":{"display_name":"Vinicius Bustamante","author_link":"https:\/\/lavras.tv\/site\/author\/vinicius-bustamante\/"},"featured_img":"https:\/\/lavras.tv\/site\/wp-content\/uploads\/2026\/02\/concurso-publico-470x294.jpg","coauthors":[],"tax_additional":{"categories":{"linked":["<a href=\"https:\/\/lavras.tv\/site\/category\/sem-categoria\/jornal-cidade\/\" class=\"advgb-post-tax-term\">DESTAQUE PRINCIPAL<\/a>","<a href=\"https:\/\/lavras.tv\/site\/category\/noticias\/\" class=\"advgb-post-tax-term\">Not\u00edcias<\/a>","<a href=\"https:\/\/lavras.tv\/site\/category\/sem-categoria\/jornal-cidade\/noticias-jornal-cidade\/\" class=\"advgb-post-tax-term\">NOT\u00cdCIAS<\/a>"],"unlinked":["<span class=\"advgb-post-tax-term\">DESTAQUE PRINCIPAL<\/span>","<span class=\"advgb-post-tax-term\">Not\u00edcias<\/span>","<span class=\"advgb-post-tax-term\">NOT\u00cdCIAS<\/span>"]}},"comment_count":"0","relative_dates":{"created":"Publicado 2 meses atr\u00e1s","modified":"Atualizado 2 meses atr\u00e1s"},"absolute_dates":{"created":"Publicado em 24 de fevereiro de 2026","modified":"Atualizado em 24 de fevereiro de 2026"},"absolute_dates_time":{"created":"Publicado em 24 de fevereiro de 2026 19:22","modified":"Atualizado em 24 de fevereiro de 2026 19:22"},"featured_img_caption":"","series_order":"","_links":{"self":[{"href":"https:\/\/lavras.tv\/site\/wp-json\/wp\/v2\/posts\/169461","targetHints":{"allow":["GET"]}}],"collection":[{"href":"https:\/\/lavras.tv\/site\/wp-json\/wp\/v2\/posts"}],"about":[{"href":"https:\/\/lavras.tv\/site\/wp-json\/wp\/v2\/types\/post"}],"author":[{"embeddable":true,"href":"https:\/\/lavras.tv\/site\/wp-json\/wp\/v2\/users\/5"}],"replies":[{"embeddable":true,"href":"https:\/\/lavras.tv\/site\/wp-json\/wp\/v2\/comments?post=169461"}],"version-history":[{"count":1,"href":"https:\/\/lavras.tv\/site\/wp-json\/wp\/v2\/posts\/169461\/revisions"}],"predecessor-version":[{"id":169463,"href":"https:\/\/lavras.tv\/site\/wp-json\/wp\/v2\/posts\/169461\/revisions\/169463"}],"wp:featuredmedia":[{"embeddable":true,"href":"https:\/\/lavras.tv\/site\/wp-json\/wp\/v2\/media\/169462"}],"wp:attachment":[{"href":"https:\/\/lavras.tv\/site\/wp-json\/wp\/v2\/media?parent=169461"}],"wp:term":[{"taxonomy":"category","embeddable":true,"href":"https:\/\/lavras.tv\/site\/wp-json\/wp\/v2\/categories?post=169461"},{"taxonomy":"post_tag","embeddable":true,"href":"https:\/\/lavras.tv\/site\/wp-json\/wp\/v2\/tags?post=169461"}],"curies":[{"name":"wp","href":"https:\/\/api.w.org\/{rel}","templated":true}]}}