{"id":169467,"date":"2026-02-24T19:37:10","date_gmt":"2026-02-24T22:37:10","guid":{"rendered":"https:\/\/lavras.tv\/site\/?p=169467"},"modified":"2026-02-24T19:37:12","modified_gmt":"2026-02-24T22:37:12","slug":"eleicoes-2026-entenda-os-procedimentos-legais-e-normativas-sobre-a-perda-do-titulo-de-eleitor","status":"publish","type":"post","link":"https:\/\/lavras.tv\/site\/2026\/02\/24\/eleicoes-2026-entenda-os-procedimentos-legais-e-normativas-sobre-a-perda-do-titulo-de-eleitor\/","title":{"rendered":"Elei\u00e7\u00f5es 2026: Entenda os procedimentos legais e normativas sobre a perda do t\u00edtulo de eleitor"},"content":{"rendered":"<div class=\"lavra-antes-do-conteudo_2\" id=\"lavra-298198740\"><div id=\"lavra-slider-27\" class=\"custom-slider lavra-slider-451025001 lavra-slider\"><ul><li><div style=\"margin-left: auto;margin-right: auto;text-align: center;\" id=\"lavra-3008007699\"><a href=\"https:\/\/sistemas.lavras.mg.gov.br\/portalcidadao\/#df1b1a7c7b2a290bcb31e32771e610784662739a88807c0dacac58ede5f391a7530e299dc302d611ee73cb143fc22eaf93592e53e7b5bdb01b00a0b8d28dae460c141dd2ff83412e4dc1c31b16b25f33144a9e5620ea73b13f5bc1c59411d98439ad226e8af03840603796067d87afe130812cf3de24982d0e306f9e61e764e5\" aria-label=\"Lavras-TV&#8211;720x104px (1) (1)\"><img src=\"https:\/\/lavras.tv\/site\/wp-content\/uploads\/2025\/01\/Lavras-TV-720x104px-1-1.png\" alt=\"\"  srcset=\"https:\/\/lavras.tv\/site\/wp-content\/uploads\/2025\/01\/Lavras-TV-720x104px-1-1.png 720w, https:\/\/lavras.tv\/site\/wp-content\/uploads\/2025\/01\/Lavras-TV-720x104px-1-1-470x68.png 470w, https:\/\/lavras.tv\/site\/wp-content\/uploads\/2025\/01\/Lavras-TV-720x104px-1-1-170x25.png 170w, https:\/\/lavras.tv\/site\/wp-content\/uploads\/2025\/01\/Lavras-TV-720x104px-1-1-200x29.png 200w\" sizes=\"(max-width: 720px) 100vw, 720px\" width=\"720\" height=\"104\"  style=\"display: inline-block;\" \/><\/a><\/div><\/li><li><a href=\"https:\/\/sistemas.lavras.mg.gov.br\/portalcidadao\/#df1b1a7c7b2a290bcb31e32771e610784662739a88807c0dacac58ede5f391a7530e299dc302d611ee73cb143fc22eaf93592e53e7b5bdb01b00a0b8d28dae460c141dd2ff83412e4dc1c31b16b25f33144a9e5620ea73b13f5bc1c59411d98439ad226e8af03840603796067d87afe130812cf3de24982d0e306f9e61e764e5\" aria-label=\"Banner_Emprego_PortallavrasTV\"><img src=\"https:\/\/lavras.tv\/site\/wp-content\/uploads\/2025\/03\/Banner_Emprego_PortallavrasTV.png\" alt=\"\"  srcset=\"https:\/\/lavras.tv\/site\/wp-content\/uploads\/2025\/03\/Banner_Emprego_PortallavrasTV.png 720w, https:\/\/lavras.tv\/site\/wp-content\/uploads\/2025\/03\/Banner_Emprego_PortallavrasTV-470x68.png 470w, https:\/\/lavras.tv\/site\/wp-content\/uploads\/2025\/03\/Banner_Emprego_PortallavrasTV-170x25.png 170w, https:\/\/lavras.tv\/site\/wp-content\/uploads\/2025\/03\/Banner_Emprego_PortallavrasTV-200x29.png 200w\" sizes=\"(max-width: 720px) 100vw, 720px\" width=\"720\" height=\"104\"   \/><\/a><\/li><li><a href=\"https:\/\/sistemas.lavras.mg.gov.br\/portalcidadao\/#df1b1a7c7b2a290bcb31e32771e610784662739a88807c0dacac58ede5f391a7530e299dc302d611ee73cb143fc22eaf93592e53e7b5bdb01b00a0b8d28dae460c141dd2ff83412e4dc1c31b16b25f33144a9e5620ea73b13f5bc1c59411d98439ad226e8af03840603796067d87afe130812cf3de24982d0e306f9e61e764e5\" aria-label=\"Banner_Obras_PortallavrasTV\"><img src=\"https:\/\/lavras.tv\/site\/wp-content\/uploads\/2025\/03\/Banner_Obras_PortallavrasTV.png\" alt=\"\"  srcset=\"https:\/\/lavras.tv\/site\/wp-content\/uploads\/2025\/03\/Banner_Obras_PortallavrasTV.png 720w, https:\/\/lavras.tv\/site\/wp-content\/uploads\/2025\/03\/Banner_Obras_PortallavrasTV-470x68.png 470w, https:\/\/lavras.tv\/site\/wp-content\/uploads\/2025\/03\/Banner_Obras_PortallavrasTV-170x25.png 170w, https:\/\/lavras.tv\/site\/wp-content\/uploads\/2025\/03\/Banner_Obras_PortallavrasTV-200x29.png 200w\" sizes=\"(max-width: 720px) 100vw, 720px\" width=\"720\" height=\"104\"   \/><\/a><\/li><li><div style=\"margin-left: auto;margin-right: auto;text-align: center;\" id=\"lavra-2662941632\"><a href=\"https:\/\/sistemas.lavras.mg.gov.br\/portalcidadao\/#df1b1a7c7b2a290bcb31e32771e610784662739a88807c0dacac58ede5f391a7530e299dc302d611ee73cb143fc22eaf93592e53e7b5bdb01b00a0b8d28dae460c141dd2ff83412e4dc1c31b16b25f33144a9e5620ea73b13f5bc1c59411d98439ad226e8af03840603796067d87afe130812cf3de24982d0e306f9e61e764e5\" aria-label=\"Banner_Educa\u00e7\u00e3o_PortallavrasTV\"><img src=\"https:\/\/lavras.tv\/site\/wp-content\/uploads\/2025\/01\/Banner_Educacao_PortallavrasTV.png\" alt=\"\"  srcset=\"https:\/\/lavras.tv\/site\/wp-content\/uploads\/2025\/01\/Banner_Educacao_PortallavrasTV.png 720w, https:\/\/lavras.tv\/site\/wp-content\/uploads\/2025\/01\/Banner_Educacao_PortallavrasTV-470x68.png 470w, https:\/\/lavras.tv\/site\/wp-content\/uploads\/2025\/01\/Banner_Educacao_PortallavrasTV-170x25.png 170w, https:\/\/lavras.tv\/site\/wp-content\/uploads\/2025\/01\/Banner_Educacao_PortallavrasTV-200x29.png 200w\" sizes=\"(max-width: 720px) 100vw, 720px\" width=\"720\" height=\"104\"  style=\"display: inline-block;\" \/><\/a><\/div><\/li><li><a href=\"https:\/\/sistemas.lavras.mg.gov.br\/portalcidadao\/#df1b1a7c7b2a290bcb31e32771e610784662739a88807c0dacac58ede5f391a7530e299dc302d611ee73cb143fc22eaf93592e53e7b5bdb01b00a0b8d28dae460c141dd2ff83412e4dc1c31b16b25f33144a9e5620ea73b13f5bc1c59411d98439ad226e8af03840603796067d87afe130812cf3de24982d0e306f9e61e764e5\" aria-label=\"Banner_Sa\u00fade_PortallavrasTV\"><img src=\"https:\/\/lavras.tv\/site\/wp-content\/uploads\/2025\/03\/Banner_Saude_PortallavrasTV.png\" alt=\"\"  srcset=\"https:\/\/lavras.tv\/site\/wp-content\/uploads\/2025\/03\/Banner_Saude_PortallavrasTV.png 720w, https:\/\/lavras.tv\/site\/wp-content\/uploads\/2025\/03\/Banner_Saude_PortallavrasTV-470x68.png 470w, https:\/\/lavras.tv\/site\/wp-content\/uploads\/2025\/03\/Banner_Saude_PortallavrasTV-170x25.png 170w, https:\/\/lavras.tv\/site\/wp-content\/uploads\/2025\/03\/Banner_Saude_PortallavrasTV-200x29.png 200w\" sizes=\"(max-width: 720px) 100vw, 720px\" width=\"720\" height=\"104\"   \/><\/a><\/li><li><div id=\"lavra-607067912\" style=\"width:720px;height:104px;background-color:#ddd;overflow:scroll;\">\n\t<strong>Sa\u00edda da depura\u00e7\u00e3o de an\u00fancios<\/strong>\n\t<br><br>\n\tO an\u00fancio n\u00e3o \u00e9 exibido na p\u00e1gina<br><br>post atual: Elei\u00e7\u00f5es 2026: Entenda os procedimentos legais e normativas sobre a perda do t\u00edtulo de eleitor, ID: 169467<br><br><span style=\"color: red;\">O post atual n\u00e3o \u00e9 id\u00eantico ao post principal.<\/span><br><br>An\u00fancios: ROXO - TOPO INTERNA - ROTATIVO 2 (197)<br \/>Grupo de an\u00fancios: Princ_Meio01_720x104 (27)<br><br>Condi\u00e7\u00f5es de exibi\u00e7\u00e3o<div style=\"margin-bottom: 20px; white-space: pre-wrap; font-family: monospace; width: 100%; background: #ffe9e9;\"><strong>condi\u00e7\u00f5es gerais<\/strong><table border=\"1\"><thead><tr><th><\/th><th>An\u00fancios<\/th><th>wp_the_query<\/th><\/tr><\/thead><tr><td>is_main_query<\/td><td>1<\/td><td>1<\/td><\/tr><tr><td>is_rest_api<\/td><td>0<\/td><td>1<\/td><\/tr><tr><td>page<\/td><td>0<\/td><td>1<\/td><\/tr><tr><td>numpages<\/td><td>0<\/td><td>1<\/td><\/tr><tr><td>is_archive<\/td><td>1<\/td><td><\/td><\/tr><tr><td>is_search<\/td><td>1<\/td><td><\/td><\/tr><tr><td>is_home<\/td><td>1<\/td><td><\/td><\/tr><tr><td>is_404<\/td><td>1<\/td><td><\/td><\/tr><tr><td>is_attachment<\/td><td>1<\/td><td><\/td><\/tr><tr><td>is_singular<\/td><td>1<\/td><td><\/td><\/tr><tr><td>is_front_page<\/td><td>1<\/td><td><\/td><\/tr><tr><td>is_feed<\/td><td>1<\/td><td><\/td><\/tr><\/table><\/div><br><br><span style=\"color: red;\">Seu site usa HTTPS, mas o c\u00f3digo do an\u00fancio cont\u00e9m HTTP e pode n\u00e3o funcionar.<\/span>\t<br><br>\n\t<a style=\"color: green;\" href=\"https:\/\/wpadvancedads.com\/manual\/ad-debug-mode\/?utm_source=advanced-ads&utm_medium=link&utm_campaign=ad-debug-mode\" target=\"_blank\" rel=\"nofollow\">Encontre solu\u00e7\u00f5es no manual<\/a>\n<\/div>\n<\/li><\/ul><\/div><script>( window.advanced_ads_ready || jQuery( document ).ready ).call( null, function() {var $lavraslider451025001 = jQuery( \".lavra-slider-451025001\" );$lavraslider451025001.on( \"unslider.ready\", function() { jQuery( \"div.custom-slider ul li\" ).css( \"display\", \"block\" ); });$lavraslider451025001.unslider({ delay:4000, autoplay:true, nav:false, arrows:false, infinite:true });$lavraslider451025001.on(\"mouseover\", function() {$lavraslider451025001.unslider(\"stop\");}).on(\"mouseout\", function() {$lavraslider451025001.unslider(\"start\");});});<\/script><\/div>\n<h2 class=\"wp-block-heading\">A garantia do sufr\u00e1gio universal e os mecanismos de identifica\u00e7\u00e3o na aus\u00eancia do documento f\u00edsico<\/h2>\n\n\n\n<p><img fetchpriority=\"high\" decoding=\"async\" alt=\"urna eletr\u00f4nica\" width=\"1000\" height=\"563\" src=\"https:\/\/medias.itatiaia.com.br\/dims4\/default\/727b97a\/2147483647\/strip\/true\/crop\/1000x563+0+51\/resize\/1000x563!\/quality\/90\/?url=https%3A%2F%2Fk2-prod-radio-itatiaia.s3.us-east-1.amazonaws.com%2Fbrightspot%2F9d%2F68%2F378ab3cb4ff480facb06b59ad0e3%2Furna4.webp\"><\/p>\n\n\n\n<p>Divulga\u00e7\u00e3o\/TSE<\/p>\n\n\n\n<p>O t\u00edtulo de eleitor representa a formaliza\u00e7\u00e3o do cidad\u00e3o perante a Justi\u00e7a Eleitoral brasileira, habilitando-o ao exerc\u00edcio da soberania popular atrav\u00e9s do voto. Embora o documento simbolize a inscri\u00e7\u00e3o do indiv\u00edduo no cadastro nacional de eleitores, a legisla\u00e7\u00e3o brasileira estabeleceu, ao longo das \u00faltimas d\u00e9cadas, mecanismos que dissociam o direito ao voto da posse f\u00edsica do papel no momento do pleito. A compreens\u00e3o das normas que regem a identifica\u00e7\u00e3o civil e eleitoral \u00e9 fundamental para assegurar que extravios ou danos ao documento n\u00e3o resultem na supress\u00e3o do direito pol\u00edtico fundamental.<\/p>\n\n\n\n<h2 class=\"wp-block-heading\">Protocolos administrativos em caso de extravio<\/h2>\n\n\n\n<p>Quando um cidad\u00e3o se depara com a situa\u00e7\u00e3o de extravio do documento, a d\u00favida recorrente \u00e9: \u201cperdi meu t\u00edtulo de eleitor o que fazer para regularizar a situa\u00e7\u00e3o\u201d. A resposta institucional envolve procedimentos administrativos espec\u00edficos junto ao Tribunal Superior Eleitoral (TSE). A legisla\u00e7\u00e3o prev\u00ea a emiss\u00e3o da segunda via do t\u00edtulo, que deve ser solicitada no cart\u00f3rio eleitoral da zona onde o eleitor est\u00e1 inscrito. No entanto, existem prazos legais r\u00edgidos em anos eleitorais \u2014 geralmente at\u00e9 10 dias antes do primeiro turno \u2014 para que essa reimpress\u00e3o f\u00edsica seja realizada.<\/p>\n\n\n\n<p>Fora do per\u00edodo de fechamento do cadastro eleitoral, o cidad\u00e3o deve comparecer ao cart\u00f3rio munido de documento oficial com foto para requerer a nova via. \u00c9 importante ressaltar que a perda do documento f\u00edsico n\u00e3o implica o cancelamento da inscri\u00e7\u00e3o eleitoral, desde que o eleitor mantenha suas obriga\u00e7\u00f5es de voto e justificativa em dia. A estrutura administrativa da Justi\u00e7a Eleitoral mant\u00e9m os dados preservados digitalmente, garantindo a continuidade do status de eleitor apto independentemente da posse do papel impresso.<\/p>\n\n\n\n<h2 class=\"wp-block-heading\">Evolu\u00e7\u00e3o hist\u00f3rica da identifica\u00e7\u00e3o eleitoral<\/h2>\n\n\n\n<p>A identifica\u00e7\u00e3o do eleitor no Brasil passou por profundas transforma\u00e7\u00f5es desde a cria\u00e7\u00e3o da Justi\u00e7a Eleitoral em 1932. Originalmente, o t\u00edtulo era o \u00fanico meio de provar a qualifica\u00e7\u00e3o do votante, em um sistema ainda vulner\u00e1vel a fraudes e duplicidades. A evolu\u00e7\u00e3o tecnol\u00f3gica e jur\u00eddica caminhou no sentido de fortalecer a seguran\u00e7a da identifica\u00e7\u00e3o, culminando na implementa\u00e7\u00e3o do recadastramento biom\u00e9trico.<\/p>\n\n\n\n<p>Esta transi\u00e7\u00e3o hist\u00f3rica alterou o peso jur\u00eddico do documento f\u00edsico. Se nas primeiras d\u00e9cadas da Rep\u00fablica o papel era indispens\u00e1vel, a moderniza\u00e7\u00e3o dos sistemas de dados permitiu que a identifica\u00e7\u00e3o civil (RG, passaporte, carteiras de classe) ganhasse protagonismo na hora do voto. A introdu\u00e7\u00e3o do E-T\u00edtulo, aplicativo oficial lan\u00e7ado pelo TSE, marcou a etapa mais recente dessa evolu\u00e7\u00e3o, convertendo o documento em um ativo digital e dispensando a impress\u00e3o em papel para aqueles que j\u00e1 realizaram o cadastro biom\u00e9trico, visto que o aplicativo apresenta a foto do eleitor.<\/p>\n\n\n\n<h2 class=\"wp-block-heading\">Mecanismos legais de vota\u00e7\u00e3o sem o t\u00edtulo<\/h2>\n\n\n\n<p>A legisla\u00e7\u00e3o eleitoral vigente \u00e9 expl\u00edcita ao dissociar a obrigatoriedade do t\u00edtulo f\u00edsico da permiss\u00e3o para votar. Para o cidad\u00e3o que busca informa\u00e7\u00f5es sobre como votar sem o documento, a lei estabelece que a apresenta\u00e7\u00e3o do t\u00edtulo de eleitor no dia da vota\u00e7\u00e3o n\u00e3o \u00e9 obrigat\u00f3ria. O que se exige, imprescindivelmente, \u00e9 a comprova\u00e7\u00e3o da identidade do eleitor perante a mesa receptora de votos.<\/p>\n\n\n\n<p>De acordo com as resolu\u00e7\u00f5es do TSE, s\u00e3o aceitos os seguintes documentos oficiais com foto, mesmo que o eleitor n\u00e3o portar o t\u00edtulo:<\/p>\n\n\n\n<ul class=\"wp-block-list\">\n<li>Carteira de Identidade (RG).<\/li>\n\n\n\n<li>Passaporte.<\/li>\n\n\n\n<li>Carteira de Categoria Profissional reconhecida por lei.<\/li>\n\n\n\n<li>Certificado de Reservista.<\/li>\n\n\n\n<li>Carteira de Trabalho.<\/li>\n\n\n\n<li>Carteira Nacional de Habilita\u00e7\u00e3o (CNH).<\/li>\n<\/ul>\n\n\n\n<p>Al\u00e9m destes documentos f\u00edsicos, o aplicativo E-T\u00edtulo serve como documento oficial para votar, desde que contenha a foto do eleitor (o que ocorre quando a biometria j\u00e1 foi coletada). Portanto, a aus\u00eancia do t\u00edtulo de papel n\u00e3o impede o exerc\u00edcio do sufr\u00e1gio, desde que o nome do cidad\u00e3o conste no caderno de vota\u00e7\u00e3o da se\u00e7\u00e3o eleitoral e sua identidade seja comprovada por um dos meios supracitados.<\/p>\n\n\n\n<h2 class=\"wp-block-heading\">A relev\u00e2ncia da regularidade eleitoral<\/h2>\n\n\n\n<p>Ainda que o documento f\u00edsico seja dispens\u00e1vel no ato de votar, a regularidade da inscri\u00e7\u00e3o que o t\u00edtulo representa (a quita\u00e7\u00e3o eleitoral) possui impactos profundos na vida civil. O t\u00edtulo de eleitor \u00e9 exigido para a emiss\u00e3o de passaportes, matr\u00edcula em institui\u00e7\u00f5es de ensino superior p\u00fablicas, posse em cargos p\u00fablicos ap\u00f3s aprova\u00e7\u00e3o em concursos e, em alguns casos, para a obten\u00e7\u00e3o de empr\u00e9stimos em bancos estatais.<\/p>\n\n\n\n<p>A perda do documento f\u00edsico, portanto, deve ser tratada com seriedade n\u00e3o apenas visando o dia da elei\u00e7\u00e3o, mas para a manuten\u00e7\u00e3o da plena cidadania. O n\u00famero de inscri\u00e7\u00e3o do t\u00edtulo \u00e9 a chave de acesso para a emiss\u00e3o de certid\u00f5es de quita\u00e7\u00e3o eleitoral e para a regulariza\u00e7\u00e3o de pend\u00eancias, como multas por aus\u00eancia nas urnas. A estrutura do Estado brasileiro vincula o gozo dos direitos pol\u00edticos e civis \u00e0 manuten\u00e7\u00e3o ativa e regular desse cadastro.<\/p>\n\n\n\n<p>O sistema eleitoral brasileiro, estruturado sob a \u00e9gide da Constitui\u00e7\u00e3o Federal de 1988 e regulamentado pelo C\u00f3digo Eleitoral e resolu\u00e7\u00f5es do TSE, prioriza a garantia do voto sobre a burocracia do papel. A flexibiliza\u00e7\u00e3o quanto \u00e0 apresenta\u00e7\u00e3o do t\u00edtulo f\u00edsico no momento da urna reflete o compromisso das institui\u00e7\u00f5es democr\u00e1ticas em facilitar a participa\u00e7\u00e3o popular, assegurando que o extravio material n\u00e3o se converta em impedimento ao exerc\u00edcio da soberania, desde que a identidade civil do eleitor seja inequivocamente comprovada.<\/p>\n","protected":false},"excerpt":{"rendered":"<p>A garantia do sufr\u00e1gio universal e os mecanismos de identifica\u00e7\u00e3o na aus\u00eancia do documento f\u00edsico Divulga\u00e7\u00e3o\/TSE O t\u00edtulo de eleitor representa a formaliza\u00e7\u00e3o do cidad\u00e3o perante a Justi\u00e7a Eleitoral brasileira, habilitando-o ao exerc\u00edcio da soberania popular atrav\u00e9s do voto. Embora o documento simbolize a inscri\u00e7\u00e3o do indiv\u00edduo no cadastro nacional de eleitores, a legisla\u00e7\u00e3o brasileira [&hellip;]<\/p>\n","protected":false},"author":5,"featured_media":169468,"comment_status":"closed","ping_status":"open","sticky":false,"template":"","format":"standard","meta":{"advgb_blocks_editor_width":"","advgb_blocks_columns_visual_guide":"","_exactmetrics_skip_tracking":false,"_exactmetrics_sitenote_active":false,"_exactmetrics_sitenote_note":"","_exactmetrics_sitenote_category":0,"footnotes":""},"categories":[7,2],"tags":[],"class_list":["post-169467","post","type-post","status-publish","format-standard","has-post-thumbnail","hentry","category-destaques","category-noticias"],"better_featured_image":{"id":169468,"alt_text":"","caption":"","description":"","media_type":"image","media_details":{"width":1000,"height":563,"file":"2026\/02\/download-4-1.webp","filesize":46774,"sizes":{"medium":{"file":"download-4-1-470x265.webp","width":470,"height":265,"mime-type":"image\/webp","filesize":11966,"source_url":"https:\/\/lavras.tv\/site\/wp-content\/uploads\/2026\/02\/download-4-1-470x265.webp"},"large":{"file":"download-4-1-970x546.webp","width":970,"height":546,"mime-type":"image\/webp","filesize":30190,"source_url":"https:\/\/lavras.tv\/site\/wp-content\/uploads\/2026\/02\/download-4-1-970x546.webp"},"thumbnail":{"file":"download-4-1-170x96.webp","width":170,"height":96,"mime-type":"image\/webp","filesize":3280,"source_url":"https:\/\/lavras.tv\/site\/wp-content\/uploads\/2026\/02\/download-4-1-170x96.webp"},"alm-thumbnail":{"file":"download-4-1-150x150.webp","width":150,"height":150,"mime-type":"image\/webp","filesize":4476,"source_url":"https:\/\/lavras.tv\/site\/wp-content\/uploads\/2026\/02\/download-4-1-150x150.webp"},"sow-carousel-default":{"file":"download-4-1-272x182.webp","width":272,"height":182,"mime-type":"image\/webp","filesize":6836,"source_url":"https:\/\/lavras.tv\/site\/wp-content\/uploads\/2026\/02\/download-4-1-272x182.webp"}},"image_meta":{"aperture":"0","credit":"","camera":"","caption":"","created_timestamp":"0","copyright":"","focal_length":"0","iso":"0","shutter_speed":"0","title":"","orientation":"0","keywords":[]}},"post":169467,"source_url":"https:\/\/lavras.tv\/site\/wp-content\/uploads\/2026\/02\/download-4-1.webp"},"author_meta":{"display_name":"Vinicius Bustamante","author_link":"https:\/\/lavras.tv\/site\/author\/vinicius-bustamante\/"},"featured_img":"https:\/\/lavras.tv\/site\/wp-content\/uploads\/2026\/02\/download-4-1-470x265.webp","coauthors":[],"tax_additional":{"categories":{"linked":["<a href=\"https:\/\/lavras.tv\/site\/category\/destaques\/\" class=\"advgb-post-tax-term\">Destaques<\/a>","<a href=\"https:\/\/lavras.tv\/site\/category\/noticias\/\" class=\"advgb-post-tax-term\">Not\u00edcias<\/a>"],"unlinked":["<span class=\"advgb-post-tax-term\">Destaques<\/span>","<span class=\"advgb-post-tax-term\">Not\u00edcias<\/span>"]}},"comment_count":"0","relative_dates":{"created":"Publicado 2 meses atr\u00e1s","modified":"Atualizado 2 meses atr\u00e1s"},"absolute_dates":{"created":"Publicado em 24 de fevereiro de 2026","modified":"Atualizado em 24 de fevereiro de 2026"},"absolute_dates_time":{"created":"Publicado em 24 de fevereiro de 2026 19:37","modified":"Atualizado em 24 de fevereiro de 2026 19:37"},"featured_img_caption":"","series_order":"","_links":{"self":[{"href":"https:\/\/lavras.tv\/site\/wp-json\/wp\/v2\/posts\/169467","targetHints":{"allow":["GET"]}}],"collection":[{"href":"https:\/\/lavras.tv\/site\/wp-json\/wp\/v2\/posts"}],"about":[{"href":"https:\/\/lavras.tv\/site\/wp-json\/wp\/v2\/types\/post"}],"author":[{"embeddable":true,"href":"https:\/\/lavras.tv\/site\/wp-json\/wp\/v2\/users\/5"}],"replies":[{"embeddable":true,"href":"https:\/\/lavras.tv\/site\/wp-json\/wp\/v2\/comments?post=169467"}],"version-history":[{"count":1,"href":"https:\/\/lavras.tv\/site\/wp-json\/wp\/v2\/posts\/169467\/revisions"}],"predecessor-version":[{"id":169469,"href":"https:\/\/lavras.tv\/site\/wp-json\/wp\/v2\/posts\/169467\/revisions\/169469"}],"wp:featuredmedia":[{"embeddable":true,"href":"https:\/\/lavras.tv\/site\/wp-json\/wp\/v2\/media\/169468"}],"wp:attachment":[{"href":"https:\/\/lavras.tv\/site\/wp-json\/wp\/v2\/media?parent=169467"}],"wp:term":[{"taxonomy":"category","embeddable":true,"href":"https:\/\/lavras.tv\/site\/wp-json\/wp\/v2\/categories?post=169467"},{"taxonomy":"post_tag","embeddable":true,"href":"https:\/\/lavras.tv\/site\/wp-json\/wp\/v2\/tags?post=169467"}],"curies":[{"name":"wp","href":"https:\/\/api.w.org\/{rel}","templated":true}]}}