{"id":169471,"date":"2026-02-25T09:33:35","date_gmt":"2026-02-25T12:33:35","guid":{"rendered":"http:\/\/lavras.tv\/site\/?p=169471"},"modified":"2026-02-25T09:33:36","modified_gmt":"2026-02-25T12:33:36","slug":"chuvas-em-lavras-aulas-sao-suspensas-em-duas-escolas-municipais-nesta-quarta-feira-25","status":"publish","type":"post","link":"https:\/\/lavras.tv\/site\/2026\/02\/25\/chuvas-em-lavras-aulas-sao-suspensas-em-duas-escolas-municipais-nesta-quarta-feira-25\/","title":{"rendered":"CHUVAS EM LAVRAS: AULAS S\u00c3O SUSPENSAS EM DUAS ESCOLAS MUNICIPAIS NESTA QUARTA-FEIRA (25)"},"content":{"rendered":"<div class=\"lavra-antes-do-conteudo_2\" id=\"lavra-3831892608\"><div id=\"lavra-slider-27\" class=\"custom-slider lavra-slider-1775476944 lavra-slider\"><ul><li><div style=\"margin-left: auto;margin-right: auto;text-align: center;\" id=\"lavra-3155255197\"><a href=\"https:\/\/sistemas.lavras.mg.gov.br\/portalcidadao\/#df1b1a7c7b2a290bcb31e32771e610784662739a88807c0dacac58ede5f391a7530e299dc302d611ee73cb143fc22eaf93592e53e7b5bdb01b00a0b8d28dae460c141dd2ff83412e4dc1c31b16b25f33144a9e5620ea73b13f5bc1c59411d98439ad226e8af03840603796067d87afe130812cf3de24982d0e306f9e61e764e5\" aria-label=\"Lavras-TV&#8211;720x104px (1) (1)\"><img src=\"https:\/\/lavras.tv\/site\/wp-content\/uploads\/2025\/01\/Lavras-TV-720x104px-1-1.png\" alt=\"\"  srcset=\"https:\/\/lavras.tv\/site\/wp-content\/uploads\/2025\/01\/Lavras-TV-720x104px-1-1.png 720w, https:\/\/lavras.tv\/site\/wp-content\/uploads\/2025\/01\/Lavras-TV-720x104px-1-1-470x68.png 470w, https:\/\/lavras.tv\/site\/wp-content\/uploads\/2025\/01\/Lavras-TV-720x104px-1-1-170x25.png 170w, https:\/\/lavras.tv\/site\/wp-content\/uploads\/2025\/01\/Lavras-TV-720x104px-1-1-200x29.png 200w\" sizes=\"(max-width: 720px) 100vw, 720px\" width=\"720\" height=\"104\"  style=\"display: inline-block;\" \/><\/a><\/div><\/li><li><a href=\"https:\/\/sistemas.lavras.mg.gov.br\/portalcidadao\/#df1b1a7c7b2a290bcb31e32771e610784662739a88807c0dacac58ede5f391a7530e299dc302d611ee73cb143fc22eaf93592e53e7b5bdb01b00a0b8d28dae460c141dd2ff83412e4dc1c31b16b25f33144a9e5620ea73b13f5bc1c59411d98439ad226e8af03840603796067d87afe130812cf3de24982d0e306f9e61e764e5\" aria-label=\"Banner_Emprego_PortallavrasTV\"><img src=\"https:\/\/lavras.tv\/site\/wp-content\/uploads\/2025\/03\/Banner_Emprego_PortallavrasTV.png\" alt=\"\"  srcset=\"https:\/\/lavras.tv\/site\/wp-content\/uploads\/2025\/03\/Banner_Emprego_PortallavrasTV.png 720w, https:\/\/lavras.tv\/site\/wp-content\/uploads\/2025\/03\/Banner_Emprego_PortallavrasTV-470x68.png 470w, https:\/\/lavras.tv\/site\/wp-content\/uploads\/2025\/03\/Banner_Emprego_PortallavrasTV-170x25.png 170w, https:\/\/lavras.tv\/site\/wp-content\/uploads\/2025\/03\/Banner_Emprego_PortallavrasTV-200x29.png 200w\" sizes=\"(max-width: 720px) 100vw, 720px\" width=\"720\" height=\"104\"   \/><\/a><\/li><li><a href=\"https:\/\/sistemas.lavras.mg.gov.br\/portalcidadao\/#df1b1a7c7b2a290bcb31e32771e610784662739a88807c0dacac58ede5f391a7530e299dc302d611ee73cb143fc22eaf93592e53e7b5bdb01b00a0b8d28dae460c141dd2ff83412e4dc1c31b16b25f33144a9e5620ea73b13f5bc1c59411d98439ad226e8af03840603796067d87afe130812cf3de24982d0e306f9e61e764e5\" aria-label=\"Banner_Obras_PortallavrasTV\"><img src=\"https:\/\/lavras.tv\/site\/wp-content\/uploads\/2025\/03\/Banner_Obras_PortallavrasTV.png\" alt=\"\"  srcset=\"https:\/\/lavras.tv\/site\/wp-content\/uploads\/2025\/03\/Banner_Obras_PortallavrasTV.png 720w, https:\/\/lavras.tv\/site\/wp-content\/uploads\/2025\/03\/Banner_Obras_PortallavrasTV-470x68.png 470w, https:\/\/lavras.tv\/site\/wp-content\/uploads\/2025\/03\/Banner_Obras_PortallavrasTV-170x25.png 170w, https:\/\/lavras.tv\/site\/wp-content\/uploads\/2025\/03\/Banner_Obras_PortallavrasTV-200x29.png 200w\" sizes=\"(max-width: 720px) 100vw, 720px\" width=\"720\" height=\"104\"   \/><\/a><\/li><li><div style=\"margin-left: auto;margin-right: auto;text-align: center;\" id=\"lavra-2201159721\"><a href=\"https:\/\/sistemas.lavras.mg.gov.br\/portalcidadao\/#df1b1a7c7b2a290bcb31e32771e610784662739a88807c0dacac58ede5f391a7530e299dc302d611ee73cb143fc22eaf93592e53e7b5bdb01b00a0b8d28dae460c141dd2ff83412e4dc1c31b16b25f33144a9e5620ea73b13f5bc1c59411d98439ad226e8af03840603796067d87afe130812cf3de24982d0e306f9e61e764e5\" aria-label=\"Banner_Educa\u00e7\u00e3o_PortallavrasTV\"><img src=\"https:\/\/lavras.tv\/site\/wp-content\/uploads\/2025\/01\/Banner_Educacao_PortallavrasTV.png\" alt=\"\"  srcset=\"https:\/\/lavras.tv\/site\/wp-content\/uploads\/2025\/01\/Banner_Educacao_PortallavrasTV.png 720w, https:\/\/lavras.tv\/site\/wp-content\/uploads\/2025\/01\/Banner_Educacao_PortallavrasTV-470x68.png 470w, https:\/\/lavras.tv\/site\/wp-content\/uploads\/2025\/01\/Banner_Educacao_PortallavrasTV-170x25.png 170w, https:\/\/lavras.tv\/site\/wp-content\/uploads\/2025\/01\/Banner_Educacao_PortallavrasTV-200x29.png 200w\" sizes=\"(max-width: 720px) 100vw, 720px\" width=\"720\" height=\"104\"  style=\"display: inline-block;\" \/><\/a><\/div><\/li><li><a href=\"https:\/\/sistemas.lavras.mg.gov.br\/portalcidadao\/#df1b1a7c7b2a290bcb31e32771e610784662739a88807c0dacac58ede5f391a7530e299dc302d611ee73cb143fc22eaf93592e53e7b5bdb01b00a0b8d28dae460c141dd2ff83412e4dc1c31b16b25f33144a9e5620ea73b13f5bc1c59411d98439ad226e8af03840603796067d87afe130812cf3de24982d0e306f9e61e764e5\" aria-label=\"Banner_Sa\u00fade_PortallavrasTV\"><img src=\"https:\/\/lavras.tv\/site\/wp-content\/uploads\/2025\/03\/Banner_Saude_PortallavrasTV.png\" alt=\"\"  srcset=\"https:\/\/lavras.tv\/site\/wp-content\/uploads\/2025\/03\/Banner_Saude_PortallavrasTV.png 720w, https:\/\/lavras.tv\/site\/wp-content\/uploads\/2025\/03\/Banner_Saude_PortallavrasTV-470x68.png 470w, https:\/\/lavras.tv\/site\/wp-content\/uploads\/2025\/03\/Banner_Saude_PortallavrasTV-170x25.png 170w, https:\/\/lavras.tv\/site\/wp-content\/uploads\/2025\/03\/Banner_Saude_PortallavrasTV-200x29.png 200w\" sizes=\"(max-width: 720px) 100vw, 720px\" width=\"720\" height=\"104\"   \/><\/a><\/li><li><div id=\"lavra-795777288\" style=\"width:720px;height:104px;background-color:#ddd;overflow:scroll;\">\n\t<strong>Sa\u00edda da depura\u00e7\u00e3o de an\u00fancios<\/strong>\n\t<br><br>\n\tO an\u00fancio n\u00e3o \u00e9 exibido na p\u00e1gina<br><br>post atual: CHUVAS EM LAVRAS: AULAS S\u00c3O SUSPENSAS EM DUAS ESCOLAS MUNICIPAIS NESTA QUARTA-FEIRA (25), ID: 169471<br><br><span style=\"color: red;\">O post atual n\u00e3o \u00e9 id\u00eantico ao post principal.<\/span><br><br>An\u00fancios: ROXO - TOPO INTERNA - ROTATIVO 2 (197)<br \/>Grupo de an\u00fancios: Princ_Meio01_720x104 (27)<br><br>Condi\u00e7\u00f5es de exibi\u00e7\u00e3o<div style=\"margin-bottom: 20px; white-space: pre-wrap; font-family: monospace; width: 100%; background: #ffe9e9;\"><strong>condi\u00e7\u00f5es gerais<\/strong><table border=\"1\"><thead><tr><th><\/th><th>An\u00fancios<\/th><th>wp_the_query<\/th><\/tr><\/thead><tr><td>is_main_query<\/td><td>1<\/td><td>1<\/td><\/tr><tr><td>is_rest_api<\/td><td>0<\/td><td>1<\/td><\/tr><tr><td>page<\/td><td>0<\/td><td>1<\/td><\/tr><tr><td>numpages<\/td><td>0<\/td><td>1<\/td><\/tr><tr><td>is_archive<\/td><td>1<\/td><td><\/td><\/tr><tr><td>is_search<\/td><td>1<\/td><td><\/td><\/tr><tr><td>is_home<\/td><td>1<\/td><td><\/td><\/tr><tr><td>is_404<\/td><td>1<\/td><td><\/td><\/tr><tr><td>is_attachment<\/td><td>1<\/td><td><\/td><\/tr><tr><td>is_singular<\/td><td>1<\/td><td><\/td><\/tr><tr><td>is_front_page<\/td><td>1<\/td><td><\/td><\/tr><tr><td>is_feed<\/td><td>1<\/td><td><\/td><\/tr><\/table><\/div><br><br><span style=\"color: red;\">Seu site usa HTTPS, mas o c\u00f3digo do an\u00fancio cont\u00e9m HTTP e pode n\u00e3o funcionar.<\/span>\t<br><br>\n\t<a style=\"color: green;\" href=\"https:\/\/wpadvancedads.com\/manual\/ad-debug-mode\/?utm_source=advanced-ads&utm_medium=link&utm_campaign=ad-debug-mode\" target=\"_blank\" rel=\"nofollow\">Encontre solu\u00e7\u00f5es no manual<\/a>\n<\/div>\n<\/li><\/ul><\/div><script>( window.advanced_ads_ready || jQuery( document ).ready ).call( null, function() {var $lavraslider1775476944 = jQuery( \".lavra-slider-1775476944\" );$lavraslider1775476944.on( \"unslider.ready\", function() { jQuery( \"div.custom-slider ul li\" ).css( \"display\", \"block\" ); });$lavraslider1775476944.unslider({ delay:4000, autoplay:true, nav:false, arrows:false, infinite:true });$lavraslider1775476944.on(\"mouseover\", function() {$lavraslider1775476944.unslider(\"stop\");}).on(\"mouseout\", function() {$lavraslider1775476944.unslider(\"start\");});});<\/script><\/div>\n<figure class=\"wp-block-image size-full is-resized\"><img fetchpriority=\"high\" decoding=\"async\" width=\"768\" height=\"1024\" src=\"http:\/\/lavras.tv\/site\/wp-content\/uploads\/2026\/02\/WhatsApp-Image-2019-11-12-at-17.18.032-768x1024-1.jpeg\" alt=\"\" class=\"wp-image-169472\" style=\"width:472px;height:auto\" srcset=\"https:\/\/lavras.tv\/site\/wp-content\/uploads\/2026\/02\/WhatsApp-Image-2019-11-12-at-17.18.032-768x1024-1.jpeg 768w, https:\/\/lavras.tv\/site\/wp-content\/uploads\/2026\/02\/WhatsApp-Image-2019-11-12-at-17.18.032-768x1024-1-225x300.jpeg 225w, https:\/\/lavras.tv\/site\/wp-content\/uploads\/2026\/02\/WhatsApp-Image-2019-11-12-at-17.18.032-768x1024-1-113x150.jpeg 113w\" sizes=\"(max-width: 768px) 100vw, 768px\" \/><\/figure>\n\n\n\n<p>\ud83d\udce2 <strong>COMUNICADO \u2013 25 de fevereiro de 2026<\/strong><\/p>\n\n\n\n<p>A Prefeitura Municipal de Lavras informa que, em raz\u00e3o das fortes chuvas registradas na noite de ontem, a Escola Municipal Umbelina Azevedo amanheceu sem fornecimento de energia el\u00e9trica e de \u00e1gua, al\u00e9m de ter registrado o arrancamento de parte das telhas de sua estrutura.<\/p>\n\n\n\n<p>Informamos ainda que o CMEI Antonina Guimar\u00e3es tamb\u00e9m n\u00e3o ter\u00e1 aulas nesta data, em decorr\u00eancia dos impactos causados pelas chuvas.<\/p>\n\n\n\n<p>Diante da situa\u00e7\u00e3o, e visando preservar a seguran\u00e7a dos alunos, crian\u00e7as, servidores e de toda a comunidade escolar, as aulas est\u00e3o suspensas nesta data nas referidas unidades.<\/p>\n\n\n\n<p>As equipes da Secretaria Municipal de Educa\u00e7\u00e3o e dos setores competentes j\u00e1 foram acionadas e trabalham para restabelecer as condi\u00e7\u00f5es adequadas de funcionamento o mais breve poss\u00edvel.<\/p>\n\n\n\n<p>A Prefeitura refor\u00e7a seu compromisso com a seguran\u00e7a e o bem-estar de todos e manter\u00e1 a popula\u00e7\u00e3o informada sobre qualquer atualiza\u00e7\u00e3o.<\/p>\n\n\n\n<p>Contamos com a compreens\u00e3o da comunidade.<\/p>\n\n\n\n<figure class=\"wp-block-image size-large\"><img decoding=\"async\" width=\"576\" height=\"1024\" src=\"http:\/\/lavras.tv\/site\/wp-content\/uploads\/2026\/02\/WhatsApp-Image-2026-02-25-at-09.17.57-576x1024.jpeg\" alt=\"\" class=\"wp-image-169473\" srcset=\"https:\/\/lavras.tv\/site\/wp-content\/uploads\/2026\/02\/WhatsApp-Image-2026-02-25-at-09.17.57-576x1024.jpeg 576w, https:\/\/lavras.tv\/site\/wp-content\/uploads\/2026\/02\/WhatsApp-Image-2026-02-25-at-09.17.57-169x300.jpeg 169w, https:\/\/lavras.tv\/site\/wp-content\/uploads\/2026\/02\/WhatsApp-Image-2026-02-25-at-09.17.57-84x150.jpeg 84w, https:\/\/lavras.tv\/site\/wp-content\/uploads\/2026\/02\/WhatsApp-Image-2026-02-25-at-09.17.57-864x1536.jpeg 864w, https:\/\/lavras.tv\/site\/wp-content\/uploads\/2026\/02\/WhatsApp-Image-2026-02-25-at-09.17.57.jpeg 900w\" sizes=\"(max-width: 576px) 100vw, 576px\" \/><\/figure>\n\n\n\n<p>#Comunicado #PrefeituraDeLavras #Educa\u00e7\u00e3o #Seguran\u00e7a #LavrasMG<\/p>\n","protected":false},"excerpt":{"rendered":"<p>\ud83d\udce2 COMUNICADO \u2013 25 de fevereiro de 2026 A Prefeitura Municipal de Lavras informa que, em raz\u00e3o das fortes chuvas registradas na noite de ontem, a Escola Municipal Umbelina Azevedo amanheceu sem fornecimento de energia el\u00e9trica e de \u00e1gua, al\u00e9m de ter registrado o arrancamento de parte das telhas de sua estrutura. Informamos ainda que [&hellip;]<\/p>\n","protected":false},"author":5,"featured_media":169472,"comment_status":"closed","ping_status":"open","sticky":false,"template":"","format":"standard","meta":{"advgb_blocks_editor_width":"","advgb_blocks_columns_visual_guide":"","_exactmetrics_skip_tracking":false,"_exactmetrics_sitenote_active":false,"_exactmetrics_sitenote_note":"","_exactmetrics_sitenote_category":0,"footnotes":""},"categories":[7,2],"tags":[],"class_list":["post-169471","post","type-post","status-publish","format-standard","has-post-thumbnail","hentry","category-destaques","category-noticias"],"better_featured_image":{"id":169472,"alt_text":"","caption":"","description":"","media_type":"image","media_details":{"width":768,"height":1024,"file":"2026\/02\/WhatsApp-Image-2019-11-12-at-17.18.032-768x1024-1.jpeg","filesize":148733,"sizes":{"medium":{"file":"WhatsApp-Image-2019-11-12-at-17.18.032-768x1024-1-225x300.jpeg","width":225,"height":300,"mime-type":"image\/jpeg","filesize":18727,"source_url":"https:\/\/lavras.tv\/site\/wp-content\/uploads\/2026\/02\/WhatsApp-Image-2019-11-12-at-17.18.032-768x1024-1-225x300.jpeg"},"thumbnail":{"file":"WhatsApp-Image-2019-11-12-at-17.18.032-768x1024-1-113x150.jpeg","width":113,"height":150,"mime-type":"image\/jpeg","filesize":5837,"source_url":"https:\/\/lavras.tv\/site\/wp-content\/uploads\/2026\/02\/WhatsApp-Image-2019-11-12-at-17.18.032-768x1024-1-113x150.jpeg"},"alm-thumbnail":{"file":"WhatsApp-Image-2019-11-12-at-17.18.032-768x1024-1-150x150.jpeg","width":150,"height":150,"mime-type":"image\/jpeg","filesize":7843,"source_url":"https:\/\/lavras.tv\/site\/wp-content\/uploads\/2026\/02\/WhatsApp-Image-2019-11-12-at-17.18.032-768x1024-1-150x150.jpeg"},"sow-carousel-default":{"file":"WhatsApp-Image-2019-11-12-at-17.18.032-768x1024-1-272x182.jpeg","width":272,"height":182,"mime-type":"image\/jpeg","filesize":15720,"source_url":"https:\/\/lavras.tv\/site\/wp-content\/uploads\/2026\/02\/WhatsApp-Image-2019-11-12-at-17.18.032-768x1024-1-272x182.jpeg"}},"image_meta":{"aperture":"0","credit":"","camera":"","caption":"","created_timestamp":"0","copyright":"","focal_length":"0","iso":"0","shutter_speed":"0","title":"","orientation":"0","keywords":[]}},"post":169471,"source_url":"https:\/\/lavras.tv\/site\/wp-content\/uploads\/2026\/02\/WhatsApp-Image-2019-11-12-at-17.18.032-768x1024-1.jpeg"},"author_meta":{"display_name":"Vinicius Bustamante","author_link":"https:\/\/lavras.tv\/site\/author\/vinicius-bustamante\/"},"featured_img":"https:\/\/lavras.tv\/site\/wp-content\/uploads\/2026\/02\/WhatsApp-Image-2019-11-12-at-17.18.032-768x1024-1-225x300.jpeg","coauthors":[],"tax_additional":{"categories":{"linked":["<a href=\"https:\/\/lavras.tv\/site\/category\/destaques\/\" class=\"advgb-post-tax-term\">Destaques<\/a>","<a href=\"https:\/\/lavras.tv\/site\/category\/noticias\/\" class=\"advgb-post-tax-term\">Not\u00edcias<\/a>"],"unlinked":["<span class=\"advgb-post-tax-term\">Destaques<\/span>","<span class=\"advgb-post-tax-term\">Not\u00edcias<\/span>"]}},"comment_count":"0","relative_dates":{"created":"Publicado 2 meses atr\u00e1s","modified":"Atualizado 2 meses atr\u00e1s"},"absolute_dates":{"created":"Publicado em 25 de fevereiro de 2026","modified":"Atualizado em 25 de fevereiro de 2026"},"absolute_dates_time":{"created":"Publicado em 25 de fevereiro de 2026 09:33","modified":"Atualizado em 25 de fevereiro de 2026 09:33"},"featured_img_caption":"","series_order":"","_links":{"self":[{"href":"https:\/\/lavras.tv\/site\/wp-json\/wp\/v2\/posts\/169471","targetHints":{"allow":["GET"]}}],"collection":[{"href":"https:\/\/lavras.tv\/site\/wp-json\/wp\/v2\/posts"}],"about":[{"href":"https:\/\/lavras.tv\/site\/wp-json\/wp\/v2\/types\/post"}],"author":[{"embeddable":true,"href":"https:\/\/lavras.tv\/site\/wp-json\/wp\/v2\/users\/5"}],"replies":[{"embeddable":true,"href":"https:\/\/lavras.tv\/site\/wp-json\/wp\/v2\/comments?post=169471"}],"version-history":[{"count":1,"href":"https:\/\/lavras.tv\/site\/wp-json\/wp\/v2\/posts\/169471\/revisions"}],"predecessor-version":[{"id":169474,"href":"https:\/\/lavras.tv\/site\/wp-json\/wp\/v2\/posts\/169471\/revisions\/169474"}],"wp:featuredmedia":[{"embeddable":true,"href":"https:\/\/lavras.tv\/site\/wp-json\/wp\/v2\/media\/169472"}],"wp:attachment":[{"href":"https:\/\/lavras.tv\/site\/wp-json\/wp\/v2\/media?parent=169471"}],"wp:term":[{"taxonomy":"category","embeddable":true,"href":"https:\/\/lavras.tv\/site\/wp-json\/wp\/v2\/categories?post=169471"},{"taxonomy":"post_tag","embeddable":true,"href":"https:\/\/lavras.tv\/site\/wp-json\/wp\/v2\/tags?post=169471"}],"curies":[{"name":"wp","href":"https:\/\/api.w.org\/{rel}","templated":true}]}}