{"id":169485,"date":"2026-02-26T09:24:41","date_gmt":"2026-02-26T12:24:41","guid":{"rendered":"https:\/\/lavras.tv\/site\/?p=169485"},"modified":"2026-02-26T09:24:42","modified_gmt":"2026-02-26T12:24:42","slug":"nova-regra-do-governo-de-minas-permite-compra-de-placas-veiculares-em-qualquer-cidade-do-estado","status":"publish","type":"post","link":"https:\/\/lavras.tv\/site\/2026\/02\/26\/nova-regra-do-governo-de-minas-permite-compra-de-placas-veiculares-em-qualquer-cidade-do-estado\/","title":{"rendered":"Nova regra do Governo de Minas permite compra de placas veiculares em qualquer cidade do estado"},"content":{"rendered":"<div class=\"lavra-antes-do-conteudo_2\" id=\"lavra-952161040\"><div id=\"lavra-slider-27\" class=\"custom-slider lavra-slider-3171368207 lavra-slider\"><ul><li><div style=\"margin-left: auto;margin-right: auto;text-align: center;\" id=\"lavra-3037890125\"><a href=\"https:\/\/sistemas.lavras.mg.gov.br\/portalcidadao\/#df1b1a7c7b2a290bcb31e32771e610784662739a88807c0dacac58ede5f391a7530e299dc302d611ee73cb143fc22eaf93592e53e7b5bdb01b00a0b8d28dae460c141dd2ff83412e4dc1c31b16b25f33144a9e5620ea73b13f5bc1c59411d98439ad226e8af03840603796067d87afe130812cf3de24982d0e306f9e61e764e5\" aria-label=\"Lavras-TV&#8211;720x104px (1) (1)\"><img src=\"https:\/\/lavras.tv\/site\/wp-content\/uploads\/2025\/01\/Lavras-TV-720x104px-1-1.png\" alt=\"\"  srcset=\"https:\/\/lavras.tv\/site\/wp-content\/uploads\/2025\/01\/Lavras-TV-720x104px-1-1.png 720w, https:\/\/lavras.tv\/site\/wp-content\/uploads\/2025\/01\/Lavras-TV-720x104px-1-1-470x68.png 470w, https:\/\/lavras.tv\/site\/wp-content\/uploads\/2025\/01\/Lavras-TV-720x104px-1-1-170x25.png 170w, https:\/\/lavras.tv\/site\/wp-content\/uploads\/2025\/01\/Lavras-TV-720x104px-1-1-200x29.png 200w\" sizes=\"(max-width: 720px) 100vw, 720px\" width=\"720\" height=\"104\"  style=\"display: inline-block;\" \/><\/a><\/div><\/li><li><a href=\"https:\/\/sistemas.lavras.mg.gov.br\/portalcidadao\/#df1b1a7c7b2a290bcb31e32771e610784662739a88807c0dacac58ede5f391a7530e299dc302d611ee73cb143fc22eaf93592e53e7b5bdb01b00a0b8d28dae460c141dd2ff83412e4dc1c31b16b25f33144a9e5620ea73b13f5bc1c59411d98439ad226e8af03840603796067d87afe130812cf3de24982d0e306f9e61e764e5\" aria-label=\"Banner_Emprego_PortallavrasTV\"><img src=\"https:\/\/lavras.tv\/site\/wp-content\/uploads\/2025\/03\/Banner_Emprego_PortallavrasTV.png\" alt=\"\"  srcset=\"https:\/\/lavras.tv\/site\/wp-content\/uploads\/2025\/03\/Banner_Emprego_PortallavrasTV.png 720w, https:\/\/lavras.tv\/site\/wp-content\/uploads\/2025\/03\/Banner_Emprego_PortallavrasTV-470x68.png 470w, https:\/\/lavras.tv\/site\/wp-content\/uploads\/2025\/03\/Banner_Emprego_PortallavrasTV-170x25.png 170w, https:\/\/lavras.tv\/site\/wp-content\/uploads\/2025\/03\/Banner_Emprego_PortallavrasTV-200x29.png 200w\" sizes=\"(max-width: 720px) 100vw, 720px\" width=\"720\" height=\"104\"   \/><\/a><\/li><li><a href=\"https:\/\/sistemas.lavras.mg.gov.br\/portalcidadao\/#df1b1a7c7b2a290bcb31e32771e610784662739a88807c0dacac58ede5f391a7530e299dc302d611ee73cb143fc22eaf93592e53e7b5bdb01b00a0b8d28dae460c141dd2ff83412e4dc1c31b16b25f33144a9e5620ea73b13f5bc1c59411d98439ad226e8af03840603796067d87afe130812cf3de24982d0e306f9e61e764e5\" aria-label=\"Banner_Obras_PortallavrasTV\"><img src=\"https:\/\/lavras.tv\/site\/wp-content\/uploads\/2025\/03\/Banner_Obras_PortallavrasTV.png\" alt=\"\"  srcset=\"https:\/\/lavras.tv\/site\/wp-content\/uploads\/2025\/03\/Banner_Obras_PortallavrasTV.png 720w, https:\/\/lavras.tv\/site\/wp-content\/uploads\/2025\/03\/Banner_Obras_PortallavrasTV-470x68.png 470w, https:\/\/lavras.tv\/site\/wp-content\/uploads\/2025\/03\/Banner_Obras_PortallavrasTV-170x25.png 170w, https:\/\/lavras.tv\/site\/wp-content\/uploads\/2025\/03\/Banner_Obras_PortallavrasTV-200x29.png 200w\" sizes=\"(max-width: 720px) 100vw, 720px\" width=\"720\" height=\"104\"   \/><\/a><\/li><li><div style=\"margin-left: auto;margin-right: auto;text-align: center;\" id=\"lavra-4017561577\"><a href=\"https:\/\/sistemas.lavras.mg.gov.br\/portalcidadao\/#df1b1a7c7b2a290bcb31e32771e610784662739a88807c0dacac58ede5f391a7530e299dc302d611ee73cb143fc22eaf93592e53e7b5bdb01b00a0b8d28dae460c141dd2ff83412e4dc1c31b16b25f33144a9e5620ea73b13f5bc1c59411d98439ad226e8af03840603796067d87afe130812cf3de24982d0e306f9e61e764e5\" aria-label=\"Banner_Educa\u00e7\u00e3o_PortallavrasTV\"><img src=\"https:\/\/lavras.tv\/site\/wp-content\/uploads\/2025\/01\/Banner_Educacao_PortallavrasTV.png\" alt=\"\"  srcset=\"https:\/\/lavras.tv\/site\/wp-content\/uploads\/2025\/01\/Banner_Educacao_PortallavrasTV.png 720w, https:\/\/lavras.tv\/site\/wp-content\/uploads\/2025\/01\/Banner_Educacao_PortallavrasTV-470x68.png 470w, https:\/\/lavras.tv\/site\/wp-content\/uploads\/2025\/01\/Banner_Educacao_PortallavrasTV-170x25.png 170w, https:\/\/lavras.tv\/site\/wp-content\/uploads\/2025\/01\/Banner_Educacao_PortallavrasTV-200x29.png 200w\" sizes=\"(max-width: 720px) 100vw, 720px\" width=\"720\" height=\"104\"  style=\"display: inline-block;\" \/><\/a><\/div><\/li><li><a href=\"https:\/\/sistemas.lavras.mg.gov.br\/portalcidadao\/#df1b1a7c7b2a290bcb31e32771e610784662739a88807c0dacac58ede5f391a7530e299dc302d611ee73cb143fc22eaf93592e53e7b5bdb01b00a0b8d28dae460c141dd2ff83412e4dc1c31b16b25f33144a9e5620ea73b13f5bc1c59411d98439ad226e8af03840603796067d87afe130812cf3de24982d0e306f9e61e764e5\" aria-label=\"Banner_Sa\u00fade_PortallavrasTV\"><img src=\"https:\/\/lavras.tv\/site\/wp-content\/uploads\/2025\/03\/Banner_Saude_PortallavrasTV.png\" alt=\"\"  srcset=\"https:\/\/lavras.tv\/site\/wp-content\/uploads\/2025\/03\/Banner_Saude_PortallavrasTV.png 720w, https:\/\/lavras.tv\/site\/wp-content\/uploads\/2025\/03\/Banner_Saude_PortallavrasTV-470x68.png 470w, https:\/\/lavras.tv\/site\/wp-content\/uploads\/2025\/03\/Banner_Saude_PortallavrasTV-170x25.png 170w, https:\/\/lavras.tv\/site\/wp-content\/uploads\/2025\/03\/Banner_Saude_PortallavrasTV-200x29.png 200w\" sizes=\"(max-width: 720px) 100vw, 720px\" width=\"720\" height=\"104\"   \/><\/a><\/li><li><div id=\"lavra-3020052490\" style=\"width:720px;height:104px;background-color:#ddd;overflow:scroll;\">\n\t<strong>Sa\u00edda da depura\u00e7\u00e3o de an\u00fancios<\/strong>\n\t<br><br>\n\tO an\u00fancio n\u00e3o \u00e9 exibido na p\u00e1gina<br><br>post atual: Nova regra do Governo de Minas permite compra de placas veiculares em qualquer cidade do estado, ID: 169485<br><br><span style=\"color: red;\">O post atual n\u00e3o \u00e9 id\u00eantico ao post principal.<\/span><br><br>An\u00fancios: ROXO - TOPO INTERNA - ROTATIVO 2 (197)<br \/>Grupo de an\u00fancios: Princ_Meio01_720x104 (27)<br><br>Condi\u00e7\u00f5es de exibi\u00e7\u00e3o<div style=\"margin-bottom: 20px; white-space: pre-wrap; font-family: monospace; width: 100%; background: #ffe9e9;\"><strong>condi\u00e7\u00f5es gerais<\/strong><table border=\"1\"><thead><tr><th><\/th><th>An\u00fancios<\/th><th>wp_the_query<\/th><\/tr><\/thead><tr><td>is_main_query<\/td><td>1<\/td><td>1<\/td><\/tr><tr><td>is_rest_api<\/td><td>0<\/td><td>1<\/td><\/tr><tr><td>page<\/td><td>0<\/td><td>1<\/td><\/tr><tr><td>numpages<\/td><td>0<\/td><td>1<\/td><\/tr><tr><td>is_archive<\/td><td>1<\/td><td><\/td><\/tr><tr><td>is_search<\/td><td>1<\/td><td><\/td><\/tr><tr><td>is_home<\/td><td>1<\/td><td><\/td><\/tr><tr><td>is_404<\/td><td>1<\/td><td><\/td><\/tr><tr><td>is_attachment<\/td><td>1<\/td><td><\/td><\/tr><tr><td>is_singular<\/td><td>1<\/td><td><\/td><\/tr><tr><td>is_front_page<\/td><td>1<\/td><td><\/td><\/tr><tr><td>is_feed<\/td><td>1<\/td><td><\/td><\/tr><\/table><\/div><br><br><span style=\"color: red;\">Seu site usa HTTPS, mas o c\u00f3digo do an\u00fancio cont\u00e9m HTTP e pode n\u00e3o funcionar.<\/span>\t<br><br>\n\t<a style=\"color: green;\" href=\"https:\/\/wpadvancedads.com\/manual\/ad-debug-mode\/?utm_source=advanced-ads&utm_medium=link&utm_campaign=ad-debug-mode\" target=\"_blank\" rel=\"nofollow\">Encontre solu\u00e7\u00f5es no manual<\/a>\n<\/div>\n<\/li><\/ul><\/div><script>( window.advanced_ads_ready || jQuery( document ).ready ).call( null, function() {var $lavraslider3171368207 = jQuery( \".lavra-slider-3171368207\" );$lavraslider3171368207.on( \"unslider.ready\", function() { jQuery( \"div.custom-slider ul li\" ).css( \"display\", \"block\" ); });$lavraslider3171368207.unslider({ delay:4000, autoplay:true, nav:false, arrows:false, infinite:true });$lavraslider3171368207.on(\"mouseover\", function() {$lavraslider3171368207.unslider(\"stop\");}).on(\"mouseout\", function() {$lavraslider3171368207.unslider(\"start\");});});<\/script><\/div>\n<h2 class=\"wp-block-heading\">Objetivo \u00e9 de aumento da concorr\u00eancia e redu\u00e7\u00e3o de custos para os cidad\u00e3os<\/h2>\n\n\n\n<figure class=\"wp-block-image\"><img decoding=\"async\" src=\"https:\/\/www.agenciaminas.mg.gov.br\/system\/news\/images\/000\/129\/161\/large\/PAB_5188.jpg?1772021978\" alt=\"imagem de destaque\"\/><\/figure>\n\n\n\n<p>O&nbsp;<a href=\"https:\/\/www.mg.gov.br\/\" target=\"_blank\" rel=\"noreferrer noopener\">Governo de Minas<\/a>&nbsp;publicou uma&nbsp;nova regra que permite aos propriet\u00e1rios de ve\u00edculos adquirir placas veiculares em qualquer empresa estampadora credenciada pelo&nbsp;<a href=\"https:\/\/www.mg.gov.br\/instituicao_unidade\/departamento-estadual-de-transito-de-minas-gerais-detran\" target=\"_blank\" rel=\"noreferrer noopener\">Departamento Estadual de Tr\u00e2nsito de Minas Gerais (Detran-MG)<\/a>, independentemente do munic\u00edpio onde o ve\u00edculo esteja registrado.<\/p>\n\n\n\n<p>A mudan\u00e7a foi oficializada com a entrada em vigor do Decreto n\u00ba 49.182\/2026, publicado no \u00faltimo s\u00e1bado (21\/2) no&nbsp;<a href=\"https:\/\/www.jornalminasgerais.mg.gov.br\/edicao-do-dia?dados=%7B%22cronogramas%22:%7B%222026-02-03%22:%5B0%5D,%222026-02-04%22:%5B0%5D,%222026-02-05%22:%5B0%5D,%222026-02-06%22:%5B0%5D,%222026-02-07%22:%5B0%5D,%222026-02-10%22:%5B0%5D,%222026-02-11%22:%5B0%5D,%222026-02-12%22:%5B0%5D,%222026-02-13%22:%5B0%5D,%222026-02-14%22:%5B0%5D,%222026-02-20%22:%5B0%5D,%222026-02-21%22:%5B0%5D,%222026-02-24%22:%5B0,1%5D,%222026-02-25%22:%5B0%5D%7D,%22dataPublicacaoSelecionada%22:%222026-02-21T06:00:00.000Z%22%7D\" target=\"_blank\" rel=\"noreferrer noopener\">Di\u00e1rio Oficial do Estado<\/a>, que revoga a regulamenta\u00e7\u00e3o anterior e amplia a liberdade de escolha do propriet\u00e1rio.<\/p>\n\n\n\n<p>A atualiza\u00e7\u00e3o dos sistemas de tr\u00e2nsito foi realizada apenas um dia depois da publica\u00e7\u00e3o do decreto, permitindo a r\u00e1pida implementa\u00e7\u00e3o da medida. Agora, cidad\u00e3os podem escolher livremente uma estampadora credenciada, em qualquer cidade do estado.<\/p>\n\n\n\n<p>Antes da altera\u00e7\u00e3o, o servi\u00e7o de estampagem estava restrito \u00e0 regi\u00e3o onde o ve\u00edculo era registrado. Com a nova regra, a proposta \u00e9 ampliar a concorr\u00eancia entre as empresas estampadoras credenciadas, evitando a forma\u00e7\u00e3o de monop\u00f3lios regionais e pr\u00e1ticas que prejudiquem a competitividade.<\/p>\n\n\n\n<p>A medida tamb\u00e9m deve contribuir para a redu\u00e7\u00e3o dos pre\u00e7os ao consumidor, ao estimular um ambiente mais competitivo.&nbsp;A estampagem \u00e9 exigida, por exemplo, no primeiro emplacamento, em determinadas situa\u00e7\u00f5es de transfer\u00eancia de propriedade, nos casos de perda, extravio ou dano das placas, al\u00e9m de outros servi\u00e7os relacionados ao registro e \u00e0 regulariza\u00e7\u00e3o de ve\u00edculos.<\/p>\n\n\n\n<p>Em conjunto com a nova regra para a aquisi\u00e7\u00e3o das placas, o Detran-MG est\u00e1 fortalecendo os mecanismos de controle, rastreabilidade e gest\u00e3o da produ\u00e7\u00e3o das placas, garantindo mais seguran\u00e7a no processo de emplacamento.<\/p>\n\n\n\n<p>As informa\u00e7\u00f5es sobre como realizar o servi\u00e7o de estampagem e as empresas credenciadas ao Detran-MG podem ser consultadas&nbsp;<a href=\"https:\/\/transito.mg.gov.br\/veiculos\" target=\"_blank\" rel=\"noreferrer noopener\">pelo&nbsp;site<\/a>.&nbsp;<\/p>\n","protected":false},"excerpt":{"rendered":"<p>Objetivo \u00e9 de aumento da concorr\u00eancia e redu\u00e7\u00e3o de custos para os cidad\u00e3os O&nbsp;Governo de Minas&nbsp;publicou uma&nbsp;nova regra que permite aos propriet\u00e1rios de ve\u00edculos adquirir placas veiculares em qualquer empresa estampadora credenciada pelo&nbsp;Departamento Estadual de Tr\u00e2nsito de Minas Gerais (Detran-MG), independentemente do munic\u00edpio onde o ve\u00edculo esteja registrado. A mudan\u00e7a foi oficializada com a entrada [&hellip;]<\/p>\n","protected":false},"author":5,"featured_media":169486,"comment_status":"closed","ping_status":"open","sticky":false,"template":"","format":"standard","meta":{"advgb_blocks_editor_width":"","advgb_blocks_columns_visual_guide":"","_exactmetrics_skip_tracking":false,"_exactmetrics_sitenote_active":false,"_exactmetrics_sitenote_note":"","_exactmetrics_sitenote_category":0,"footnotes":""},"categories":[7,2],"tags":[],"class_list":["post-169485","post","type-post","status-publish","format-standard","has-post-thumbnail","hentry","category-destaques","category-noticias"],"better_featured_image":{"id":169486,"alt_text":"","caption":"","description":"","media_type":"image","media_details":{"width":2560,"height":1687,"file":"2026\/02\/PAB_5188-scaled.jpg","filesize":718241,"sizes":{"medium":{"file":"PAB_5188-455x300.jpg","width":455,"height":300,"mime-type":"image\/jpeg","filesize":35569,"source_url":"https:\/\/lavras.tv\/site\/wp-content\/uploads\/2026\/02\/PAB_5188-455x300.jpg"},"large":{"file":"PAB_5188-970x639.jpg","width":970,"height":639,"mime-type":"image\/jpeg","filesize":137661,"source_url":"https:\/\/lavras.tv\/site\/wp-content\/uploads\/2026\/02\/PAB_5188-970x639.jpg"},"thumbnail":{"file":"PAB_5188-170x112.jpg","width":170,"height":112,"mime-type":"image\/jpeg","filesize":6652,"source_url":"https:\/\/lavras.tv\/site\/wp-content\/uploads\/2026\/02\/PAB_5188-170x112.jpg"},"1536x1536":{"file":"PAB_5188-1536x1012.jpg","width":1536,"height":1012,"mime-type":"image\/jpeg","filesize":306432,"source_url":"https:\/\/lavras.tv\/site\/wp-content\/uploads\/2026\/02\/PAB_5188-1536x1012.jpg"},"2048x2048":{"file":"PAB_5188-2048x1349.jpg","width":2048,"height":1349,"mime-type":"image\/jpeg","filesize":497494,"source_url":"https:\/\/lavras.tv\/site\/wp-content\/uploads\/2026\/02\/PAB_5188-2048x1349.jpg"},"alm-thumbnail":{"file":"PAB_5188-150x150.jpg","width":150,"height":150,"mime-type":"image\/jpeg","filesize":7633,"source_url":"https:\/\/lavras.tv\/site\/wp-content\/uploads\/2026\/02\/PAB_5188-150x150.jpg"},"sow-carousel-default":{"file":"PAB_5188-272x182.jpg","width":272,"height":182,"mime-type":"image\/jpeg","filesize":14548,"source_url":"https:\/\/lavras.tv\/site\/wp-content\/uploads\/2026\/02\/PAB_5188-272x182.jpg"}},"image_meta":{"aperture":"0","credit":"","camera":"","caption":"","created_timestamp":"0","copyright":"","focal_length":"0","iso":"0","shutter_speed":"0","title":"","orientation":"0","keywords":[]},"original_image":"PAB_5188.jpg"},"post":169485,"source_url":"https:\/\/lavras.tv\/site\/wp-content\/uploads\/2026\/02\/PAB_5188-scaled.jpg"},"author_meta":{"display_name":"Vinicius Bustamante","author_link":"https:\/\/lavras.tv\/site\/author\/vinicius-bustamante\/"},"featured_img":"https:\/\/lavras.tv\/site\/wp-content\/uploads\/2026\/02\/PAB_5188-455x300.jpg","coauthors":[],"tax_additional":{"categories":{"linked":["<a href=\"https:\/\/lavras.tv\/site\/category\/destaques\/\" class=\"advgb-post-tax-term\">Destaques<\/a>","<a href=\"https:\/\/lavras.tv\/site\/category\/noticias\/\" class=\"advgb-post-tax-term\">Not\u00edcias<\/a>"],"unlinked":["<span class=\"advgb-post-tax-term\">Destaques<\/span>","<span class=\"advgb-post-tax-term\">Not\u00edcias<\/span>"]}},"comment_count":"0","relative_dates":{"created":"Publicado 2 meses atr\u00e1s","modified":"Atualizado 2 meses atr\u00e1s"},"absolute_dates":{"created":"Publicado em 26 de fevereiro de 2026","modified":"Atualizado em 26 de fevereiro de 2026"},"absolute_dates_time":{"created":"Publicado em 26 de fevereiro de 2026 09:24","modified":"Atualizado em 26 de fevereiro de 2026 09:24"},"featured_img_caption":"","series_order":"","_links":{"self":[{"href":"https:\/\/lavras.tv\/site\/wp-json\/wp\/v2\/posts\/169485","targetHints":{"allow":["GET"]}}],"collection":[{"href":"https:\/\/lavras.tv\/site\/wp-json\/wp\/v2\/posts"}],"about":[{"href":"https:\/\/lavras.tv\/site\/wp-json\/wp\/v2\/types\/post"}],"author":[{"embeddable":true,"href":"https:\/\/lavras.tv\/site\/wp-json\/wp\/v2\/users\/5"}],"replies":[{"embeddable":true,"href":"https:\/\/lavras.tv\/site\/wp-json\/wp\/v2\/comments?post=169485"}],"version-history":[{"count":1,"href":"https:\/\/lavras.tv\/site\/wp-json\/wp\/v2\/posts\/169485\/revisions"}],"predecessor-version":[{"id":169487,"href":"https:\/\/lavras.tv\/site\/wp-json\/wp\/v2\/posts\/169485\/revisions\/169487"}],"wp:featuredmedia":[{"embeddable":true,"href":"https:\/\/lavras.tv\/site\/wp-json\/wp\/v2\/media\/169486"}],"wp:attachment":[{"href":"https:\/\/lavras.tv\/site\/wp-json\/wp\/v2\/media?parent=169485"}],"wp:term":[{"taxonomy":"category","embeddable":true,"href":"https:\/\/lavras.tv\/site\/wp-json\/wp\/v2\/categories?post=169485"},{"taxonomy":"post_tag","embeddable":true,"href":"https:\/\/lavras.tv\/site\/wp-json\/wp\/v2\/tags?post=169485"}],"curies":[{"name":"wp","href":"https:\/\/api.w.org\/{rel}","templated":true}]}}