{"id":169489,"date":"2026-02-26T09:31:45","date_gmt":"2026-02-26T12:31:45","guid":{"rendered":"https:\/\/lavras.tv\/site\/?p=169489"},"modified":"2026-02-26T09:31:46","modified_gmt":"2026-02-26T12:31:46","slug":"chuvas-intensas-acendem-alerta-em-minas-e-reforcam-importancia-da-protecao-a-vida-e-ao-patrimonio-em-areas-de-risco","status":"publish","type":"post","link":"https:\/\/lavras.tv\/site\/2026\/02\/26\/chuvas-intensas-acendem-alerta-em-minas-e-reforcam-importancia-da-protecao-a-vida-e-ao-patrimonio-em-areas-de-risco\/","title":{"rendered":"Chuvas intensas acendem alerta em Minas e refor\u00e7am import\u00e2ncia da prote\u00e7\u00e3o \u00e0 vida e ao patrim\u00f4nio em \u00e1reas de risco"},"content":{"rendered":"<div class=\"lavra-antes-do-conteudo_2\" id=\"lavra-3416866423\"><div id=\"lavra-slider-27\" class=\"custom-slider lavra-slider-3116996431 lavra-slider\"><ul><li><div style=\"margin-left: auto;margin-right: auto;text-align: center;\" id=\"lavra-1330550238\"><a href=\"https:\/\/sistemas.lavras.mg.gov.br\/portalcidadao\/#df1b1a7c7b2a290bcb31e32771e610784662739a88807c0dacac58ede5f391a7530e299dc302d611ee73cb143fc22eaf93592e53e7b5bdb01b00a0b8d28dae460c141dd2ff83412e4dc1c31b16b25f33144a9e5620ea73b13f5bc1c59411d98439ad226e8af03840603796067d87afe130812cf3de24982d0e306f9e61e764e5\" aria-label=\"Lavras-TV&#8211;720x104px (1) (1)\"><img src=\"https:\/\/lavras.tv\/site\/wp-content\/uploads\/2025\/01\/Lavras-TV-720x104px-1-1.png\" alt=\"\"  srcset=\"https:\/\/lavras.tv\/site\/wp-content\/uploads\/2025\/01\/Lavras-TV-720x104px-1-1.png 720w, https:\/\/lavras.tv\/site\/wp-content\/uploads\/2025\/01\/Lavras-TV-720x104px-1-1-470x68.png 470w, https:\/\/lavras.tv\/site\/wp-content\/uploads\/2025\/01\/Lavras-TV-720x104px-1-1-170x25.png 170w, https:\/\/lavras.tv\/site\/wp-content\/uploads\/2025\/01\/Lavras-TV-720x104px-1-1-200x29.png 200w\" sizes=\"(max-width: 720px) 100vw, 720px\" width=\"720\" height=\"104\"  style=\"display: inline-block;\" \/><\/a><\/div><\/li><li><a href=\"https:\/\/sistemas.lavras.mg.gov.br\/portalcidadao\/#df1b1a7c7b2a290bcb31e32771e610784662739a88807c0dacac58ede5f391a7530e299dc302d611ee73cb143fc22eaf93592e53e7b5bdb01b00a0b8d28dae460c141dd2ff83412e4dc1c31b16b25f33144a9e5620ea73b13f5bc1c59411d98439ad226e8af03840603796067d87afe130812cf3de24982d0e306f9e61e764e5\" aria-label=\"Banner_Emprego_PortallavrasTV\"><img src=\"https:\/\/lavras.tv\/site\/wp-content\/uploads\/2025\/03\/Banner_Emprego_PortallavrasTV.png\" alt=\"\"  srcset=\"https:\/\/lavras.tv\/site\/wp-content\/uploads\/2025\/03\/Banner_Emprego_PortallavrasTV.png 720w, https:\/\/lavras.tv\/site\/wp-content\/uploads\/2025\/03\/Banner_Emprego_PortallavrasTV-470x68.png 470w, https:\/\/lavras.tv\/site\/wp-content\/uploads\/2025\/03\/Banner_Emprego_PortallavrasTV-170x25.png 170w, https:\/\/lavras.tv\/site\/wp-content\/uploads\/2025\/03\/Banner_Emprego_PortallavrasTV-200x29.png 200w\" sizes=\"(max-width: 720px) 100vw, 720px\" width=\"720\" height=\"104\"   \/><\/a><\/li><li><a href=\"https:\/\/sistemas.lavras.mg.gov.br\/portalcidadao\/#df1b1a7c7b2a290bcb31e32771e610784662739a88807c0dacac58ede5f391a7530e299dc302d611ee73cb143fc22eaf93592e53e7b5bdb01b00a0b8d28dae460c141dd2ff83412e4dc1c31b16b25f33144a9e5620ea73b13f5bc1c59411d98439ad226e8af03840603796067d87afe130812cf3de24982d0e306f9e61e764e5\" aria-label=\"Banner_Obras_PortallavrasTV\"><img src=\"https:\/\/lavras.tv\/site\/wp-content\/uploads\/2025\/03\/Banner_Obras_PortallavrasTV.png\" alt=\"\"  srcset=\"https:\/\/lavras.tv\/site\/wp-content\/uploads\/2025\/03\/Banner_Obras_PortallavrasTV.png 720w, https:\/\/lavras.tv\/site\/wp-content\/uploads\/2025\/03\/Banner_Obras_PortallavrasTV-470x68.png 470w, https:\/\/lavras.tv\/site\/wp-content\/uploads\/2025\/03\/Banner_Obras_PortallavrasTV-170x25.png 170w, https:\/\/lavras.tv\/site\/wp-content\/uploads\/2025\/03\/Banner_Obras_PortallavrasTV-200x29.png 200w\" sizes=\"(max-width: 720px) 100vw, 720px\" width=\"720\" height=\"104\"   \/><\/a><\/li><li><div style=\"margin-left: auto;margin-right: auto;text-align: center;\" id=\"lavra-1035555719\"><a href=\"https:\/\/sistemas.lavras.mg.gov.br\/portalcidadao\/#df1b1a7c7b2a290bcb31e32771e610784662739a88807c0dacac58ede5f391a7530e299dc302d611ee73cb143fc22eaf93592e53e7b5bdb01b00a0b8d28dae460c141dd2ff83412e4dc1c31b16b25f33144a9e5620ea73b13f5bc1c59411d98439ad226e8af03840603796067d87afe130812cf3de24982d0e306f9e61e764e5\" aria-label=\"Banner_Educa\u00e7\u00e3o_PortallavrasTV\"><img src=\"https:\/\/lavras.tv\/site\/wp-content\/uploads\/2025\/01\/Banner_Educacao_PortallavrasTV.png\" alt=\"\"  srcset=\"https:\/\/lavras.tv\/site\/wp-content\/uploads\/2025\/01\/Banner_Educacao_PortallavrasTV.png 720w, https:\/\/lavras.tv\/site\/wp-content\/uploads\/2025\/01\/Banner_Educacao_PortallavrasTV-470x68.png 470w, https:\/\/lavras.tv\/site\/wp-content\/uploads\/2025\/01\/Banner_Educacao_PortallavrasTV-170x25.png 170w, https:\/\/lavras.tv\/site\/wp-content\/uploads\/2025\/01\/Banner_Educacao_PortallavrasTV-200x29.png 200w\" sizes=\"(max-width: 720px) 100vw, 720px\" width=\"720\" height=\"104\"  style=\"display: inline-block;\" \/><\/a><\/div><\/li><li><a href=\"https:\/\/sistemas.lavras.mg.gov.br\/portalcidadao\/#df1b1a7c7b2a290bcb31e32771e610784662739a88807c0dacac58ede5f391a7530e299dc302d611ee73cb143fc22eaf93592e53e7b5bdb01b00a0b8d28dae460c141dd2ff83412e4dc1c31b16b25f33144a9e5620ea73b13f5bc1c59411d98439ad226e8af03840603796067d87afe130812cf3de24982d0e306f9e61e764e5\" aria-label=\"Banner_Sa\u00fade_PortallavrasTV\"><img src=\"https:\/\/lavras.tv\/site\/wp-content\/uploads\/2025\/03\/Banner_Saude_PortallavrasTV.png\" alt=\"\"  srcset=\"https:\/\/lavras.tv\/site\/wp-content\/uploads\/2025\/03\/Banner_Saude_PortallavrasTV.png 720w, https:\/\/lavras.tv\/site\/wp-content\/uploads\/2025\/03\/Banner_Saude_PortallavrasTV-470x68.png 470w, https:\/\/lavras.tv\/site\/wp-content\/uploads\/2025\/03\/Banner_Saude_PortallavrasTV-170x25.png 170w, https:\/\/lavras.tv\/site\/wp-content\/uploads\/2025\/03\/Banner_Saude_PortallavrasTV-200x29.png 200w\" sizes=\"(max-width: 720px) 100vw, 720px\" width=\"720\" height=\"104\"   \/><\/a><\/li><li><div id=\"lavra-2512898610\" style=\"width:720px;height:104px;background-color:#ddd;overflow:scroll;\">\n\t<strong>Sa\u00edda da depura\u00e7\u00e3o de an\u00fancios<\/strong>\n\t<br><br>\n\tO an\u00fancio n\u00e3o \u00e9 exibido na p\u00e1gina<br><br>post atual: Chuvas intensas acendem alerta em Minas e refor\u00e7am import\u00e2ncia da prote\u00e7\u00e3o \u00e0 vida e ao patrim\u00f4nio em \u00e1reas de risco, ID: 169489<br><br><span style=\"color: red;\">O post atual n\u00e3o \u00e9 id\u00eantico ao post principal.<\/span><br><br>An\u00fancios: ROXO - TOPO INTERNA - ROTATIVO 2 (197)<br \/>Grupo de an\u00fancios: Princ_Meio01_720x104 (27)<br><br>Condi\u00e7\u00f5es de exibi\u00e7\u00e3o<div style=\"margin-bottom: 20px; white-space: pre-wrap; font-family: monospace; width: 100%; background: #ffe9e9;\"><strong>condi\u00e7\u00f5es gerais<\/strong><table border=\"1\"><thead><tr><th><\/th><th>An\u00fancios<\/th><th>wp_the_query<\/th><\/tr><\/thead><tr><td>is_main_query<\/td><td>1<\/td><td>1<\/td><\/tr><tr><td>is_rest_api<\/td><td>0<\/td><td>1<\/td><\/tr><tr><td>page<\/td><td>0<\/td><td>1<\/td><\/tr><tr><td>numpages<\/td><td>0<\/td><td>1<\/td><\/tr><tr><td>is_archive<\/td><td>1<\/td><td><\/td><\/tr><tr><td>is_search<\/td><td>1<\/td><td><\/td><\/tr><tr><td>is_home<\/td><td>1<\/td><td><\/td><\/tr><tr><td>is_404<\/td><td>1<\/td><td><\/td><\/tr><tr><td>is_attachment<\/td><td>1<\/td><td><\/td><\/tr><tr><td>is_singular<\/td><td>1<\/td><td><\/td><\/tr><tr><td>is_front_page<\/td><td>1<\/td><td><\/td><\/tr><tr><td>is_feed<\/td><td>1<\/td><td><\/td><\/tr><\/table><\/div><br><br><span style=\"color: red;\">Seu site usa HTTPS, mas o c\u00f3digo do an\u00fancio cont\u00e9m HTTP e pode n\u00e3o funcionar.<\/span>\t<br><br>\n\t<a style=\"color: green;\" href=\"https:\/\/wpadvancedads.com\/manual\/ad-debug-mode\/?utm_source=advanced-ads&utm_medium=link&utm_campaign=ad-debug-mode\" target=\"_blank\" rel=\"nofollow\">Encontre solu\u00e7\u00f5es no manual<\/a>\n<\/div>\n<\/li><\/ul><\/div><script>( window.advanced_ads_ready || jQuery( document ).ready ).call( null, function() {var $lavraslider3116996431 = jQuery( \".lavra-slider-3116996431\" );$lavraslider3116996431.on( \"unslider.ready\", function() { jQuery( \"div.custom-slider ul li\" ).css( \"display\", \"block\" ); });$lavraslider3116996431.unslider({ delay:4000, autoplay:true, nav:false, arrows:false, infinite:true });$lavraslider3116996431.on(\"mouseover\", function() {$lavraslider3116996431.unslider(\"stop\");}).on(\"mouseout\", function() {$lavraslider3116996431.unslider(\"start\");});});<\/script><\/div>\n<p><em>Temporais deixam mortos, desabrigados e marcas emocionais profundas, evidenciando a necessidade de cuidado, amparo e planejamento<\/em><\/p>\n\n\n\n<figure class=\"wp-block-image size-full\"><img fetchpriority=\"high\" decoding=\"async\" width=\"418\" height=\"235\" src=\"https:\/\/lavras.tv\/site\/wp-content\/uploads\/2026\/02\/Chuvas-Credito-CNN-Brasil.webp\" alt=\"\" class=\"wp-image-169490\" srcset=\"https:\/\/lavras.tv\/site\/wp-content\/uploads\/2026\/02\/Chuvas-Credito-CNN-Brasil.webp 418w, https:\/\/lavras.tv\/site\/wp-content\/uploads\/2026\/02\/Chuvas-Credito-CNN-Brasil-170x96.webp 170w\" sizes=\"(max-width: 418px) 100vw, 418px\" \/><\/figure>\n\n\n\n<p>O per\u00edodo chuvoso em Minas Gerais tem provocado uma sucess\u00e3o de transtornos e trag\u00e9dias, atingindo diretamente milhares de fam\u00edlias, especialmente aquelas que vivem em \u00e1reas de risco. As chuvas, cada vez mais intensas e concentradas, causam alagamentos, deslizamentos de terra, desabamentos de im\u00f3veis, quedas de \u00e1rvores, interrup\u00e7\u00f5es no fornecimento de energia e danos el\u00e9tricos provocados por raios.<\/p>\n\n\n\n<p>Mais do que preju\u00edzos materiais, o que mais impacta s\u00e3o as perdas humanas e o sofrimento das fam\u00edlias que, de forma repentina, veem suas rotinas interrompidas e seus projetos de vida abalados. O medo constante de novos temporais, a inseguran\u00e7a diante das incertezas e a dor provocada pela perda de entes queridos deixam marcas profundas e duradouras.<\/p>\n\n\n\n<p>Um dos epis\u00f3dios mais recentes e devastadores ocorreu em Juiz de Fora e Ub\u00e1, na Zona da Mata mineira. As fortes chuvas que atingiram Juiz de Fora deixaram 16 mortos e 440 pessoas desabrigadas. Na madrugada de ter\u00e7a-feira (24), o munic\u00edpio decretou estado de calamidade p\u00fablica e suspendeu as aulas em todas as escolas da rede municipal. O Corpo de Bombeiros realizou buscas por pelo menos 45 desaparecidos. J\u00e1 em Ub\u00e1, seis pessoas morreram em decorr\u00eancia da chuva e duas foram dadas como desaparecidas. Um rio transbordou na noite de segunda-feira (23), e a Avenida Beira Rio ficou completamente tomada pela \u00e1gua. Ao todo, as chuvas deixaram 22 mortos e centenas de desabrigados nas duas cidades, evidenciando a for\u00e7a destrutiva dos temporais e o impacto humano dessas trag\u00e9dias.<\/p>\n\n\n\n<p>Diante de cen\u00e1rios como esse, especialistas refor\u00e7am que a prote\u00e7\u00e3o deve ser ampla, contemplando tanto as pessoas quanto o patrim\u00f4nio. O seguro de pessoas, com coberturas para morte acidental, invalidez permanente e assist\u00eancia funeral, representa uma rede de amparo essencial em momentos de extrema dor. Em situa\u00e7\u00f5es inesperadas, como as provocadas por desastres naturais, esse tipo de prote\u00e7\u00e3o garante um capital que pode assegurar a continuidade financeira da fam\u00edlia, oferecer suporte imediato e preservar a dignidade em meio ao luto.<\/p>\n\n\n\n<p>A assist\u00eancia funeral, por exemplo, proporciona organiza\u00e7\u00e3o e cobertura das despesas relacionadas ao sepultamento, evitando que, al\u00e9m da dor, os familiares enfrentem dificuldades financeiras para realizar uma despedida respeitosa. Em momentos de choque e fragilidade emocional, contar com esse suporte significa acolhimento, cuidado e respeito \u00e0 mem\u00f3ria de quem se foi.<\/p>\n\n\n\n<p>Ao mesmo tempo, os seguros patrimoniais tamb\u00e9m desempenham papel relevante na reconstru\u00e7\u00e3o. O seguro residencial pode oferecer cobertura para danos causados por vendaval, granizo, queda de raio, inc\u00eandio, explos\u00e3o, desmoronamento, alagamentos e enchentes, conforme as garantias contratadas, al\u00e9m de danos el\u00e9tricos que atingem eletrodom\u00e9sticos e equipamentos. Para comerciantes e empreendedores, o seguro empresarial \u00e9 fundamental para minimizar preju\u00edzos, proteger estoques, estruturas f\u00edsicas e garantir condi\u00e7\u00f5es para a retomada das atividades.<\/p>\n\n\n\n<p>Mais do que n\u00fameros e estat\u00edsticas, cada ocorr\u00eancia representa hist\u00f3rias interrompidas e fam\u00edlias que precisam recome\u00e7ar. A prote\u00e7\u00e3o securit\u00e1ria, seja de pessoas ou de bens, cumpre uma fun\u00e7\u00e3o social importante ao oferecer estabilidade em meio ao caos, permitindo que o foco esteja na recupera\u00e7\u00e3o emocional e na reconstru\u00e7\u00e3o da vida.<\/p>\n\n\n\n<p>Para o presidente do Sincor-MG, Gustavo Bentes, o momento exige empatia, solidariedade e conscientiza\u00e7\u00e3o. \u201cNenhuma prote\u00e7\u00e3o substitui uma vida, mas pode garantir que uma fam\u00edlia n\u00e3o enfrente sozinha, al\u00e9m da dor, a inseguran\u00e7a financeira. O seguro de pessoas \u00e9 uma forma de cuidado com quem fica, assegurando dignidade e continuidade.\u201d, afirma.<\/p>\n\n\n\n<p>Ele destaca que falar sobre seguro, especialmente em per\u00edodos de chuva intensa, \u00e9 falar sobre responsabilidade e planejamento. \u201cProte\u00e7\u00e3o \u00e9 um ato de amor e tamb\u00e9m de prud\u00eancia. Quando pensamos nas pessoas e no patrim\u00f4nio de forma integrada, estamos fortalecendo as fam\u00edlias e contribuindo para que elas tenham mais seguran\u00e7a para enfrentar situa\u00e7\u00f5es extremas como as que estamos vivenciando\u201d, conclui Bentes.<\/p>\n","protected":false},"excerpt":{"rendered":"<p>Temporais deixam mortos, desabrigados e marcas emocionais profundas, evidenciando a necessidade de cuidado, amparo e planejamento O per\u00edodo chuvoso em Minas Gerais tem provocado uma sucess\u00e3o de transtornos e trag\u00e9dias, atingindo diretamente milhares de fam\u00edlias, especialmente aquelas que vivem em \u00e1reas de risco. As chuvas, cada vez mais intensas e concentradas, causam alagamentos, deslizamentos de [&hellip;]<\/p>\n","protected":false},"author":5,"featured_media":169490,"comment_status":"closed","ping_status":"open","sticky":false,"template":"","format":"standard","meta":{"advgb_blocks_editor_width":"","advgb_blocks_columns_visual_guide":"","_exactmetrics_skip_tracking":false,"_exactmetrics_sitenote_active":false,"_exactmetrics_sitenote_note":"","_exactmetrics_sitenote_category":0,"footnotes":""},"categories":[7,2],"tags":[],"class_list":["post-169489","post","type-post","status-publish","format-standard","has-post-thumbnail","hentry","category-destaques","category-noticias"],"better_featured_image":{"id":169490,"alt_text":"","caption":"","description":"","media_type":"image","media_details":{"width":418,"height":235,"file":"2026\/02\/Chuvas-Credito-CNN-Brasil.webp","filesize":146908,"sizes":{"thumbnail":{"file":"Chuvas-Credito-CNN-Brasil-170x96.webp","width":170,"height":96,"mime-type":"image\/webp","filesize":28794,"source_url":"https:\/\/lavras.tv\/site\/wp-content\/uploads\/2026\/02\/Chuvas-Credito-CNN-Brasil-170x96.webp"},"alm-thumbnail":{"file":"Chuvas-Credito-CNN-Brasil-150x150.webp","width":150,"height":150,"mime-type":"image\/webp","filesize":37182,"source_url":"https:\/\/lavras.tv\/site\/wp-content\/uploads\/2026\/02\/Chuvas-Credito-CNN-Brasil-150x150.webp"},"sow-carousel-default":{"file":"Chuvas-Credito-CNN-Brasil-272x182.webp","width":272,"height":182,"mime-type":"image\/webp","filesize":74852,"source_url":"https:\/\/lavras.tv\/site\/wp-content\/uploads\/2026\/02\/Chuvas-Credito-CNN-Brasil-272x182.webp"}},"image_meta":{"aperture":"0","credit":"","camera":"","caption":"","created_timestamp":"0","copyright":"","focal_length":"0","iso":"0","shutter_speed":"0","title":"","orientation":"0","keywords":[]}},"post":169489,"source_url":"https:\/\/lavras.tv\/site\/wp-content\/uploads\/2026\/02\/Chuvas-Credito-CNN-Brasil.webp"},"author_meta":{"display_name":"Vinicius Bustamante","author_link":"https:\/\/lavras.tv\/site\/author\/vinicius-bustamante\/"},"featured_img":"https:\/\/lavras.tv\/site\/wp-content\/uploads\/2026\/02\/Chuvas-Credito-CNN-Brasil.webp","coauthors":[],"tax_additional":{"categories":{"linked":["<a href=\"https:\/\/lavras.tv\/site\/category\/destaques\/\" class=\"advgb-post-tax-term\">Destaques<\/a>","<a href=\"https:\/\/lavras.tv\/site\/category\/noticias\/\" class=\"advgb-post-tax-term\">Not\u00edcias<\/a>"],"unlinked":["<span class=\"advgb-post-tax-term\">Destaques<\/span>","<span class=\"advgb-post-tax-term\">Not\u00edcias<\/span>"]}},"comment_count":"0","relative_dates":{"created":"Publicado 2 meses atr\u00e1s","modified":"Atualizado 2 meses atr\u00e1s"},"absolute_dates":{"created":"Publicado em 26 de fevereiro de 2026","modified":"Atualizado em 26 de fevereiro de 2026"},"absolute_dates_time":{"created":"Publicado em 26 de fevereiro de 2026 09:31","modified":"Atualizado em 26 de fevereiro de 2026 09:31"},"featured_img_caption":"","series_order":"","_links":{"self":[{"href":"https:\/\/lavras.tv\/site\/wp-json\/wp\/v2\/posts\/169489","targetHints":{"allow":["GET"]}}],"collection":[{"href":"https:\/\/lavras.tv\/site\/wp-json\/wp\/v2\/posts"}],"about":[{"href":"https:\/\/lavras.tv\/site\/wp-json\/wp\/v2\/types\/post"}],"author":[{"embeddable":true,"href":"https:\/\/lavras.tv\/site\/wp-json\/wp\/v2\/users\/5"}],"replies":[{"embeddable":true,"href":"https:\/\/lavras.tv\/site\/wp-json\/wp\/v2\/comments?post=169489"}],"version-history":[{"count":1,"href":"https:\/\/lavras.tv\/site\/wp-json\/wp\/v2\/posts\/169489\/revisions"}],"predecessor-version":[{"id":169491,"href":"https:\/\/lavras.tv\/site\/wp-json\/wp\/v2\/posts\/169489\/revisions\/169491"}],"wp:featuredmedia":[{"embeddable":true,"href":"https:\/\/lavras.tv\/site\/wp-json\/wp\/v2\/media\/169490"}],"wp:attachment":[{"href":"https:\/\/lavras.tv\/site\/wp-json\/wp\/v2\/media?parent=169489"}],"wp:term":[{"taxonomy":"category","embeddable":true,"href":"https:\/\/lavras.tv\/site\/wp-json\/wp\/v2\/categories?post=169489"},{"taxonomy":"post_tag","embeddable":true,"href":"https:\/\/lavras.tv\/site\/wp-json\/wp\/v2\/tags?post=169489"}],"curies":[{"name":"wp","href":"https:\/\/api.w.org\/{rel}","templated":true}]}}