{"id":169492,"date":"2026-02-26T09:37:12","date_gmt":"2026-02-26T12:37:12","guid":{"rendered":"https:\/\/lavras.tv\/site\/?p=169492"},"modified":"2026-02-26T09:37:13","modified_gmt":"2026-02-26T12:37:13","slug":"prefeituras-tem-ate-6-3-para-responder-questionario-sobre-seguranca-alimentar","status":"publish","type":"post","link":"https:\/\/lavras.tv\/site\/2026\/02\/26\/prefeituras-tem-ate-6-3-para-responder-questionario-sobre-seguranca-alimentar\/","title":{"rendered":"Prefeituras t\u00eam at\u00e9 6\/3 para responder question\u00e1rio sobre seguran\u00e7a alimentar"},"content":{"rendered":"<div class=\"lavra-antes-do-conteudo_2\" id=\"lavra-610808910\"><div id=\"lavra-slider-27\" class=\"custom-slider lavra-slider-28979172 lavra-slider\"><ul><li><div style=\"margin-left: auto;margin-right: auto;text-align: center;\" id=\"lavra-3446443244\"><a href=\"https:\/\/sistemas.lavras.mg.gov.br\/portalcidadao\/#df1b1a7c7b2a290bcb31e32771e610784662739a88807c0dacac58ede5f391a7530e299dc302d611ee73cb143fc22eaf93592e53e7b5bdb01b00a0b8d28dae460c141dd2ff83412e4dc1c31b16b25f33144a9e5620ea73b13f5bc1c59411d98439ad226e8af03840603796067d87afe130812cf3de24982d0e306f9e61e764e5\" aria-label=\"Lavras-TV&#8211;720x104px (1) (1)\"><img src=\"https:\/\/lavras.tv\/site\/wp-content\/uploads\/2025\/01\/Lavras-TV-720x104px-1-1.png\" alt=\"\"  srcset=\"https:\/\/lavras.tv\/site\/wp-content\/uploads\/2025\/01\/Lavras-TV-720x104px-1-1.png 720w, https:\/\/lavras.tv\/site\/wp-content\/uploads\/2025\/01\/Lavras-TV-720x104px-1-1-470x68.png 470w, https:\/\/lavras.tv\/site\/wp-content\/uploads\/2025\/01\/Lavras-TV-720x104px-1-1-170x25.png 170w, https:\/\/lavras.tv\/site\/wp-content\/uploads\/2025\/01\/Lavras-TV-720x104px-1-1-200x29.png 200w\" sizes=\"(max-width: 720px) 100vw, 720px\" width=\"720\" height=\"104\"  style=\"display: inline-block;\" \/><\/a><\/div><\/li><li><a href=\"https:\/\/sistemas.lavras.mg.gov.br\/portalcidadao\/#df1b1a7c7b2a290bcb31e32771e610784662739a88807c0dacac58ede5f391a7530e299dc302d611ee73cb143fc22eaf93592e53e7b5bdb01b00a0b8d28dae460c141dd2ff83412e4dc1c31b16b25f33144a9e5620ea73b13f5bc1c59411d98439ad226e8af03840603796067d87afe130812cf3de24982d0e306f9e61e764e5\" aria-label=\"Banner_Emprego_PortallavrasTV\"><img src=\"https:\/\/lavras.tv\/site\/wp-content\/uploads\/2025\/03\/Banner_Emprego_PortallavrasTV.png\" alt=\"\"  srcset=\"https:\/\/lavras.tv\/site\/wp-content\/uploads\/2025\/03\/Banner_Emprego_PortallavrasTV.png 720w, https:\/\/lavras.tv\/site\/wp-content\/uploads\/2025\/03\/Banner_Emprego_PortallavrasTV-470x68.png 470w, https:\/\/lavras.tv\/site\/wp-content\/uploads\/2025\/03\/Banner_Emprego_PortallavrasTV-170x25.png 170w, https:\/\/lavras.tv\/site\/wp-content\/uploads\/2025\/03\/Banner_Emprego_PortallavrasTV-200x29.png 200w\" sizes=\"(max-width: 720px) 100vw, 720px\" width=\"720\" height=\"104\"   \/><\/a><\/li><li><a href=\"https:\/\/sistemas.lavras.mg.gov.br\/portalcidadao\/#df1b1a7c7b2a290bcb31e32771e610784662739a88807c0dacac58ede5f391a7530e299dc302d611ee73cb143fc22eaf93592e53e7b5bdb01b00a0b8d28dae460c141dd2ff83412e4dc1c31b16b25f33144a9e5620ea73b13f5bc1c59411d98439ad226e8af03840603796067d87afe130812cf3de24982d0e306f9e61e764e5\" aria-label=\"Banner_Obras_PortallavrasTV\"><img src=\"https:\/\/lavras.tv\/site\/wp-content\/uploads\/2025\/03\/Banner_Obras_PortallavrasTV.png\" alt=\"\"  srcset=\"https:\/\/lavras.tv\/site\/wp-content\/uploads\/2025\/03\/Banner_Obras_PortallavrasTV.png 720w, https:\/\/lavras.tv\/site\/wp-content\/uploads\/2025\/03\/Banner_Obras_PortallavrasTV-470x68.png 470w, https:\/\/lavras.tv\/site\/wp-content\/uploads\/2025\/03\/Banner_Obras_PortallavrasTV-170x25.png 170w, https:\/\/lavras.tv\/site\/wp-content\/uploads\/2025\/03\/Banner_Obras_PortallavrasTV-200x29.png 200w\" sizes=\"(max-width: 720px) 100vw, 720px\" width=\"720\" height=\"104\"   \/><\/a><\/li><li><div style=\"margin-left: auto;margin-right: auto;text-align: center;\" id=\"lavra-4066936819\"><a href=\"https:\/\/sistemas.lavras.mg.gov.br\/portalcidadao\/#df1b1a7c7b2a290bcb31e32771e610784662739a88807c0dacac58ede5f391a7530e299dc302d611ee73cb143fc22eaf93592e53e7b5bdb01b00a0b8d28dae460c141dd2ff83412e4dc1c31b16b25f33144a9e5620ea73b13f5bc1c59411d98439ad226e8af03840603796067d87afe130812cf3de24982d0e306f9e61e764e5\" aria-label=\"Banner_Educa\u00e7\u00e3o_PortallavrasTV\"><img src=\"https:\/\/lavras.tv\/site\/wp-content\/uploads\/2025\/01\/Banner_Educacao_PortallavrasTV.png\" alt=\"\"  srcset=\"https:\/\/lavras.tv\/site\/wp-content\/uploads\/2025\/01\/Banner_Educacao_PortallavrasTV.png 720w, https:\/\/lavras.tv\/site\/wp-content\/uploads\/2025\/01\/Banner_Educacao_PortallavrasTV-470x68.png 470w, https:\/\/lavras.tv\/site\/wp-content\/uploads\/2025\/01\/Banner_Educacao_PortallavrasTV-170x25.png 170w, https:\/\/lavras.tv\/site\/wp-content\/uploads\/2025\/01\/Banner_Educacao_PortallavrasTV-200x29.png 200w\" sizes=\"(max-width: 720px) 100vw, 720px\" width=\"720\" height=\"104\"  style=\"display: inline-block;\" \/><\/a><\/div><\/li><li><a href=\"https:\/\/sistemas.lavras.mg.gov.br\/portalcidadao\/#df1b1a7c7b2a290bcb31e32771e610784662739a88807c0dacac58ede5f391a7530e299dc302d611ee73cb143fc22eaf93592e53e7b5bdb01b00a0b8d28dae460c141dd2ff83412e4dc1c31b16b25f33144a9e5620ea73b13f5bc1c59411d98439ad226e8af03840603796067d87afe130812cf3de24982d0e306f9e61e764e5\" aria-label=\"Banner_Sa\u00fade_PortallavrasTV\"><img src=\"https:\/\/lavras.tv\/site\/wp-content\/uploads\/2025\/03\/Banner_Saude_PortallavrasTV.png\" alt=\"\"  srcset=\"https:\/\/lavras.tv\/site\/wp-content\/uploads\/2025\/03\/Banner_Saude_PortallavrasTV.png 720w, https:\/\/lavras.tv\/site\/wp-content\/uploads\/2025\/03\/Banner_Saude_PortallavrasTV-470x68.png 470w, https:\/\/lavras.tv\/site\/wp-content\/uploads\/2025\/03\/Banner_Saude_PortallavrasTV-170x25.png 170w, https:\/\/lavras.tv\/site\/wp-content\/uploads\/2025\/03\/Banner_Saude_PortallavrasTV-200x29.png 200w\" sizes=\"(max-width: 720px) 100vw, 720px\" width=\"720\" height=\"104\"   \/><\/a><\/li><li><div id=\"lavra-1655353894\" style=\"width:720px;height:104px;background-color:#ddd;overflow:scroll;\">\n\t<strong>Sa\u00edda da depura\u00e7\u00e3o de an\u00fancios<\/strong>\n\t<br><br>\n\tO an\u00fancio n\u00e3o \u00e9 exibido na p\u00e1gina<br><br>post atual: Prefeituras t\u00eam at\u00e9 6\/3 para responder question\u00e1rio sobre seguran\u00e7a alimentar, ID: 169492<br><br><span style=\"color: red;\">O post atual n\u00e3o \u00e9 id\u00eantico ao post principal.<\/span><br><br>An\u00fancios: ROXO - TOPO INTERNA - ROTATIVO 2 (197)<br \/>Grupo de an\u00fancios: Princ_Meio01_720x104 (27)<br><br>Condi\u00e7\u00f5es de exibi\u00e7\u00e3o<div style=\"margin-bottom: 20px; white-space: pre-wrap; font-family: monospace; width: 100%; background: #ffe9e9;\"><strong>condi\u00e7\u00f5es gerais<\/strong><table border=\"1\"><thead><tr><th><\/th><th>An\u00fancios<\/th><th>wp_the_query<\/th><\/tr><\/thead><tr><td>is_main_query<\/td><td>1<\/td><td>1<\/td><\/tr><tr><td>is_rest_api<\/td><td>0<\/td><td>1<\/td><\/tr><tr><td>page<\/td><td>0<\/td><td>1<\/td><\/tr><tr><td>numpages<\/td><td>0<\/td><td>1<\/td><\/tr><tr><td>is_archive<\/td><td>1<\/td><td><\/td><\/tr><tr><td>is_search<\/td><td>1<\/td><td><\/td><\/tr><tr><td>is_home<\/td><td>1<\/td><td><\/td><\/tr><tr><td>is_404<\/td><td>1<\/td><td><\/td><\/tr><tr><td>is_attachment<\/td><td>1<\/td><td><\/td><\/tr><tr><td>is_singular<\/td><td>1<\/td><td><\/td><\/tr><tr><td>is_front_page<\/td><td>1<\/td><td><\/td><\/tr><tr><td>is_feed<\/td><td>1<\/td><td><\/td><\/tr><\/table><\/div><br><br><span style=\"color: red;\">Seu site usa HTTPS, mas o c\u00f3digo do an\u00fancio cont\u00e9m HTTP e pode n\u00e3o funcionar.<\/span>\t<br><br>\n\t<a style=\"color: green;\" href=\"https:\/\/wpadvancedads.com\/manual\/ad-debug-mode\/?utm_source=advanced-ads&utm_medium=link&utm_campaign=ad-debug-mode\" target=\"_blank\" rel=\"nofollow\">Encontre solu\u00e7\u00f5es no manual<\/a>\n<\/div>\n<\/li><\/ul><\/div><script>( window.advanced_ads_ready || jQuery( document ).ready ).call( null, function() {var $lavraslider28979172 = jQuery( \".lavra-slider-28979172\" );$lavraslider28979172.on( \"unslider.ready\", function() { jQuery( \"div.custom-slider ul li\" ).css( \"display\", \"block\" ); });$lavraslider28979172.unslider({ delay:4000, autoplay:true, nav:false, arrows:false, infinite:true });$lavraslider28979172.on(\"mouseover\", function() {$lavraslider28979172.unslider(\"stop\");}).on(\"mouseout\", function() {$lavraslider28979172.unslider(\"start\");});});<\/script><\/div>\n<figure class=\"wp-block-image size-large\"><img fetchpriority=\"high\" decoding=\"async\" width=\"970\" height=\"645\" src=\"https:\/\/lavras.tv\/site\/wp-content\/uploads\/2026\/02\/1111628613-970x645.jpg\" alt=\"\" class=\"wp-image-169493\" srcset=\"https:\/\/lavras.tv\/site\/wp-content\/uploads\/2026\/02\/1111628613-970x645.jpg 970w, https:\/\/lavras.tv\/site\/wp-content\/uploads\/2026\/02\/1111628613-451x300.jpg 451w, https:\/\/lavras.tv\/site\/wp-content\/uploads\/2026\/02\/1111628613-170x113.jpg 170w, https:\/\/lavras.tv\/site\/wp-content\/uploads\/2026\/02\/1111628613-1536x1022.jpg 1536w, https:\/\/lavras.tv\/site\/wp-content\/uploads\/2026\/02\/1111628613-2048x1363.jpg 2048w, https:\/\/lavras.tv\/site\/wp-content\/uploads\/2026\/02\/1111628613-272x182.jpg 272w\" sizes=\"(max-width: 970px) 100vw, 970px\" \/><\/figure>\n\n\n\n<p>O Tribunal de Contas do Estado de Minas Gerais (TCEMG) refor\u00e7a o chamado para que todos os munic\u00edpios mineiros preencham o&nbsp;<a href=\"https:\/\/tce.homemurbano.com.br\/campaigns\/jn305p9n73058\/track-url\/hw151gbs1682a\/62647cbccdd5312fa47c1a714e124490c8290f71\" target=\"_blank\" rel=\"noreferrer noopener\">question\u00e1rio da C\u00e2mara Interministerial de Seguran\u00e7a Alimentar e Nutricional (Caisan)<\/a>.<\/p>\n\n\n\n<p>O objetivo do formul\u00e1rio \u00e9 mapear como as prefeituras organizam suas a\u00e7\u00f5es diante de situa\u00e7\u00f5es de emerg\u00eancia e calamidades no campo da Seguran\u00e7a Alimentar e Nutricional (SAN). O prazo para responder vai at\u00e9 6\/3.<\/p>\n\n\n\n<p>As respostas v\u00e3o servir de base para a cria\u00e7\u00e3o de um Protocolo Intersetorial para Situa\u00e7\u00f5es de Emerg\u00eancia e Calamidades no contexto da SAN, que est\u00e1 sendo constru\u00eddo na Caisan Nacional. O documento ser\u00e1 desenvolvido para orientar gestores p\u00fablicos de todo o pa\u00eds sobre medidas r\u00e1pidas e articuladas para garantir o direito \u00e0 alimenta\u00e7\u00e3o adequada em momentos cr\u00edticos.<\/p>\n\n\n\n<p><strong>Rede de prote\u00e7\u00e3o alimentar<\/strong><\/p>\n\n\n\n<p>A convoca\u00e7\u00e3o para o preenchimento do question\u00e1rio faz parte das a\u00e7\u00f5es do projeto &#8220;<a href=\"https:\/\/tce.homemurbano.com.br\/campaigns\/jn305p9n73058\/track-url\/hw151gbs1682a\/c8950c3046af41954c31595791c5adf09af3ab02\" target=\"_blank\" rel=\"noreferrer noopener\">Caravana de Combate \u00e0 Fome \u2013 Homenagem a Dom Mauro Morelli<\/a>&#8220;, que conta com a participa\u00e7\u00e3o do TCEMG.<\/p>\n\n\n\n<p>A iniciativa do Minist\u00e9rio P\u00fablico de Minas Gerais (MPMG) mobiliza \u00f3rg\u00e3os p\u00fablicos e sociedade civil para fortalecer a rede de prote\u00e7\u00e3o alimentar no estado e ampliar a ades\u00e3o dos munic\u00edpios ao Sistema Nacional de Seguran\u00e7a Alimentar e Nutricional (Sisan).<\/p>\n\n\n\n<p><strong>Ades\u00e3o ao sistema<\/strong><\/p>\n\n\n\n<p>A Corte de Contas mineira tamb\u00e9m refor\u00e7ou, nesta semana, o chamado para que prefeitos e prefeitas fa\u00e7am, com urg\u00eancia, a&nbsp;<a href=\"https:\/\/tce.homemurbano.com.br\/campaigns\/jn305p9n73058\/track-url\/hw151gbs1682a\/904fc75b054575a0efb82e25f237be541717da20\" target=\"_blank\" rel=\"noreferrer noopener\">ades\u00e3o formal de seus munic\u00edpios ao Sisan<\/a>. O sistema articula diferentes setores de governo e entes federativos, promovendo o di\u00e1logo entre a sociedade civil e o poder p\u00fablico para a formula\u00e7\u00e3o e integra\u00e7\u00e3o de pol\u00edticas p\u00fablicas voltadas \u00e0 garantia do direito \u00e0 alimenta\u00e7\u00e3o adequada e para o monitoramento de sua realiza\u00e7\u00e3o.<\/p>\n\n\n\n<p>Segundo informa\u00e7\u00f5es do Minist\u00e9rio do Desenvolvimento e Assist\u00eancia Social (MDS), somente 203 prefeituras de Minas Gerais entraram no sistema nacional de governan\u00e7a federativa. Isso representa apenas 23,8% do total de 853 munic\u00edpios mineiros. Ou seja, 650 ainda est\u00e3o fora da estrutura.<\/p>\n\n\n\n<p>Em comunica\u00e7\u00e3o enviada \u00e0s administra\u00e7\u00f5es municipais, o TCEMG enfatizou que integrar o Sisan fortalece a gest\u00e3o p\u00fablica, melhora o acesso a pol\u00edticas federais \u2014 como restaurantes populares, capacita\u00e7\u00f5es e apoio t\u00e9cnico \u2014 e garante bases legais para a\u00e7\u00f5es efetivas de combate \u00e0 fome. Al\u00e9m disso, contribui para que os munic\u00edpios tenham informa\u00e7\u00f5es organizadas e resposta mais r\u00e1pida em crises sociais, clim\u00e1ticas ou sanit\u00e1rias.<\/p>\n\n\n\n<p>Cabe ressaltar, ainda, que a entrada no sistema manifesta a responsabilidade dos agentes p\u00fablicos frente ao dever \u00e9tico e obriga\u00e7\u00e3o administrativa de prote\u00e7\u00e3o social. O Direito Humano \u00e0 Alimenta\u00e7\u00e3o Adequada (DHAA), inclusive, \u00e9 assegurado pela Constitui\u00e7\u00e3o Federal e, por essa raz\u00e3o, gestoras e gestores p\u00fablicos devem zelar pelo seu cumprimento.&nbsp;<\/p>\n","protected":false},"excerpt":{"rendered":"<p>O Tribunal de Contas do Estado de Minas Gerais (TCEMG) refor\u00e7a o chamado para que todos os munic\u00edpios mineiros preencham o&nbsp;question\u00e1rio da C\u00e2mara Interministerial de Seguran\u00e7a Alimentar e Nutricional (Caisan). O objetivo do formul\u00e1rio \u00e9 mapear como as prefeituras organizam suas a\u00e7\u00f5es diante de situa\u00e7\u00f5es de emerg\u00eancia e calamidades no campo da Seguran\u00e7a Alimentar e [&hellip;]<\/p>\n","protected":false},"author":5,"featured_media":169493,"comment_status":"closed","ping_status":"open","sticky":false,"template":"","format":"standard","meta":{"advgb_blocks_editor_width":"","advgb_blocks_columns_visual_guide":"","_exactmetrics_skip_tracking":false,"_exactmetrics_sitenote_active":false,"_exactmetrics_sitenote_note":"","_exactmetrics_sitenote_category":0,"footnotes":""},"categories":[7,2],"tags":[],"class_list":["post-169492","post","type-post","status-publish","format-standard","has-post-thumbnail","hentry","category-destaques","category-noticias"],"better_featured_image":{"id":169493,"alt_text":"","caption":"","description":"","media_type":"image","media_details":{"width":2560,"height":1703,"file":"2026\/02\/1111628613-scaled.jpg","filesize":604050,"sizes":{"medium":{"file":"1111628613-451x300.jpg","width":451,"height":300,"mime-type":"image\/jpeg","filesize":40832,"source_url":"https:\/\/lavras.tv\/site\/wp-content\/uploads\/2026\/02\/1111628613-451x300.jpg"},"large":{"file":"1111628613-970x645.jpg","width":970,"height":645,"mime-type":"image\/jpeg","filesize":134096,"source_url":"https:\/\/lavras.tv\/site\/wp-content\/uploads\/2026\/02\/1111628613-970x645.jpg"},"thumbnail":{"file":"1111628613-170x113.jpg","width":170,"height":113,"mime-type":"image\/jpeg","filesize":8649,"source_url":"https:\/\/lavras.tv\/site\/wp-content\/uploads\/2026\/02\/1111628613-170x113.jpg"},"1536x1536":{"file":"1111628613-1536x1022.jpg","width":1536,"height":1022,"mime-type":"image\/jpeg","filesize":269929,"source_url":"https:\/\/lavras.tv\/site\/wp-content\/uploads\/2026\/02\/1111628613-1536x1022.jpg"},"2048x2048":{"file":"1111628613-2048x1363.jpg","width":2048,"height":1363,"mime-type":"image\/jpeg","filesize":420810,"source_url":"https:\/\/lavras.tv\/site\/wp-content\/uploads\/2026\/02\/1111628613-2048x1363.jpg"},"alm-thumbnail":{"file":"1111628613-150x150.jpg","width":150,"height":150,"mime-type":"image\/jpeg","filesize":9191,"source_url":"https:\/\/lavras.tv\/site\/wp-content\/uploads\/2026\/02\/1111628613-150x150.jpg"},"sow-carousel-default":{"file":"1111628613-272x182.jpg","width":272,"height":182,"mime-type":"image\/jpeg","filesize":17994,"source_url":"https:\/\/lavras.tv\/site\/wp-content\/uploads\/2026\/02\/1111628613-272x182.jpg"}},"image_meta":{"aperture":"0","credit":"","camera":"","caption":"","created_timestamp":"0","copyright":"Ag\u00eancia Brasil","focal_length":"0","iso":"0","shutter_speed":"0","title":"","orientation":"1","keywords":[]},"original_image":"1111628613.jpg"},"post":169492,"source_url":"https:\/\/lavras.tv\/site\/wp-content\/uploads\/2026\/02\/1111628613-scaled.jpg"},"author_meta":{"display_name":"Vinicius Bustamante","author_link":"https:\/\/lavras.tv\/site\/author\/vinicius-bustamante\/"},"featured_img":"https:\/\/lavras.tv\/site\/wp-content\/uploads\/2026\/02\/1111628613-451x300.jpg","coauthors":[],"tax_additional":{"categories":{"linked":["<a href=\"https:\/\/lavras.tv\/site\/category\/destaques\/\" class=\"advgb-post-tax-term\">Destaques<\/a>","<a href=\"https:\/\/lavras.tv\/site\/category\/noticias\/\" class=\"advgb-post-tax-term\">Not\u00edcias<\/a>"],"unlinked":["<span class=\"advgb-post-tax-term\">Destaques<\/span>","<span class=\"advgb-post-tax-term\">Not\u00edcias<\/span>"]}},"comment_count":"0","relative_dates":{"created":"Publicado 2 meses atr\u00e1s","modified":"Atualizado 2 meses atr\u00e1s"},"absolute_dates":{"created":"Publicado em 26 de fevereiro de 2026","modified":"Atualizado em 26 de fevereiro de 2026"},"absolute_dates_time":{"created":"Publicado em 26 de fevereiro de 2026 09:37","modified":"Atualizado em 26 de fevereiro de 2026 09:37"},"featured_img_caption":"","series_order":"","_links":{"self":[{"href":"https:\/\/lavras.tv\/site\/wp-json\/wp\/v2\/posts\/169492","targetHints":{"allow":["GET"]}}],"collection":[{"href":"https:\/\/lavras.tv\/site\/wp-json\/wp\/v2\/posts"}],"about":[{"href":"https:\/\/lavras.tv\/site\/wp-json\/wp\/v2\/types\/post"}],"author":[{"embeddable":true,"href":"https:\/\/lavras.tv\/site\/wp-json\/wp\/v2\/users\/5"}],"replies":[{"embeddable":true,"href":"https:\/\/lavras.tv\/site\/wp-json\/wp\/v2\/comments?post=169492"}],"version-history":[{"count":1,"href":"https:\/\/lavras.tv\/site\/wp-json\/wp\/v2\/posts\/169492\/revisions"}],"predecessor-version":[{"id":169494,"href":"https:\/\/lavras.tv\/site\/wp-json\/wp\/v2\/posts\/169492\/revisions\/169494"}],"wp:featuredmedia":[{"embeddable":true,"href":"https:\/\/lavras.tv\/site\/wp-json\/wp\/v2\/media\/169493"}],"wp:attachment":[{"href":"https:\/\/lavras.tv\/site\/wp-json\/wp\/v2\/media?parent=169492"}],"wp:term":[{"taxonomy":"category","embeddable":true,"href":"https:\/\/lavras.tv\/site\/wp-json\/wp\/v2\/categories?post=169492"},{"taxonomy":"post_tag","embeddable":true,"href":"https:\/\/lavras.tv\/site\/wp-json\/wp\/v2\/tags?post=169492"}],"curies":[{"name":"wp","href":"https:\/\/api.w.org\/{rel}","templated":true}]}}