{"id":169495,"date":"2026-02-26T09:42:25","date_gmt":"2026-02-26T12:42:25","guid":{"rendered":"https:\/\/lavras.tv\/site\/?p=169495"},"modified":"2026-02-26T09:42:27","modified_gmt":"2026-02-26T12:42:27","slug":"hemominas-convoca-doadores-de-sangue-apos-fortes-chuvas-em-juiz-de-fora","status":"publish","type":"post","link":"https:\/\/lavras.tv\/site\/2026\/02\/26\/hemominas-convoca-doadores-de-sangue-apos-fortes-chuvas-em-juiz-de-fora\/","title":{"rendered":"Hemominas convoca doadores de sangue ap\u00f3s fortes chuvas em Juiz de Fora"},"content":{"rendered":"<div class=\"lavra-antes-do-conteudo_2\" id=\"lavra-3189660193\"><div id=\"lavra-slider-27\" class=\"custom-slider lavra-slider-3614521043 lavra-slider\"><ul><li><div style=\"margin-left: auto;margin-right: auto;text-align: center;\" id=\"lavra-4056449909\"><a href=\"https:\/\/sistemas.lavras.mg.gov.br\/portalcidadao\/#df1b1a7c7b2a290bcb31e32771e610784662739a88807c0dacac58ede5f391a7530e299dc302d611ee73cb143fc22eaf93592e53e7b5bdb01b00a0b8d28dae460c141dd2ff83412e4dc1c31b16b25f33144a9e5620ea73b13f5bc1c59411d98439ad226e8af03840603796067d87afe130812cf3de24982d0e306f9e61e764e5\" aria-label=\"Lavras-TV&#8211;720x104px (1) (1)\"><img src=\"https:\/\/lavras.tv\/site\/wp-content\/uploads\/2025\/01\/Lavras-TV-720x104px-1-1.png\" alt=\"\"  srcset=\"https:\/\/lavras.tv\/site\/wp-content\/uploads\/2025\/01\/Lavras-TV-720x104px-1-1.png 720w, https:\/\/lavras.tv\/site\/wp-content\/uploads\/2025\/01\/Lavras-TV-720x104px-1-1-470x68.png 470w, https:\/\/lavras.tv\/site\/wp-content\/uploads\/2025\/01\/Lavras-TV-720x104px-1-1-170x25.png 170w, https:\/\/lavras.tv\/site\/wp-content\/uploads\/2025\/01\/Lavras-TV-720x104px-1-1-200x29.png 200w\" sizes=\"(max-width: 720px) 100vw, 720px\" width=\"720\" height=\"104\"  style=\"display: inline-block;\" \/><\/a><\/div><\/li><li><a href=\"https:\/\/sistemas.lavras.mg.gov.br\/portalcidadao\/#df1b1a7c7b2a290bcb31e32771e610784662739a88807c0dacac58ede5f391a7530e299dc302d611ee73cb143fc22eaf93592e53e7b5bdb01b00a0b8d28dae460c141dd2ff83412e4dc1c31b16b25f33144a9e5620ea73b13f5bc1c59411d98439ad226e8af03840603796067d87afe130812cf3de24982d0e306f9e61e764e5\" aria-label=\"Banner_Emprego_PortallavrasTV\"><img src=\"https:\/\/lavras.tv\/site\/wp-content\/uploads\/2025\/03\/Banner_Emprego_PortallavrasTV.png\" alt=\"\"  srcset=\"https:\/\/lavras.tv\/site\/wp-content\/uploads\/2025\/03\/Banner_Emprego_PortallavrasTV.png 720w, https:\/\/lavras.tv\/site\/wp-content\/uploads\/2025\/03\/Banner_Emprego_PortallavrasTV-470x68.png 470w, https:\/\/lavras.tv\/site\/wp-content\/uploads\/2025\/03\/Banner_Emprego_PortallavrasTV-170x25.png 170w, https:\/\/lavras.tv\/site\/wp-content\/uploads\/2025\/03\/Banner_Emprego_PortallavrasTV-200x29.png 200w\" sizes=\"(max-width: 720px) 100vw, 720px\" width=\"720\" height=\"104\"   \/><\/a><\/li><li><a href=\"https:\/\/sistemas.lavras.mg.gov.br\/portalcidadao\/#df1b1a7c7b2a290bcb31e32771e610784662739a88807c0dacac58ede5f391a7530e299dc302d611ee73cb143fc22eaf93592e53e7b5bdb01b00a0b8d28dae460c141dd2ff83412e4dc1c31b16b25f33144a9e5620ea73b13f5bc1c59411d98439ad226e8af03840603796067d87afe130812cf3de24982d0e306f9e61e764e5\" aria-label=\"Banner_Obras_PortallavrasTV\"><img src=\"https:\/\/lavras.tv\/site\/wp-content\/uploads\/2025\/03\/Banner_Obras_PortallavrasTV.png\" alt=\"\"  srcset=\"https:\/\/lavras.tv\/site\/wp-content\/uploads\/2025\/03\/Banner_Obras_PortallavrasTV.png 720w, https:\/\/lavras.tv\/site\/wp-content\/uploads\/2025\/03\/Banner_Obras_PortallavrasTV-470x68.png 470w, https:\/\/lavras.tv\/site\/wp-content\/uploads\/2025\/03\/Banner_Obras_PortallavrasTV-170x25.png 170w, https:\/\/lavras.tv\/site\/wp-content\/uploads\/2025\/03\/Banner_Obras_PortallavrasTV-200x29.png 200w\" sizes=\"(max-width: 720px) 100vw, 720px\" width=\"720\" height=\"104\"   \/><\/a><\/li><li><div style=\"margin-left: auto;margin-right: auto;text-align: center;\" id=\"lavra-3040508445\"><a href=\"https:\/\/sistemas.lavras.mg.gov.br\/portalcidadao\/#df1b1a7c7b2a290bcb31e32771e610784662739a88807c0dacac58ede5f391a7530e299dc302d611ee73cb143fc22eaf93592e53e7b5bdb01b00a0b8d28dae460c141dd2ff83412e4dc1c31b16b25f33144a9e5620ea73b13f5bc1c59411d98439ad226e8af03840603796067d87afe130812cf3de24982d0e306f9e61e764e5\" aria-label=\"Banner_Educa\u00e7\u00e3o_PortallavrasTV\"><img src=\"https:\/\/lavras.tv\/site\/wp-content\/uploads\/2025\/01\/Banner_Educacao_PortallavrasTV.png\" alt=\"\"  srcset=\"https:\/\/lavras.tv\/site\/wp-content\/uploads\/2025\/01\/Banner_Educacao_PortallavrasTV.png 720w, https:\/\/lavras.tv\/site\/wp-content\/uploads\/2025\/01\/Banner_Educacao_PortallavrasTV-470x68.png 470w, https:\/\/lavras.tv\/site\/wp-content\/uploads\/2025\/01\/Banner_Educacao_PortallavrasTV-170x25.png 170w, https:\/\/lavras.tv\/site\/wp-content\/uploads\/2025\/01\/Banner_Educacao_PortallavrasTV-200x29.png 200w\" sizes=\"(max-width: 720px) 100vw, 720px\" width=\"720\" height=\"104\"  style=\"display: inline-block;\" \/><\/a><\/div><\/li><li><a href=\"https:\/\/sistemas.lavras.mg.gov.br\/portalcidadao\/#df1b1a7c7b2a290bcb31e32771e610784662739a88807c0dacac58ede5f391a7530e299dc302d611ee73cb143fc22eaf93592e53e7b5bdb01b00a0b8d28dae460c141dd2ff83412e4dc1c31b16b25f33144a9e5620ea73b13f5bc1c59411d98439ad226e8af03840603796067d87afe130812cf3de24982d0e306f9e61e764e5\" aria-label=\"Banner_Sa\u00fade_PortallavrasTV\"><img src=\"https:\/\/lavras.tv\/site\/wp-content\/uploads\/2025\/03\/Banner_Saude_PortallavrasTV.png\" alt=\"\"  srcset=\"https:\/\/lavras.tv\/site\/wp-content\/uploads\/2025\/03\/Banner_Saude_PortallavrasTV.png 720w, https:\/\/lavras.tv\/site\/wp-content\/uploads\/2025\/03\/Banner_Saude_PortallavrasTV-470x68.png 470w, https:\/\/lavras.tv\/site\/wp-content\/uploads\/2025\/03\/Banner_Saude_PortallavrasTV-170x25.png 170w, https:\/\/lavras.tv\/site\/wp-content\/uploads\/2025\/03\/Banner_Saude_PortallavrasTV-200x29.png 200w\" sizes=\"(max-width: 720px) 100vw, 720px\" width=\"720\" height=\"104\"   \/><\/a><\/li><li><div id=\"lavra-3065048631\" style=\"width:720px;height:104px;background-color:#ddd;overflow:scroll;\">\n\t<strong>Sa\u00edda da depura\u00e7\u00e3o de an\u00fancios<\/strong>\n\t<br><br>\n\tO an\u00fancio n\u00e3o \u00e9 exibido na p\u00e1gina<br><br>post atual: Hemominas convoca doadores de sangue ap\u00f3s fortes chuvas em Juiz de Fora, ID: 169495<br><br><span style=\"color: red;\">O post atual n\u00e3o \u00e9 id\u00eantico ao post principal.<\/span><br><br>An\u00fancios: ROXO - TOPO INTERNA - ROTATIVO 2 (197)<br \/>Grupo de an\u00fancios: Princ_Meio01_720x104 (27)<br><br>Condi\u00e7\u00f5es de exibi\u00e7\u00e3o<div style=\"margin-bottom: 20px; white-space: pre-wrap; font-family: monospace; width: 100%; background: #ffe9e9;\"><strong>condi\u00e7\u00f5es gerais<\/strong><table border=\"1\"><thead><tr><th><\/th><th>An\u00fancios<\/th><th>wp_the_query<\/th><\/tr><\/thead><tr><td>is_main_query<\/td><td>1<\/td><td>1<\/td><\/tr><tr><td>is_rest_api<\/td><td>0<\/td><td>1<\/td><\/tr><tr><td>page<\/td><td>0<\/td><td>1<\/td><\/tr><tr><td>numpages<\/td><td>0<\/td><td>1<\/td><\/tr><tr><td>is_archive<\/td><td>1<\/td><td><\/td><\/tr><tr><td>is_search<\/td><td>1<\/td><td><\/td><\/tr><tr><td>is_home<\/td><td>1<\/td><td><\/td><\/tr><tr><td>is_404<\/td><td>1<\/td><td><\/td><\/tr><tr><td>is_attachment<\/td><td>1<\/td><td><\/td><\/tr><tr><td>is_singular<\/td><td>1<\/td><td><\/td><\/tr><tr><td>is_front_page<\/td><td>1<\/td><td><\/td><\/tr><tr><td>is_feed<\/td><td>1<\/td><td><\/td><\/tr><\/table><\/div><br><br><span style=\"color: red;\">Seu site usa HTTPS, mas o c\u00f3digo do an\u00fancio cont\u00e9m HTTP e pode n\u00e3o funcionar.<\/span>\t<br><br>\n\t<a style=\"color: green;\" href=\"https:\/\/wpadvancedads.com\/manual\/ad-debug-mode\/?utm_source=advanced-ads&utm_medium=link&utm_campaign=ad-debug-mode\" target=\"_blank\" rel=\"nofollow\">Encontre solu\u00e7\u00f5es no manual<\/a>\n<\/div>\n<\/li><\/ul><\/div><script>( window.advanced_ads_ready || jQuery( document ).ready ).call( null, function() {var $lavraslider3614521043 = jQuery( \".lavra-slider-3614521043\" );$lavraslider3614521043.on( \"unslider.ready\", function() { jQuery( \"div.custom-slider ul li\" ).css( \"display\", \"block\" ); });$lavraslider3614521043.unslider({ delay:4000, autoplay:true, nav:false, arrows:false, infinite:true });$lavraslider3614521043.on(\"mouseover\", function() {$lavraslider3614521043.unslider(\"stop\");}).on(\"mouseout\", function() {$lavraslider3614521043.unslider(\"start\");});});<\/script><\/div>\n<p><em>Devido ao aumento do volume de \u00e1gua nas ruas, estoques ficam afetados para atendimentos<\/em><\/p>\n\n\n\n<figure class=\"wp-block-image size-full\"><img fetchpriority=\"high\" decoding=\"async\" width=\"940\" height=\"350\" src=\"https:\/\/lavras.tv\/site\/wp-content\/uploads\/2026\/02\/Doacao__Sangue__Hemoninas_-_Adair_Gomez_19_1.jpg\" alt=\"\" class=\"wp-image-169496\" srcset=\"https:\/\/lavras.tv\/site\/wp-content\/uploads\/2026\/02\/Doacao__Sangue__Hemoninas_-_Adair_Gomez_19_1.jpg 940w, https:\/\/lavras.tv\/site\/wp-content\/uploads\/2026\/02\/Doacao__Sangue__Hemoninas_-_Adair_Gomez_19_1-470x175.jpg 470w, https:\/\/lavras.tv\/site\/wp-content\/uploads\/2026\/02\/Doacao__Sangue__Hemoninas_-_Adair_Gomez_19_1-170x63.jpg 170w\" sizes=\"(max-width: 940px) 100vw, 940px\" \/><\/figure>\n\n\n\n<p>A&nbsp;<a href=\"https:\/\/www.hemominas.mg.gov.br\/\" target=\"_blank\" rel=\"noreferrer noopener\">Funda\u00e7\u00e3o Hemominas<\/a>&nbsp;convoca toda a popula\u00e7\u00e3o mineira, em car\u00e1ter de urg\u00eancia, para doar sangue diante das fortes chuvas que atingiram&nbsp;Juiz de Fora e outros munic\u00edpios da Zona da Mata,&nbsp;deixando mortos e desaparecidos.<br><br>O volume at\u00edpico de \u00e1guas tem impactado no deslocamento e comparecimento de doadores e servidores, contribuindo para colocar os estoques de sangue em n\u00edveis de alerta.<br><br>A manuten\u00e7\u00e3o dos estoques de sangue \u00e9 vital para o atendimento de urg\u00eancias, emerg\u00eancias hospitalares e pacientes em tratamento cont\u00ednuo que dependem de transfus\u00f5es di\u00e1rias em todo o estado.<br><br>As doa\u00e7\u00f5es de sangue podem ser feitas em qualquer&nbsp;unidade&nbsp;da Funda\u00e7\u00e3o Hemominas. A lista com os hor\u00e1rios de atendimento e contatos est\u00e1 dispon\u00edvel&nbsp;<a href=\"https:\/\/www.hemominas.mg.gov.br\/horarios-de-atendimento\" target=\"_blank\" rel=\"noreferrer noopener\">neste link<\/a>.<br><br><strong>Quem pode doar?<\/strong><br><br>Os candidatos \u00e0 doa\u00e7\u00e3o de sangue devem observar alguns crit\u00e9rios b\u00e1sicos:<br><br><strong>\u2022&nbsp;Idade:<\/strong>&nbsp;Entre 16 e 69 anos (jovens de 16 e 17 anos devem estar acompanhados pelos respons\u00e1veis ou levar autoriza\u00e7\u00e3o formal; a primeira doa\u00e7\u00e3o deve ser feita at\u00e9 os 60 anos)<\/p>\n\n\n\n<p><strong>\u2022&nbsp;Peso:<\/strong>&nbsp;M\u00ednimo de 50 quilos<\/p>\n\n\n\n<p><strong>\u2022&nbsp;Sa\u00fade:<\/strong>&nbsp;Estar em boas condi\u00e7\u00f5es gerais. Candidatos com sintomas de gripe ou resfriado devem aguardar dez dias ap\u00f3s a recupera\u00e7\u00e3o completa<\/p>\n\n\n\n<p><strong>\u2022&nbsp;Documenta\u00e7\u00e3o:<\/strong>&nbsp;Apresentar documento oficial e original com foto, al\u00e9m do CPF<br><br><strong>Orienta\u00e7\u00f5es para o dia da doa\u00e7\u00e3o<\/strong><br><br><strong>\u2022&nbsp;Alimenta\u00e7\u00e3o:<\/strong>&nbsp;N\u00e3o estar em jejum. Pela manh\u00e3, recomenda-se um caf\u00e9 leve. Caso a doa\u00e7\u00e3o seja ap\u00f3s o almo\u00e7o, aguardar tr\u00eas&nbsp;horas e evitar alimentos gordurosos<br><br><strong>\u2022&nbsp;Descanso:<\/strong>&nbsp;Ter dormido bem na noite anterior<br><br><strong>\u2022&nbsp;\u00c1lcool:<\/strong>&nbsp;N\u00e3o ingerir bebidas alco\u00f3licas nas 12 horas que antecedem a doa\u00e7\u00e3o<br><br>Todas as condi\u00e7\u00f5es e restri\u00e7\u00f5es para doa\u00e7\u00e3o de sangue podem ser consultadas no site&nbsp;da Funda\u00e7\u00e3o Hemominas, por meio&nbsp;<a href=\"http:\/\/www.hemominas.mg.gov.br\/condicoes-e-restricoes\" target=\"_blank\" rel=\"noreferrer noopener\">deste link<\/a>.<br><br><strong>Como doar<\/strong><br><br>O agendamento&nbsp;da doa\u00e7\u00e3o de sangue pode ser feito por&nbsp;<a href=\"http:\/\/www.mg.gov.br\/agendamento_servico\/doacao-de-sangue\" target=\"_blank\" rel=\"noreferrer noopener\">este link<\/a>&nbsp;ou pelo aplicativo MG App Cidad\u00e3o. Tamb\u00e9m \u00e9 poss\u00edvel comparecer sem agendamento. Nesse caso, o candidato \u00e0 doa\u00e7\u00e3o ser\u00e1 encaixado nos hor\u00e1rios dispon\u00edveis.<\/p>\n","protected":false},"excerpt":{"rendered":"<p>Devido ao aumento do volume de \u00e1gua nas ruas, estoques ficam afetados para atendimentos A&nbsp;Funda\u00e7\u00e3o Hemominas&nbsp;convoca toda a popula\u00e7\u00e3o mineira, em car\u00e1ter de urg\u00eancia, para doar sangue diante das fortes chuvas que atingiram&nbsp;Juiz de Fora e outros munic\u00edpios da Zona da Mata,&nbsp;deixando mortos e desaparecidos. O volume at\u00edpico de \u00e1guas tem impactado no deslocamento e [&hellip;]<\/p>\n","protected":false},"author":5,"featured_media":169496,"comment_status":"closed","ping_status":"open","sticky":false,"template":"","format":"standard","meta":{"advgb_blocks_editor_width":"","advgb_blocks_columns_visual_guide":"","_exactmetrics_skip_tracking":false,"_exactmetrics_sitenote_active":false,"_exactmetrics_sitenote_note":"","_exactmetrics_sitenote_category":0,"footnotes":""},"categories":[7,2],"tags":[],"class_list":["post-169495","post","type-post","status-publish","format-standard","has-post-thumbnail","hentry","category-destaques","category-noticias"],"better_featured_image":{"id":169496,"alt_text":"","caption":"","description":"","media_type":"image","media_details":{"width":940,"height":350,"file":"2026\/02\/Doacao__Sangue__Hemoninas_-_Adair_Gomez_19_1.jpg","filesize":300624,"sizes":{"medium":{"file":"Doacao__Sangue__Hemoninas_-_Adair_Gomez_19_1-470x175.jpg","width":470,"height":175,"mime-type":"image\/jpeg","filesize":22481,"source_url":"https:\/\/lavras.tv\/site\/wp-content\/uploads\/2026\/02\/Doacao__Sangue__Hemoninas_-_Adair_Gomez_19_1-470x175.jpg"},"thumbnail":{"file":"Doacao__Sangue__Hemoninas_-_Adair_Gomez_19_1-170x63.jpg","width":170,"height":63,"mime-type":"image\/jpeg","filesize":4716,"source_url":"https:\/\/lavras.tv\/site\/wp-content\/uploads\/2026\/02\/Doacao__Sangue__Hemoninas_-_Adair_Gomez_19_1-170x63.jpg"},"alm-thumbnail":{"file":"Doacao__Sangue__Hemoninas_-_Adair_Gomez_19_1-150x150.jpg","width":150,"height":150,"mime-type":"image\/jpeg","filesize":8010,"source_url":"https:\/\/lavras.tv\/site\/wp-content\/uploads\/2026\/02\/Doacao__Sangue__Hemoninas_-_Adair_Gomez_19_1-150x150.jpg"},"sow-carousel-default":{"file":"Doacao__Sangue__Hemoninas_-_Adair_Gomez_19_1-272x182.jpg","width":272,"height":182,"mime-type":"image\/jpeg","filesize":15649,"source_url":"https:\/\/lavras.tv\/site\/wp-content\/uploads\/2026\/02\/Doacao__Sangue__Hemoninas_-_Adair_Gomez_19_1-272x182.jpg"}},"image_meta":{"aperture":"0","credit":"","camera":"","caption":"","created_timestamp":"0","copyright":"","focal_length":"0","iso":"0","shutter_speed":"0","title":"","orientation":"0","keywords":[]}},"post":169495,"source_url":"https:\/\/lavras.tv\/site\/wp-content\/uploads\/2026\/02\/Doacao__Sangue__Hemoninas_-_Adair_Gomez_19_1.jpg"},"author_meta":{"display_name":"Vinicius Bustamante","author_link":"https:\/\/lavras.tv\/site\/author\/vinicius-bustamante\/"},"featured_img":"https:\/\/lavras.tv\/site\/wp-content\/uploads\/2026\/02\/Doacao__Sangue__Hemoninas_-_Adair_Gomez_19_1-470x175.jpg","coauthors":[],"tax_additional":{"categories":{"linked":["<a href=\"https:\/\/lavras.tv\/site\/category\/destaques\/\" class=\"advgb-post-tax-term\">Destaques<\/a>","<a href=\"https:\/\/lavras.tv\/site\/category\/noticias\/\" class=\"advgb-post-tax-term\">Not\u00edcias<\/a>"],"unlinked":["<span class=\"advgb-post-tax-term\">Destaques<\/span>","<span class=\"advgb-post-tax-term\">Not\u00edcias<\/span>"]}},"comment_count":"0","relative_dates":{"created":"Publicado 2 meses atr\u00e1s","modified":"Atualizado 2 meses atr\u00e1s"},"absolute_dates":{"created":"Publicado em 26 de fevereiro de 2026","modified":"Atualizado em 26 de fevereiro de 2026"},"absolute_dates_time":{"created":"Publicado em 26 de fevereiro de 2026 09:42","modified":"Atualizado em 26 de fevereiro de 2026 09:42"},"featured_img_caption":"","series_order":"","_links":{"self":[{"href":"https:\/\/lavras.tv\/site\/wp-json\/wp\/v2\/posts\/169495","targetHints":{"allow":["GET"]}}],"collection":[{"href":"https:\/\/lavras.tv\/site\/wp-json\/wp\/v2\/posts"}],"about":[{"href":"https:\/\/lavras.tv\/site\/wp-json\/wp\/v2\/types\/post"}],"author":[{"embeddable":true,"href":"https:\/\/lavras.tv\/site\/wp-json\/wp\/v2\/users\/5"}],"replies":[{"embeddable":true,"href":"https:\/\/lavras.tv\/site\/wp-json\/wp\/v2\/comments?post=169495"}],"version-history":[{"count":1,"href":"https:\/\/lavras.tv\/site\/wp-json\/wp\/v2\/posts\/169495\/revisions"}],"predecessor-version":[{"id":169497,"href":"https:\/\/lavras.tv\/site\/wp-json\/wp\/v2\/posts\/169495\/revisions\/169497"}],"wp:featuredmedia":[{"embeddable":true,"href":"https:\/\/lavras.tv\/site\/wp-json\/wp\/v2\/media\/169496"}],"wp:attachment":[{"href":"https:\/\/lavras.tv\/site\/wp-json\/wp\/v2\/media?parent=169495"}],"wp:term":[{"taxonomy":"category","embeddable":true,"href":"https:\/\/lavras.tv\/site\/wp-json\/wp\/v2\/categories?post=169495"},{"taxonomy":"post_tag","embeddable":true,"href":"https:\/\/lavras.tv\/site\/wp-json\/wp\/v2\/tags?post=169495"}],"curies":[{"name":"wp","href":"https:\/\/api.w.org\/{rel}","templated":true}]}}