{"id":169498,"date":"2026-02-26T09:48:13","date_gmt":"2026-02-26T12:48:13","guid":{"rendered":"https:\/\/lavras.tv\/site\/?p=169498"},"modified":"2026-02-26T09:48:14","modified_gmt":"2026-02-26T12:48:14","slug":"verdecine-2026-recebe-inscricoes-para-filmes-com-foco-em-sustentabilidade-nas-escolas","status":"publish","type":"post","link":"https:\/\/lavras.tv\/site\/2026\/02\/26\/verdecine-2026-recebe-inscricoes-para-filmes-com-foco-em-sustentabilidade-nas-escolas\/","title":{"rendered":"VERdeCINE 2026 recebe inscri\u00e7\u00f5es para filmes com foco em sustentabilidade nas escolas"},"content":{"rendered":"<div class=\"lavra-antes-do-conteudo_2\" id=\"lavra-2491163724\"><div id=\"lavra-slider-27\" class=\"custom-slider lavra-slider-3921816401 lavra-slider\"><ul><li><div style=\"margin-left: auto;margin-right: auto;text-align: center;\" id=\"lavra-2909874560\"><a href=\"https:\/\/sistemas.lavras.mg.gov.br\/portalcidadao\/#df1b1a7c7b2a290bcb31e32771e610784662739a88807c0dacac58ede5f391a7530e299dc302d611ee73cb143fc22eaf93592e53e7b5bdb01b00a0b8d28dae460c141dd2ff83412e4dc1c31b16b25f33144a9e5620ea73b13f5bc1c59411d98439ad226e8af03840603796067d87afe130812cf3de24982d0e306f9e61e764e5\" aria-label=\"Lavras-TV&#8211;720x104px (1) (1)\"><img src=\"https:\/\/lavras.tv\/site\/wp-content\/uploads\/2025\/01\/Lavras-TV-720x104px-1-1.png\" alt=\"\"  srcset=\"https:\/\/lavras.tv\/site\/wp-content\/uploads\/2025\/01\/Lavras-TV-720x104px-1-1.png 720w, https:\/\/lavras.tv\/site\/wp-content\/uploads\/2025\/01\/Lavras-TV-720x104px-1-1-470x68.png 470w, https:\/\/lavras.tv\/site\/wp-content\/uploads\/2025\/01\/Lavras-TV-720x104px-1-1-170x25.png 170w, https:\/\/lavras.tv\/site\/wp-content\/uploads\/2025\/01\/Lavras-TV-720x104px-1-1-200x29.png 200w\" sizes=\"(max-width: 720px) 100vw, 720px\" width=\"720\" height=\"104\"  style=\"display: inline-block;\" \/><\/a><\/div><\/li><li><a href=\"https:\/\/sistemas.lavras.mg.gov.br\/portalcidadao\/#df1b1a7c7b2a290bcb31e32771e610784662739a88807c0dacac58ede5f391a7530e299dc302d611ee73cb143fc22eaf93592e53e7b5bdb01b00a0b8d28dae460c141dd2ff83412e4dc1c31b16b25f33144a9e5620ea73b13f5bc1c59411d98439ad226e8af03840603796067d87afe130812cf3de24982d0e306f9e61e764e5\" aria-label=\"Banner_Emprego_PortallavrasTV\"><img src=\"https:\/\/lavras.tv\/site\/wp-content\/uploads\/2025\/03\/Banner_Emprego_PortallavrasTV.png\" alt=\"\"  srcset=\"https:\/\/lavras.tv\/site\/wp-content\/uploads\/2025\/03\/Banner_Emprego_PortallavrasTV.png 720w, https:\/\/lavras.tv\/site\/wp-content\/uploads\/2025\/03\/Banner_Emprego_PortallavrasTV-470x68.png 470w, https:\/\/lavras.tv\/site\/wp-content\/uploads\/2025\/03\/Banner_Emprego_PortallavrasTV-170x25.png 170w, https:\/\/lavras.tv\/site\/wp-content\/uploads\/2025\/03\/Banner_Emprego_PortallavrasTV-200x29.png 200w\" sizes=\"(max-width: 720px) 100vw, 720px\" width=\"720\" height=\"104\"   \/><\/a><\/li><li><a href=\"https:\/\/sistemas.lavras.mg.gov.br\/portalcidadao\/#df1b1a7c7b2a290bcb31e32771e610784662739a88807c0dacac58ede5f391a7530e299dc302d611ee73cb143fc22eaf93592e53e7b5bdb01b00a0b8d28dae460c141dd2ff83412e4dc1c31b16b25f33144a9e5620ea73b13f5bc1c59411d98439ad226e8af03840603796067d87afe130812cf3de24982d0e306f9e61e764e5\" aria-label=\"Banner_Obras_PortallavrasTV\"><img src=\"https:\/\/lavras.tv\/site\/wp-content\/uploads\/2025\/03\/Banner_Obras_PortallavrasTV.png\" alt=\"\"  srcset=\"https:\/\/lavras.tv\/site\/wp-content\/uploads\/2025\/03\/Banner_Obras_PortallavrasTV.png 720w, https:\/\/lavras.tv\/site\/wp-content\/uploads\/2025\/03\/Banner_Obras_PortallavrasTV-470x68.png 470w, https:\/\/lavras.tv\/site\/wp-content\/uploads\/2025\/03\/Banner_Obras_PortallavrasTV-170x25.png 170w, https:\/\/lavras.tv\/site\/wp-content\/uploads\/2025\/03\/Banner_Obras_PortallavrasTV-200x29.png 200w\" sizes=\"(max-width: 720px) 100vw, 720px\" width=\"720\" height=\"104\"   \/><\/a><\/li><li><div style=\"margin-left: auto;margin-right: auto;text-align: center;\" id=\"lavra-1295444746\"><a href=\"https:\/\/sistemas.lavras.mg.gov.br\/portalcidadao\/#df1b1a7c7b2a290bcb31e32771e610784662739a88807c0dacac58ede5f391a7530e299dc302d611ee73cb143fc22eaf93592e53e7b5bdb01b00a0b8d28dae460c141dd2ff83412e4dc1c31b16b25f33144a9e5620ea73b13f5bc1c59411d98439ad226e8af03840603796067d87afe130812cf3de24982d0e306f9e61e764e5\" aria-label=\"Banner_Educa\u00e7\u00e3o_PortallavrasTV\"><img src=\"https:\/\/lavras.tv\/site\/wp-content\/uploads\/2025\/01\/Banner_Educacao_PortallavrasTV.png\" alt=\"\"  srcset=\"https:\/\/lavras.tv\/site\/wp-content\/uploads\/2025\/01\/Banner_Educacao_PortallavrasTV.png 720w, https:\/\/lavras.tv\/site\/wp-content\/uploads\/2025\/01\/Banner_Educacao_PortallavrasTV-470x68.png 470w, https:\/\/lavras.tv\/site\/wp-content\/uploads\/2025\/01\/Banner_Educacao_PortallavrasTV-170x25.png 170w, https:\/\/lavras.tv\/site\/wp-content\/uploads\/2025\/01\/Banner_Educacao_PortallavrasTV-200x29.png 200w\" sizes=\"(max-width: 720px) 100vw, 720px\" width=\"720\" height=\"104\"  style=\"display: inline-block;\" \/><\/a><\/div><\/li><li><a href=\"https:\/\/sistemas.lavras.mg.gov.br\/portalcidadao\/#df1b1a7c7b2a290bcb31e32771e610784662739a88807c0dacac58ede5f391a7530e299dc302d611ee73cb143fc22eaf93592e53e7b5bdb01b00a0b8d28dae460c141dd2ff83412e4dc1c31b16b25f33144a9e5620ea73b13f5bc1c59411d98439ad226e8af03840603796067d87afe130812cf3de24982d0e306f9e61e764e5\" aria-label=\"Banner_Sa\u00fade_PortallavrasTV\"><img src=\"https:\/\/lavras.tv\/site\/wp-content\/uploads\/2025\/03\/Banner_Saude_PortallavrasTV.png\" alt=\"\"  srcset=\"https:\/\/lavras.tv\/site\/wp-content\/uploads\/2025\/03\/Banner_Saude_PortallavrasTV.png 720w, https:\/\/lavras.tv\/site\/wp-content\/uploads\/2025\/03\/Banner_Saude_PortallavrasTV-470x68.png 470w, https:\/\/lavras.tv\/site\/wp-content\/uploads\/2025\/03\/Banner_Saude_PortallavrasTV-170x25.png 170w, https:\/\/lavras.tv\/site\/wp-content\/uploads\/2025\/03\/Banner_Saude_PortallavrasTV-200x29.png 200w\" sizes=\"(max-width: 720px) 100vw, 720px\" width=\"720\" height=\"104\"   \/><\/a><\/li><li><div id=\"lavra-108758938\" style=\"width:720px;height:104px;background-color:#ddd;overflow:scroll;\">\n\t<strong>Sa\u00edda da depura\u00e7\u00e3o de an\u00fancios<\/strong>\n\t<br><br>\n\tO an\u00fancio n\u00e3o \u00e9 exibido na p\u00e1gina<br><br>post atual: VERdeCINE 2026 recebe inscri\u00e7\u00f5es para filmes com foco em sustentabilidade nas escolas, ID: 169498<br><br><span style=\"color: red;\">O post atual n\u00e3o \u00e9 id\u00eantico ao post principal.<\/span><br><br>An\u00fancios: ROXO - TOPO INTERNA - ROTATIVO 2 (197)<br \/>Grupo de an\u00fancios: Princ_Meio01_720x104 (27)<br><br>Condi\u00e7\u00f5es de exibi\u00e7\u00e3o<div style=\"margin-bottom: 20px; white-space: pre-wrap; font-family: monospace; width: 100%; background: #ffe9e9;\"><strong>condi\u00e7\u00f5es gerais<\/strong><table border=\"1\"><thead><tr><th><\/th><th>An\u00fancios<\/th><th>wp_the_query<\/th><\/tr><\/thead><tr><td>is_main_query<\/td><td>1<\/td><td>1<\/td><\/tr><tr><td>is_rest_api<\/td><td>0<\/td><td>1<\/td><\/tr><tr><td>page<\/td><td>0<\/td><td>1<\/td><\/tr><tr><td>numpages<\/td><td>0<\/td><td>1<\/td><\/tr><tr><td>is_archive<\/td><td>1<\/td><td><\/td><\/tr><tr><td>is_search<\/td><td>1<\/td><td><\/td><\/tr><tr><td>is_home<\/td><td>1<\/td><td><\/td><\/tr><tr><td>is_404<\/td><td>1<\/td><td><\/td><\/tr><tr><td>is_attachment<\/td><td>1<\/td><td><\/td><\/tr><tr><td>is_singular<\/td><td>1<\/td><td><\/td><\/tr><tr><td>is_front_page<\/td><td>1<\/td><td><\/td><\/tr><tr><td>is_feed<\/td><td>1<\/td><td><\/td><\/tr><\/table><\/div><br><br><span style=\"color: red;\">Seu site usa HTTPS, mas o c\u00f3digo do an\u00fancio cont\u00e9m HTTP e pode n\u00e3o funcionar.<\/span>\t<br><br>\n\t<a style=\"color: green;\" href=\"https:\/\/wpadvancedads.com\/manual\/ad-debug-mode\/?utm_source=advanced-ads&utm_medium=link&utm_campaign=ad-debug-mode\" target=\"_blank\" rel=\"nofollow\">Encontre solu\u00e7\u00f5es no manual<\/a>\n<\/div>\n<\/li><\/ul><\/div><script>( window.advanced_ads_ready || jQuery( document ).ready ).call( null, function() {var $lavraslider3921816401 = jQuery( \".lavra-slider-3921816401\" );$lavraslider3921816401.on( \"unslider.ready\", function() { jQuery( \"div.custom-slider ul li\" ).css( \"display\", \"block\" ); });$lavraslider3921816401.unslider({ delay:4000, autoplay:true, nav:false, arrows:false, infinite:true });$lavraslider3921816401.on(\"mouseover\", function() {$lavraslider3921816401.unslider(\"stop\");}).on(\"mouseout\", function() {$lavraslider3921816401.unslider(\"start\");});});<\/script><\/div>\n<p><em>Festival em Lavras (MG) seleciona obras audiovisuais de todo o Brasil.<\/em><\/p>\n\n\n\n<p><em>Produ\u00e7\u00f5es podem ser inscritas gratuitamente de 22 de fevereiro a 08 de mar\u00e7o.<\/em><\/p>\n\n\n\n<figure class=\"wp-block-image size-large\"><img fetchpriority=\"high\" decoding=\"async\" width=\"970\" height=\"518\" src=\"https:\/\/lavras.tv\/site\/wp-content\/uploads\/2026\/02\/verdecine-lavras-970x518.webp\" alt=\"\" class=\"wp-image-169499\" srcset=\"https:\/\/lavras.tv\/site\/wp-content\/uploads\/2026\/02\/verdecine-lavras-970x518.webp 970w, https:\/\/lavras.tv\/site\/wp-content\/uploads\/2026\/02\/verdecine-lavras-470x251.webp 470w, https:\/\/lavras.tv\/site\/wp-content\/uploads\/2026\/02\/verdecine-lavras-170x91.webp 170w, https:\/\/lavras.tv\/site\/wp-content\/uploads\/2026\/02\/verdecine-lavras.webp 1192w\" sizes=\"(max-width: 970px) 100vw, 970px\" \/><\/figure>\n\n\n\n<p><strong>O VERdeCINE &#8211; Festival Socioambiental de Filmes<\/strong>&nbsp;anuncia a abertura de sua chamada p\u00fablica para a edi\u00e7\u00e3o de 2026. Cineastas e realizadores audiovisuais de todo o pa\u00eds podem inscrever gratuitamente suas obras entre os dias&nbsp;<strong>22 de fevereiro e 08 de mar\u00e7o atrav\u00e9s de&nbsp;<\/strong><strong>formul\u00e1rio online<\/strong><strong>.&nbsp;<\/strong>O festival, que acontecer\u00e1 nos dias 29, 30 e 31 de maio em Lavras (MG), busca produ\u00e7\u00f5es que promovam reflex\u00f5es sociais e ambientais em seus conte\u00fados.<\/p>\n\n\n\n<p>Neste ano, o tema central do VERdeCINE \u00e9 o&nbsp;<strong>Objetivo 4.7 da Agenda 2030 da ONU: Educa\u00e7\u00e3o de Qualidade<\/strong>. As obras inscritas devem trazer em seu conte\u00fado, de forma direta ou transversal, hist\u00f3rias de aprendizados que inspirem habilidades e compet\u00eancias para promover o desenvolvimento sustent\u00e1vel no planeta.<\/p>\n\n\n\n<p><a><\/a>As inscri\u00e7\u00f5es s\u00e3o gratuitas e podem ser realizadas por pessoas acima de 16 anos que fa\u00e7am parte da ficha t\u00e9cnica da obra. Cada proponente pode inscrever um \u00fanico filme, de qualquer g\u00eanero ou ano de realiza\u00e7\u00e3o, desde que possua&nbsp;<strong>classifica\u00e7\u00e3o indicativa livre<\/strong>. O festival aceita curtas e longas-metragens, que devem ser enviados via formul\u00e1rio online com links do Vimeo ou YouTube. Um diferencial \u00e9tico importante desta edi\u00e7\u00e3o \u00e9 que&nbsp;<strong>n\u00e3o ser\u00e3o aceitos filmes que utilizem Intelig\u00eancia Artificial&nbsp;<\/strong><strong>na sua realiza\u00e7\u00e3o<\/strong>, sob pena de desclassifica\u00e7\u00e3o autom\u00e1tica. O VERdeCINE tem car\u00e1ter n\u00e3o competitivo e todas as suas exibi\u00e7\u00f5es ser\u00e3o gratuitas para o p\u00fablico.<\/p>\n\n\n\n<p><strong>Categorias e Incentivo<\/strong><\/p>\n\n\n\n<p>Os interessados devem optar por uma das tr\u00eas mostras territoriais no ato da inscri\u00e7\u00e3o:&nbsp;<strong>Mostra Brasil,&nbsp;<\/strong>para filmes de todo o territ\u00f3rio nacional;&nbsp;<strong>Mostra Mineira,<\/strong>&nbsp;para produ\u00e7\u00f5es com temas ligados ao estado de Minas Gerais e&nbsp;<strong>Mostra Campos das Vertentes,&nbsp;<\/strong>focada em filmes relacionados \u00e0s cidades da regi\u00e3o dos Campos das Vertentes.<\/p>\n\n\n\n<p>Como forma de valorizar a cadeia produtiva do audiovisual, o VERdeCINE pagar\u00e1 um&nbsp;<strong>cach\u00ea de R$ 600,00 por filme selecionado<\/strong>, correspondente a tr\u00eas exibi\u00e7\u00f5es durante o evento e poss\u00edveis mostras itinerantes.A lista dos filmes selecionados pela curadoria ser\u00e1 divulgada em abril de 2026 no site e nas redes sociais do evento.<\/p>\n\n\n\n<p><strong>Sobre o VERdeCINE<\/strong><\/p>\n\n\n\n<p>O VERdeCINE \u00e9 um festival de car\u00e1ter cultural e educativo que visa difundir e valorizar o cinema como ferramenta de transforma\u00e7\u00e3o socioal e ambiental. Atrav\u00e9s da democratiza\u00e7\u00e3o do acesso ao audiovisual, o projeto busca promover o desenvolvimento sustent\u00e1vel e a cultura de paz.&nbsp;O VERdeCINE preza pela participa\u00e7\u00e3o ativa do publico dando acolhida ao di\u00e1logo e troca de saberes a partir dos filmes exibidos.<\/p>\n\n\n\n<p><strong>Servi\u00e7o<\/strong><\/p>\n\n\n\n<p><strong>Inscri\u00e7\u00f5es para o VERdeCINE \u2013 Festival Socioambiental de Filmes<\/strong><\/p>\n\n\n\n<p><strong>Per\u00edodo&nbsp;<\/strong>22\/02 a 08\/03\/2026<\/p>\n\n\n\n<p><strong>Links para Inscri\u00e7\u00e3o:<\/strong><\/p>\n\n\n\n<p>Curta-metragem:&nbsp;<a href=\"https:\/\/forms.gle\/Ptid5q1oc5LY1Ny28\" target=\"_blank\" rel=\"noreferrer noopener\">https:\/\/forms.gle\/Ptid5q1oc5LY1Ny28<\/a><\/p>\n\n\n\n<p>Longa-metragem:&nbsp;<a href=\"https:\/\/forms.gle\/NhD85kFqMT6mMMzb9\" target=\"_blank\" rel=\"noreferrer noopener\">https:\/\/forms.gle\/NhD85kFqMT6mMMzb9<\/a><\/p>\n\n\n\n<p><strong>Data do Festival:<\/strong>&nbsp;29, 30 e 31 de maio de 2026<\/p>\n\n\n\n<p><strong>Local:<\/strong>&nbsp;Lavras, MG<\/p>\n\n\n\n<p><strong>Informa\u00e7\u00f5es e d\u00favidas:<\/strong>&nbsp;<a href=\"mailto:producaoverdecine@gmail.com\" target=\"_blank\" rel=\"noreferrer noopener\">producaoverdecine@gmail.com<\/a><\/p>\n","protected":false},"excerpt":{"rendered":"<p>Festival em Lavras (MG) seleciona obras audiovisuais de todo o Brasil. Produ\u00e7\u00f5es podem ser inscritas gratuitamente de 22 de fevereiro a 08 de mar\u00e7o. O VERdeCINE &#8211; Festival Socioambiental de Filmes&nbsp;anuncia a abertura de sua chamada p\u00fablica para a edi\u00e7\u00e3o de 2026. Cineastas e realizadores audiovisuais de todo o pa\u00eds podem inscrever gratuitamente suas obras [&hellip;]<\/p>\n","protected":false},"author":5,"featured_media":169499,"comment_status":"closed","ping_status":"open","sticky":false,"template":"","format":"standard","meta":{"advgb_blocks_editor_width":"","advgb_blocks_columns_visual_guide":"","_exactmetrics_skip_tracking":false,"_exactmetrics_sitenote_active":false,"_exactmetrics_sitenote_note":"","_exactmetrics_sitenote_category":0,"footnotes":""},"categories":[7,2],"tags":[],"class_list":["post-169498","post","type-post","status-publish","format-standard","has-post-thumbnail","hentry","category-destaques","category-noticias"],"better_featured_image":{"id":169499,"alt_text":"","caption":"","description":"","media_type":"image","media_details":{"width":1192,"height":637,"file":"2026\/02\/verdecine-lavras.webp","filesize":80870,"sizes":{"medium":{"file":"verdecine-lavras-470x251.webp","width":470,"height":251,"mime-type":"image\/webp","filesize":22756,"source_url":"https:\/\/lavras.tv\/site\/wp-content\/uploads\/2026\/02\/verdecine-lavras-470x251.webp"},"large":{"file":"verdecine-lavras-970x518.webp","width":970,"height":518,"mime-type":"image\/webp","filesize":61302,"source_url":"https:\/\/lavras.tv\/site\/wp-content\/uploads\/2026\/02\/verdecine-lavras-970x518.webp"},"thumbnail":{"file":"verdecine-lavras-170x91.webp","width":170,"height":91,"mime-type":"image\/webp","filesize":4634,"source_url":"https:\/\/lavras.tv\/site\/wp-content\/uploads\/2026\/02\/verdecine-lavras-170x91.webp"},"alm-thumbnail":{"file":"verdecine-lavras-150x150.webp","width":150,"height":150,"mime-type":"image\/webp","filesize":6928,"source_url":"https:\/\/lavras.tv\/site\/wp-content\/uploads\/2026\/02\/verdecine-lavras-150x150.webp"},"sow-carousel-default":{"file":"verdecine-lavras-272x182.webp","width":272,"height":182,"mime-type":"image\/webp","filesize":13174,"source_url":"https:\/\/lavras.tv\/site\/wp-content\/uploads\/2026\/02\/verdecine-lavras-272x182.webp"}},"image_meta":{"aperture":"0","credit":"","camera":"","caption":"","created_timestamp":"0","copyright":"","focal_length":"0","iso":"0","shutter_speed":"0","title":"","orientation":"0","keywords":[]}},"post":169498,"source_url":"https:\/\/lavras.tv\/site\/wp-content\/uploads\/2026\/02\/verdecine-lavras.webp"},"author_meta":{"display_name":"Vinicius Bustamante","author_link":"https:\/\/lavras.tv\/site\/author\/vinicius-bustamante\/"},"featured_img":"https:\/\/lavras.tv\/site\/wp-content\/uploads\/2026\/02\/verdecine-lavras-470x251.webp","coauthors":[],"tax_additional":{"categories":{"linked":["<a href=\"https:\/\/lavras.tv\/site\/category\/destaques\/\" class=\"advgb-post-tax-term\">Destaques<\/a>","<a href=\"https:\/\/lavras.tv\/site\/category\/noticias\/\" class=\"advgb-post-tax-term\">Not\u00edcias<\/a>"],"unlinked":["<span class=\"advgb-post-tax-term\">Destaques<\/span>","<span class=\"advgb-post-tax-term\">Not\u00edcias<\/span>"]}},"comment_count":"0","relative_dates":{"created":"Publicado 2 meses atr\u00e1s","modified":"Atualizado 2 meses atr\u00e1s"},"absolute_dates":{"created":"Publicado em 26 de fevereiro de 2026","modified":"Atualizado em 26 de fevereiro de 2026"},"absolute_dates_time":{"created":"Publicado em 26 de fevereiro de 2026 09:48","modified":"Atualizado em 26 de fevereiro de 2026 09:48"},"featured_img_caption":"","series_order":"","_links":{"self":[{"href":"https:\/\/lavras.tv\/site\/wp-json\/wp\/v2\/posts\/169498","targetHints":{"allow":["GET"]}}],"collection":[{"href":"https:\/\/lavras.tv\/site\/wp-json\/wp\/v2\/posts"}],"about":[{"href":"https:\/\/lavras.tv\/site\/wp-json\/wp\/v2\/types\/post"}],"author":[{"embeddable":true,"href":"https:\/\/lavras.tv\/site\/wp-json\/wp\/v2\/users\/5"}],"replies":[{"embeddable":true,"href":"https:\/\/lavras.tv\/site\/wp-json\/wp\/v2\/comments?post=169498"}],"version-history":[{"count":1,"href":"https:\/\/lavras.tv\/site\/wp-json\/wp\/v2\/posts\/169498\/revisions"}],"predecessor-version":[{"id":169500,"href":"https:\/\/lavras.tv\/site\/wp-json\/wp\/v2\/posts\/169498\/revisions\/169500"}],"wp:featuredmedia":[{"embeddable":true,"href":"https:\/\/lavras.tv\/site\/wp-json\/wp\/v2\/media\/169499"}],"wp:attachment":[{"href":"https:\/\/lavras.tv\/site\/wp-json\/wp\/v2\/media?parent=169498"}],"wp:term":[{"taxonomy":"category","embeddable":true,"href":"https:\/\/lavras.tv\/site\/wp-json\/wp\/v2\/categories?post=169498"},{"taxonomy":"post_tag","embeddable":true,"href":"https:\/\/lavras.tv\/site\/wp-json\/wp\/v2\/tags?post=169498"}],"curies":[{"name":"wp","href":"https:\/\/api.w.org\/{rel}","templated":true}]}}