{"id":169509,"date":"2026-02-26T18:06:46","date_gmt":"2026-02-26T21:06:46","guid":{"rendered":"http:\/\/lavras.tv\/site\/?p=169509"},"modified":"2026-02-26T18:06:47","modified_gmt":"2026-02-26T21:06:47","slug":"bolsas-de-ate-100-no-unilavras-ultimos-dias-para-ingressar-com-a-nota-do-enem","status":"publish","type":"post","link":"https:\/\/lavras.tv\/site\/2026\/02\/26\/bolsas-de-ate-100-no-unilavras-ultimos-dias-para-ingressar-com-a-nota-do-enem\/","title":{"rendered":"Bolsas de at\u00e9 100% no Unilavras: \u00faltimos dias para ingressar com a nota do Enem"},"content":{"rendered":"<div class=\"lavra-antes-do-conteudo_2\" id=\"lavra-391439407\"><div id=\"lavra-slider-27\" class=\"custom-slider lavra-slider-958016184 lavra-slider\"><ul><li><div style=\"margin-left: auto;margin-right: auto;text-align: center;\" id=\"lavra-2358171653\"><a href=\"https:\/\/sistemas.lavras.mg.gov.br\/portalcidadao\/#df1b1a7c7b2a290bcb31e32771e610784662739a88807c0dacac58ede5f391a7530e299dc302d611ee73cb143fc22eaf93592e53e7b5bdb01b00a0b8d28dae460c141dd2ff83412e4dc1c31b16b25f33144a9e5620ea73b13f5bc1c59411d98439ad226e8af03840603796067d87afe130812cf3de24982d0e306f9e61e764e5\" aria-label=\"Lavras-TV&#8211;720x104px (1) (1)\"><img src=\"https:\/\/lavras.tv\/site\/wp-content\/uploads\/2025\/01\/Lavras-TV-720x104px-1-1.png\" alt=\"\"  srcset=\"https:\/\/lavras.tv\/site\/wp-content\/uploads\/2025\/01\/Lavras-TV-720x104px-1-1.png 720w, https:\/\/lavras.tv\/site\/wp-content\/uploads\/2025\/01\/Lavras-TV-720x104px-1-1-470x68.png 470w, https:\/\/lavras.tv\/site\/wp-content\/uploads\/2025\/01\/Lavras-TV-720x104px-1-1-170x25.png 170w, https:\/\/lavras.tv\/site\/wp-content\/uploads\/2025\/01\/Lavras-TV-720x104px-1-1-200x29.png 200w\" sizes=\"(max-width: 720px) 100vw, 720px\" width=\"720\" height=\"104\"  style=\"display: inline-block;\" \/><\/a><\/div><\/li><li><a href=\"https:\/\/sistemas.lavras.mg.gov.br\/portalcidadao\/#df1b1a7c7b2a290bcb31e32771e610784662739a88807c0dacac58ede5f391a7530e299dc302d611ee73cb143fc22eaf93592e53e7b5bdb01b00a0b8d28dae460c141dd2ff83412e4dc1c31b16b25f33144a9e5620ea73b13f5bc1c59411d98439ad226e8af03840603796067d87afe130812cf3de24982d0e306f9e61e764e5\" aria-label=\"Banner_Emprego_PortallavrasTV\"><img src=\"https:\/\/lavras.tv\/site\/wp-content\/uploads\/2025\/03\/Banner_Emprego_PortallavrasTV.png\" alt=\"\"  srcset=\"https:\/\/lavras.tv\/site\/wp-content\/uploads\/2025\/03\/Banner_Emprego_PortallavrasTV.png 720w, https:\/\/lavras.tv\/site\/wp-content\/uploads\/2025\/03\/Banner_Emprego_PortallavrasTV-470x68.png 470w, https:\/\/lavras.tv\/site\/wp-content\/uploads\/2025\/03\/Banner_Emprego_PortallavrasTV-170x25.png 170w, https:\/\/lavras.tv\/site\/wp-content\/uploads\/2025\/03\/Banner_Emprego_PortallavrasTV-200x29.png 200w\" sizes=\"(max-width: 720px) 100vw, 720px\" width=\"720\" height=\"104\"   \/><\/a><\/li><li><a href=\"https:\/\/sistemas.lavras.mg.gov.br\/portalcidadao\/#df1b1a7c7b2a290bcb31e32771e610784662739a88807c0dacac58ede5f391a7530e299dc302d611ee73cb143fc22eaf93592e53e7b5bdb01b00a0b8d28dae460c141dd2ff83412e4dc1c31b16b25f33144a9e5620ea73b13f5bc1c59411d98439ad226e8af03840603796067d87afe130812cf3de24982d0e306f9e61e764e5\" aria-label=\"Banner_Obras_PortallavrasTV\"><img src=\"https:\/\/lavras.tv\/site\/wp-content\/uploads\/2025\/03\/Banner_Obras_PortallavrasTV.png\" alt=\"\"  srcset=\"https:\/\/lavras.tv\/site\/wp-content\/uploads\/2025\/03\/Banner_Obras_PortallavrasTV.png 720w, https:\/\/lavras.tv\/site\/wp-content\/uploads\/2025\/03\/Banner_Obras_PortallavrasTV-470x68.png 470w, https:\/\/lavras.tv\/site\/wp-content\/uploads\/2025\/03\/Banner_Obras_PortallavrasTV-170x25.png 170w, https:\/\/lavras.tv\/site\/wp-content\/uploads\/2025\/03\/Banner_Obras_PortallavrasTV-200x29.png 200w\" sizes=\"(max-width: 720px) 100vw, 720px\" width=\"720\" height=\"104\"   \/><\/a><\/li><li><div style=\"margin-left: auto;margin-right: auto;text-align: center;\" id=\"lavra-1496036059\"><a href=\"https:\/\/sistemas.lavras.mg.gov.br\/portalcidadao\/#df1b1a7c7b2a290bcb31e32771e610784662739a88807c0dacac58ede5f391a7530e299dc302d611ee73cb143fc22eaf93592e53e7b5bdb01b00a0b8d28dae460c141dd2ff83412e4dc1c31b16b25f33144a9e5620ea73b13f5bc1c59411d98439ad226e8af03840603796067d87afe130812cf3de24982d0e306f9e61e764e5\" aria-label=\"Banner_Educa\u00e7\u00e3o_PortallavrasTV\"><img src=\"https:\/\/lavras.tv\/site\/wp-content\/uploads\/2025\/01\/Banner_Educacao_PortallavrasTV.png\" alt=\"\"  srcset=\"https:\/\/lavras.tv\/site\/wp-content\/uploads\/2025\/01\/Banner_Educacao_PortallavrasTV.png 720w, https:\/\/lavras.tv\/site\/wp-content\/uploads\/2025\/01\/Banner_Educacao_PortallavrasTV-470x68.png 470w, https:\/\/lavras.tv\/site\/wp-content\/uploads\/2025\/01\/Banner_Educacao_PortallavrasTV-170x25.png 170w, https:\/\/lavras.tv\/site\/wp-content\/uploads\/2025\/01\/Banner_Educacao_PortallavrasTV-200x29.png 200w\" sizes=\"(max-width: 720px) 100vw, 720px\" width=\"720\" height=\"104\"  style=\"display: inline-block;\" \/><\/a><\/div><\/li><li><a href=\"https:\/\/sistemas.lavras.mg.gov.br\/portalcidadao\/#df1b1a7c7b2a290bcb31e32771e610784662739a88807c0dacac58ede5f391a7530e299dc302d611ee73cb143fc22eaf93592e53e7b5bdb01b00a0b8d28dae460c141dd2ff83412e4dc1c31b16b25f33144a9e5620ea73b13f5bc1c59411d98439ad226e8af03840603796067d87afe130812cf3de24982d0e306f9e61e764e5\" aria-label=\"Banner_Sa\u00fade_PortallavrasTV\"><img src=\"https:\/\/lavras.tv\/site\/wp-content\/uploads\/2025\/03\/Banner_Saude_PortallavrasTV.png\" alt=\"\"  srcset=\"https:\/\/lavras.tv\/site\/wp-content\/uploads\/2025\/03\/Banner_Saude_PortallavrasTV.png 720w, https:\/\/lavras.tv\/site\/wp-content\/uploads\/2025\/03\/Banner_Saude_PortallavrasTV-470x68.png 470w, https:\/\/lavras.tv\/site\/wp-content\/uploads\/2025\/03\/Banner_Saude_PortallavrasTV-170x25.png 170w, https:\/\/lavras.tv\/site\/wp-content\/uploads\/2025\/03\/Banner_Saude_PortallavrasTV-200x29.png 200w\" sizes=\"(max-width: 720px) 100vw, 720px\" width=\"720\" height=\"104\"   \/><\/a><\/li><li><div id=\"lavra-2090374511\" style=\"width:720px;height:104px;background-color:#ddd;overflow:scroll;\">\n\t<strong>Sa\u00edda da depura\u00e7\u00e3o de an\u00fancios<\/strong>\n\t<br><br>\n\tO an\u00fancio n\u00e3o \u00e9 exibido na p\u00e1gina<br><br>post atual: Bolsas de at\u00e9 100% no Unilavras: \u00faltimos dias para ingressar com a nota do Enem, ID: 169509<br><br><span style=\"color: red;\">O post atual n\u00e3o \u00e9 id\u00eantico ao post principal.<\/span><br><br>An\u00fancios: ROXO - TOPO INTERNA - ROTATIVO 2 (197)<br \/>Grupo de an\u00fancios: Princ_Meio01_720x104 (27)<br><br>Condi\u00e7\u00f5es de exibi\u00e7\u00e3o<div style=\"margin-bottom: 20px; white-space: pre-wrap; font-family: monospace; width: 100%; background: #ffe9e9;\"><strong>condi\u00e7\u00f5es gerais<\/strong><table border=\"1\"><thead><tr><th><\/th><th>An\u00fancios<\/th><th>wp_the_query<\/th><\/tr><\/thead><tr><td>is_main_query<\/td><td>1<\/td><td>1<\/td><\/tr><tr><td>is_rest_api<\/td><td>0<\/td><td>1<\/td><\/tr><tr><td>page<\/td><td>0<\/td><td>1<\/td><\/tr><tr><td>numpages<\/td><td>0<\/td><td>1<\/td><\/tr><tr><td>is_archive<\/td><td>1<\/td><td><\/td><\/tr><tr><td>is_search<\/td><td>1<\/td><td><\/td><\/tr><tr><td>is_home<\/td><td>1<\/td><td><\/td><\/tr><tr><td>is_404<\/td><td>1<\/td><td><\/td><\/tr><tr><td>is_attachment<\/td><td>1<\/td><td><\/td><\/tr><tr><td>is_singular<\/td><td>1<\/td><td><\/td><\/tr><tr><td>is_front_page<\/td><td>1<\/td><td><\/td><\/tr><tr><td>is_feed<\/td><td>1<\/td><td><\/td><\/tr><\/table><\/div><br><br><span style=\"color: red;\">Seu site usa HTTPS, mas o c\u00f3digo do an\u00fancio cont\u00e9m HTTP e pode n\u00e3o funcionar.<\/span>\t<br><br>\n\t<a style=\"color: green;\" href=\"https:\/\/wpadvancedads.com\/manual\/ad-debug-mode\/?utm_source=advanced-ads&utm_medium=link&utm_campaign=ad-debug-mode\" target=\"_blank\" rel=\"nofollow\">Encontre solu\u00e7\u00f5es no manual<\/a>\n<\/div>\n<\/li><\/ul><\/div><script>( window.advanced_ads_ready || jQuery( document ).ready ).call( null, function() {var $lavraslider958016184 = jQuery( \".lavra-slider-958016184\" );$lavraslider958016184.on( \"unslider.ready\", function() { jQuery( \"div.custom-slider ul li\" ).css( \"display\", \"block\" ); });$lavraslider958016184.unslider({ delay:4000, autoplay:true, nav:false, arrows:false, infinite:true });$lavraslider958016184.on(\"mouseover\", function() {$lavraslider958016184.unslider(\"stop\");}).on(\"mouseout\", function() {$lavraslider958016184.unslider(\"start\");});});<\/script><\/div>\n<figure class=\"wp-block-image size-large\"><img fetchpriority=\"high\" decoding=\"async\" width=\"970\" height=\"253\" src=\"http:\/\/lavras.tv\/site\/wp-content\/uploads\/2026\/02\/Enem-2026-topo-de-pagina-970x253.webp\" alt=\"\" class=\"wp-image-169510\" srcset=\"https:\/\/lavras.tv\/site\/wp-content\/uploads\/2026\/02\/Enem-2026-topo-de-pagina-970x253.webp 970w, https:\/\/lavras.tv\/site\/wp-content\/uploads\/2026\/02\/Enem-2026-topo-de-pagina-470x122.webp 470w, https:\/\/lavras.tv\/site\/wp-content\/uploads\/2026\/02\/Enem-2026-topo-de-pagina-170x44.webp 170w, https:\/\/lavras.tv\/site\/wp-content\/uploads\/2026\/02\/Enem-2026-topo-de-pagina-1536x400.webp 1536w, https:\/\/lavras.tv\/site\/wp-content\/uploads\/2026\/02\/Enem-2026-topo-de-pagina.webp 1920w\" sizes=\"(max-width: 970px) 100vw, 970px\" \/><\/figure>\n\n\n\n<p>No dia 4 de fevereiro, o Centro Universit\u00e1rio de Lavras deu in\u00edcio ao semestre letivo para os veteranos. J\u00e1 a tradicional Recep\u00e7\u00e3o dos Calouros ocorreu nos dias 21 e 23 deste m\u00eas, acolhendo novos estudantes que come\u00e7aram sua trajet\u00f3ria no ensino superior.<br><\/p>\n\n\n\n<p>Para quem acompanha todo esse clima de volta \u00e0s aulas e sente que ficou de fora, ainda d\u00e1 tempo de garantir uma vaga. O Unilavras oferece a oportunidade de ingressar utilizando a nota do ENEM, a partir da edi\u00e7\u00e3o de 2015, e cursar a gradua\u00e7\u00e3o desejada com bolsas de at\u00e9 100%, v\u00e1lidas para todo o curso.<br><\/p>\n\n\n\n<p>Al\u00e9m do ingresso facilitado, a institui\u00e7\u00e3o tamb\u00e9m se destaca pela infraestrutura robusta, pela qualidade dos cursos reconhecida pelo MEC com nota m\u00e1xima (5) e pelo foco na empregabilidade.<br><\/p>\n\n\n\n<p>As vagas s\u00e3o limitadas e os interessados devem se inscrever o quanto antes pelo site <a href=\"https:\/\/unilavras.edu.br\/enem2026\/\">https:\/\/unilavras.edu.br\/enem2026\/<\/a>. O regulamento completo est\u00e1 dispon\u00edvel na p\u00e1gina e d\u00favidas podem ser esclarecidas pelo telefone 0800 283 2833.<\/p>\n","protected":false},"excerpt":{"rendered":"<p>No dia 4 de fevereiro, o Centro Universit\u00e1rio de Lavras deu in\u00edcio ao semestre letivo para os veteranos. J\u00e1 a tradicional Recep\u00e7\u00e3o dos Calouros ocorreu nos dias 21 e 23 deste m\u00eas, acolhendo novos estudantes que come\u00e7aram sua trajet\u00f3ria no ensino superior. Para quem acompanha todo esse clima de volta \u00e0s aulas e sente que [&hellip;]<\/p>\n","protected":false},"author":5,"featured_media":169510,"comment_status":"closed","ping_status":"open","sticky":false,"template":"","format":"standard","meta":{"advgb_blocks_editor_width":"","advgb_blocks_columns_visual_guide":"","_exactmetrics_skip_tracking":false,"_exactmetrics_sitenote_active":false,"_exactmetrics_sitenote_note":"","_exactmetrics_sitenote_category":0,"footnotes":""},"categories":[7,5719,2],"tags":[],"class_list":["post-169509","post","type-post","status-publish","format-standard","has-post-thumbnail","hentry","category-destaques","category-educacao","category-noticias"],"better_featured_image":{"id":169510,"alt_text":"","caption":"","description":"","media_type":"image","media_details":{"width":1920,"height":500,"file":"2026\/02\/Enem-2026-topo-de-pagina.webp","filesize":72894,"sizes":{"medium":{"file":"Enem-2026-topo-de-pagina-470x122.webp","width":470,"height":122,"mime-type":"image\/webp","filesize":7462,"source_url":"https:\/\/lavras.tv\/site\/wp-content\/uploads\/2026\/02\/Enem-2026-topo-de-pagina-470x122.webp"},"large":{"file":"Enem-2026-topo-de-pagina-970x253.webp","width":970,"height":253,"mime-type":"image\/webp","filesize":19958,"source_url":"https:\/\/lavras.tv\/site\/wp-content\/uploads\/2026\/02\/Enem-2026-topo-de-pagina-970x253.webp"},"thumbnail":{"file":"Enem-2026-topo-de-pagina-170x44.webp","width":170,"height":44,"mime-type":"image\/webp","filesize":1894,"source_url":"https:\/\/lavras.tv\/site\/wp-content\/uploads\/2026\/02\/Enem-2026-topo-de-pagina-170x44.webp"},"1536x1536":{"file":"Enem-2026-topo-de-pagina-1536x400.webp","width":1536,"height":400,"mime-type":"image\/webp","filesize":38040,"source_url":"https:\/\/lavras.tv\/site\/wp-content\/uploads\/2026\/02\/Enem-2026-topo-de-pagina-1536x400.webp"},"alm-thumbnail":{"file":"Enem-2026-topo-de-pagina-150x150.webp","width":150,"height":150,"mime-type":"image\/webp","filesize":1186,"source_url":"https:\/\/lavras.tv\/site\/wp-content\/uploads\/2026\/02\/Enem-2026-topo-de-pagina-150x150.webp"},"sow-carousel-default":{"file":"Enem-2026-topo-de-pagina-272x182.webp","width":272,"height":182,"mime-type":"image\/webp","filesize":4366,"source_url":"https:\/\/lavras.tv\/site\/wp-content\/uploads\/2026\/02\/Enem-2026-topo-de-pagina-272x182.webp"}},"image_meta":{"aperture":"0","credit":"","camera":"","caption":"","created_timestamp":"0","copyright":"","focal_length":"0","iso":"0","shutter_speed":"0","title":"","orientation":"0","keywords":[]}},"post":169509,"source_url":"https:\/\/lavras.tv\/site\/wp-content\/uploads\/2026\/02\/Enem-2026-topo-de-pagina.webp"},"author_meta":{"display_name":"Vinicius Bustamante","author_link":"https:\/\/lavras.tv\/site\/author\/vinicius-bustamante\/"},"featured_img":"https:\/\/lavras.tv\/site\/wp-content\/uploads\/2026\/02\/Enem-2026-topo-de-pagina-470x122.webp","coauthors":[],"tax_additional":{"categories":{"linked":["<a href=\"https:\/\/lavras.tv\/site\/category\/destaques\/\" class=\"advgb-post-tax-term\">Destaques<\/a>","<a href=\"https:\/\/lavras.tv\/site\/category\/educacao\/\" class=\"advgb-post-tax-term\">Educa\u00e7\u00e3o<\/a>","<a href=\"https:\/\/lavras.tv\/site\/category\/noticias\/\" class=\"advgb-post-tax-term\">Not\u00edcias<\/a>"],"unlinked":["<span class=\"advgb-post-tax-term\">Destaques<\/span>","<span class=\"advgb-post-tax-term\">Educa\u00e7\u00e3o<\/span>","<span class=\"advgb-post-tax-term\">Not\u00edcias<\/span>"]}},"comment_count":"0","relative_dates":{"created":"Publicado 2 meses atr\u00e1s","modified":"Atualizado 2 meses atr\u00e1s"},"absolute_dates":{"created":"Publicado em 26 de fevereiro de 2026","modified":"Atualizado em 26 de fevereiro de 2026"},"absolute_dates_time":{"created":"Publicado em 26 de fevereiro de 2026 18:06","modified":"Atualizado em 26 de fevereiro de 2026 18:06"},"featured_img_caption":"","series_order":"","_links":{"self":[{"href":"https:\/\/lavras.tv\/site\/wp-json\/wp\/v2\/posts\/169509","targetHints":{"allow":["GET"]}}],"collection":[{"href":"https:\/\/lavras.tv\/site\/wp-json\/wp\/v2\/posts"}],"about":[{"href":"https:\/\/lavras.tv\/site\/wp-json\/wp\/v2\/types\/post"}],"author":[{"embeddable":true,"href":"https:\/\/lavras.tv\/site\/wp-json\/wp\/v2\/users\/5"}],"replies":[{"embeddable":true,"href":"https:\/\/lavras.tv\/site\/wp-json\/wp\/v2\/comments?post=169509"}],"version-history":[{"count":1,"href":"https:\/\/lavras.tv\/site\/wp-json\/wp\/v2\/posts\/169509\/revisions"}],"predecessor-version":[{"id":169511,"href":"https:\/\/lavras.tv\/site\/wp-json\/wp\/v2\/posts\/169509\/revisions\/169511"}],"wp:featuredmedia":[{"embeddable":true,"href":"https:\/\/lavras.tv\/site\/wp-json\/wp\/v2\/media\/169510"}],"wp:attachment":[{"href":"https:\/\/lavras.tv\/site\/wp-json\/wp\/v2\/media?parent=169509"}],"wp:term":[{"taxonomy":"category","embeddable":true,"href":"https:\/\/lavras.tv\/site\/wp-json\/wp\/v2\/categories?post=169509"},{"taxonomy":"post_tag","embeddable":true,"href":"https:\/\/lavras.tv\/site\/wp-json\/wp\/v2\/tags?post=169509"}],"curies":[{"name":"wp","href":"https:\/\/api.w.org\/{rel}","templated":true}]}}