{"id":169515,"date":"2026-02-27T09:01:29","date_gmt":"2026-02-27T12:01:29","guid":{"rendered":"https:\/\/lavras.tv\/site\/?p=169515"},"modified":"2026-02-27T09:01:30","modified_gmt":"2026-02-27T12:01:30","slug":"detran-mg-adequa-sistemas-para-que-autoescolas-possam-atuar-conforme-nova-legislacao-nacional","status":"publish","type":"post","link":"https:\/\/lavras.tv\/site\/2026\/02\/27\/detran-mg-adequa-sistemas-para-que-autoescolas-possam-atuar-conforme-nova-legislacao-nacional\/","title":{"rendered":"Detran-MG adequa sistemas para que autoescolas possam atuar conforme nova legisla\u00e7\u00e3o nacional"},"content":{"rendered":"<div class=\"lavra-antes-do-conteudo_2\" id=\"lavra-64224874\"><div id=\"lavra-slider-27\" class=\"custom-slider lavra-slider-3281183986 lavra-slider\"><ul><li><div style=\"margin-left: auto;margin-right: auto;text-align: center;\" id=\"lavra-3067153558\"><a href=\"https:\/\/sistemas.lavras.mg.gov.br\/portalcidadao\/#df1b1a7c7b2a290bcb31e32771e610784662739a88807c0dacac58ede5f391a7530e299dc302d611ee73cb143fc22eaf93592e53e7b5bdb01b00a0b8d28dae460c141dd2ff83412e4dc1c31b16b25f33144a9e5620ea73b13f5bc1c59411d98439ad226e8af03840603796067d87afe130812cf3de24982d0e306f9e61e764e5\" aria-label=\"Lavras-TV&#8211;720x104px (1) (1)\"><img src=\"https:\/\/lavras.tv\/site\/wp-content\/uploads\/2025\/01\/Lavras-TV-720x104px-1-1.png\" alt=\"\"  srcset=\"https:\/\/lavras.tv\/site\/wp-content\/uploads\/2025\/01\/Lavras-TV-720x104px-1-1.png 720w, https:\/\/lavras.tv\/site\/wp-content\/uploads\/2025\/01\/Lavras-TV-720x104px-1-1-470x68.png 470w, https:\/\/lavras.tv\/site\/wp-content\/uploads\/2025\/01\/Lavras-TV-720x104px-1-1-170x25.png 170w, https:\/\/lavras.tv\/site\/wp-content\/uploads\/2025\/01\/Lavras-TV-720x104px-1-1-200x29.png 200w\" sizes=\"(max-width: 720px) 100vw, 720px\" width=\"720\" height=\"104\"  style=\"display: inline-block;\" \/><\/a><\/div><\/li><li><a href=\"https:\/\/sistemas.lavras.mg.gov.br\/portalcidadao\/#df1b1a7c7b2a290bcb31e32771e610784662739a88807c0dacac58ede5f391a7530e299dc302d611ee73cb143fc22eaf93592e53e7b5bdb01b00a0b8d28dae460c141dd2ff83412e4dc1c31b16b25f33144a9e5620ea73b13f5bc1c59411d98439ad226e8af03840603796067d87afe130812cf3de24982d0e306f9e61e764e5\" aria-label=\"Banner_Emprego_PortallavrasTV\"><img src=\"https:\/\/lavras.tv\/site\/wp-content\/uploads\/2025\/03\/Banner_Emprego_PortallavrasTV.png\" alt=\"\"  srcset=\"https:\/\/lavras.tv\/site\/wp-content\/uploads\/2025\/03\/Banner_Emprego_PortallavrasTV.png 720w, https:\/\/lavras.tv\/site\/wp-content\/uploads\/2025\/03\/Banner_Emprego_PortallavrasTV-470x68.png 470w, https:\/\/lavras.tv\/site\/wp-content\/uploads\/2025\/03\/Banner_Emprego_PortallavrasTV-170x25.png 170w, https:\/\/lavras.tv\/site\/wp-content\/uploads\/2025\/03\/Banner_Emprego_PortallavrasTV-200x29.png 200w\" sizes=\"(max-width: 720px) 100vw, 720px\" width=\"720\" height=\"104\"   \/><\/a><\/li><li><a href=\"https:\/\/sistemas.lavras.mg.gov.br\/portalcidadao\/#df1b1a7c7b2a290bcb31e32771e610784662739a88807c0dacac58ede5f391a7530e299dc302d611ee73cb143fc22eaf93592e53e7b5bdb01b00a0b8d28dae460c141dd2ff83412e4dc1c31b16b25f33144a9e5620ea73b13f5bc1c59411d98439ad226e8af03840603796067d87afe130812cf3de24982d0e306f9e61e764e5\" aria-label=\"Banner_Obras_PortallavrasTV\"><img src=\"https:\/\/lavras.tv\/site\/wp-content\/uploads\/2025\/03\/Banner_Obras_PortallavrasTV.png\" alt=\"\"  srcset=\"https:\/\/lavras.tv\/site\/wp-content\/uploads\/2025\/03\/Banner_Obras_PortallavrasTV.png 720w, https:\/\/lavras.tv\/site\/wp-content\/uploads\/2025\/03\/Banner_Obras_PortallavrasTV-470x68.png 470w, https:\/\/lavras.tv\/site\/wp-content\/uploads\/2025\/03\/Banner_Obras_PortallavrasTV-170x25.png 170w, https:\/\/lavras.tv\/site\/wp-content\/uploads\/2025\/03\/Banner_Obras_PortallavrasTV-200x29.png 200w\" sizes=\"(max-width: 720px) 100vw, 720px\" width=\"720\" height=\"104\"   \/><\/a><\/li><li><div style=\"margin-left: auto;margin-right: auto;text-align: center;\" id=\"lavra-3372945804\"><a href=\"https:\/\/sistemas.lavras.mg.gov.br\/portalcidadao\/#df1b1a7c7b2a290bcb31e32771e610784662739a88807c0dacac58ede5f391a7530e299dc302d611ee73cb143fc22eaf93592e53e7b5bdb01b00a0b8d28dae460c141dd2ff83412e4dc1c31b16b25f33144a9e5620ea73b13f5bc1c59411d98439ad226e8af03840603796067d87afe130812cf3de24982d0e306f9e61e764e5\" aria-label=\"Banner_Educa\u00e7\u00e3o_PortallavrasTV\"><img src=\"https:\/\/lavras.tv\/site\/wp-content\/uploads\/2025\/01\/Banner_Educacao_PortallavrasTV.png\" alt=\"\"  srcset=\"https:\/\/lavras.tv\/site\/wp-content\/uploads\/2025\/01\/Banner_Educacao_PortallavrasTV.png 720w, https:\/\/lavras.tv\/site\/wp-content\/uploads\/2025\/01\/Banner_Educacao_PortallavrasTV-470x68.png 470w, https:\/\/lavras.tv\/site\/wp-content\/uploads\/2025\/01\/Banner_Educacao_PortallavrasTV-170x25.png 170w, https:\/\/lavras.tv\/site\/wp-content\/uploads\/2025\/01\/Banner_Educacao_PortallavrasTV-200x29.png 200w\" sizes=\"(max-width: 720px) 100vw, 720px\" width=\"720\" height=\"104\"  style=\"display: inline-block;\" \/><\/a><\/div><\/li><li><a href=\"https:\/\/sistemas.lavras.mg.gov.br\/portalcidadao\/#df1b1a7c7b2a290bcb31e32771e610784662739a88807c0dacac58ede5f391a7530e299dc302d611ee73cb143fc22eaf93592e53e7b5bdb01b00a0b8d28dae460c141dd2ff83412e4dc1c31b16b25f33144a9e5620ea73b13f5bc1c59411d98439ad226e8af03840603796067d87afe130812cf3de24982d0e306f9e61e764e5\" aria-label=\"Banner_Sa\u00fade_PortallavrasTV\"><img src=\"https:\/\/lavras.tv\/site\/wp-content\/uploads\/2025\/03\/Banner_Saude_PortallavrasTV.png\" alt=\"\"  srcset=\"https:\/\/lavras.tv\/site\/wp-content\/uploads\/2025\/03\/Banner_Saude_PortallavrasTV.png 720w, https:\/\/lavras.tv\/site\/wp-content\/uploads\/2025\/03\/Banner_Saude_PortallavrasTV-470x68.png 470w, https:\/\/lavras.tv\/site\/wp-content\/uploads\/2025\/03\/Banner_Saude_PortallavrasTV-170x25.png 170w, https:\/\/lavras.tv\/site\/wp-content\/uploads\/2025\/03\/Banner_Saude_PortallavrasTV-200x29.png 200w\" sizes=\"(max-width: 720px) 100vw, 720px\" width=\"720\" height=\"104\"   \/><\/a><\/li><li><div id=\"lavra-533793579\" style=\"width:720px;height:104px;background-color:#ddd;overflow:scroll;\">\n\t<strong>Sa\u00edda da depura\u00e7\u00e3o de an\u00fancios<\/strong>\n\t<br><br>\n\tO an\u00fancio n\u00e3o \u00e9 exibido na p\u00e1gina<br><br>post atual: Detran-MG adequa sistemas para que autoescolas possam atuar conforme nova legisla\u00e7\u00e3o nacional, ID: 169515<br><br><span style=\"color: red;\">O post atual n\u00e3o \u00e9 id\u00eantico ao post principal.<\/span><br><br>An\u00fancios: ROXO - TOPO INTERNA - ROTATIVO 2 (197)<br \/>Grupo de an\u00fancios: Princ_Meio01_720x104 (27)<br><br>Condi\u00e7\u00f5es de exibi\u00e7\u00e3o<div style=\"margin-bottom: 20px; white-space: pre-wrap; font-family: monospace; width: 100%; background: #ffe9e9;\"><strong>condi\u00e7\u00f5es gerais<\/strong><table border=\"1\"><thead><tr><th><\/th><th>An\u00fancios<\/th><th>wp_the_query<\/th><\/tr><\/thead><tr><td>is_main_query<\/td><td>1<\/td><td>1<\/td><\/tr><tr><td>is_rest_api<\/td><td>0<\/td><td>1<\/td><\/tr><tr><td>page<\/td><td>0<\/td><td>1<\/td><\/tr><tr><td>numpages<\/td><td>0<\/td><td>1<\/td><\/tr><tr><td>is_archive<\/td><td>1<\/td><td><\/td><\/tr><tr><td>is_search<\/td><td>1<\/td><td><\/td><\/tr><tr><td>is_home<\/td><td>1<\/td><td><\/td><\/tr><tr><td>is_404<\/td><td>1<\/td><td><\/td><\/tr><tr><td>is_attachment<\/td><td>1<\/td><td><\/td><\/tr><tr><td>is_singular<\/td><td>1<\/td><td><\/td><\/tr><tr><td>is_front_page<\/td><td>1<\/td><td><\/td><\/tr><tr><td>is_feed<\/td><td>1<\/td><td><\/td><\/tr><\/table><\/div><br><br><span style=\"color: red;\">Seu site usa HTTPS, mas o c\u00f3digo do an\u00fancio cont\u00e9m HTTP e pode n\u00e3o funcionar.<\/span>\t<br><br>\n\t<a style=\"color: green;\" href=\"https:\/\/wpadvancedads.com\/manual\/ad-debug-mode\/?utm_source=advanced-ads&utm_medium=link&utm_campaign=ad-debug-mode\" target=\"_blank\" rel=\"nofollow\">Encontre solu\u00e7\u00f5es no manual<\/a>\n<\/div>\n<\/li><\/ul><\/div><script>( window.advanced_ads_ready || jQuery( document ).ready ).call( null, function() {var $lavraslider3281183986 = jQuery( \".lavra-slider-3281183986\" );$lavraslider3281183986.on( \"unslider.ready\", function() { jQuery( \"div.custom-slider ul li\" ).css( \"display\", \"block\" ); });$lavraslider3281183986.unslider({ delay:4000, autoplay:true, nav:false, arrows:false, infinite:true });$lavraslider3281183986.on(\"mouseover\", function() {$lavraslider3281183986.unslider(\"stop\");}).on(\"mouseout\", function() {$lavraslider3281183986.unslider(\"start\");});});<\/script><\/div>\n<h2 class=\"wp-block-heading\">Melhorias sist\u00eamicas continuam em implementa\u00e7\u00e3o, com ajustes graduais<\/h2>\n\n\n\n<figure class=\"wp-block-image\"><img decoding=\"async\" src=\"https:\/\/www.agenciaminas.mg.gov.br\/system\/news\/images\/000\/129\/186\/large\/%C3%81rea_de_exame_1_%28Div%29.jpeg?1772130399\" alt=\"imagem de destaque\"\/><\/figure>\n\n\n\n<p>O&nbsp;<a href=\"https:\/\/www.mg.gov.br\/instituicao_unidade\/departamento-estadual-de-transito-de-minas-gerais-detran\" target=\"_blank\" rel=\"noreferrer noopener\">Departamento de Tr\u00e2nsito de Minas Gerais (Detran-MG)&nbsp;<\/a>realizou adequa\u00e7\u00f5es em seus sistemas para atender \u00e0s determina\u00e7\u00f5es do Conselho Nacional de Tr\u00e2nsito (Contran), previstas na Resolu\u00e7\u00e3o n\u00ba 1.020\/2025, que atualiza as regras para o processo de forma\u00e7\u00e3o de condutores e para o credenciamento de autoescola.<\/p>\n\n\n\n<p>At\u00e9 a norma anterior, era obrigat\u00f3ria a manuten\u00e7\u00e3o, no quadro funcional das autoescolas, de um diretor-geral, um diretor de ensino, no m\u00ednimo dois instrutores de tr\u00e2nsito e pelo menos dois ve\u00edculos cadastrados para a categoria A (motocicleta) e para a categoria B (autom\u00f3vel).<\/p>\n\n\n\n<p>Com a nova regulamenta\u00e7\u00e3o, os cargos de diretor-geral e diretor de ensino deixam de ser exig\u00eancia obrigat\u00f3ria, passando a ser facultativos. O funcionamento da autoescola passa a demandar apenas um instrutor de tr\u00e2nsito ativo e, no m\u00ednimo, um ve\u00edculo por categoria pretendida.<\/p>\n\n\n\n<p>As atualiza\u00e7\u00f5es implementadas nos sistemas permitem o registro e a gest\u00e3o dessas novas exig\u00eancias, adequando automaticamente os par\u00e2metros de credenciamento e funcionamento das autoescolas mineiras \u00e0 legisla\u00e7\u00e3o federal vigente. A medida foi adotada para assegurar uma transi\u00e7\u00e3o segura, sem preju\u00edzo \u00e0 continuidade dos servi\u00e7os prestados \u00e0 popula\u00e7\u00e3o.<\/p>\n\n\n\n<p>O Detran-MG ressalta que as melhorias sist\u00eamicas continuam em implementa\u00e7\u00e3o, com ajustes graduais para garantir maior efici\u00eancia e controle e conformidade a resolu\u00e7\u00e3o. Paralelamente, est\u00e1 em elabora\u00e7\u00e3o uma normativa destinada a regulamentar, no \u00e2mbito estadual, as disposi\u00e7\u00f5es da Resolu\u00e7\u00e3o Contran n\u00ba 1.020\/2025, promovendo a devida harmonia dos procedimentos administrativos.<\/p>\n\n\n\n<p>Com essas iniciativas, o Detran-MG atualiza procedimentos, busca garantir seguran\u00e7a jur\u00eddica e aprimorar os servi\u00e7os ligados \u00e0 forma\u00e7\u00e3o de condutores no estado.<\/p>\n","protected":false},"excerpt":{"rendered":"<p>Melhorias sist\u00eamicas continuam em implementa\u00e7\u00e3o, com ajustes graduais O&nbsp;Departamento de Tr\u00e2nsito de Minas Gerais (Detran-MG)&nbsp;realizou adequa\u00e7\u00f5es em seus sistemas para atender \u00e0s determina\u00e7\u00f5es do Conselho Nacional de Tr\u00e2nsito (Contran), previstas na Resolu\u00e7\u00e3o n\u00ba 1.020\/2025, que atualiza as regras para o processo de forma\u00e7\u00e3o de condutores e para o credenciamento de autoescola. At\u00e9 a norma anterior, [&hellip;]<\/p>\n","protected":false},"author":5,"featured_media":169516,"comment_status":"closed","ping_status":"open","sticky":false,"template":"","format":"standard","meta":{"advgb_blocks_editor_width":"","advgb_blocks_columns_visual_guide":"","_exactmetrics_skip_tracking":false,"_exactmetrics_sitenote_active":false,"_exactmetrics_sitenote_note":"","_exactmetrics_sitenote_category":0,"footnotes":""},"categories":[7,2],"tags":[],"class_list":["post-169515","post","type-post","status-publish","format-standard","has-post-thumbnail","hentry","category-destaques","category-noticias"],"better_featured_image":{"id":169516,"alt_text":"","caption":"","description":"","media_type":"image","media_details":{"width":940,"height":350,"file":"2026\/02\/Area_de_exame_1_Div.jpeg","filesize":65743,"sizes":{"medium":{"file":"Area_de_exame_1_Div-470x175.jpeg","width":470,"height":175,"mime-type":"image\/jpeg","filesize":21674,"source_url":"https:\/\/lavras.tv\/site\/wp-content\/uploads\/2026\/02\/Area_de_exame_1_Div-470x175.jpeg"},"thumbnail":{"file":"Area_de_exame_1_Div-170x63.jpeg","width":170,"height":63,"mime-type":"image\/jpeg","filesize":3833,"source_url":"https:\/\/lavras.tv\/site\/wp-content\/uploads\/2026\/02\/Area_de_exame_1_Div-170x63.jpeg"},"alm-thumbnail":{"file":"Area_de_exame_1_Div-150x150.jpeg","width":150,"height":150,"mime-type":"image\/jpeg","filesize":6473,"source_url":"https:\/\/lavras.tv\/site\/wp-content\/uploads\/2026\/02\/Area_de_exame_1_Div-150x150.jpeg"},"sow-carousel-default":{"file":"Area_de_exame_1_Div-272x182.jpeg","width":272,"height":182,"mime-type":"image\/jpeg","filesize":13100,"source_url":"https:\/\/lavras.tv\/site\/wp-content\/uploads\/2026\/02\/Area_de_exame_1_Div-272x182.jpeg"}},"image_meta":{"aperture":"0","credit":"","camera":"","caption":"","created_timestamp":"0","copyright":"","focal_length":"0","iso":"0","shutter_speed":"0","title":"","orientation":"0","keywords":[]}},"post":169515,"source_url":"https:\/\/lavras.tv\/site\/wp-content\/uploads\/2026\/02\/Area_de_exame_1_Div.jpeg"},"author_meta":{"display_name":"Vinicius Bustamante","author_link":"https:\/\/lavras.tv\/site\/author\/vinicius-bustamante\/"},"featured_img":"https:\/\/lavras.tv\/site\/wp-content\/uploads\/2026\/02\/Area_de_exame_1_Div-470x175.jpeg","coauthors":[],"tax_additional":{"categories":{"linked":["<a href=\"https:\/\/lavras.tv\/site\/category\/destaques\/\" class=\"advgb-post-tax-term\">Destaques<\/a>","<a href=\"https:\/\/lavras.tv\/site\/category\/noticias\/\" class=\"advgb-post-tax-term\">Not\u00edcias<\/a>"],"unlinked":["<span class=\"advgb-post-tax-term\">Destaques<\/span>","<span class=\"advgb-post-tax-term\">Not\u00edcias<\/span>"]}},"comment_count":"0","relative_dates":{"created":"Publicado 2 meses atr\u00e1s","modified":"Atualizado 2 meses atr\u00e1s"},"absolute_dates":{"created":"Publicado em 27 de fevereiro de 2026","modified":"Atualizado em 27 de fevereiro de 2026"},"absolute_dates_time":{"created":"Publicado em 27 de fevereiro de 2026 09:01","modified":"Atualizado em 27 de fevereiro de 2026 09:01"},"featured_img_caption":"","series_order":"","_links":{"self":[{"href":"https:\/\/lavras.tv\/site\/wp-json\/wp\/v2\/posts\/169515","targetHints":{"allow":["GET"]}}],"collection":[{"href":"https:\/\/lavras.tv\/site\/wp-json\/wp\/v2\/posts"}],"about":[{"href":"https:\/\/lavras.tv\/site\/wp-json\/wp\/v2\/types\/post"}],"author":[{"embeddable":true,"href":"https:\/\/lavras.tv\/site\/wp-json\/wp\/v2\/users\/5"}],"replies":[{"embeddable":true,"href":"https:\/\/lavras.tv\/site\/wp-json\/wp\/v2\/comments?post=169515"}],"version-history":[{"count":1,"href":"https:\/\/lavras.tv\/site\/wp-json\/wp\/v2\/posts\/169515\/revisions"}],"predecessor-version":[{"id":169517,"href":"https:\/\/lavras.tv\/site\/wp-json\/wp\/v2\/posts\/169515\/revisions\/169517"}],"wp:featuredmedia":[{"embeddable":true,"href":"https:\/\/lavras.tv\/site\/wp-json\/wp\/v2\/media\/169516"}],"wp:attachment":[{"href":"https:\/\/lavras.tv\/site\/wp-json\/wp\/v2\/media?parent=169515"}],"wp:term":[{"taxonomy":"category","embeddable":true,"href":"https:\/\/lavras.tv\/site\/wp-json\/wp\/v2\/categories?post=169515"},{"taxonomy":"post_tag","embeddable":true,"href":"https:\/\/lavras.tv\/site\/wp-json\/wp\/v2\/tags?post=169515"}],"curies":[{"name":"wp","href":"https:\/\/api.w.org\/{rel}","templated":true}]}}