{"id":169519,"date":"2026-02-27T10:25:30","date_gmt":"2026-02-27T13:25:30","guid":{"rendered":"http:\/\/lavras.tv\/site\/?p=169519"},"modified":"2026-02-27T10:25:31","modified_gmt":"2026-02-27T13:25:31","slug":"governo-de-minas-gerais-reforca-combate-ao-aedes-aegypti-no-periodo-chuvoso-e-mobiliza-todo-o-estado","status":"publish","type":"post","link":"https:\/\/lavras.tv\/site\/2026\/02\/27\/governo-de-minas-gerais-reforca-combate-ao-aedes-aegypti-no-periodo-chuvoso-e-mobiliza-todo-o-estado\/","title":{"rendered":"Governo de Minas Gerais refor\u00e7a combate ao Aedes aegypti no per\u00edodo chuvoso e mobiliza todo o estado"},"content":{"rendered":"<div class=\"lavra-antes-do-conteudo_2\" id=\"lavra-167258841\"><div id=\"lavra-slider-27\" class=\"custom-slider lavra-slider-1924825156 lavra-slider\"><ul><li><div style=\"margin-left: auto;margin-right: auto;text-align: center;\" id=\"lavra-4219428847\"><a href=\"https:\/\/sistemas.lavras.mg.gov.br\/portalcidadao\/#df1b1a7c7b2a290bcb31e32771e610784662739a88807c0dacac58ede5f391a7530e299dc302d611ee73cb143fc22eaf93592e53e7b5bdb01b00a0b8d28dae460c141dd2ff83412e4dc1c31b16b25f33144a9e5620ea73b13f5bc1c59411d98439ad226e8af03840603796067d87afe130812cf3de24982d0e306f9e61e764e5\" aria-label=\"Lavras-TV&#8211;720x104px (1) (1)\"><img src=\"https:\/\/lavras.tv\/site\/wp-content\/uploads\/2025\/01\/Lavras-TV-720x104px-1-1.png\" alt=\"\"  srcset=\"https:\/\/lavras.tv\/site\/wp-content\/uploads\/2025\/01\/Lavras-TV-720x104px-1-1.png 720w, https:\/\/lavras.tv\/site\/wp-content\/uploads\/2025\/01\/Lavras-TV-720x104px-1-1-470x68.png 470w, https:\/\/lavras.tv\/site\/wp-content\/uploads\/2025\/01\/Lavras-TV-720x104px-1-1-170x25.png 170w, https:\/\/lavras.tv\/site\/wp-content\/uploads\/2025\/01\/Lavras-TV-720x104px-1-1-200x29.png 200w\" sizes=\"(max-width: 720px) 100vw, 720px\" width=\"720\" height=\"104\"  style=\"display: inline-block;\" \/><\/a><\/div><\/li><li><a href=\"https:\/\/sistemas.lavras.mg.gov.br\/portalcidadao\/#df1b1a7c7b2a290bcb31e32771e610784662739a88807c0dacac58ede5f391a7530e299dc302d611ee73cb143fc22eaf93592e53e7b5bdb01b00a0b8d28dae460c141dd2ff83412e4dc1c31b16b25f33144a9e5620ea73b13f5bc1c59411d98439ad226e8af03840603796067d87afe130812cf3de24982d0e306f9e61e764e5\" aria-label=\"Banner_Emprego_PortallavrasTV\"><img src=\"https:\/\/lavras.tv\/site\/wp-content\/uploads\/2025\/03\/Banner_Emprego_PortallavrasTV.png\" alt=\"\"  srcset=\"https:\/\/lavras.tv\/site\/wp-content\/uploads\/2025\/03\/Banner_Emprego_PortallavrasTV.png 720w, https:\/\/lavras.tv\/site\/wp-content\/uploads\/2025\/03\/Banner_Emprego_PortallavrasTV-470x68.png 470w, https:\/\/lavras.tv\/site\/wp-content\/uploads\/2025\/03\/Banner_Emprego_PortallavrasTV-170x25.png 170w, https:\/\/lavras.tv\/site\/wp-content\/uploads\/2025\/03\/Banner_Emprego_PortallavrasTV-200x29.png 200w\" sizes=\"(max-width: 720px) 100vw, 720px\" width=\"720\" height=\"104\"   \/><\/a><\/li><li><a href=\"https:\/\/sistemas.lavras.mg.gov.br\/portalcidadao\/#df1b1a7c7b2a290bcb31e32771e610784662739a88807c0dacac58ede5f391a7530e299dc302d611ee73cb143fc22eaf93592e53e7b5bdb01b00a0b8d28dae460c141dd2ff83412e4dc1c31b16b25f33144a9e5620ea73b13f5bc1c59411d98439ad226e8af03840603796067d87afe130812cf3de24982d0e306f9e61e764e5\" aria-label=\"Banner_Obras_PortallavrasTV\"><img src=\"https:\/\/lavras.tv\/site\/wp-content\/uploads\/2025\/03\/Banner_Obras_PortallavrasTV.png\" alt=\"\"  srcset=\"https:\/\/lavras.tv\/site\/wp-content\/uploads\/2025\/03\/Banner_Obras_PortallavrasTV.png 720w, https:\/\/lavras.tv\/site\/wp-content\/uploads\/2025\/03\/Banner_Obras_PortallavrasTV-470x68.png 470w, https:\/\/lavras.tv\/site\/wp-content\/uploads\/2025\/03\/Banner_Obras_PortallavrasTV-170x25.png 170w, https:\/\/lavras.tv\/site\/wp-content\/uploads\/2025\/03\/Banner_Obras_PortallavrasTV-200x29.png 200w\" sizes=\"(max-width: 720px) 100vw, 720px\" width=\"720\" height=\"104\"   \/><\/a><\/li><li><div style=\"margin-left: auto;margin-right: auto;text-align: center;\" id=\"lavra-2127482987\"><a href=\"https:\/\/sistemas.lavras.mg.gov.br\/portalcidadao\/#df1b1a7c7b2a290bcb31e32771e610784662739a88807c0dacac58ede5f391a7530e299dc302d611ee73cb143fc22eaf93592e53e7b5bdb01b00a0b8d28dae460c141dd2ff83412e4dc1c31b16b25f33144a9e5620ea73b13f5bc1c59411d98439ad226e8af03840603796067d87afe130812cf3de24982d0e306f9e61e764e5\" aria-label=\"Banner_Educa\u00e7\u00e3o_PortallavrasTV\"><img src=\"https:\/\/lavras.tv\/site\/wp-content\/uploads\/2025\/01\/Banner_Educacao_PortallavrasTV.png\" alt=\"\"  srcset=\"https:\/\/lavras.tv\/site\/wp-content\/uploads\/2025\/01\/Banner_Educacao_PortallavrasTV.png 720w, https:\/\/lavras.tv\/site\/wp-content\/uploads\/2025\/01\/Banner_Educacao_PortallavrasTV-470x68.png 470w, https:\/\/lavras.tv\/site\/wp-content\/uploads\/2025\/01\/Banner_Educacao_PortallavrasTV-170x25.png 170w, https:\/\/lavras.tv\/site\/wp-content\/uploads\/2025\/01\/Banner_Educacao_PortallavrasTV-200x29.png 200w\" sizes=\"(max-width: 720px) 100vw, 720px\" width=\"720\" height=\"104\"  style=\"display: inline-block;\" \/><\/a><\/div><\/li><li><a href=\"https:\/\/sistemas.lavras.mg.gov.br\/portalcidadao\/#df1b1a7c7b2a290bcb31e32771e610784662739a88807c0dacac58ede5f391a7530e299dc302d611ee73cb143fc22eaf93592e53e7b5bdb01b00a0b8d28dae460c141dd2ff83412e4dc1c31b16b25f33144a9e5620ea73b13f5bc1c59411d98439ad226e8af03840603796067d87afe130812cf3de24982d0e306f9e61e764e5\" aria-label=\"Banner_Sa\u00fade_PortallavrasTV\"><img src=\"https:\/\/lavras.tv\/site\/wp-content\/uploads\/2025\/03\/Banner_Saude_PortallavrasTV.png\" alt=\"\"  srcset=\"https:\/\/lavras.tv\/site\/wp-content\/uploads\/2025\/03\/Banner_Saude_PortallavrasTV.png 720w, https:\/\/lavras.tv\/site\/wp-content\/uploads\/2025\/03\/Banner_Saude_PortallavrasTV-470x68.png 470w, https:\/\/lavras.tv\/site\/wp-content\/uploads\/2025\/03\/Banner_Saude_PortallavrasTV-170x25.png 170w, https:\/\/lavras.tv\/site\/wp-content\/uploads\/2025\/03\/Banner_Saude_PortallavrasTV-200x29.png 200w\" sizes=\"(max-width: 720px) 100vw, 720px\" width=\"720\" height=\"104\"   \/><\/a><\/li><li><div id=\"lavra-305620416\" style=\"width:720px;height:104px;background-color:#ddd;overflow:scroll;\">\n\t<strong>Sa\u00edda da depura\u00e7\u00e3o de an\u00fancios<\/strong>\n\t<br><br>\n\tO an\u00fancio n\u00e3o \u00e9 exibido na p\u00e1gina<br><br>post atual: Governo de Minas Gerais refor\u00e7a combate ao Aedes aegypti no per\u00edodo chuvoso e mobiliza todo o estado, ID: 169519<br><br><span style=\"color: red;\">O post atual n\u00e3o \u00e9 id\u00eantico ao post principal.<\/span><br><br>An\u00fancios: ROXO - TOPO INTERNA - ROTATIVO 2 (197)<br \/>Grupo de an\u00fancios: Princ_Meio01_720x104 (27)<br><br>Condi\u00e7\u00f5es de exibi\u00e7\u00e3o<div style=\"margin-bottom: 20px; white-space: pre-wrap; font-family: monospace; width: 100%; background: #ffe9e9;\"><strong>condi\u00e7\u00f5es gerais<\/strong><table border=\"1\"><thead><tr><th><\/th><th>An\u00fancios<\/th><th>wp_the_query<\/th><\/tr><\/thead><tr><td>is_main_query<\/td><td>1<\/td><td>1<\/td><\/tr><tr><td>is_rest_api<\/td><td>0<\/td><td>1<\/td><\/tr><tr><td>page<\/td><td>0<\/td><td>1<\/td><\/tr><tr><td>numpages<\/td><td>0<\/td><td>1<\/td><\/tr><tr><td>is_archive<\/td><td>1<\/td><td><\/td><\/tr><tr><td>is_search<\/td><td>1<\/td><td><\/td><\/tr><tr><td>is_home<\/td><td>1<\/td><td><\/td><\/tr><tr><td>is_404<\/td><td>1<\/td><td><\/td><\/tr><tr><td>is_attachment<\/td><td>1<\/td><td><\/td><\/tr><tr><td>is_singular<\/td><td>1<\/td><td><\/td><\/tr><tr><td>is_front_page<\/td><td>1<\/td><td><\/td><\/tr><tr><td>is_feed<\/td><td>1<\/td><td><\/td><\/tr><\/table><\/div><br><br><span style=\"color: red;\">Seu site usa HTTPS, mas o c\u00f3digo do an\u00fancio cont\u00e9m HTTP e pode n\u00e3o funcionar.<\/span>\t<br><br>\n\t<a style=\"color: green;\" href=\"https:\/\/wpadvancedads.com\/manual\/ad-debug-mode\/?utm_source=advanced-ads&utm_medium=link&utm_campaign=ad-debug-mode\" target=\"_blank\" rel=\"nofollow\">Encontre solu\u00e7\u00f5es no manual<\/a>\n<\/div>\n<\/li><\/ul><\/div><script>( window.advanced_ads_ready || jQuery( document ).ready ).call( null, function() {var $lavraslider1924825156 = jQuery( \".lavra-slider-1924825156\" );$lavraslider1924825156.on( \"unslider.ready\", function() { jQuery( \"div.custom-slider ul li\" ).css( \"display\", \"block\" ); });$lavraslider1924825156.unslider({ delay:4000, autoplay:true, nav:false, arrows:false, infinite:true });$lavraslider1924825156.on(\"mouseover\", function() {$lavraslider1924825156.unslider(\"stop\");}).on(\"mouseout\", function() {$lavraslider1924825156.unslider(\"start\");});});<\/script><\/div>\n<h2 class=\"wp-block-heading\">A\u00e7\u00f5es de preven\u00e7\u00e3o e conscientiza\u00e7\u00e3o ser\u00e3o realizadas neste s\u00e1bado (28\/2), em pelo menos 814 munic\u00edpios, para eliminar poss\u00edveis criadouros do mosquito<\/h2>\n\n\n\n<figure class=\"wp-block-image\"><img decoding=\"async\" src=\"https:\/\/www.agenciaminas.mg.gov.br\/system\/news\/images\/000\/129\/182\/large\/WhatsApp_Image_2026-02-26_at_13.23.23.jpeg?1772123049\" alt=\"imagem de destaque\"\/><\/figure>\n\n\n\n<p>As chuvas intensas registradas nos \u00faltimos dias em Minas Gerais refor\u00e7am a import\u00e2ncia das a\u00e7\u00f5es de preven\u00e7\u00e3o contra doen\u00e7as associadas ao ac\u00famulo de \u00e1gua parada, entre elas a dengue, a&nbsp;zika&nbsp;e a&nbsp;chikungunya. O cen\u00e1rio amplia a relev\u00e2ncia do Dia D contra as arboviroses, que re\u00fane ao menos 814&nbsp;munic\u00edpios&nbsp;neste s\u00e1bado (28\/2) como parte da estrat\u00e9gia permanente do&nbsp;<a href=\"https:\/\/www.mg.gov.br\/\" target=\"_blank\" rel=\"noreferrer noopener\">Governo de Minas<\/a>, por meio da&nbsp;<a href=\"https:\/\/www.saude.mg.gov.br\/\" target=\"_blank\" rel=\"noreferrer noopener\">Secretaria de Estado de Sa\u00fade (SES-MG)<\/a>, no enfrentamento ao&nbsp;Aedes aegypti.<br><br>A mobiliza\u00e7\u00e3o j\u00e1 estava prevista no calend\u00e1rio da pasta e integra a estrat\u00e9gia Minas Unida contra o Aedes, que combina preven\u00e7\u00e3o, vacina\u00e7\u00e3o, tecnologia e investimento cont\u00ednuo para reduzir a circula\u00e7\u00e3o do v\u00edrus em todo o territ\u00f3rio mineiro.&nbsp;<br><br>Nessa&nbsp;ter\u00e7a-feira (24\/2), a SES-MG publicou um&nbsp;<a href=\"https:\/\/www.saude.mg.gov.br\/wp-content\/uploads\/2026\/02\/Alerta-Epidemiologico-periodo-chuvoso-2026.pdf\" target=\"_blank\" rel=\"noreferrer noopener\">alerta epidemiol\u00f3gico<\/a>&nbsp;com orienta\u00e7\u00f5es aos servi\u00e7os de sa\u00fade e \u00e0 popula\u00e7\u00e3o sobre os impactos sanit\u00e1rios das chuvas. O documento destaca o risco de aumento das arboviroses devido \u00e0 forma\u00e7\u00e3o de novos criadouros do mosquito e refor\u00e7a a necessidade de intensificar a\u00e7\u00f5es de vigil\u00e2ncia, controle vetorial e mobiliza\u00e7\u00e3o comunit\u00e1ria.&nbsp;<br><br>De acordo com o subsecret\u00e1rio de Vigil\u00e2ncia em Sa\u00fade da SES-MG, Eduardo&nbsp;Prosdocimi, os investimentos do Estado consolidam Minas como refer\u00eancia nacional no enfrentamento \u00e0s arboviroses.&nbsp;<br><br>\u201cMinas Gerais \u00e9 l\u00edder em investimento e inova\u00e7\u00e3o no combate \u00e0s arboviroses. S\u00e3o cerca de R$ 210 milh\u00f5es aplicados anualmente em vigil\u00e2ncia, controle vetorial e novas tecnologias, o que nos permitiu reduzir em mais de 90% os casos confirmados de dengue em 2025 na compara\u00e7\u00e3o com 2024\u201d, afirma.<br><br><strong>Mobiliza\u00e7\u00e3o e ades\u00e3o dos munic\u00edpios&nbsp;<\/strong><br><br>Com a\u00e7\u00f5es de preven\u00e7\u00e3o e conscientiza\u00e7\u00e3o, o Dia D acontece nas 28 Unidades Regionais de Sa\u00fade e envolve mais de 95% dos munic\u00edpios do estado.&nbsp;<br><br>Com a participa\u00e7\u00e3o de agentes de sa\u00fade, popula\u00e7\u00e3o, governo e parceiros, s\u00e3o realizados mutir\u00f5es de limpeza, recolhimento de materiais que acumulam \u00e1gua parada, atividades educativas e distribui\u00e7\u00e3o de orienta\u00e7\u00f5es com passo a passo para eliminar focos do mosquito transmissor da dengue,&nbsp;zika,&nbsp;chikungunya&nbsp;e febre amarela.&nbsp;<br><br>Em S\u00e3o Sebasti\u00e3o do Para\u00edso, no Sul de Minas, ser\u00e1 realizado mutir\u00e3o de limpeza no bairro S\u00e3o Judas Tadeu, um dos mais populosos da cidade e com elevado n\u00famero de notifica\u00e7\u00f5es de dengue. A a\u00e7\u00e3o inclui distribui\u00e7\u00e3o de materiais educativos, carro de som e atividades de conscientiza\u00e7\u00e3o com a comunidade.&nbsp;<br><br>\u201cNosso munic\u00edpio, mais uma vez, participar\u00e1 com distribui\u00e7\u00e3o de panfletos com os escoteiros, al\u00e9m de um super mutir\u00e3o de combate \u00e0 dengue no bairro S\u00e3o Judas. Teremos tamb\u00e9m carro de som e o mosquit\u00e3o da dengue para interagir com as crian\u00e7as\u201d, destaca o coordenador municipal de Zoonoses, Luciano Santana.&nbsp;<br><br>Al\u00e9m das a\u00e7\u00f5es de campo, alguns munic\u00edpios mant\u00eam salas de vacina\u00e7\u00e3o abertas para ampliar a imuniza\u00e7\u00e3o de crian\u00e7as e adolescentes de 10 a 14 anos. O imunizante contra a dengue est\u00e1 dispon\u00edvel nos 853 munic\u00edpios mineiros e \u00e9 fundamental para prevenir casos graves, interna\u00e7\u00f5es e \u00f3bitos.&nbsp;<br><br>\u201cO Dia D tamb\u00e9m \u00e9 momento de atualizar a caderneta de vacina\u00e7\u00e3o, tanto contra a dengue quanto para as demais vacinas dispon\u00edveis no SUS. Minas vem liderando as a\u00e7\u00f5es de imuniza\u00e7\u00e3o e avan\u00e7ando na recupera\u00e7\u00e3o das coberturas vacinais\u201d, acrescenta&nbsp;Prosdocimi.&nbsp;<br><br>&nbsp;<\/p>\n\n\n\n<figure class=\"wp-block-image\"><img decoding=\"async\" src=\"https:\/\/www.agenciaminas.mg.gov.br\/ckeditor_assets\/pictures\/23954\/content_whatsapp_image_2026-02-26_at_13_19_46.jpeg\" alt=\"\"\/><figcaption class=\"wp-element-caption\"><em><sub>Cr\u00e9dito: Carol Souza&nbsp;<\/sub><\/em><\/figcaption><\/figure>\n\n\n\n<p><strong>Tecnologia pioneira no combate ao mosquito&nbsp;<\/strong><br><br>Minas foi o primeiro estado do pa\u00eds a utilizar drones no monitoramento de focos do Aedes aegypti, consolidando-se como refer\u00eancia nacional no uso de tecnologia para o controle vetorial. A ferramenta complementa o trabalho dos agentes comunit\u00e1rios de endemias e amplia a capacidade de identifica\u00e7\u00e3o de criadouros em \u00e1reas de dif\u00edcil acesso.&nbsp;<br><br>Cerca de R$ 30 milh\u00f5es foram investidos na Pol\u00edtica&nbsp;Vigidrones, que permite o monitoramento em praticamente todo o territ\u00f3rio mineiro e fortalece a resposta r\u00e1pida \u00e0s \u00e1reas com maior risco de transmiss\u00e3o.&nbsp;<br><br>Para o diretor operacional da Tech Dengue, Renato Mafra, respons\u00e1vel pelo monitoramento em cerca de 700 munic\u00edpios, o uso da tecnologia representa um avan\u00e7o estrat\u00e9gico. \u201cOs drones ajudam a localizar focos em locais elevados, fechados ou de dif\u00edcil entrada, ampliando a efetividade das a\u00e7\u00f5es de campo\u201d, explica.&nbsp;<br><br><strong>Cen\u00e1rio epidemiol\u00f3gico em 2026\u202f&nbsp;<\/strong><br><br>At\u00e9 esta quinta-feira (26\/2), Minas registrava 4.689&nbsp;casos confirmados de dengue, com tr\u00eas \u00f3bitos. No mesmo per\u00edodo, foram confirmados 1.183&nbsp;casos de&nbsp;chikungunya, sem mortes neste ano. Em rela\u00e7\u00e3o \u00e0&nbsp;zika, houve dois casos confirmados e nenhum \u00f3bito.&nbsp;<\/p>\n","protected":false},"excerpt":{"rendered":"<p>A\u00e7\u00f5es de preven\u00e7\u00e3o e conscientiza\u00e7\u00e3o ser\u00e3o realizadas neste s\u00e1bado (28\/2), em pelo menos 814 munic\u00edpios, para eliminar poss\u00edveis criadouros do mosquito As chuvas intensas registradas nos \u00faltimos dias em Minas Gerais refor\u00e7am a import\u00e2ncia das a\u00e7\u00f5es de preven\u00e7\u00e3o contra doen\u00e7as associadas ao ac\u00famulo de \u00e1gua parada, entre elas a dengue, a&nbsp;zika&nbsp;e a&nbsp;chikungunya. O cen\u00e1rio amplia [&hellip;]<\/p>\n","protected":false},"author":5,"featured_media":169520,"comment_status":"closed","ping_status":"open","sticky":false,"template":"","format":"standard","meta":{"advgb_blocks_editor_width":"","advgb_blocks_columns_visual_guide":"","_exactmetrics_skip_tracking":false,"_exactmetrics_sitenote_active":false,"_exactmetrics_sitenote_note":"","_exactmetrics_sitenote_category":0,"footnotes":""},"categories":[7,2],"tags":[],"class_list":["post-169519","post","type-post","status-publish","format-standard","has-post-thumbnail","hentry","category-destaques","category-noticias"],"better_featured_image":{"id":169520,"alt_text":"","caption":"","description":"","media_type":"image","media_details":{"width":940,"height":350,"file":"2026\/02\/WhatsApp_Image_2026-02-26_at_13.23.23-1.jpeg","filesize":131789,"sizes":{"medium":{"file":"WhatsApp_Image_2026-02-26_at_13.23.23-1-470x175.jpeg","width":470,"height":175,"mime-type":"image\/jpeg","filesize":24914,"source_url":"https:\/\/lavras.tv\/site\/wp-content\/uploads\/2026\/02\/WhatsApp_Image_2026-02-26_at_13.23.23-1-470x175.jpeg"},"thumbnail":{"file":"WhatsApp_Image_2026-02-26_at_13.23.23-1-170x63.jpeg","width":170,"height":63,"mime-type":"image\/jpeg","filesize":4848,"source_url":"https:\/\/lavras.tv\/site\/wp-content\/uploads\/2026\/02\/WhatsApp_Image_2026-02-26_at_13.23.23-1-170x63.jpeg"},"alm-thumbnail":{"file":"WhatsApp_Image_2026-02-26_at_13.23.23-1-150x150.jpeg","width":150,"height":150,"mime-type":"image\/jpeg","filesize":8274,"source_url":"https:\/\/lavras.tv\/site\/wp-content\/uploads\/2026\/02\/WhatsApp_Image_2026-02-26_at_13.23.23-1-150x150.jpeg"},"sow-carousel-default":{"file":"WhatsApp_Image_2026-02-26_at_13.23.23-1-272x182.jpeg","width":272,"height":182,"mime-type":"image\/jpeg","filesize":15910,"source_url":"https:\/\/lavras.tv\/site\/wp-content\/uploads\/2026\/02\/WhatsApp_Image_2026-02-26_at_13.23.23-1-272x182.jpeg"}},"image_meta":{"aperture":"0","credit":"","camera":"","caption":"","created_timestamp":"0","copyright":"","focal_length":"0","iso":"0","shutter_speed":"0","title":"","orientation":"0","keywords":[]}},"post":169519,"source_url":"https:\/\/lavras.tv\/site\/wp-content\/uploads\/2026\/02\/WhatsApp_Image_2026-02-26_at_13.23.23-1.jpeg"},"author_meta":{"display_name":"Vinicius Bustamante","author_link":"https:\/\/lavras.tv\/site\/author\/vinicius-bustamante\/"},"featured_img":"https:\/\/lavras.tv\/site\/wp-content\/uploads\/2026\/02\/WhatsApp_Image_2026-02-26_at_13.23.23-1-470x175.jpeg","coauthors":[],"tax_additional":{"categories":{"linked":["<a href=\"https:\/\/lavras.tv\/site\/category\/destaques\/\" class=\"advgb-post-tax-term\">Destaques<\/a>","<a href=\"https:\/\/lavras.tv\/site\/category\/noticias\/\" class=\"advgb-post-tax-term\">Not\u00edcias<\/a>"],"unlinked":["<span class=\"advgb-post-tax-term\">Destaques<\/span>","<span class=\"advgb-post-tax-term\">Not\u00edcias<\/span>"]}},"comment_count":"0","relative_dates":{"created":"Publicado 2 meses atr\u00e1s","modified":"Atualizado 2 meses atr\u00e1s"},"absolute_dates":{"created":"Publicado em 27 de fevereiro de 2026","modified":"Atualizado em 27 de fevereiro de 2026"},"absolute_dates_time":{"created":"Publicado em 27 de fevereiro de 2026 10:25","modified":"Atualizado em 27 de fevereiro de 2026 10:25"},"featured_img_caption":"","series_order":"","_links":{"self":[{"href":"https:\/\/lavras.tv\/site\/wp-json\/wp\/v2\/posts\/169519","targetHints":{"allow":["GET"]}}],"collection":[{"href":"https:\/\/lavras.tv\/site\/wp-json\/wp\/v2\/posts"}],"about":[{"href":"https:\/\/lavras.tv\/site\/wp-json\/wp\/v2\/types\/post"}],"author":[{"embeddable":true,"href":"https:\/\/lavras.tv\/site\/wp-json\/wp\/v2\/users\/5"}],"replies":[{"embeddable":true,"href":"https:\/\/lavras.tv\/site\/wp-json\/wp\/v2\/comments?post=169519"}],"version-history":[{"count":1,"href":"https:\/\/lavras.tv\/site\/wp-json\/wp\/v2\/posts\/169519\/revisions"}],"predecessor-version":[{"id":169521,"href":"https:\/\/lavras.tv\/site\/wp-json\/wp\/v2\/posts\/169519\/revisions\/169521"}],"wp:featuredmedia":[{"embeddable":true,"href":"https:\/\/lavras.tv\/site\/wp-json\/wp\/v2\/media\/169520"}],"wp:attachment":[{"href":"https:\/\/lavras.tv\/site\/wp-json\/wp\/v2\/media?parent=169519"}],"wp:term":[{"taxonomy":"category","embeddable":true,"href":"https:\/\/lavras.tv\/site\/wp-json\/wp\/v2\/categories?post=169519"},{"taxonomy":"post_tag","embeddable":true,"href":"https:\/\/lavras.tv\/site\/wp-json\/wp\/v2\/tags?post=169519"}],"curies":[{"name":"wp","href":"https:\/\/api.w.org\/{rel}","templated":true}]}}