{"id":169540,"date":"2026-03-02T18:39:35","date_gmt":"2026-03-02T21:39:35","guid":{"rendered":"https:\/\/lavras.tv\/site\/?p=169540"},"modified":"2026-03-02T18:39:37","modified_gmt":"2026-03-02T21:39:37","slug":"operacao-policial-resulta-em-prisao-por-trafico-de-drogas-em-lavras","status":"publish","type":"post","link":"https:\/\/lavras.tv\/site\/2026\/03\/02\/operacao-policial-resulta-em-prisao-por-trafico-de-drogas-em-lavras\/","title":{"rendered":"OPERA\u00c7\u00c3O POLICIAL RESULTA EM PRIS\u00c3O POR TR\u00c1FICO DE DROGAS EM LAVRAS"},"content":{"rendered":"<div class=\"lavra-antes-do-conteudo_2\" id=\"lavra-2593554885\"><div id=\"lavra-slider-27\" class=\"custom-slider lavra-slider-3035862317 lavra-slider\"><ul><li><div style=\"margin-left: auto;margin-right: auto;text-align: center;\" id=\"lavra-235285835\"><a href=\"https:\/\/sistemas.lavras.mg.gov.br\/portalcidadao\/#df1b1a7c7b2a290bcb31e32771e610784662739a88807c0dacac58ede5f391a7530e299dc302d611ee73cb143fc22eaf93592e53e7b5bdb01b00a0b8d28dae460c141dd2ff83412e4dc1c31b16b25f33144a9e5620ea73b13f5bc1c59411d98439ad226e8af03840603796067d87afe130812cf3de24982d0e306f9e61e764e5\" aria-label=\"Lavras-TV&#8211;720x104px (1) (1)\"><img src=\"https:\/\/lavras.tv\/site\/wp-content\/uploads\/2025\/01\/Lavras-TV-720x104px-1-1.png\" alt=\"\"  srcset=\"https:\/\/lavras.tv\/site\/wp-content\/uploads\/2025\/01\/Lavras-TV-720x104px-1-1.png 720w, https:\/\/lavras.tv\/site\/wp-content\/uploads\/2025\/01\/Lavras-TV-720x104px-1-1-470x68.png 470w, https:\/\/lavras.tv\/site\/wp-content\/uploads\/2025\/01\/Lavras-TV-720x104px-1-1-170x25.png 170w, https:\/\/lavras.tv\/site\/wp-content\/uploads\/2025\/01\/Lavras-TV-720x104px-1-1-200x29.png 200w\" sizes=\"(max-width: 720px) 100vw, 720px\" width=\"720\" height=\"104\"  style=\"display: inline-block;\" \/><\/a><\/div><\/li><li><a href=\"https:\/\/sistemas.lavras.mg.gov.br\/portalcidadao\/#df1b1a7c7b2a290bcb31e32771e610784662739a88807c0dacac58ede5f391a7530e299dc302d611ee73cb143fc22eaf93592e53e7b5bdb01b00a0b8d28dae460c141dd2ff83412e4dc1c31b16b25f33144a9e5620ea73b13f5bc1c59411d98439ad226e8af03840603796067d87afe130812cf3de24982d0e306f9e61e764e5\" aria-label=\"Banner_Emprego_PortallavrasTV\"><img src=\"https:\/\/lavras.tv\/site\/wp-content\/uploads\/2025\/03\/Banner_Emprego_PortallavrasTV.png\" alt=\"\"  srcset=\"https:\/\/lavras.tv\/site\/wp-content\/uploads\/2025\/03\/Banner_Emprego_PortallavrasTV.png 720w, https:\/\/lavras.tv\/site\/wp-content\/uploads\/2025\/03\/Banner_Emprego_PortallavrasTV-470x68.png 470w, https:\/\/lavras.tv\/site\/wp-content\/uploads\/2025\/03\/Banner_Emprego_PortallavrasTV-170x25.png 170w, https:\/\/lavras.tv\/site\/wp-content\/uploads\/2025\/03\/Banner_Emprego_PortallavrasTV-200x29.png 200w\" sizes=\"(max-width: 720px) 100vw, 720px\" width=\"720\" height=\"104\"   \/><\/a><\/li><li><a href=\"https:\/\/sistemas.lavras.mg.gov.br\/portalcidadao\/#df1b1a7c7b2a290bcb31e32771e610784662739a88807c0dacac58ede5f391a7530e299dc302d611ee73cb143fc22eaf93592e53e7b5bdb01b00a0b8d28dae460c141dd2ff83412e4dc1c31b16b25f33144a9e5620ea73b13f5bc1c59411d98439ad226e8af03840603796067d87afe130812cf3de24982d0e306f9e61e764e5\" aria-label=\"Banner_Obras_PortallavrasTV\"><img src=\"https:\/\/lavras.tv\/site\/wp-content\/uploads\/2025\/03\/Banner_Obras_PortallavrasTV.png\" alt=\"\"  srcset=\"https:\/\/lavras.tv\/site\/wp-content\/uploads\/2025\/03\/Banner_Obras_PortallavrasTV.png 720w, https:\/\/lavras.tv\/site\/wp-content\/uploads\/2025\/03\/Banner_Obras_PortallavrasTV-470x68.png 470w, https:\/\/lavras.tv\/site\/wp-content\/uploads\/2025\/03\/Banner_Obras_PortallavrasTV-170x25.png 170w, https:\/\/lavras.tv\/site\/wp-content\/uploads\/2025\/03\/Banner_Obras_PortallavrasTV-200x29.png 200w\" sizes=\"(max-width: 720px) 100vw, 720px\" width=\"720\" height=\"104\"   \/><\/a><\/li><li><div style=\"margin-left: auto;margin-right: auto;text-align: center;\" id=\"lavra-349486692\"><a href=\"https:\/\/sistemas.lavras.mg.gov.br\/portalcidadao\/#df1b1a7c7b2a290bcb31e32771e610784662739a88807c0dacac58ede5f391a7530e299dc302d611ee73cb143fc22eaf93592e53e7b5bdb01b00a0b8d28dae460c141dd2ff83412e4dc1c31b16b25f33144a9e5620ea73b13f5bc1c59411d98439ad226e8af03840603796067d87afe130812cf3de24982d0e306f9e61e764e5\" aria-label=\"Banner_Educa\u00e7\u00e3o_PortallavrasTV\"><img src=\"https:\/\/lavras.tv\/site\/wp-content\/uploads\/2025\/01\/Banner_Educacao_PortallavrasTV.png\" alt=\"\"  srcset=\"https:\/\/lavras.tv\/site\/wp-content\/uploads\/2025\/01\/Banner_Educacao_PortallavrasTV.png 720w, https:\/\/lavras.tv\/site\/wp-content\/uploads\/2025\/01\/Banner_Educacao_PortallavrasTV-470x68.png 470w, https:\/\/lavras.tv\/site\/wp-content\/uploads\/2025\/01\/Banner_Educacao_PortallavrasTV-170x25.png 170w, https:\/\/lavras.tv\/site\/wp-content\/uploads\/2025\/01\/Banner_Educacao_PortallavrasTV-200x29.png 200w\" sizes=\"(max-width: 720px) 100vw, 720px\" width=\"720\" height=\"104\"  style=\"display: inline-block;\" \/><\/a><\/div><\/li><li><a href=\"https:\/\/sistemas.lavras.mg.gov.br\/portalcidadao\/#df1b1a7c7b2a290bcb31e32771e610784662739a88807c0dacac58ede5f391a7530e299dc302d611ee73cb143fc22eaf93592e53e7b5bdb01b00a0b8d28dae460c141dd2ff83412e4dc1c31b16b25f33144a9e5620ea73b13f5bc1c59411d98439ad226e8af03840603796067d87afe130812cf3de24982d0e306f9e61e764e5\" aria-label=\"Banner_Sa\u00fade_PortallavrasTV\"><img src=\"https:\/\/lavras.tv\/site\/wp-content\/uploads\/2025\/03\/Banner_Saude_PortallavrasTV.png\" alt=\"\"  srcset=\"https:\/\/lavras.tv\/site\/wp-content\/uploads\/2025\/03\/Banner_Saude_PortallavrasTV.png 720w, https:\/\/lavras.tv\/site\/wp-content\/uploads\/2025\/03\/Banner_Saude_PortallavrasTV-470x68.png 470w, https:\/\/lavras.tv\/site\/wp-content\/uploads\/2025\/03\/Banner_Saude_PortallavrasTV-170x25.png 170w, https:\/\/lavras.tv\/site\/wp-content\/uploads\/2025\/03\/Banner_Saude_PortallavrasTV-200x29.png 200w\" sizes=\"(max-width: 720px) 100vw, 720px\" width=\"720\" height=\"104\"   \/><\/a><\/li><li><div id=\"lavra-754050421\" style=\"width:720px;height:104px;background-color:#ddd;overflow:scroll;\">\n\t<strong>Sa\u00edda da depura\u00e7\u00e3o de an\u00fancios<\/strong>\n\t<br><br>\n\tO an\u00fancio n\u00e3o \u00e9 exibido na p\u00e1gina<br><br>post atual: OPERA\u00c7\u00c3O POLICIAL RESULTA EM PRIS\u00c3O POR TR\u00c1FICO DE DROGAS EM LAVRAS, ID: 169540<br><br><span style=\"color: red;\">O post atual n\u00e3o \u00e9 id\u00eantico ao post principal.<\/span><br><br>An\u00fancios: ROXO - TOPO INTERNA - ROTATIVO 2 (197)<br \/>Grupo de an\u00fancios: Princ_Meio01_720x104 (27)<br><br>Condi\u00e7\u00f5es de exibi\u00e7\u00e3o<div style=\"margin-bottom: 20px; white-space: pre-wrap; font-family: monospace; width: 100%; background: #ffe9e9;\"><strong>condi\u00e7\u00f5es gerais<\/strong><table border=\"1\"><thead><tr><th><\/th><th>An\u00fancios<\/th><th>wp_the_query<\/th><\/tr><\/thead><tr><td>is_main_query<\/td><td>1<\/td><td>1<\/td><\/tr><tr><td>is_rest_api<\/td><td>0<\/td><td>1<\/td><\/tr><tr><td>page<\/td><td>0<\/td><td>1<\/td><\/tr><tr><td>numpages<\/td><td>0<\/td><td>1<\/td><\/tr><tr><td>is_archive<\/td><td>1<\/td><td><\/td><\/tr><tr><td>is_search<\/td><td>1<\/td><td><\/td><\/tr><tr><td>is_home<\/td><td>1<\/td><td><\/td><\/tr><tr><td>is_404<\/td><td>1<\/td><td><\/td><\/tr><tr><td>is_attachment<\/td><td>1<\/td><td><\/td><\/tr><tr><td>is_singular<\/td><td>1<\/td><td><\/td><\/tr><tr><td>is_front_page<\/td><td>1<\/td><td><\/td><\/tr><tr><td>is_feed<\/td><td>1<\/td><td><\/td><\/tr><\/table><\/div><br><br><span style=\"color: red;\">Seu site usa HTTPS, mas o c\u00f3digo do an\u00fancio cont\u00e9m HTTP e pode n\u00e3o funcionar.<\/span>\t<br><br>\n\t<a style=\"color: green;\" href=\"https:\/\/wpadvancedads.com\/manual\/ad-debug-mode\/?utm_source=advanced-ads&utm_medium=link&utm_campaign=ad-debug-mode\" target=\"_blank\" rel=\"nofollow\">Encontre solu\u00e7\u00f5es no manual<\/a>\n<\/div>\n<\/li><\/ul><\/div><script>( window.advanced_ads_ready || jQuery( document ).ready ).call( null, function() {var $lavraslider3035862317 = jQuery( \".lavra-slider-3035862317\" );$lavraslider3035862317.on( \"unslider.ready\", function() { jQuery( \"div.custom-slider ul li\" ).css( \"display\", \"block\" ); });$lavraslider3035862317.unslider({ delay:4000, autoplay:true, nav:false, arrows:false, infinite:true });$lavraslider3035862317.on(\"mouseover\", function() {$lavraslider3035862317.unslider(\"stop\");}).on(\"mouseout\", function() {$lavraslider3035862317.unslider(\"start\");});});<\/script><\/div>\n<figure class=\"wp-block-image size-large is-resized\"><img fetchpriority=\"high\" decoding=\"async\" width=\"826\" height=\"1024\" src=\"https:\/\/lavras.tv\/site\/wp-content\/uploads\/2026\/03\/WhatsApp-Image-2026-03-02-at-18.27.54-826x1024.jpeg\" alt=\"\" class=\"wp-image-169541\" style=\"aspect-ratio:0.8062508435939352;width:381px;height:auto\" srcset=\"https:\/\/lavras.tv\/site\/wp-content\/uploads\/2026\/03\/WhatsApp-Image-2026-03-02-at-18.27.54-826x1024.jpeg 826w, https:\/\/lavras.tv\/site\/wp-content\/uploads\/2026\/03\/WhatsApp-Image-2026-03-02-at-18.27.54-242x300.jpeg 242w, https:\/\/lavras.tv\/site\/wp-content\/uploads\/2026\/03\/WhatsApp-Image-2026-03-02-at-18.27.54-121x150.jpeg 121w, https:\/\/lavras.tv\/site\/wp-content\/uploads\/2026\/03\/WhatsApp-Image-2026-03-02-at-18.27.54-1238x1536.jpeg 1238w, https:\/\/lavras.tv\/site\/wp-content\/uploads\/2026\/03\/WhatsApp-Image-2026-03-02-at-18.27.54.jpeg 1290w\" sizes=\"(max-width: 826px) 100vw, 826px\" \/><\/figure>\n\n\n\n<p>Lavras\/MG \u2013 domingo, 1\u00ba de mar\u00e7o de 2026<\/p>\n\n\n\n<p>A Pol\u00edcia Militar de Minas Gerais realizou, neste domingo (1\u00ba), a pris\u00e3o em flagrante de um homem pelos crimes de tr\u00e1fico de drogas e desobedi\u00eancia, durante opera\u00e7\u00e3o desencadeada em ponto conhecido pela intensa atividade de mercancia il\u00edcita no munic\u00edpio de Lavras, \u00e1rea da 251\u00aa Companhia T\u00e1tico M\u00f3vel do 8\u00ba Batalh\u00e3o.<\/p>\n\n\n\n<p>Durante a a\u00e7\u00e3o, as equipes visualizaram um indiv\u00edduo em atitude t\u00edpica de tr\u00e1fico de drogas que, ao receber ordem de abordagem, desobedeceu e tentou evadir-se para o interior de um im\u00f3vel, sendo acompanhado taticamente pelos militares. Durante a fuga, o autor arremessou uma sacola contendo entorpecentes para um im\u00f3vel vizinho, na tentativa de ocultar o material il\u00edcito.<\/p>\n\n\n\n<p>Ap\u00f3s o cerco policial, o material foi localizado com o consentimento do morador do im\u00f3vel atingido, sendo constatada a presen\u00e7a de diversas subst\u00e2ncias entorpecentes, al\u00e9m de dinheiro, aparelho celular e anota\u00e7\u00f5es relacionadas ao tr\u00e1fico de drogas.<\/p>\n\n\n\n<p>O autor foi posteriormente localizado sobre telhados de resid\u00eancias e, ao tentar nova evas\u00e3o, sofreu uma queda, sendo imediatamente contido pelas equipes, socorrido e preso em flagrante delito.<\/p>\n\n\n\n<p>A ocorr\u00eancia resultou na apreens\u00e3o de pedras de crack, tabletes e por\u00e7\u00f5es de maconha e coca\u00edna, quantia em dinheiro, aparelho celular e anota\u00e7\u00f5es do tr\u00e1fico, retirando de circula\u00e7\u00e3o subst\u00e2ncias il\u00edcitas e refor\u00e7ando a atua\u00e7\u00e3o firme da Pol\u00edcia Militar no combate ao tr\u00e1fico de drogas.<\/p>\n\n\n\n<p>A a\u00e7\u00e3o demonstra a efici\u00eancia do policiamento repressivo qualificado e o compromisso da Pol\u00edcia Militar de Minas Gerais com a preserva\u00e7\u00e3o da ordem p\u00fablica e a seguran\u00e7a da popula\u00e7\u00e3o.<\/p>\n\n\n\n<p>Pol\u00edcia Militar de Minas Gerais \u2013 A for\u00e7a do povo mineiro. Presen\u00e7a que protege.<\/p>\n\n\n\n<p>ALCO 8\u00ba BPM<\/p>\n\n\n\n<figure class=\"wp-block-image size-large\"><img decoding=\"async\" width=\"970\" height=\"647\" src=\"https:\/\/lavras.tv\/site\/wp-content\/uploads\/2026\/03\/WhatsApp-Image-2026-03-02-at-18.27.54-1-970x647.jpeg\" alt=\"\" class=\"wp-image-169542\" srcset=\"https:\/\/lavras.tv\/site\/wp-content\/uploads\/2026\/03\/WhatsApp-Image-2026-03-02-at-18.27.54-1-970x647.jpeg 970w, https:\/\/lavras.tv\/site\/wp-content\/uploads\/2026\/03\/WhatsApp-Image-2026-03-02-at-18.27.54-1-450x300.jpeg 450w, https:\/\/lavras.tv\/site\/wp-content\/uploads\/2026\/03\/WhatsApp-Image-2026-03-02-at-18.27.54-1-170x113.jpeg 170w, https:\/\/lavras.tv\/site\/wp-content\/uploads\/2026\/03\/WhatsApp-Image-2026-03-02-at-18.27.54-1-272x182.jpeg 272w, https:\/\/lavras.tv\/site\/wp-content\/uploads\/2026\/03\/WhatsApp-Image-2026-03-02-at-18.27.54-1.jpeg 1536w\" sizes=\"(max-width: 970px) 100vw, 970px\" \/><\/figure>\n","protected":false},"excerpt":{"rendered":"<p>Lavras\/MG \u2013 domingo, 1\u00ba de mar\u00e7o de 2026 A Pol\u00edcia Militar de Minas Gerais realizou, neste domingo (1\u00ba), a pris\u00e3o em flagrante de um homem pelos crimes de tr\u00e1fico de drogas e desobedi\u00eancia, durante opera\u00e7\u00e3o desencadeada em ponto conhecido pela intensa atividade de mercancia il\u00edcita no munic\u00edpio de Lavras, \u00e1rea da 251\u00aa Companhia T\u00e1tico M\u00f3vel [&hellip;]<\/p>\n","protected":false},"author":5,"featured_media":169542,"comment_status":"closed","ping_status":"open","sticky":false,"template":"","format":"standard","meta":{"advgb_blocks_editor_width":"","advgb_blocks_columns_visual_guide":"","_exactmetrics_skip_tracking":false,"_exactmetrics_sitenote_active":false,"_exactmetrics_sitenote_note":"","_exactmetrics_sitenote_category":0,"footnotes":""},"categories":[7,2],"tags":[],"class_list":["post-169540","post","type-post","status-publish","format-standard","has-post-thumbnail","hentry","category-destaques","category-noticias"],"better_featured_image":{"id":169542,"alt_text":"","caption":"","description":"","media_type":"image","media_details":{"width":1536,"height":1024,"file":"2026\/03\/WhatsApp-Image-2026-03-02-at-18.27.54-1.jpeg","filesize":178243,"sizes":{"medium":{"file":"WhatsApp-Image-2026-03-02-at-18.27.54-1-450x300.jpeg","width":450,"height":300,"mime-type":"image\/jpeg","filesize":29371,"source_url":"https:\/\/lavras.tv\/site\/wp-content\/uploads\/2026\/03\/WhatsApp-Image-2026-03-02-at-18.27.54-1-450x300.jpeg"},"large":{"file":"WhatsApp-Image-2026-03-02-at-18.27.54-1-970x647.jpeg","width":970,"height":647,"mime-type":"image\/jpeg","filesize":98855,"source_url":"https:\/\/lavras.tv\/site\/wp-content\/uploads\/2026\/03\/WhatsApp-Image-2026-03-02-at-18.27.54-1-970x647.jpeg"},"thumbnail":{"file":"WhatsApp-Image-2026-03-02-at-18.27.54-1-170x113.jpeg","width":170,"height":113,"mime-type":"image\/jpeg","filesize":6348,"source_url":"https:\/\/lavras.tv\/site\/wp-content\/uploads\/2026\/03\/WhatsApp-Image-2026-03-02-at-18.27.54-1-170x113.jpeg"},"alm-thumbnail":{"file":"WhatsApp-Image-2026-03-02-at-18.27.54-1-150x150.jpeg","width":150,"height":150,"mime-type":"image\/jpeg","filesize":6700,"source_url":"https:\/\/lavras.tv\/site\/wp-content\/uploads\/2026\/03\/WhatsApp-Image-2026-03-02-at-18.27.54-1-150x150.jpeg"},"sow-carousel-default":{"file":"WhatsApp-Image-2026-03-02-at-18.27.54-1-272x182.jpeg","width":272,"height":182,"mime-type":"image\/jpeg","filesize":13615,"source_url":"https:\/\/lavras.tv\/site\/wp-content\/uploads\/2026\/03\/WhatsApp-Image-2026-03-02-at-18.27.54-1-272x182.jpeg"}},"image_meta":{"aperture":"0","credit":"","camera":"","caption":"","created_timestamp":"0","copyright":"","focal_length":"0","iso":"0","shutter_speed":"0","title":"","orientation":"0","keywords":[]}},"post":169540,"source_url":"https:\/\/lavras.tv\/site\/wp-content\/uploads\/2026\/03\/WhatsApp-Image-2026-03-02-at-18.27.54-1.jpeg"},"author_meta":{"display_name":"Vinicius Bustamante","author_link":"https:\/\/lavras.tv\/site\/author\/vinicius-bustamante\/"},"featured_img":"https:\/\/lavras.tv\/site\/wp-content\/uploads\/2026\/03\/WhatsApp-Image-2026-03-02-at-18.27.54-1-450x300.jpeg","coauthors":[],"tax_additional":{"categories":{"linked":["<a href=\"https:\/\/lavras.tv\/site\/category\/destaques\/\" class=\"advgb-post-tax-term\">Destaques<\/a>","<a href=\"https:\/\/lavras.tv\/site\/category\/noticias\/\" class=\"advgb-post-tax-term\">Not\u00edcias<\/a>"],"unlinked":["<span class=\"advgb-post-tax-term\">Destaques<\/span>","<span class=\"advgb-post-tax-term\">Not\u00edcias<\/span>"]}},"comment_count":"0","relative_dates":{"created":"Publicado 2 meses atr\u00e1s","modified":"Atualizado 2 meses atr\u00e1s"},"absolute_dates":{"created":"Publicado em 2 de mar\u00e7o de 2026","modified":"Atualizado em 2 de mar\u00e7o de 2026"},"absolute_dates_time":{"created":"Publicado em 2 de mar\u00e7o de 2026 18:39","modified":"Atualizado em 2 de mar\u00e7o de 2026 18:39"},"featured_img_caption":"","series_order":"","_links":{"self":[{"href":"https:\/\/lavras.tv\/site\/wp-json\/wp\/v2\/posts\/169540","targetHints":{"allow":["GET"]}}],"collection":[{"href":"https:\/\/lavras.tv\/site\/wp-json\/wp\/v2\/posts"}],"about":[{"href":"https:\/\/lavras.tv\/site\/wp-json\/wp\/v2\/types\/post"}],"author":[{"embeddable":true,"href":"https:\/\/lavras.tv\/site\/wp-json\/wp\/v2\/users\/5"}],"replies":[{"embeddable":true,"href":"https:\/\/lavras.tv\/site\/wp-json\/wp\/v2\/comments?post=169540"}],"version-history":[{"count":1,"href":"https:\/\/lavras.tv\/site\/wp-json\/wp\/v2\/posts\/169540\/revisions"}],"predecessor-version":[{"id":169543,"href":"https:\/\/lavras.tv\/site\/wp-json\/wp\/v2\/posts\/169540\/revisions\/169543"}],"wp:featuredmedia":[{"embeddable":true,"href":"https:\/\/lavras.tv\/site\/wp-json\/wp\/v2\/media\/169542"}],"wp:attachment":[{"href":"https:\/\/lavras.tv\/site\/wp-json\/wp\/v2\/media?parent=169540"}],"wp:term":[{"taxonomy":"category","embeddable":true,"href":"https:\/\/lavras.tv\/site\/wp-json\/wp\/v2\/categories?post=169540"},{"taxonomy":"post_tag","embeddable":true,"href":"https:\/\/lavras.tv\/site\/wp-json\/wp\/v2\/tags?post=169540"}],"curies":[{"name":"wp","href":"https:\/\/api.w.org\/{rel}","templated":true}]}}