{"id":169544,"date":"2026-03-02T18:47:46","date_gmt":"2026-03-02T21:47:46","guid":{"rendered":"https:\/\/lavras.tv\/site\/?p=169544"},"modified":"2026-03-02T18:47:48","modified_gmt":"2026-03-02T21:47:48","slug":"governo-de-minas-anuncia-recomposicao-salarial-de-54-para-todo-o-funcionalismo-publico-do-estado","status":"publish","type":"post","link":"https:\/\/lavras.tv\/site\/2026\/03\/02\/governo-de-minas-anuncia-recomposicao-salarial-de-54-para-todo-o-funcionalismo-publico-do-estado\/","title":{"rendered":"Governo de Minas anuncia recomposi\u00e7\u00e3o salarial de 5,4% para todo o funcionalismo p\u00fablico do Estado"},"content":{"rendered":"<div class=\"lavra-antes-do-conteudo_2\" id=\"lavra-529413993\"><div id=\"lavra-slider-27\" class=\"custom-slider lavra-slider-3160430784 lavra-slider\"><ul><li><div style=\"margin-left: auto;margin-right: auto;text-align: center;\" id=\"lavra-381097906\"><a href=\"https:\/\/sistemas.lavras.mg.gov.br\/portalcidadao\/#df1b1a7c7b2a290bcb31e32771e610784662739a88807c0dacac58ede5f391a7530e299dc302d611ee73cb143fc22eaf93592e53e7b5bdb01b00a0b8d28dae460c141dd2ff83412e4dc1c31b16b25f33144a9e5620ea73b13f5bc1c59411d98439ad226e8af03840603796067d87afe130812cf3de24982d0e306f9e61e764e5\" aria-label=\"Lavras-TV&#8211;720x104px (1) (1)\"><img src=\"https:\/\/lavras.tv\/site\/wp-content\/uploads\/2025\/01\/Lavras-TV-720x104px-1-1.png\" alt=\"\"  srcset=\"https:\/\/lavras.tv\/site\/wp-content\/uploads\/2025\/01\/Lavras-TV-720x104px-1-1.png 720w, https:\/\/lavras.tv\/site\/wp-content\/uploads\/2025\/01\/Lavras-TV-720x104px-1-1-470x68.png 470w, https:\/\/lavras.tv\/site\/wp-content\/uploads\/2025\/01\/Lavras-TV-720x104px-1-1-170x25.png 170w, https:\/\/lavras.tv\/site\/wp-content\/uploads\/2025\/01\/Lavras-TV-720x104px-1-1-200x29.png 200w\" sizes=\"(max-width: 720px) 100vw, 720px\" width=\"720\" height=\"104\"  style=\"display: inline-block;\" \/><\/a><\/div><\/li><li><a href=\"https:\/\/sistemas.lavras.mg.gov.br\/portalcidadao\/#df1b1a7c7b2a290bcb31e32771e610784662739a88807c0dacac58ede5f391a7530e299dc302d611ee73cb143fc22eaf93592e53e7b5bdb01b00a0b8d28dae460c141dd2ff83412e4dc1c31b16b25f33144a9e5620ea73b13f5bc1c59411d98439ad226e8af03840603796067d87afe130812cf3de24982d0e306f9e61e764e5\" aria-label=\"Banner_Emprego_PortallavrasTV\"><img src=\"https:\/\/lavras.tv\/site\/wp-content\/uploads\/2025\/03\/Banner_Emprego_PortallavrasTV.png\" alt=\"\"  srcset=\"https:\/\/lavras.tv\/site\/wp-content\/uploads\/2025\/03\/Banner_Emprego_PortallavrasTV.png 720w, https:\/\/lavras.tv\/site\/wp-content\/uploads\/2025\/03\/Banner_Emprego_PortallavrasTV-470x68.png 470w, https:\/\/lavras.tv\/site\/wp-content\/uploads\/2025\/03\/Banner_Emprego_PortallavrasTV-170x25.png 170w, https:\/\/lavras.tv\/site\/wp-content\/uploads\/2025\/03\/Banner_Emprego_PortallavrasTV-200x29.png 200w\" sizes=\"(max-width: 720px) 100vw, 720px\" width=\"720\" height=\"104\"   \/><\/a><\/li><li><a href=\"https:\/\/sistemas.lavras.mg.gov.br\/portalcidadao\/#df1b1a7c7b2a290bcb31e32771e610784662739a88807c0dacac58ede5f391a7530e299dc302d611ee73cb143fc22eaf93592e53e7b5bdb01b00a0b8d28dae460c141dd2ff83412e4dc1c31b16b25f33144a9e5620ea73b13f5bc1c59411d98439ad226e8af03840603796067d87afe130812cf3de24982d0e306f9e61e764e5\" aria-label=\"Banner_Obras_PortallavrasTV\"><img src=\"https:\/\/lavras.tv\/site\/wp-content\/uploads\/2025\/03\/Banner_Obras_PortallavrasTV.png\" alt=\"\"  srcset=\"https:\/\/lavras.tv\/site\/wp-content\/uploads\/2025\/03\/Banner_Obras_PortallavrasTV.png 720w, https:\/\/lavras.tv\/site\/wp-content\/uploads\/2025\/03\/Banner_Obras_PortallavrasTV-470x68.png 470w, https:\/\/lavras.tv\/site\/wp-content\/uploads\/2025\/03\/Banner_Obras_PortallavrasTV-170x25.png 170w, https:\/\/lavras.tv\/site\/wp-content\/uploads\/2025\/03\/Banner_Obras_PortallavrasTV-200x29.png 200w\" sizes=\"(max-width: 720px) 100vw, 720px\" width=\"720\" height=\"104\"   \/><\/a><\/li><li><div style=\"margin-left: auto;margin-right: auto;text-align: center;\" id=\"lavra-3301525356\"><a href=\"https:\/\/sistemas.lavras.mg.gov.br\/portalcidadao\/#df1b1a7c7b2a290bcb31e32771e610784662739a88807c0dacac58ede5f391a7530e299dc302d611ee73cb143fc22eaf93592e53e7b5bdb01b00a0b8d28dae460c141dd2ff83412e4dc1c31b16b25f33144a9e5620ea73b13f5bc1c59411d98439ad226e8af03840603796067d87afe130812cf3de24982d0e306f9e61e764e5\" aria-label=\"Banner_Educa\u00e7\u00e3o_PortallavrasTV\"><img src=\"https:\/\/lavras.tv\/site\/wp-content\/uploads\/2025\/01\/Banner_Educacao_PortallavrasTV.png\" alt=\"\"  srcset=\"https:\/\/lavras.tv\/site\/wp-content\/uploads\/2025\/01\/Banner_Educacao_PortallavrasTV.png 720w, https:\/\/lavras.tv\/site\/wp-content\/uploads\/2025\/01\/Banner_Educacao_PortallavrasTV-470x68.png 470w, https:\/\/lavras.tv\/site\/wp-content\/uploads\/2025\/01\/Banner_Educacao_PortallavrasTV-170x25.png 170w, https:\/\/lavras.tv\/site\/wp-content\/uploads\/2025\/01\/Banner_Educacao_PortallavrasTV-200x29.png 200w\" sizes=\"(max-width: 720px) 100vw, 720px\" width=\"720\" height=\"104\"  style=\"display: inline-block;\" \/><\/a><\/div><\/li><li><a href=\"https:\/\/sistemas.lavras.mg.gov.br\/portalcidadao\/#df1b1a7c7b2a290bcb31e32771e610784662739a88807c0dacac58ede5f391a7530e299dc302d611ee73cb143fc22eaf93592e53e7b5bdb01b00a0b8d28dae460c141dd2ff83412e4dc1c31b16b25f33144a9e5620ea73b13f5bc1c59411d98439ad226e8af03840603796067d87afe130812cf3de24982d0e306f9e61e764e5\" aria-label=\"Banner_Sa\u00fade_PortallavrasTV\"><img src=\"https:\/\/lavras.tv\/site\/wp-content\/uploads\/2025\/03\/Banner_Saude_PortallavrasTV.png\" alt=\"\"  srcset=\"https:\/\/lavras.tv\/site\/wp-content\/uploads\/2025\/03\/Banner_Saude_PortallavrasTV.png 720w, https:\/\/lavras.tv\/site\/wp-content\/uploads\/2025\/03\/Banner_Saude_PortallavrasTV-470x68.png 470w, https:\/\/lavras.tv\/site\/wp-content\/uploads\/2025\/03\/Banner_Saude_PortallavrasTV-170x25.png 170w, https:\/\/lavras.tv\/site\/wp-content\/uploads\/2025\/03\/Banner_Saude_PortallavrasTV-200x29.png 200w\" sizes=\"(max-width: 720px) 100vw, 720px\" width=\"720\" height=\"104\"   \/><\/a><\/li><li><div id=\"lavra-3626535458\" style=\"width:720px;height:104px;background-color:#ddd;overflow:scroll;\">\n\t<strong>Sa\u00edda da depura\u00e7\u00e3o de an\u00fancios<\/strong>\n\t<br><br>\n\tO an\u00fancio n\u00e3o \u00e9 exibido na p\u00e1gina<br><br>post atual: Governo de Minas anuncia recomposi\u00e7\u00e3o salarial de 5,4% para todo o funcionalismo p\u00fablico do Estado, ID: 169544<br><br><span style=\"color: red;\">O post atual n\u00e3o \u00e9 id\u00eantico ao post principal.<\/span><br><br>An\u00fancios: ROXO - TOPO INTERNA - ROTATIVO 2 (197)<br \/>Grupo de an\u00fancios: Princ_Meio01_720x104 (27)<br><br>Condi\u00e7\u00f5es de exibi\u00e7\u00e3o<div style=\"margin-bottom: 20px; white-space: pre-wrap; font-family: monospace; width: 100%; background: #ffe9e9;\"><strong>condi\u00e7\u00f5es gerais<\/strong><table border=\"1\"><thead><tr><th><\/th><th>An\u00fancios<\/th><th>wp_the_query<\/th><\/tr><\/thead><tr><td>is_main_query<\/td><td>1<\/td><td>1<\/td><\/tr><tr><td>is_rest_api<\/td><td>0<\/td><td>1<\/td><\/tr><tr><td>page<\/td><td>0<\/td><td>1<\/td><\/tr><tr><td>numpages<\/td><td>0<\/td><td>1<\/td><\/tr><tr><td>is_archive<\/td><td>1<\/td><td><\/td><\/tr><tr><td>is_search<\/td><td>1<\/td><td><\/td><\/tr><tr><td>is_home<\/td><td>1<\/td><td><\/td><\/tr><tr><td>is_404<\/td><td>1<\/td><td><\/td><\/tr><tr><td>is_attachment<\/td><td>1<\/td><td><\/td><\/tr><tr><td>is_singular<\/td><td>1<\/td><td><\/td><\/tr><tr><td>is_front_page<\/td><td>1<\/td><td><\/td><\/tr><tr><td>is_feed<\/td><td>1<\/td><td><\/td><\/tr><\/table><\/div><br><br><span style=\"color: red;\">Seu site usa HTTPS, mas o c\u00f3digo do an\u00fancio cont\u00e9m HTTP e pode n\u00e3o funcionar.<\/span>\t<br><br>\n\t<a style=\"color: green;\" href=\"https:\/\/wpadvancedads.com\/manual\/ad-debug-mode\/?utm_source=advanced-ads&utm_medium=link&utm_campaign=ad-debug-mode\" target=\"_blank\" rel=\"nofollow\">Encontre solu\u00e7\u00f5es no manual<\/a>\n<\/div>\n<\/li><\/ul><\/div><script>( window.advanced_ads_ready || jQuery( document ).ready ).call( null, function() {var $lavraslider3160430784 = jQuery( \".lavra-slider-3160430784\" );$lavraslider3160430784.on( \"unslider.ready\", function() { jQuery( \"div.custom-slider ul li\" ).css( \"display\", \"block\" ); });$lavraslider3160430784.unslider({ delay:4000, autoplay:true, nav:false, arrows:false, infinite:true });$lavraslider3160430784.on(\"mouseover\", function() {$lavraslider3160430784.unslider(\"stop\");}).on(\"mouseout\", function() {$lavraslider3160430784.unslider(\"start\");});});<\/script><\/div>\n<h2 class=\"wp-block-heading\">Projeto de Lei sobre a medida ser\u00e1 enviado&nbsp;\u00e0 Assembleia Legislativa de Minas Gerais nas pr\u00f3ximas semanas<\/h2>\n\n\n\n<figure class=\"wp-block-image\"><img decoding=\"async\" src=\"https:\/\/www.agenciaminas.mg.gov.br\/system\/news\/images\/000\/129\/220\/large\/interna.jpg?1772447773\" alt=\"imagem de destaque\"\/><\/figure>\n\n\n\n<p>O governador Romeu Zema anunciou, nesta segunda-feira (2\/3), a recomposi\u00e7\u00e3o de 5,4% nos sal\u00e1rios de todo o funcionalismo p\u00fablico do Estado. A medida vale para os servidores ativos, inativos e pensionistas da administra\u00e7\u00e3o direta e indireta do Estado. A recomposi\u00e7\u00e3o ser\u00e1 paga retroativamente a 1\/1\/2026.<\/p>\n\n\n\n<p>Aproximadamente 673 mil servidores ser\u00e3o contemplados com a recomposi\u00e7\u00e3o, em um incremento de cerca de R$ 3,4 bilh\u00f5es anuais com o pagamento da folha do Executivo.<\/p>\n\n\n\n<p>\u201cEssa recomposi\u00e7\u00e3o s\u00f3 \u00e9 poss\u00edvel porque fizemos o dever de casa com muita responsabilidade. Nos pr\u00f3ximos dias vamos enviar o projeto para a Assembleia para que o reajuste seja aprovado e pago o quanto antes. Minas prospera porque nossos servidores fazem toda a diferen\u00e7a. E continuar cuidando das contas \u00e9 o que garante que possamos fazer isso n\u00e3o s\u00f3 agora, mas tamb\u00e9m no futuro. Minas segue firme\u201d, disse o governador Romeu Zema.<\/p>\n\n\n\n<p>O projeto de lei que determina a medida ser\u00e1 enviado \u00e0 Assembleia Legislativa de Minas Gerais (ALMG) ainda neste m\u00eas. A defini\u00e7\u00e3o sobre a data de pagamento depende da aprova\u00e7\u00e3o do texto na ALMG e, posteriormente, da san\u00e7\u00e3o do governador Romeu Zema.<\/p>\n\n\n\n<p>A recomposi\u00e7\u00e3o salarial assegura que o valor do vencimento b\u00e1sico inicial dos servidores do magist\u00e9rio no Poder Executivo de Minas Gerais seja, novamente, o equivalente proporcional do piso nacional.<\/p>\n\n\n\n<p><strong>Esfor\u00e7o fiscal<\/strong><\/p>\n\n\n\n<p>Desde o in\u00edcio da atual gest\u00e3o, em 2019, uma das prioridades foi reorganizar as contas p\u00fablicas e restabelecer a regularidade no pagamento dos servidores, ap\u00f3s um per\u00edodo de grave desequil\u00edbrio fiscal. Logo no primeiro ano, o Estado quitou o 13\u00ba sal\u00e1rio de 2018, deixado em aberto pela administra\u00e7\u00e3o anterior. A partir de 2021, o pagamento dos sal\u00e1rios foi definitivamente regularizado, encerrando mais de cinco anos de parcelamentos. Desde ent\u00e3o, todo o funcionalismo recebe integralmente no quinto dia \u00fatil, com previsibilidade e seguran\u00e7a.<\/p>\n\n\n\n<p>\u201c\u00c9 com satisfa\u00e7\u00e3o que anunciamos esta recomposi\u00e7\u00e3o a todos os servidores, que fazem o Estado funcionar e prosperar. Essa medida s\u00f3 foi poss\u00edvel porque, desde 2019, o governo vem trabalhando de forma s\u00e9ria, austera, cuidando das contas com muita responsabilidade. E vamos seguir trabalhando duro para transformar Minas em um Estado ainda melhor para todos os mineiros\u201d, completou o vice-governador, Mateus Sim\u00f5es.<\/p>\n\n\n\n<p>Mesmo diante das restri\u00e7\u00f5es fiscais, o governo tem promovido recomposi\u00e7\u00f5es salariais peri\u00f3dicas. Em 2022, ap\u00f3s mais de uma d\u00e9cada sem revis\u00e3o geral, foi autorizado reajuste de 10,06% para todo o funcionalismo do Executivo. Em 2024, nova recomposi\u00e7\u00e3o de 4,62% foi aplicada aos servidores estaduais. Em 2025, foi anunciado o pagamento de aux\u00edlio-alimenta\u00e7\u00e3o para as For\u00e7as de Seguran\u00e7a, representando acr\u00e9scimo de at\u00e9 34% na remunera\u00e7\u00e3o desses profissionais.<\/p>\n","protected":false},"excerpt":{"rendered":"<p>Projeto de Lei sobre a medida ser\u00e1 enviado&nbsp;\u00e0 Assembleia Legislativa de Minas Gerais nas pr\u00f3ximas semanas O governador Romeu Zema anunciou, nesta segunda-feira (2\/3), a recomposi\u00e7\u00e3o de 5,4% nos sal\u00e1rios de todo o funcionalismo p\u00fablico do Estado. A medida vale para os servidores ativos, inativos e pensionistas da administra\u00e7\u00e3o direta e indireta do Estado. A [&hellip;]<\/p>\n","protected":false},"author":5,"featured_media":169545,"comment_status":"closed","ping_status":"open","sticky":false,"template":"","format":"standard","meta":{"advgb_blocks_editor_width":"","advgb_blocks_columns_visual_guide":"","_exactmetrics_skip_tracking":false,"_exactmetrics_sitenote_active":false,"_exactmetrics_sitenote_note":"","_exactmetrics_sitenote_category":0,"footnotes":""},"categories":[7,2],"tags":[],"class_list":["post-169544","post","type-post","status-publish","format-standard","has-post-thumbnail","hentry","category-destaques","category-noticias"],"better_featured_image":{"id":169545,"alt_text":"","caption":"","description":"","media_type":"image","media_details":{"width":940,"height":350,"file":"2026\/03\/interna.jpg","filesize":325600,"sizes":{"medium":{"file":"interna-470x175.jpg","width":470,"height":175,"mime-type":"image\/jpeg","filesize":19249,"source_url":"https:\/\/lavras.tv\/site\/wp-content\/uploads\/2026\/03\/interna-470x175.jpg"},"thumbnail":{"file":"interna-170x63.jpg","width":170,"height":63,"mime-type":"image\/jpeg","filesize":4197,"source_url":"https:\/\/lavras.tv\/site\/wp-content\/uploads\/2026\/03\/interna-170x63.jpg"},"alm-thumbnail":{"file":"interna-150x150.jpg","width":150,"height":150,"mime-type":"image\/jpeg","filesize":6400,"source_url":"https:\/\/lavras.tv\/site\/wp-content\/uploads\/2026\/03\/interna-150x150.jpg"},"sow-carousel-default":{"file":"interna-272x182.jpg","width":272,"height":182,"mime-type":"image\/jpeg","filesize":12314,"source_url":"https:\/\/lavras.tv\/site\/wp-content\/uploads\/2026\/03\/interna-272x182.jpg"}},"image_meta":{"aperture":"0","credit":"","camera":"","caption":"","created_timestamp":"0","copyright":"","focal_length":"0","iso":"0","shutter_speed":"0","title":"","orientation":"0","keywords":[]}},"post":169544,"source_url":"https:\/\/lavras.tv\/site\/wp-content\/uploads\/2026\/03\/interna.jpg"},"author_meta":{"display_name":"Vinicius Bustamante","author_link":"https:\/\/lavras.tv\/site\/author\/vinicius-bustamante\/"},"featured_img":"https:\/\/lavras.tv\/site\/wp-content\/uploads\/2026\/03\/interna-470x175.jpg","coauthors":[],"tax_additional":{"categories":{"linked":["<a href=\"https:\/\/lavras.tv\/site\/category\/destaques\/\" class=\"advgb-post-tax-term\">Destaques<\/a>","<a href=\"https:\/\/lavras.tv\/site\/category\/noticias\/\" class=\"advgb-post-tax-term\">Not\u00edcias<\/a>"],"unlinked":["<span class=\"advgb-post-tax-term\">Destaques<\/span>","<span class=\"advgb-post-tax-term\">Not\u00edcias<\/span>"]}},"comment_count":"0","relative_dates":{"created":"Publicado 2 meses atr\u00e1s","modified":"Atualizado 2 meses atr\u00e1s"},"absolute_dates":{"created":"Publicado em 2 de mar\u00e7o de 2026","modified":"Atualizado em 2 de mar\u00e7o de 2026"},"absolute_dates_time":{"created":"Publicado em 2 de mar\u00e7o de 2026 18:47","modified":"Atualizado em 2 de mar\u00e7o de 2026 18:47"},"featured_img_caption":"","series_order":"","_links":{"self":[{"href":"https:\/\/lavras.tv\/site\/wp-json\/wp\/v2\/posts\/169544","targetHints":{"allow":["GET"]}}],"collection":[{"href":"https:\/\/lavras.tv\/site\/wp-json\/wp\/v2\/posts"}],"about":[{"href":"https:\/\/lavras.tv\/site\/wp-json\/wp\/v2\/types\/post"}],"author":[{"embeddable":true,"href":"https:\/\/lavras.tv\/site\/wp-json\/wp\/v2\/users\/5"}],"replies":[{"embeddable":true,"href":"https:\/\/lavras.tv\/site\/wp-json\/wp\/v2\/comments?post=169544"}],"version-history":[{"count":1,"href":"https:\/\/lavras.tv\/site\/wp-json\/wp\/v2\/posts\/169544\/revisions"}],"predecessor-version":[{"id":169546,"href":"https:\/\/lavras.tv\/site\/wp-json\/wp\/v2\/posts\/169544\/revisions\/169546"}],"wp:featuredmedia":[{"embeddable":true,"href":"https:\/\/lavras.tv\/site\/wp-json\/wp\/v2\/media\/169545"}],"wp:attachment":[{"href":"https:\/\/lavras.tv\/site\/wp-json\/wp\/v2\/media?parent=169544"}],"wp:term":[{"taxonomy":"category","embeddable":true,"href":"https:\/\/lavras.tv\/site\/wp-json\/wp\/v2\/categories?post=169544"},{"taxonomy":"post_tag","embeddable":true,"href":"https:\/\/lavras.tv\/site\/wp-json\/wp\/v2\/tags?post=169544"}],"curies":[{"name":"wp","href":"https:\/\/api.w.org\/{rel}","templated":true}]}}