{"id":169548,"date":"2026-03-02T18:53:44","date_gmt":"2026-03-02T21:53:44","guid":{"rendered":"https:\/\/lavras.tv\/site\/?p=169548"},"modified":"2026-03-02T18:53:45","modified_gmt":"2026-03-02T21:53:45","slug":"pis-pasep-2026-veja-quem-recebe-em-marco-o-abono-salarial-e-o-calendario","status":"publish","type":"post","link":"https:\/\/lavras.tv\/site\/2026\/03\/02\/pis-pasep-2026-veja-quem-recebe-em-marco-o-abono-salarial-e-o-calendario\/","title":{"rendered":"PIS\/Pasep 2026: veja quem recebe em mar\u00e7o o abono salarial e o calend\u00e1rio"},"content":{"rendered":"<div class=\"lavra-antes-do-conteudo_2\" id=\"lavra-2641530507\"><div id=\"lavra-slider-27\" class=\"custom-slider lavra-slider-2299839747 lavra-slider\"><ul><li><div style=\"margin-left: auto;margin-right: auto;text-align: center;\" id=\"lavra-3850891077\"><a href=\"https:\/\/sistemas.lavras.mg.gov.br\/portalcidadao\/#df1b1a7c7b2a290bcb31e32771e610784662739a88807c0dacac58ede5f391a7530e299dc302d611ee73cb143fc22eaf93592e53e7b5bdb01b00a0b8d28dae460c141dd2ff83412e4dc1c31b16b25f33144a9e5620ea73b13f5bc1c59411d98439ad226e8af03840603796067d87afe130812cf3de24982d0e306f9e61e764e5\" aria-label=\"Lavras-TV&#8211;720x104px (1) (1)\"><img src=\"https:\/\/lavras.tv\/site\/wp-content\/uploads\/2025\/01\/Lavras-TV-720x104px-1-1.png\" alt=\"\"  srcset=\"https:\/\/lavras.tv\/site\/wp-content\/uploads\/2025\/01\/Lavras-TV-720x104px-1-1.png 720w, https:\/\/lavras.tv\/site\/wp-content\/uploads\/2025\/01\/Lavras-TV-720x104px-1-1-470x68.png 470w, https:\/\/lavras.tv\/site\/wp-content\/uploads\/2025\/01\/Lavras-TV-720x104px-1-1-170x25.png 170w, https:\/\/lavras.tv\/site\/wp-content\/uploads\/2025\/01\/Lavras-TV-720x104px-1-1-200x29.png 200w\" sizes=\"(max-width: 720px) 100vw, 720px\" width=\"720\" height=\"104\"  style=\"display: inline-block;\" \/><\/a><\/div><\/li><li><a href=\"https:\/\/sistemas.lavras.mg.gov.br\/portalcidadao\/#df1b1a7c7b2a290bcb31e32771e610784662739a88807c0dacac58ede5f391a7530e299dc302d611ee73cb143fc22eaf93592e53e7b5bdb01b00a0b8d28dae460c141dd2ff83412e4dc1c31b16b25f33144a9e5620ea73b13f5bc1c59411d98439ad226e8af03840603796067d87afe130812cf3de24982d0e306f9e61e764e5\" aria-label=\"Banner_Emprego_PortallavrasTV\"><img src=\"https:\/\/lavras.tv\/site\/wp-content\/uploads\/2025\/03\/Banner_Emprego_PortallavrasTV.png\" alt=\"\"  srcset=\"https:\/\/lavras.tv\/site\/wp-content\/uploads\/2025\/03\/Banner_Emprego_PortallavrasTV.png 720w, https:\/\/lavras.tv\/site\/wp-content\/uploads\/2025\/03\/Banner_Emprego_PortallavrasTV-470x68.png 470w, https:\/\/lavras.tv\/site\/wp-content\/uploads\/2025\/03\/Banner_Emprego_PortallavrasTV-170x25.png 170w, https:\/\/lavras.tv\/site\/wp-content\/uploads\/2025\/03\/Banner_Emprego_PortallavrasTV-200x29.png 200w\" sizes=\"(max-width: 720px) 100vw, 720px\" width=\"720\" height=\"104\"   \/><\/a><\/li><li><a href=\"https:\/\/sistemas.lavras.mg.gov.br\/portalcidadao\/#df1b1a7c7b2a290bcb31e32771e610784662739a88807c0dacac58ede5f391a7530e299dc302d611ee73cb143fc22eaf93592e53e7b5bdb01b00a0b8d28dae460c141dd2ff83412e4dc1c31b16b25f33144a9e5620ea73b13f5bc1c59411d98439ad226e8af03840603796067d87afe130812cf3de24982d0e306f9e61e764e5\" aria-label=\"Banner_Obras_PortallavrasTV\"><img src=\"https:\/\/lavras.tv\/site\/wp-content\/uploads\/2025\/03\/Banner_Obras_PortallavrasTV.png\" alt=\"\"  srcset=\"https:\/\/lavras.tv\/site\/wp-content\/uploads\/2025\/03\/Banner_Obras_PortallavrasTV.png 720w, https:\/\/lavras.tv\/site\/wp-content\/uploads\/2025\/03\/Banner_Obras_PortallavrasTV-470x68.png 470w, https:\/\/lavras.tv\/site\/wp-content\/uploads\/2025\/03\/Banner_Obras_PortallavrasTV-170x25.png 170w, https:\/\/lavras.tv\/site\/wp-content\/uploads\/2025\/03\/Banner_Obras_PortallavrasTV-200x29.png 200w\" sizes=\"(max-width: 720px) 100vw, 720px\" width=\"720\" height=\"104\"   \/><\/a><\/li><li><div style=\"margin-left: auto;margin-right: auto;text-align: center;\" id=\"lavra-3441818849\"><a href=\"https:\/\/sistemas.lavras.mg.gov.br\/portalcidadao\/#df1b1a7c7b2a290bcb31e32771e610784662739a88807c0dacac58ede5f391a7530e299dc302d611ee73cb143fc22eaf93592e53e7b5bdb01b00a0b8d28dae460c141dd2ff83412e4dc1c31b16b25f33144a9e5620ea73b13f5bc1c59411d98439ad226e8af03840603796067d87afe130812cf3de24982d0e306f9e61e764e5\" aria-label=\"Banner_Educa\u00e7\u00e3o_PortallavrasTV\"><img src=\"https:\/\/lavras.tv\/site\/wp-content\/uploads\/2025\/01\/Banner_Educacao_PortallavrasTV.png\" alt=\"\"  srcset=\"https:\/\/lavras.tv\/site\/wp-content\/uploads\/2025\/01\/Banner_Educacao_PortallavrasTV.png 720w, https:\/\/lavras.tv\/site\/wp-content\/uploads\/2025\/01\/Banner_Educacao_PortallavrasTV-470x68.png 470w, https:\/\/lavras.tv\/site\/wp-content\/uploads\/2025\/01\/Banner_Educacao_PortallavrasTV-170x25.png 170w, https:\/\/lavras.tv\/site\/wp-content\/uploads\/2025\/01\/Banner_Educacao_PortallavrasTV-200x29.png 200w\" sizes=\"(max-width: 720px) 100vw, 720px\" width=\"720\" height=\"104\"  style=\"display: inline-block;\" \/><\/a><\/div><\/li><li><a href=\"https:\/\/sistemas.lavras.mg.gov.br\/portalcidadao\/#df1b1a7c7b2a290bcb31e32771e610784662739a88807c0dacac58ede5f391a7530e299dc302d611ee73cb143fc22eaf93592e53e7b5bdb01b00a0b8d28dae460c141dd2ff83412e4dc1c31b16b25f33144a9e5620ea73b13f5bc1c59411d98439ad226e8af03840603796067d87afe130812cf3de24982d0e306f9e61e764e5\" aria-label=\"Banner_Sa\u00fade_PortallavrasTV\"><img src=\"https:\/\/lavras.tv\/site\/wp-content\/uploads\/2025\/03\/Banner_Saude_PortallavrasTV.png\" alt=\"\"  srcset=\"https:\/\/lavras.tv\/site\/wp-content\/uploads\/2025\/03\/Banner_Saude_PortallavrasTV.png 720w, https:\/\/lavras.tv\/site\/wp-content\/uploads\/2025\/03\/Banner_Saude_PortallavrasTV-470x68.png 470w, https:\/\/lavras.tv\/site\/wp-content\/uploads\/2025\/03\/Banner_Saude_PortallavrasTV-170x25.png 170w, https:\/\/lavras.tv\/site\/wp-content\/uploads\/2025\/03\/Banner_Saude_PortallavrasTV-200x29.png 200w\" sizes=\"(max-width: 720px) 100vw, 720px\" width=\"720\" height=\"104\"   \/><\/a><\/li><li><div id=\"lavra-3395386716\" style=\"width:720px;height:104px;background-color:#ddd;overflow:scroll;\">\n\t<strong>Sa\u00edda da depura\u00e7\u00e3o de an\u00fancios<\/strong>\n\t<br><br>\n\tO an\u00fancio n\u00e3o \u00e9 exibido na p\u00e1gina<br><br>post atual: PIS\/Pasep 2026: veja quem recebe em mar\u00e7o o abono salarial e o calend\u00e1rio, ID: 169548<br><br><span style=\"color: red;\">O post atual n\u00e3o \u00e9 id\u00eantico ao post principal.<\/span><br><br>An\u00fancios: ROXO - TOPO INTERNA - ROTATIVO 2 (197)<br \/>Grupo de an\u00fancios: Princ_Meio01_720x104 (27)<br><br>Condi\u00e7\u00f5es de exibi\u00e7\u00e3o<div style=\"margin-bottom: 20px; white-space: pre-wrap; font-family: monospace; width: 100%; background: #ffe9e9;\"><strong>condi\u00e7\u00f5es gerais<\/strong><table border=\"1\"><thead><tr><th><\/th><th>An\u00fancios<\/th><th>wp_the_query<\/th><\/tr><\/thead><tr><td>is_main_query<\/td><td>1<\/td><td>1<\/td><\/tr><tr><td>is_rest_api<\/td><td>0<\/td><td>1<\/td><\/tr><tr><td>page<\/td><td>0<\/td><td>1<\/td><\/tr><tr><td>numpages<\/td><td>0<\/td><td>1<\/td><\/tr><tr><td>is_archive<\/td><td>1<\/td><td><\/td><\/tr><tr><td>is_search<\/td><td>1<\/td><td><\/td><\/tr><tr><td>is_home<\/td><td>1<\/td><td><\/td><\/tr><tr><td>is_404<\/td><td>1<\/td><td><\/td><\/tr><tr><td>is_attachment<\/td><td>1<\/td><td><\/td><\/tr><tr><td>is_singular<\/td><td>1<\/td><td><\/td><\/tr><tr><td>is_front_page<\/td><td>1<\/td><td><\/td><\/tr><tr><td>is_feed<\/td><td>1<\/td><td><\/td><\/tr><\/table><\/div><br><br><span style=\"color: red;\">Seu site usa HTTPS, mas o c\u00f3digo do an\u00fancio cont\u00e9m HTTP e pode n\u00e3o funcionar.<\/span>\t<br><br>\n\t<a style=\"color: green;\" href=\"https:\/\/wpadvancedads.com\/manual\/ad-debug-mode\/?utm_source=advanced-ads&utm_medium=link&utm_campaign=ad-debug-mode\" target=\"_blank\" rel=\"nofollow\">Encontre solu\u00e7\u00f5es no manual<\/a>\n<\/div>\n<\/li><\/ul><\/div><script>( window.advanced_ads_ready || jQuery( document ).ready ).call( null, function() {var $lavraslider2299839747 = jQuery( \".lavra-slider-2299839747\" );$lavraslider2299839747.on( \"unslider.ready\", function() { jQuery( \"div.custom-slider ul li\" ).css( \"display\", \"block\" ); });$lavraslider2299839747.unslider({ delay:4000, autoplay:true, nav:false, arrows:false, infinite:true });$lavraslider2299839747.on(\"mouseover\", function() {$lavraslider2299839747.unslider(\"stop\");}).on(\"mouseout\", function() {$lavraslider2299839747.unslider(\"start\");});});<\/script><\/div>\n<p><em>O valor do Abono Salarial varia de R$ 136 a R$ 1.621, de acordo com a quantidade de meses trabalhados durante o ano-base 2024<\/em><\/p>\n\n\n\n<figure class=\"wp-block-image\"><img decoding=\"async\" src=\"https:\/\/istoedinheiro.com.br\/wp-content\/uploads\/sites\/17\/2022\/12\/agencia-caixa-e1672206014519.jpg\" alt=\"Abono\"\/><\/figure>\n\n\n\n<p>Os trabalhadores nascidos em fevereiro v\u00e3o receber no dia 15 de mar\u00e7o o Abono Salarial&nbsp;<strong>PIS\/Pasep<\/strong>. Desde o dia 5 de fevereiro j\u00e1 \u00e9 poss\u00edvel checar tamb\u00e9m o valor a receber, o banco respons\u00e1vel e o calend\u00e1rio completo de pagamentos.<\/p>\n\n\n\n<p>O valor do&nbsp;<strong>Abono Salarial<\/strong>&nbsp;varia de R$ 136 a R$ 1.621, de acordo com a quantidade de meses trabalhados durante o ano-base 2024. Para o ano de refer\u00eancia, o benef\u00edcio estabelece como limite de renda m\u00e9dia mensal o valor de R$ 2.766,00, correspondente \u00e0 soma de dois sal\u00e1rios m\u00ednimos de 2023 (R$ 2.640,00), corrigida pela varia\u00e7\u00e3o acumulada do \u00cdndice Nacional de Pre\u00e7os ao Consumidor (INPC) de 2024, de 4,77%.<\/p>\n\n\n\n<p>Para 2026, o Governo destinar\u00e1 R$ 33,5 bilh\u00f5es ao pagamento do benef\u00edcio, que deve alcan\u00e7ar 26,9 milh\u00f5es de trabalhadores. O montante \u00e9 superior ao registrado em 2025, quando foram investidos R$ 30,7 bilh\u00f5es no abono salarial.<\/p>\n\n\n\n<p>Os pagamentos seguem at\u00e9 15 de agosto. No entanto, os valores permanecer\u00e3o dispon\u00edveis para saque at\u00e9 o \u00faltimo dia \u00fatil do calend\u00e1rio banc\u00e1rio de 2026, em 29 de dezembro. Caso o trabalhador n\u00e3o realize o saque at\u00e9 essa data, os recursos retornam aos cofres p\u00fablicos, mas ainda poder\u00e3o ser solicitados dentro do prazo de at\u00e9 cinco anos.<\/p>\n\n\n\n<h2 class=\"wp-block-heading\">Calend\u00e1rio de pagamentos<\/h2>\n\n\n\n<ul class=\"wp-block-list\">\n<li>Nascidos em janeiro: 16 de fevereiro<\/li>\n\n\n\n<li><strong>Nascidos em fevereiro: 16 de mar\u00e7o<\/strong><\/li>\n\n\n\n<li>Nascidos em mar\u00e7o e abril: 15 de abril<\/li>\n\n\n\n<li>Nascidos em maio e junho: 15 de maio<\/li>\n\n\n\n<li>Nascidos em julho e agosto: 15 de junho<\/li>\n\n\n\n<li>Nascidos em setembro e outubro: 15 de julho<\/li>\n\n\n\n<li>Nascidos em novembro e dezembro: 15 de agosto<\/li>\n<\/ul>\n\n\n\n<h3 class=\"wp-block-heading\"><strong>Mudan\u00e7as em 2026<\/strong><\/h3>\n\n\n\n<p>A partir deste ano, passam a valer as novas regras do Abono Salarial, que alterou o crit\u00e9rio de renda para o acesso ao benef\u00edcio. A mudan\u00e7a estabelece a redu\u00e7\u00e3o gradual, ano a ano, do limite de renda m\u00e9dia mensal dos trabalhadores que t\u00eam direito, at\u00e9 atingir o patamar de um sal\u00e1rio m\u00ednimo e meio, o que est\u00e1 previsto para ocorrer em 2035.<\/p>\n\n\n\n<p>Apesar da altera\u00e7\u00e3o nos crit\u00e9rios de elegibilidade, o valor do Abono Salarial permanece inalterado, podendo chegar a at\u00e9 um sal\u00e1rio m\u00ednimo, conforme o tempo de trabalho no ano-base.<\/p>\n\n\n\n<p>O valor do Abono Salarial varia conforme o n\u00famero de meses trabalhados no ano-base. O c\u00e1lculo \u00e9 feito \u00e0 raz\u00e3o de 1\/12 do sal\u00e1rio m\u00ednimo vigente no ano-base para cada m\u00eas de trabalho, desde que o trabalhador cumpra os demais requisitos, como estar inscrito no programa h\u00e1 pelo menos cinco anos e ter as informa\u00e7\u00f5es corretamente declaradas pelo empregador no eSocial dentro do prazo.<\/p>\n\n\n\n<h2 class=\"wp-block-heading\">Quem tem direito<\/h2>\n\n\n\n<p>T\u00eam direito ao Abono Salarial os trabalhadores que atendem aos seguintes crit\u00e9rios: estar cadastrado no PIS\/PASEP h\u00e1 pelo menos cinco anos, contados da data do primeiro v\u00ednculo; ter recebido, de empregadores que contribuem para o Programa de Integra\u00e7\u00e3o Social (PIS) ou para o Programa de Forma\u00e7\u00e3o do Patrim\u00f4nio do Servidor P\u00fablico (PASEP), at\u00e9 R$ 2.766 de remunera\u00e7\u00e3o m\u00e9dia mensal no per\u00edodo trabalhado; ter exercido atividade remunerada por, no m\u00ednimo, 30 dias \u2014 consecutivos ou n\u00e3o \u2014 no ano-base considerado para apura\u00e7\u00e3o; e ter os dados do ano-base 2024 informados corretamente pelo empregador no eSocial.<\/p>\n\n\n\n<h3 class=\"wp-block-heading\">Pagamento na Caixa<\/h3>\n\n\n\n<p>O pagamento do Abono Salarial pela Caixa ser\u00e1 realizado prioritariamente por cr\u00e9dito em conta Caixa, para trabalhadores que possuam conta-corrente, conta poupan\u00e7a ou Conta Digital. Tamb\u00e9m poder\u00e1 ser feito por meio do aplicativo CAIXA Tem, em conta poupan\u00e7a social digital aberta automaticamente pela institui\u00e7\u00e3o.<\/p>\n\n\n\n<p>Para o trabalhador n\u00e3o correntista, o pagamento ser\u00e1 disponibilizado em canais como ag\u00eancias, lot\u00e9ricas, terminais de autoatendimento, CAIXA Aqui e demais meios oferecidos pela Caixa.<\/p>\n\n\n\n<h3 class=\"wp-block-heading\"><strong>Pagamento no Banco do Brasil<\/strong><\/h3>\n\n\n\n<p>No Banco do Brasil, o pagamento ser\u00e1 realizado prioritariamente por cr\u00e9dito em conta banc\u00e1ria. Tamb\u00e9m poder\u00e1 ser feito por transfer\u00eancia via TED, PIX ou de forma presencial nas ag\u00eancias, para trabalhadores n\u00e3o correntistas e que n\u00e3o possuam chave PIX.<\/p>\n\n\n\n<p>Informa\u00e7\u00f5es adicionais podem ser obtidas nos canais de atendimento do Minist\u00e9rio do Trabalho e Emprego, nas unidades das Superintend\u00eancias Regionais do Trabalho ou pelo telefone 158.<\/p>\n","protected":false},"excerpt":{"rendered":"<p>O valor do Abono Salarial varia de R$ 136 a R$ 1.621, de acordo com a quantidade de meses trabalhados durante o ano-base 2024 Os trabalhadores nascidos em fevereiro v\u00e3o receber no dia 15 de mar\u00e7o o Abono Salarial&nbsp;PIS\/Pasep. Desde o dia 5 de fevereiro j\u00e1 \u00e9 poss\u00edvel checar tamb\u00e9m o valor a receber, o [&hellip;]<\/p>\n","protected":false},"author":5,"featured_media":169549,"comment_status":"closed","ping_status":"open","sticky":false,"template":"","format":"standard","meta":{"advgb_blocks_editor_width":"","advgb_blocks_columns_visual_guide":"","_exactmetrics_skip_tracking":false,"_exactmetrics_sitenote_active":false,"_exactmetrics_sitenote_note":"","_exactmetrics_sitenote_category":0,"footnotes":""},"categories":[7,2],"tags":[],"class_list":["post-169548","post","type-post","status-publish","format-standard","has-post-thumbnail","hentry","category-destaques","category-noticias"],"better_featured_image":{"id":169549,"alt_text":"","caption":"","description":"","media_type":"image","media_details":{"width":640,"height":383,"file":"2026\/03\/agencia-caixa-e1672206014519.webp","filesize":21256,"sizes":{"medium":{"file":"agencia-caixa-e1672206014519-470x281.webp","width":470,"height":281,"mime-type":"image\/webp","filesize":11282,"source_url":"https:\/\/lavras.tv\/site\/wp-content\/uploads\/2026\/03\/agencia-caixa-e1672206014519-470x281.webp"},"thumbnail":{"file":"agencia-caixa-e1672206014519-170x102.webp","width":170,"height":102,"mime-type":"image\/webp","filesize":3722,"source_url":"https:\/\/lavras.tv\/site\/wp-content\/uploads\/2026\/03\/agencia-caixa-e1672206014519-170x102.webp"},"alm-thumbnail":{"file":"agencia-caixa-e1672206014519-150x150.webp","width":150,"height":150,"mime-type":"image\/webp","filesize":4004,"source_url":"https:\/\/lavras.tv\/site\/wp-content\/uploads\/2026\/03\/agencia-caixa-e1672206014519-150x150.webp"},"sow-carousel-default":{"file":"agencia-caixa-e1672206014519-272x182.webp","width":272,"height":182,"mime-type":"image\/webp","filesize":6824,"source_url":"https:\/\/lavras.tv\/site\/wp-content\/uploads\/2026\/03\/agencia-caixa-e1672206014519-272x182.webp"}},"image_meta":{"aperture":"0","credit":"","camera":"","caption":"","created_timestamp":"0","copyright":"","focal_length":"0","iso":"0","shutter_speed":"0","title":"","orientation":"0","keywords":[]}},"post":169548,"source_url":"https:\/\/lavras.tv\/site\/wp-content\/uploads\/2026\/03\/agencia-caixa-e1672206014519.webp"},"author_meta":{"display_name":"Vinicius Bustamante","author_link":"https:\/\/lavras.tv\/site\/author\/vinicius-bustamante\/"},"featured_img":"https:\/\/lavras.tv\/site\/wp-content\/uploads\/2026\/03\/agencia-caixa-e1672206014519-470x281.webp","coauthors":[],"tax_additional":{"categories":{"linked":["<a href=\"https:\/\/lavras.tv\/site\/category\/destaques\/\" class=\"advgb-post-tax-term\">Destaques<\/a>","<a href=\"https:\/\/lavras.tv\/site\/category\/noticias\/\" class=\"advgb-post-tax-term\">Not\u00edcias<\/a>"],"unlinked":["<span class=\"advgb-post-tax-term\">Destaques<\/span>","<span class=\"advgb-post-tax-term\">Not\u00edcias<\/span>"]}},"comment_count":"0","relative_dates":{"created":"Publicado 2 meses atr\u00e1s","modified":"Atualizado 2 meses atr\u00e1s"},"absolute_dates":{"created":"Publicado em 2 de mar\u00e7o de 2026","modified":"Atualizado em 2 de mar\u00e7o de 2026"},"absolute_dates_time":{"created":"Publicado em 2 de mar\u00e7o de 2026 18:53","modified":"Atualizado em 2 de mar\u00e7o de 2026 18:53"},"featured_img_caption":"","series_order":"","_links":{"self":[{"href":"https:\/\/lavras.tv\/site\/wp-json\/wp\/v2\/posts\/169548","targetHints":{"allow":["GET"]}}],"collection":[{"href":"https:\/\/lavras.tv\/site\/wp-json\/wp\/v2\/posts"}],"about":[{"href":"https:\/\/lavras.tv\/site\/wp-json\/wp\/v2\/types\/post"}],"author":[{"embeddable":true,"href":"https:\/\/lavras.tv\/site\/wp-json\/wp\/v2\/users\/5"}],"replies":[{"embeddable":true,"href":"https:\/\/lavras.tv\/site\/wp-json\/wp\/v2\/comments?post=169548"}],"version-history":[{"count":1,"href":"https:\/\/lavras.tv\/site\/wp-json\/wp\/v2\/posts\/169548\/revisions"}],"predecessor-version":[{"id":169550,"href":"https:\/\/lavras.tv\/site\/wp-json\/wp\/v2\/posts\/169548\/revisions\/169550"}],"wp:featuredmedia":[{"embeddable":true,"href":"https:\/\/lavras.tv\/site\/wp-json\/wp\/v2\/media\/169549"}],"wp:attachment":[{"href":"https:\/\/lavras.tv\/site\/wp-json\/wp\/v2\/media?parent=169548"}],"wp:term":[{"taxonomy":"category","embeddable":true,"href":"https:\/\/lavras.tv\/site\/wp-json\/wp\/v2\/categories?post=169548"},{"taxonomy":"post_tag","embeddable":true,"href":"https:\/\/lavras.tv\/site\/wp-json\/wp\/v2\/tags?post=169548"}],"curies":[{"name":"wp","href":"https:\/\/api.w.org\/{rel}","templated":true}]}}