{"id":169583,"date":"2026-03-04T05:19:54","date_gmt":"2026-03-04T08:19:54","guid":{"rendered":"https:\/\/lavras.tv\/site\/?p=169583"},"modified":"2026-03-04T05:19:56","modified_gmt":"2026-03-04T08:19:56","slug":"lavras-e-destaque-nacional-na-vigilancia-socioassistencial-do-suas","status":"publish","type":"post","link":"https:\/\/lavras.tv\/site\/2026\/03\/04\/lavras-e-destaque-nacional-na-vigilancia-socioassistencial-do-suas\/","title":{"rendered":"Lavras \u00e9 destaque nacional na Vigil\u00e2ncia Socioassistencial do SUAS"},"content":{"rendered":"<div class=\"lavra-antes-do-conteudo_2\" id=\"lavra-4001761826\"><div id=\"lavra-slider-27\" class=\"custom-slider lavra-slider-693723433 lavra-slider\"><ul><li><div style=\"margin-left: auto;margin-right: auto;text-align: center;\" id=\"lavra-2177778030\"><a href=\"https:\/\/sistemas.lavras.mg.gov.br\/portalcidadao\/#df1b1a7c7b2a290bcb31e32771e610784662739a88807c0dacac58ede5f391a7530e299dc302d611ee73cb143fc22eaf93592e53e7b5bdb01b00a0b8d28dae460c141dd2ff83412e4dc1c31b16b25f33144a9e5620ea73b13f5bc1c59411d98439ad226e8af03840603796067d87afe130812cf3de24982d0e306f9e61e764e5\" aria-label=\"Lavras-TV&#8211;720x104px (1) (1)\"><img src=\"https:\/\/lavras.tv\/site\/wp-content\/uploads\/2025\/01\/Lavras-TV-720x104px-1-1.png\" alt=\"\"  srcset=\"https:\/\/lavras.tv\/site\/wp-content\/uploads\/2025\/01\/Lavras-TV-720x104px-1-1.png 720w, https:\/\/lavras.tv\/site\/wp-content\/uploads\/2025\/01\/Lavras-TV-720x104px-1-1-470x68.png 470w, https:\/\/lavras.tv\/site\/wp-content\/uploads\/2025\/01\/Lavras-TV-720x104px-1-1-170x25.png 170w, https:\/\/lavras.tv\/site\/wp-content\/uploads\/2025\/01\/Lavras-TV-720x104px-1-1-200x29.png 200w\" sizes=\"(max-width: 720px) 100vw, 720px\" width=\"720\" height=\"104\"  style=\"display: inline-block;\" \/><\/a><\/div><\/li><li><a href=\"https:\/\/sistemas.lavras.mg.gov.br\/portalcidadao\/#df1b1a7c7b2a290bcb31e32771e610784662739a88807c0dacac58ede5f391a7530e299dc302d611ee73cb143fc22eaf93592e53e7b5bdb01b00a0b8d28dae460c141dd2ff83412e4dc1c31b16b25f33144a9e5620ea73b13f5bc1c59411d98439ad226e8af03840603796067d87afe130812cf3de24982d0e306f9e61e764e5\" aria-label=\"Banner_Emprego_PortallavrasTV\"><img src=\"https:\/\/lavras.tv\/site\/wp-content\/uploads\/2025\/03\/Banner_Emprego_PortallavrasTV.png\" alt=\"\"  srcset=\"https:\/\/lavras.tv\/site\/wp-content\/uploads\/2025\/03\/Banner_Emprego_PortallavrasTV.png 720w, https:\/\/lavras.tv\/site\/wp-content\/uploads\/2025\/03\/Banner_Emprego_PortallavrasTV-470x68.png 470w, https:\/\/lavras.tv\/site\/wp-content\/uploads\/2025\/03\/Banner_Emprego_PortallavrasTV-170x25.png 170w, https:\/\/lavras.tv\/site\/wp-content\/uploads\/2025\/03\/Banner_Emprego_PortallavrasTV-200x29.png 200w\" sizes=\"(max-width: 720px) 100vw, 720px\" width=\"720\" height=\"104\"   \/><\/a><\/li><li><a href=\"https:\/\/sistemas.lavras.mg.gov.br\/portalcidadao\/#df1b1a7c7b2a290bcb31e32771e610784662739a88807c0dacac58ede5f391a7530e299dc302d611ee73cb143fc22eaf93592e53e7b5bdb01b00a0b8d28dae460c141dd2ff83412e4dc1c31b16b25f33144a9e5620ea73b13f5bc1c59411d98439ad226e8af03840603796067d87afe130812cf3de24982d0e306f9e61e764e5\" aria-label=\"Banner_Obras_PortallavrasTV\"><img src=\"https:\/\/lavras.tv\/site\/wp-content\/uploads\/2025\/03\/Banner_Obras_PortallavrasTV.png\" alt=\"\"  srcset=\"https:\/\/lavras.tv\/site\/wp-content\/uploads\/2025\/03\/Banner_Obras_PortallavrasTV.png 720w, https:\/\/lavras.tv\/site\/wp-content\/uploads\/2025\/03\/Banner_Obras_PortallavrasTV-470x68.png 470w, https:\/\/lavras.tv\/site\/wp-content\/uploads\/2025\/03\/Banner_Obras_PortallavrasTV-170x25.png 170w, https:\/\/lavras.tv\/site\/wp-content\/uploads\/2025\/03\/Banner_Obras_PortallavrasTV-200x29.png 200w\" sizes=\"(max-width: 720px) 100vw, 720px\" width=\"720\" height=\"104\"   \/><\/a><\/li><li><div style=\"margin-left: auto;margin-right: auto;text-align: center;\" id=\"lavra-1169431983\"><a href=\"https:\/\/sistemas.lavras.mg.gov.br\/portalcidadao\/#df1b1a7c7b2a290bcb31e32771e610784662739a88807c0dacac58ede5f391a7530e299dc302d611ee73cb143fc22eaf93592e53e7b5bdb01b00a0b8d28dae460c141dd2ff83412e4dc1c31b16b25f33144a9e5620ea73b13f5bc1c59411d98439ad226e8af03840603796067d87afe130812cf3de24982d0e306f9e61e764e5\" aria-label=\"Banner_Educa\u00e7\u00e3o_PortallavrasTV\"><img src=\"https:\/\/lavras.tv\/site\/wp-content\/uploads\/2025\/01\/Banner_Educacao_PortallavrasTV.png\" alt=\"\"  srcset=\"https:\/\/lavras.tv\/site\/wp-content\/uploads\/2025\/01\/Banner_Educacao_PortallavrasTV.png 720w, https:\/\/lavras.tv\/site\/wp-content\/uploads\/2025\/01\/Banner_Educacao_PortallavrasTV-470x68.png 470w, https:\/\/lavras.tv\/site\/wp-content\/uploads\/2025\/01\/Banner_Educacao_PortallavrasTV-170x25.png 170w, https:\/\/lavras.tv\/site\/wp-content\/uploads\/2025\/01\/Banner_Educacao_PortallavrasTV-200x29.png 200w\" sizes=\"(max-width: 720px) 100vw, 720px\" width=\"720\" height=\"104\"  style=\"display: inline-block;\" \/><\/a><\/div><\/li><li><a href=\"https:\/\/sistemas.lavras.mg.gov.br\/portalcidadao\/#df1b1a7c7b2a290bcb31e32771e610784662739a88807c0dacac58ede5f391a7530e299dc302d611ee73cb143fc22eaf93592e53e7b5bdb01b00a0b8d28dae460c141dd2ff83412e4dc1c31b16b25f33144a9e5620ea73b13f5bc1c59411d98439ad226e8af03840603796067d87afe130812cf3de24982d0e306f9e61e764e5\" aria-label=\"Banner_Sa\u00fade_PortallavrasTV\"><img src=\"https:\/\/lavras.tv\/site\/wp-content\/uploads\/2025\/03\/Banner_Saude_PortallavrasTV.png\" alt=\"\"  srcset=\"https:\/\/lavras.tv\/site\/wp-content\/uploads\/2025\/03\/Banner_Saude_PortallavrasTV.png 720w, https:\/\/lavras.tv\/site\/wp-content\/uploads\/2025\/03\/Banner_Saude_PortallavrasTV-470x68.png 470w, https:\/\/lavras.tv\/site\/wp-content\/uploads\/2025\/03\/Banner_Saude_PortallavrasTV-170x25.png 170w, https:\/\/lavras.tv\/site\/wp-content\/uploads\/2025\/03\/Banner_Saude_PortallavrasTV-200x29.png 200w\" sizes=\"(max-width: 720px) 100vw, 720px\" width=\"720\" height=\"104\"   \/><\/a><\/li><li><div id=\"lavra-3181883029\" style=\"width:720px;height:104px;background-color:#ddd;overflow:scroll;\">\n\t<strong>Sa\u00edda da depura\u00e7\u00e3o de an\u00fancios<\/strong>\n\t<br><br>\n\tO an\u00fancio n\u00e3o \u00e9 exibido na p\u00e1gina<br><br>post atual: Lavras \u00e9 destaque nacional na Vigil\u00e2ncia Socioassistencial do SUAS, ID: 169583<br><br><span style=\"color: red;\">O post atual n\u00e3o \u00e9 id\u00eantico ao post principal.<\/span><br><br>An\u00fancios: ROXO - TOPO INTERNA - ROTATIVO 2 (197)<br \/>Grupo de an\u00fancios: Princ_Meio01_720x104 (27)<br><br>Condi\u00e7\u00f5es de exibi\u00e7\u00e3o<div style=\"margin-bottom: 20px; white-space: pre-wrap; font-family: monospace; width: 100%; background: #ffe9e9;\"><strong>condi\u00e7\u00f5es gerais<\/strong><table border=\"1\"><thead><tr><th><\/th><th>An\u00fancios<\/th><th>wp_the_query<\/th><\/tr><\/thead><tr><td>is_main_query<\/td><td>1<\/td><td>1<\/td><\/tr><tr><td>is_rest_api<\/td><td>0<\/td><td>1<\/td><\/tr><tr><td>page<\/td><td>0<\/td><td>1<\/td><\/tr><tr><td>numpages<\/td><td>0<\/td><td>1<\/td><\/tr><tr><td>is_archive<\/td><td>1<\/td><td><\/td><\/tr><tr><td>is_search<\/td><td>1<\/td><td><\/td><\/tr><tr><td>is_home<\/td><td>1<\/td><td><\/td><\/tr><tr><td>is_404<\/td><td>1<\/td><td><\/td><\/tr><tr><td>is_attachment<\/td><td>1<\/td><td><\/td><\/tr><tr><td>is_singular<\/td><td>1<\/td><td><\/td><\/tr><tr><td>is_front_page<\/td><td>1<\/td><td><\/td><\/tr><tr><td>is_feed<\/td><td>1<\/td><td><\/td><\/tr><\/table><\/div><br><br><span style=\"color: red;\">Seu site usa HTTPS, mas o c\u00f3digo do an\u00fancio cont\u00e9m HTTP e pode n\u00e3o funcionar.<\/span>\t<br><br>\n\t<a style=\"color: green;\" href=\"https:\/\/wpadvancedads.com\/manual\/ad-debug-mode\/?utm_source=advanced-ads&utm_medium=link&utm_campaign=ad-debug-mode\" target=\"_blank\" rel=\"nofollow\">Encontre solu\u00e7\u00f5es no manual<\/a>\n<\/div>\n<\/li><\/ul><\/div><script>( window.advanced_ads_ready || jQuery( document ).ready ).call( null, function() {var $lavraslider693723433 = jQuery( \".lavra-slider-693723433\" );$lavraslider693723433.on( \"unslider.ready\", function() { jQuery( \"div.custom-slider ul li\" ).css( \"display\", \"block\" ); });$lavraslider693723433.unslider({ delay:4000, autoplay:true, nav:false, arrows:false, infinite:true });$lavraslider693723433.on(\"mouseover\", function() {$lavraslider693723433.unslider(\"stop\");}).on(\"mouseout\", function() {$lavraslider693723433.unslider(\"start\");});});<\/script><\/div>\n<figure class=\"wp-block-image size-large\"><img fetchpriority=\"high\" decoding=\"async\" width=\"970\" height=\"546\" src=\"https:\/\/lavras.tv\/site\/wp-content\/uploads\/2026\/03\/WhatsApp-Image-2026-03-03-at-18.49.10-970x546.jpeg\" alt=\"\" class=\"wp-image-169584\" srcset=\"https:\/\/lavras.tv\/site\/wp-content\/uploads\/2026\/03\/WhatsApp-Image-2026-03-03-at-18.49.10-970x546.jpeg 970w, https:\/\/lavras.tv\/site\/wp-content\/uploads\/2026\/03\/WhatsApp-Image-2026-03-03-at-18.49.10-470x264.jpeg 470w, https:\/\/lavras.tv\/site\/wp-content\/uploads\/2026\/03\/WhatsApp-Image-2026-03-03-at-18.49.10-170x96.jpeg 170w, https:\/\/lavras.tv\/site\/wp-content\/uploads\/2026\/03\/WhatsApp-Image-2026-03-03-at-18.49.10-1536x864.jpeg 1536w, https:\/\/lavras.tv\/site\/wp-content\/uploads\/2026\/03\/WhatsApp-Image-2026-03-03-at-18.49.10.jpeg 1600w\" sizes=\"(max-width: 970px) 100vw, 970px\" \/><\/figure>\n\n\n\n<p>O Governo de Lavras foi contemplado na 4\u00aa Mostra Nacional de Experi\u00eancias em Vigil\u00e2ncia Socioassistencial, promovida pela Secretaria Nacional de Assist\u00eancia Social, vinculada ao Minist\u00e9rio do Desenvolvimento e Assist\u00eancia Social, Fam\u00edlia e Combate \u00e0 Fome (MDS).<\/p>\n\n\n\n<p>O reconhecimento ocorreu a partir da sele\u00e7\u00e3o do artigo t\u00e9cnico elaborado pela assistente social e t\u00e9cnica de refer\u00eancia da Vigil\u00e2ncia Socioassistencial do munic\u00edpio, Camila Castelari Barbosa. O trabalho, intitulado \u201cDiagn\u00f3stico Socioterritorial e Redivis\u00e3o Territorial dos Equipamentos CRAS em Lavras\/MG: Uma Experi\u00eancia de Planejamento Estrat\u00e9gico e Gest\u00e3o Territorial no SUAS\u201d, apresenta a experi\u00eancia do munic\u00edpio na reorganiza\u00e7\u00e3o territorial dos servi\u00e7os socioassistenciais com base em dados, indicadores e an\u00e1lise t\u00e9cnica.<\/p>\n\n\n\n<p>O artigo passou por um rigoroso processo de avalia\u00e7\u00e3o e colocou Lavras como o \u00fanico munic\u00edpio de grande porte entre os 34 existentes em Minas Gerais a ser contemplado nesta edi\u00e7\u00e3o da Mostra. Al\u00e9m de Lavras, apenas a capital mineira, Belo Horizonte, tamb\u00e9m foi selecionada.<\/p>\n\n\n\n<p>A Vigil\u00e2ncia Socioassistencial \u00e9 uma das fun\u00e7\u00f5es estruturantes do Sistema \u00danico de Assist\u00eancia Social (SUAS) e tem como objetivo produzir, sistematizar e analisar informa\u00e7\u00f5es territorializadas sobre vulnerabilidades sociais, subsidiando o planejamento, o monitoramento e a avalia\u00e7\u00e3o da pol\u00edtica p\u00fablica de assist\u00eancia social.<\/p>\n\n\n\n<p>Segundo o secret\u00e1rio municipal de Desenvolvimento Social e Cidadania, Jo\u00e3o Paulo Santos Ferreira, o reconhecimento refor\u00e7a a import\u00e2ncia estrat\u00e9gica do setor.<\/p>\n\n\n\n<p>\u201cA Vigil\u00e2ncia Socioassistencial transforma dados em intelig\u00eancia p\u00fablica, garantindo que as decis\u00f5es da gest\u00e3o sejam fundamentadas em evid\u00eancias e voltadas \u00e0 promo\u00e7\u00e3o da equidade territorial e da efetividade da prote\u00e7\u00e3o social\u201d, destacou.<\/p>\n\n\n\n<figure class=\"wp-block-image size-large\"><img decoding=\"async\" width=\"970\" height=\"541\" src=\"https:\/\/lavras.tv\/site\/wp-content\/uploads\/2026\/03\/WhatsApp-Image-2026-03-03-at-18.49.09-970x541.jpeg\" alt=\"\" class=\"wp-image-169585\" srcset=\"https:\/\/lavras.tv\/site\/wp-content\/uploads\/2026\/03\/WhatsApp-Image-2026-03-03-at-18.49.09-970x541.jpeg 970w, https:\/\/lavras.tv\/site\/wp-content\/uploads\/2026\/03\/WhatsApp-Image-2026-03-03-at-18.49.09-470x262.jpeg 470w, https:\/\/lavras.tv\/site\/wp-content\/uploads\/2026\/03\/WhatsApp-Image-2026-03-03-at-18.49.09-170x95.jpeg 170w, https:\/\/lavras.tv\/site\/wp-content\/uploads\/2026\/03\/WhatsApp-Image-2026-03-03-at-18.49.09.jpeg 1376w\" sizes=\"(max-width: 970px) 100vw, 970px\" \/><\/figure>\n\n\n\n<p>Camila Castelari Barbosa \u00e9 assistente social, mestre em Gest\u00e3o e Desenvolvimento Regional e servidora p\u00fablica concursada do munic\u00edpio, atuando na Vigil\u00e2ncia Socioassistencial e na Educa\u00e7\u00e3o Permanente do SUAS. Em 2025, tamb\u00e9m foi convidada pelo Conselho Nacional de Assist\u00eancia Social (CNAS) e pelo MDS para participar da 14\u00aa Confer\u00eancia Nacional de Assist\u00eancia Social, na condi\u00e7\u00e3o de Convidada Federal, al\u00e9m de ter artigo aprovado pelo Fundo Nacional de Assist\u00eancia Social (FNAS) para publica\u00e7\u00e3o t\u00e9cnica.<\/p>\n","protected":false},"excerpt":{"rendered":"<p>O Governo de Lavras foi contemplado na 4\u00aa Mostra Nacional de Experi\u00eancias em Vigil\u00e2ncia Socioassistencial, promovida pela Secretaria Nacional de Assist\u00eancia Social, vinculada ao Minist\u00e9rio do Desenvolvimento e Assist\u00eancia Social, Fam\u00edlia e Combate \u00e0 Fome (MDS). O reconhecimento ocorreu a partir da sele\u00e7\u00e3o do artigo t\u00e9cnico elaborado pela assistente social e t\u00e9cnica de refer\u00eancia da [&hellip;]<\/p>\n","protected":false},"author":5,"featured_media":169584,"comment_status":"closed","ping_status":"open","sticky":false,"template":"","format":"standard","meta":{"advgb_blocks_editor_width":"","advgb_blocks_columns_visual_guide":"","_exactmetrics_skip_tracking":false,"_exactmetrics_sitenote_active":false,"_exactmetrics_sitenote_note":"","_exactmetrics_sitenote_category":0,"footnotes":""},"categories":[17,2,5760],"tags":[],"class_list":["post-169583","post","type-post","status-publish","format-standard","has-post-thumbnail","hentry","category-jornal-cidade","category-noticias","category-noticias-jornal-cidade"],"better_featured_image":{"id":169584,"alt_text":"","caption":"","description":"","media_type":"image","media_details":{"width":1600,"height":900,"file":"2026\/03\/WhatsApp-Image-2026-03-03-at-18.49.10.jpeg","filesize":196924,"sizes":{"medium":{"file":"WhatsApp-Image-2026-03-03-at-18.49.10-470x264.jpeg","width":470,"height":264,"mime-type":"image\/jpeg","filesize":28178,"source_url":"https:\/\/lavras.tv\/site\/wp-content\/uploads\/2026\/03\/WhatsApp-Image-2026-03-03-at-18.49.10-470x264.jpeg"},"large":{"file":"WhatsApp-Image-2026-03-03-at-18.49.10-970x546.jpeg","width":970,"height":546,"mime-type":"image\/jpeg","filesize":91701,"source_url":"https:\/\/lavras.tv\/site\/wp-content\/uploads\/2026\/03\/WhatsApp-Image-2026-03-03-at-18.49.10-970x546.jpeg"},"thumbnail":{"file":"WhatsApp-Image-2026-03-03-at-18.49.10-170x96.jpeg","width":170,"height":96,"mime-type":"image\/jpeg","filesize":5626,"source_url":"https:\/\/lavras.tv\/site\/wp-content\/uploads\/2026\/03\/WhatsApp-Image-2026-03-03-at-18.49.10-170x96.jpeg"},"1536x1536":{"file":"WhatsApp-Image-2026-03-03-at-18.49.10-1536x864.jpeg","width":1536,"height":864,"mime-type":"image\/jpeg","filesize":187193,"source_url":"https:\/\/lavras.tv\/site\/wp-content\/uploads\/2026\/03\/WhatsApp-Image-2026-03-03-at-18.49.10-1536x864.jpeg"},"alm-thumbnail":{"file":"WhatsApp-Image-2026-03-03-at-18.49.10-150x150.jpeg","width":150,"height":150,"mime-type":"image\/jpeg","filesize":6379,"source_url":"https:\/\/lavras.tv\/site\/wp-content\/uploads\/2026\/03\/WhatsApp-Image-2026-03-03-at-18.49.10-150x150.jpeg"},"sow-carousel-default":{"file":"WhatsApp-Image-2026-03-03-at-18.49.10-272x182.jpeg","width":272,"height":182,"mime-type":"image\/jpeg","filesize":13068,"source_url":"https:\/\/lavras.tv\/site\/wp-content\/uploads\/2026\/03\/WhatsApp-Image-2026-03-03-at-18.49.10-272x182.jpeg"}},"image_meta":{"aperture":"0","credit":"","camera":"","caption":"","created_timestamp":"0","copyright":"","focal_length":"0","iso":"0","shutter_speed":"0","title":"","orientation":"0","keywords":[]}},"post":169583,"source_url":"https:\/\/lavras.tv\/site\/wp-content\/uploads\/2026\/03\/WhatsApp-Image-2026-03-03-at-18.49.10.jpeg"},"author_meta":{"display_name":"Vinicius Bustamante","author_link":"https:\/\/lavras.tv\/site\/author\/vinicius-bustamante\/"},"featured_img":"https:\/\/lavras.tv\/site\/wp-content\/uploads\/2026\/03\/WhatsApp-Image-2026-03-03-at-18.49.10-470x264.jpeg","coauthors":[],"tax_additional":{"categories":{"linked":["<a href=\"https:\/\/lavras.tv\/site\/category\/sem-categoria\/jornal-cidade\/\" class=\"advgb-post-tax-term\">DESTAQUE PRINCIPAL<\/a>","<a href=\"https:\/\/lavras.tv\/site\/category\/noticias\/\" class=\"advgb-post-tax-term\">Not\u00edcias<\/a>","<a href=\"https:\/\/lavras.tv\/site\/category\/sem-categoria\/jornal-cidade\/noticias-jornal-cidade\/\" class=\"advgb-post-tax-term\">NOT\u00cdCIAS<\/a>"],"unlinked":["<span class=\"advgb-post-tax-term\">DESTAQUE PRINCIPAL<\/span>","<span class=\"advgb-post-tax-term\">Not\u00edcias<\/span>","<span class=\"advgb-post-tax-term\">NOT\u00cdCIAS<\/span>"]}},"comment_count":"0","relative_dates":{"created":"Publicado 2 meses atr\u00e1s","modified":"Atualizado 2 meses atr\u00e1s"},"absolute_dates":{"created":"Publicado em 4 de mar\u00e7o de 2026","modified":"Atualizado em 4 de mar\u00e7o de 2026"},"absolute_dates_time":{"created":"Publicado em 4 de mar\u00e7o de 2026 05:19","modified":"Atualizado em 4 de mar\u00e7o de 2026 05:19"},"featured_img_caption":"","series_order":"","_links":{"self":[{"href":"https:\/\/lavras.tv\/site\/wp-json\/wp\/v2\/posts\/169583","targetHints":{"allow":["GET"]}}],"collection":[{"href":"https:\/\/lavras.tv\/site\/wp-json\/wp\/v2\/posts"}],"about":[{"href":"https:\/\/lavras.tv\/site\/wp-json\/wp\/v2\/types\/post"}],"author":[{"embeddable":true,"href":"https:\/\/lavras.tv\/site\/wp-json\/wp\/v2\/users\/5"}],"replies":[{"embeddable":true,"href":"https:\/\/lavras.tv\/site\/wp-json\/wp\/v2\/comments?post=169583"}],"version-history":[{"count":1,"href":"https:\/\/lavras.tv\/site\/wp-json\/wp\/v2\/posts\/169583\/revisions"}],"predecessor-version":[{"id":169586,"href":"https:\/\/lavras.tv\/site\/wp-json\/wp\/v2\/posts\/169583\/revisions\/169586"}],"wp:featuredmedia":[{"embeddable":true,"href":"https:\/\/lavras.tv\/site\/wp-json\/wp\/v2\/media\/169584"}],"wp:attachment":[{"href":"https:\/\/lavras.tv\/site\/wp-json\/wp\/v2\/media?parent=169583"}],"wp:term":[{"taxonomy":"category","embeddable":true,"href":"https:\/\/lavras.tv\/site\/wp-json\/wp\/v2\/categories?post=169583"},{"taxonomy":"post_tag","embeddable":true,"href":"https:\/\/lavras.tv\/site\/wp-json\/wp\/v2\/tags?post=169583"}],"curies":[{"name":"wp","href":"https:\/\/api.w.org\/{rel}","templated":true}]}}