{"id":169592,"date":"2026-03-04T12:20:42","date_gmt":"2026-03-04T15:20:42","guid":{"rendered":"https:\/\/lavras.tv\/site\/?p=169592"},"modified":"2026-03-04T12:20:44","modified_gmt":"2026-03-04T15:20:44","slug":"nova-politica-do-governo-de-minas-amplia-apoio-aos-pais-e-responsaveis-por-criancas-atipicas","status":"publish","type":"post","link":"https:\/\/lavras.tv\/site\/2026\/03\/04\/nova-politica-do-governo-de-minas-amplia-apoio-aos-pais-e-responsaveis-por-criancas-atipicas\/","title":{"rendered":"Nova pol\u00edtica do Governo de Minas amplia apoio aos pais e respons\u00e1veis por crian\u00e7as at\u00edpicas"},"content":{"rendered":"<div class=\"lavra-antes-do-conteudo_2\" id=\"lavra-3785943982\"><div id=\"lavra-slider-27\" class=\"custom-slider lavra-slider-3914153415 lavra-slider\"><ul><li><div style=\"margin-left: auto;margin-right: auto;text-align: center;\" id=\"lavra-3396627358\"><a href=\"https:\/\/sistemas.lavras.mg.gov.br\/portalcidadao\/#df1b1a7c7b2a290bcb31e32771e610784662739a88807c0dacac58ede5f391a7530e299dc302d611ee73cb143fc22eaf93592e53e7b5bdb01b00a0b8d28dae460c141dd2ff83412e4dc1c31b16b25f33144a9e5620ea73b13f5bc1c59411d98439ad226e8af03840603796067d87afe130812cf3de24982d0e306f9e61e764e5\" aria-label=\"Lavras-TV&#8211;720x104px (1) (1)\"><img src=\"https:\/\/lavras.tv\/site\/wp-content\/uploads\/2025\/01\/Lavras-TV-720x104px-1-1.png\" alt=\"\"  srcset=\"https:\/\/lavras.tv\/site\/wp-content\/uploads\/2025\/01\/Lavras-TV-720x104px-1-1.png 720w, https:\/\/lavras.tv\/site\/wp-content\/uploads\/2025\/01\/Lavras-TV-720x104px-1-1-470x68.png 470w, https:\/\/lavras.tv\/site\/wp-content\/uploads\/2025\/01\/Lavras-TV-720x104px-1-1-170x25.png 170w, https:\/\/lavras.tv\/site\/wp-content\/uploads\/2025\/01\/Lavras-TV-720x104px-1-1-200x29.png 200w\" sizes=\"(max-width: 720px) 100vw, 720px\" width=\"720\" height=\"104\"  style=\"display: inline-block;\" \/><\/a><\/div><\/li><li><a href=\"https:\/\/sistemas.lavras.mg.gov.br\/portalcidadao\/#df1b1a7c7b2a290bcb31e32771e610784662739a88807c0dacac58ede5f391a7530e299dc302d611ee73cb143fc22eaf93592e53e7b5bdb01b00a0b8d28dae460c141dd2ff83412e4dc1c31b16b25f33144a9e5620ea73b13f5bc1c59411d98439ad226e8af03840603796067d87afe130812cf3de24982d0e306f9e61e764e5\" aria-label=\"Banner_Emprego_PortallavrasTV\"><img src=\"https:\/\/lavras.tv\/site\/wp-content\/uploads\/2025\/03\/Banner_Emprego_PortallavrasTV.png\" alt=\"\"  srcset=\"https:\/\/lavras.tv\/site\/wp-content\/uploads\/2025\/03\/Banner_Emprego_PortallavrasTV.png 720w, https:\/\/lavras.tv\/site\/wp-content\/uploads\/2025\/03\/Banner_Emprego_PortallavrasTV-470x68.png 470w, https:\/\/lavras.tv\/site\/wp-content\/uploads\/2025\/03\/Banner_Emprego_PortallavrasTV-170x25.png 170w, https:\/\/lavras.tv\/site\/wp-content\/uploads\/2025\/03\/Banner_Emprego_PortallavrasTV-200x29.png 200w\" sizes=\"(max-width: 720px) 100vw, 720px\" width=\"720\" height=\"104\"   \/><\/a><\/li><li><a href=\"https:\/\/sistemas.lavras.mg.gov.br\/portalcidadao\/#df1b1a7c7b2a290bcb31e32771e610784662739a88807c0dacac58ede5f391a7530e299dc302d611ee73cb143fc22eaf93592e53e7b5bdb01b00a0b8d28dae460c141dd2ff83412e4dc1c31b16b25f33144a9e5620ea73b13f5bc1c59411d98439ad226e8af03840603796067d87afe130812cf3de24982d0e306f9e61e764e5\" aria-label=\"Banner_Obras_PortallavrasTV\"><img src=\"https:\/\/lavras.tv\/site\/wp-content\/uploads\/2025\/03\/Banner_Obras_PortallavrasTV.png\" alt=\"\"  srcset=\"https:\/\/lavras.tv\/site\/wp-content\/uploads\/2025\/03\/Banner_Obras_PortallavrasTV.png 720w, https:\/\/lavras.tv\/site\/wp-content\/uploads\/2025\/03\/Banner_Obras_PortallavrasTV-470x68.png 470w, https:\/\/lavras.tv\/site\/wp-content\/uploads\/2025\/03\/Banner_Obras_PortallavrasTV-170x25.png 170w, https:\/\/lavras.tv\/site\/wp-content\/uploads\/2025\/03\/Banner_Obras_PortallavrasTV-200x29.png 200w\" sizes=\"(max-width: 720px) 100vw, 720px\" width=\"720\" height=\"104\"   \/><\/a><\/li><li><div style=\"margin-left: auto;margin-right: auto;text-align: center;\" id=\"lavra-3397901508\"><a href=\"https:\/\/sistemas.lavras.mg.gov.br\/portalcidadao\/#df1b1a7c7b2a290bcb31e32771e610784662739a88807c0dacac58ede5f391a7530e299dc302d611ee73cb143fc22eaf93592e53e7b5bdb01b00a0b8d28dae460c141dd2ff83412e4dc1c31b16b25f33144a9e5620ea73b13f5bc1c59411d98439ad226e8af03840603796067d87afe130812cf3de24982d0e306f9e61e764e5\" aria-label=\"Banner_Educa\u00e7\u00e3o_PortallavrasTV\"><img src=\"https:\/\/lavras.tv\/site\/wp-content\/uploads\/2025\/01\/Banner_Educacao_PortallavrasTV.png\" alt=\"\"  srcset=\"https:\/\/lavras.tv\/site\/wp-content\/uploads\/2025\/01\/Banner_Educacao_PortallavrasTV.png 720w, https:\/\/lavras.tv\/site\/wp-content\/uploads\/2025\/01\/Banner_Educacao_PortallavrasTV-470x68.png 470w, https:\/\/lavras.tv\/site\/wp-content\/uploads\/2025\/01\/Banner_Educacao_PortallavrasTV-170x25.png 170w, https:\/\/lavras.tv\/site\/wp-content\/uploads\/2025\/01\/Banner_Educacao_PortallavrasTV-200x29.png 200w\" sizes=\"(max-width: 720px) 100vw, 720px\" width=\"720\" height=\"104\"  style=\"display: inline-block;\" \/><\/a><\/div><\/li><li><a href=\"https:\/\/sistemas.lavras.mg.gov.br\/portalcidadao\/#df1b1a7c7b2a290bcb31e32771e610784662739a88807c0dacac58ede5f391a7530e299dc302d611ee73cb143fc22eaf93592e53e7b5bdb01b00a0b8d28dae460c141dd2ff83412e4dc1c31b16b25f33144a9e5620ea73b13f5bc1c59411d98439ad226e8af03840603796067d87afe130812cf3de24982d0e306f9e61e764e5\" aria-label=\"Banner_Sa\u00fade_PortallavrasTV\"><img src=\"https:\/\/lavras.tv\/site\/wp-content\/uploads\/2025\/03\/Banner_Saude_PortallavrasTV.png\" alt=\"\"  srcset=\"https:\/\/lavras.tv\/site\/wp-content\/uploads\/2025\/03\/Banner_Saude_PortallavrasTV.png 720w, https:\/\/lavras.tv\/site\/wp-content\/uploads\/2025\/03\/Banner_Saude_PortallavrasTV-470x68.png 470w, https:\/\/lavras.tv\/site\/wp-content\/uploads\/2025\/03\/Banner_Saude_PortallavrasTV-170x25.png 170w, https:\/\/lavras.tv\/site\/wp-content\/uploads\/2025\/03\/Banner_Saude_PortallavrasTV-200x29.png 200w\" sizes=\"(max-width: 720px) 100vw, 720px\" width=\"720\" height=\"104\"   \/><\/a><\/li><li><div id=\"lavra-1176823658\" style=\"width:720px;height:104px;background-color:#ddd;overflow:scroll;\">\n\t<strong>Sa\u00edda da depura\u00e7\u00e3o de an\u00fancios<\/strong>\n\t<br><br>\n\tO an\u00fancio n\u00e3o \u00e9 exibido na p\u00e1gina<br><br>post atual: Nova pol\u00edtica do Governo de Minas amplia apoio aos pais e respons\u00e1veis por crian\u00e7as at\u00edpicas, ID: 169592<br><br><span style=\"color: red;\">O post atual n\u00e3o \u00e9 id\u00eantico ao post principal.<\/span><br><br>An\u00fancios: ROXO - TOPO INTERNA - ROTATIVO 2 (197)<br \/>Grupo de an\u00fancios: Princ_Meio01_720x104 (27)<br><br>Condi\u00e7\u00f5es de exibi\u00e7\u00e3o<div style=\"margin-bottom: 20px; white-space: pre-wrap; font-family: monospace; width: 100%; background: #ffe9e9;\"><strong>condi\u00e7\u00f5es gerais<\/strong><table border=\"1\"><thead><tr><th><\/th><th>An\u00fancios<\/th><th>wp_the_query<\/th><\/tr><\/thead><tr><td>is_main_query<\/td><td>1<\/td><td>1<\/td><\/tr><tr><td>is_rest_api<\/td><td>0<\/td><td>1<\/td><\/tr><tr><td>page<\/td><td>0<\/td><td>1<\/td><\/tr><tr><td>numpages<\/td><td>0<\/td><td>1<\/td><\/tr><tr><td>is_archive<\/td><td>1<\/td><td><\/td><\/tr><tr><td>is_search<\/td><td>1<\/td><td><\/td><\/tr><tr><td>is_home<\/td><td>1<\/td><td><\/td><\/tr><tr><td>is_404<\/td><td>1<\/td><td><\/td><\/tr><tr><td>is_attachment<\/td><td>1<\/td><td><\/td><\/tr><tr><td>is_singular<\/td><td>1<\/td><td><\/td><\/tr><tr><td>is_front_page<\/td><td>1<\/td><td><\/td><\/tr><tr><td>is_feed<\/td><td>1<\/td><td><\/td><\/tr><\/table><\/div><br><br><span style=\"color: red;\">Seu site usa HTTPS, mas o c\u00f3digo do an\u00fancio cont\u00e9m HTTP e pode n\u00e3o funcionar.<\/span>\t<br><br>\n\t<a style=\"color: green;\" href=\"https:\/\/wpadvancedads.com\/manual\/ad-debug-mode\/?utm_source=advanced-ads&utm_medium=link&utm_campaign=ad-debug-mode\" target=\"_blank\" rel=\"nofollow\">Encontre solu\u00e7\u00f5es no manual<\/a>\n<\/div>\n<\/li><\/ul><\/div><script>( window.advanced_ads_ready || jQuery( document ).ready ).call( null, function() {var $lavraslider3914153415 = jQuery( \".lavra-slider-3914153415\" );$lavraslider3914153415.on( \"unslider.ready\", function() { jQuery( \"div.custom-slider ul li\" ).css( \"display\", \"block\" ); });$lavraslider3914153415.unslider({ delay:4000, autoplay:true, nav:false, arrows:false, infinite:true });$lavraslider3914153415.on(\"mouseover\", function() {$lavraslider3914153415.unslider(\"stop\");}).on(\"mouseout\", function() {$lavraslider3914153415.unslider(\"start\");});});<\/script><\/div>\n<h2 class=\"wp-block-heading\">Medida integra o Programa Mineiro de Acessibilidade, Inclus\u00e3o e Sa\u00fade do Governo do Estado (Promais)<\/h2>\n\n\n\n<figure class=\"wp-block-image\"><img decoding=\"async\" src=\"https:\/\/www.agenciaminas.mg.gov.br\/system\/news\/images\/000\/129\/241\/large\/Foto_11.jpg?1772547218\" alt=\"imagem de destaque\"\/><\/figure>\n\n\n\n<p>Trezentos milh\u00f5es de pessoas no mundo, mais de 13 milh\u00f5es no Brasil e 1,4 milh\u00e3o em Minas Gerais s\u00e3o acometidas por, pelo menos, uma das cerca de sete mil doen\u00e7as raras reconhecidas globalmente por \u00f3rg\u00e3os internacionais. \u00c9 neste cen\u00e1rio que o&nbsp;<a href=\"https:\/\/www.mg.gov.br\/\" target=\"_blank\" rel=\"noreferrer noopener\">Governo de Minas<\/a>&nbsp;mant\u00e9m se \u00e0 frente no acolhimento deste grupo com a implementa\u00e7\u00e3o de pol\u00edticas e a\u00e7\u00f5es que fortalecem o atendimento e o cuidado aos doentes raros.<br><br>Minas Gerais&nbsp;sancionou, em dezembro de 2025, a lei que cria a Pol\u00edtica Estadual de Aten\u00e7\u00e3o, Apoio e Orienta\u00e7\u00e3o aos Respons\u00e1veis por Pessoas At\u00edpicas. A medida reconhece e protege quem cuida das pessoas com doen\u00e7as raras, defici\u00eancia, transtornos e outras condi\u00e7\u00f5es incapacitantes, conquista comemorada no \u00faltimo s\u00e1bado (28\/2), Dia Mundial e Nacional das Doen\u00e7as Raras.<br>&nbsp;<\/p>\n\n\n\n<figure class=\"wp-block-table\"><table class=\"has-fixed-layout\"><tbody><tr><td class=\"has-text-align-center\" data-align=\"center\" colspan=\"5\"><img decoding=\"async\" alt=\"\" src=\"https:\/\/www.agenciaminas.mg.gov.br\/ckeditor_assets\/pictures\/20949\/content_2_olho_topo.jpg\"><\/td><\/tr><tr><td class=\"has-text-align-center\" data-align=\"center\">&nbsp;<\/td><td class=\"has-text-align-center\" data-align=\"center\" colspan=\"3\" rowspan=\"3\"><strong>&#8220;Cuidar de quem cuida \u00e9 proteger a dignidade de pessoas que, por amor, vivem no limite todos os dias. Minas est\u00e1 dizendo, de forma clara, que essas pessoas importam. Por tr\u00e1s de cada raro, existe algu\u00e9m que deixou emprego, estudo, noites de sono e descanso para segurar a barra. O m\u00ednimo que podemos fazer \u00e9 reconhecer esse esfor\u00e7o, abrir caminho, garantir prioridade e oferecer suporte&#8221;, destaca o secret\u00e1rio de&nbsp;<a href=\"https:\/\/www.governo.mg.gov.br\/\" target=\"_blank\" rel=\"noreferrer noopener\">Estado de Governo (Segov-MG)<\/a>, Marcelo Aro.<\/strong><\/td><td class=\"has-text-align-center\" data-align=\"center\">&nbsp;<\/td><\/tr><tr><td class=\"has-text-align-center\" data-align=\"center\">&nbsp;<\/td><td class=\"has-text-align-center\" data-align=\"center\">&nbsp;<\/td><\/tr><tr><td class=\"has-text-align-center\" data-align=\"center\">&nbsp;<\/td><td class=\"has-text-align-center\" data-align=\"center\">&nbsp;<\/td><\/tr><tr><td class=\"has-text-align-center\" data-align=\"center\" colspan=\"5\"><img decoding=\"async\" alt=\"\" src=\"https:\/\/www.agenciaminas.mg.gov.br\/ckeditor_assets\/pictures\/20950\/content_2_olho_inferior.jpg\"><\/td><\/tr><\/tbody><\/table><\/figure>\n\n\n\n<p><br>&#8220;\u00c9 assim que eu enxergo essa pol\u00edtica, como um compromisso para que nenhum respons\u00e1vel por pessoa at\u00edpica precise enfrentar essa batalha sozinho&#8221;, acrescentou Aro.<br><br>Desde 2019, o&nbsp;Governo de Minas&nbsp;tem investido em pol\u00edticas p\u00fablicas para pessoas com doen\u00e7as raras. Em 2023, essas a\u00e7\u00f5es foram intensificadas por meio do Promais, que centraliza o trabalho voltado \u00e0s pessoas com doen\u00e7as raras e com defici\u00eancia. A a\u00e7\u00e3o \u00e9 coordenada pelas secretarias de estado de Governo e de&nbsp;<a href=\"https:\/\/www.casacivil.mg.gov.br\/\" target=\"_blank\" rel=\"noreferrer noopener\">Casa Civil<\/a>&nbsp;e busca aumentar a efici\u00eancia e capilaridade das medidas no estado.<br><br><strong>Acolhimento e visibilidade<\/strong><br><br>Al\u00e9m de acolher os respons\u00e1veis, a nova lei facilita o exerc\u00edcio de direitos e o acesso a servi\u00e7os. Ludmila de Jesus do Nascimento, m\u00e3e de uma crian\u00e7a com doen\u00e7a rara e de uma adolescente com autismo, comemorou a nova lei. Ela conta os desafios que enfrenta para realizar atividades do dia a dia, por n\u00e3o ter, por exemplo, com quem deixar o filho Joaquim Lucas de Jesus, de dois anos, portador da Discondrosteose de L\u00e9ri-Weill.<\/p>\n\n\n\n<figure class=\"wp-block-image\"><img decoding=\"async\" src=\"https:\/\/www.agenciaminas.mg.gov.br\/ckeditor_assets\/pictures\/23972\/content_whatsapp_image_2026-03-02_at_10_29_01.jpeg\" alt=\"\"\/><figcaption class=\"wp-element-caption\"><em><sub>Ludmila de Jesus e o filho Joaquim.<br>Arquivo Pessoal \/ Divulga\u00e7\u00e3o&nbsp;<\/sub><\/em><\/figcaption><\/figure>\n\n\n\n<p><br>\u201cFiquei muito satisfeita com essa medida. Sou m\u00e3e solo e, quando precisava fazer uma consulta m\u00e9dica, por exemplo, ficava horas na fila esperando e n\u00e3o tinha com quem deixar o Joaquim. Agora, a nova lei vai priorizar mais a gente\u201d, afirma.<br><br><strong>Avan\u00e7o cont\u00ednuo<\/strong><br><br>Em 2025, o Governo de Minas anunciou v\u00e1rias a\u00e7\u00f5es direcionadas \u00e0s pessoas com doen\u00e7as raras e familiares. Uma delas foi o\u00a0reconhecimento oficial do cord\u00e3o de fita de identifica\u00e7\u00e3o para pessoas com doen\u00e7as raras, por meio da Lei n\u00ba 25.351.<br><br>No m\u00eas seguinte, houve a amplia\u00e7\u00e3o do Selo Raro, com a\u00a0cria\u00e7\u00e3o de um canal exclusivo\u00a0para receber manifesta\u00e7\u00f5es envolvendo doen\u00e7as raras, garantindo atendimento priorit\u00e1rio \u00e0s demandas dessa parcela da popula\u00e7\u00e3o.<br><br>M\u00e3e de Anthony Santos,\u00a0diagnosticado com a s\u00edndrome rara Narcolepsia, Autismo e Epilepsia, Daniela Pereira tem visto a qualidade de vida de seu filho e sua mudarem.<br><br>\u201cO nosso tempo \u00e9 valioso, ent\u00e3o \u00e9 muito importante o Colar, o Selo dos Raros, e que venham mais leis. Que olhem mais pra gente com essa visibilidade que a gente est\u00e1 come\u00e7ando a ter aqui em Minas Gerais\u201d, diz.<br><br>Outras conquistas foram a cria\u00e7\u00e3o do\u00a0Estatuto das Pessoas com Doen\u00e7as Raras\u00a0e o an\u00fancio do repasse de R$ 42,3 milh\u00f5es para equipar 141 Apaes.<br><br>O Teste do Pezinho em Minas tamb\u00e9m vem colhendo frutos com sua amplia\u00e7\u00e3o. De 2019 a 2025, 1,5 milh\u00e3o de crian\u00e7as foram triadas, com 2.522 diagn\u00f3sticos confirmados.<br><br>Al\u00e9m disso, o Hospital Infantil Jo\u00e3o Paulo II\u00a0\u00e9 o primeiro Centro de Refer\u00eancia em Doen\u00e7as Raras em Minas. A unidade possui tr\u00eas ambulat\u00f3rios credenciados pelo Minist\u00e9rio da Sa\u00fade &#8211; o de Fibrose C\u00edstica, Doen\u00e7as Neuromusculares e o de Mucopolissacaridose &#8211; e presta assist\u00eancia e acompanhamento tamb\u00e9m em seus ambulat\u00f3rios de especialidades pedi\u00e1tricas. Hoje s\u00e3o 1.378 pacientes cadastrados para o tratamento de doen\u00e7as raras.<\/p>\n","protected":false},"excerpt":{"rendered":"<p>Medida integra o Programa Mineiro de Acessibilidade, Inclus\u00e3o e Sa\u00fade do Governo do Estado (Promais) Trezentos milh\u00f5es de pessoas no mundo, mais de 13 milh\u00f5es no Brasil e 1,4 milh\u00e3o em Minas Gerais s\u00e3o acometidas por, pelo menos, uma das cerca de sete mil doen\u00e7as raras reconhecidas globalmente por \u00f3rg\u00e3os internacionais. \u00c9 neste cen\u00e1rio que [&hellip;]<\/p>\n","protected":false},"author":5,"featured_media":169593,"comment_status":"closed","ping_status":"open","sticky":false,"template":"","format":"standard","meta":{"advgb_blocks_editor_width":"","advgb_blocks_columns_visual_guide":"","_exactmetrics_skip_tracking":false,"_exactmetrics_sitenote_active":false,"_exactmetrics_sitenote_note":"","_exactmetrics_sitenote_category":0,"footnotes":""},"categories":[7,2],"tags":[],"class_list":["post-169592","post","type-post","status-publish","format-standard","has-post-thumbnail","hentry","category-destaques","category-noticias"],"better_featured_image":{"id":169593,"alt_text":"","caption":"","description":"","media_type":"image","media_details":{"width":940,"height":350,"file":"2026\/03\/Foto_11.jpg","filesize":271239,"sizes":{"medium":{"file":"Foto_11-470x175.jpg","width":470,"height":175,"mime-type":"image\/jpeg","filesize":17522,"source_url":"https:\/\/lavras.tv\/site\/wp-content\/uploads\/2026\/03\/Foto_11-470x175.jpg"},"thumbnail":{"file":"Foto_11-170x63.jpg","width":170,"height":63,"mime-type":"image\/jpeg","filesize":3881,"source_url":"https:\/\/lavras.tv\/site\/wp-content\/uploads\/2026\/03\/Foto_11-170x63.jpg"},"alm-thumbnail":{"file":"Foto_11-150x150.jpg","width":150,"height":150,"mime-type":"image\/jpeg","filesize":7178,"source_url":"https:\/\/lavras.tv\/site\/wp-content\/uploads\/2026\/03\/Foto_11-150x150.jpg"},"sow-carousel-default":{"file":"Foto_11-272x182.jpg","width":272,"height":182,"mime-type":"image\/jpeg","filesize":12410,"source_url":"https:\/\/lavras.tv\/site\/wp-content\/uploads\/2026\/03\/Foto_11-272x182.jpg"}},"image_meta":{"aperture":"0","credit":"","camera":"","caption":"","created_timestamp":"0","copyright":"","focal_length":"0","iso":"0","shutter_speed":"0","title":"","orientation":"0","keywords":[]}},"post":169592,"source_url":"https:\/\/lavras.tv\/site\/wp-content\/uploads\/2026\/03\/Foto_11.jpg"},"author_meta":{"display_name":"Vinicius Bustamante","author_link":"https:\/\/lavras.tv\/site\/author\/vinicius-bustamante\/"},"featured_img":"https:\/\/lavras.tv\/site\/wp-content\/uploads\/2026\/03\/Foto_11-470x175.jpg","coauthors":[],"tax_additional":{"categories":{"linked":["<a href=\"https:\/\/lavras.tv\/site\/category\/destaques\/\" class=\"advgb-post-tax-term\">Destaques<\/a>","<a href=\"https:\/\/lavras.tv\/site\/category\/noticias\/\" class=\"advgb-post-tax-term\">Not\u00edcias<\/a>"],"unlinked":["<span class=\"advgb-post-tax-term\">Destaques<\/span>","<span class=\"advgb-post-tax-term\">Not\u00edcias<\/span>"]}},"comment_count":"0","relative_dates":{"created":"Publicado 2 meses atr\u00e1s","modified":"Atualizado 2 meses atr\u00e1s"},"absolute_dates":{"created":"Publicado em 4 de mar\u00e7o de 2026","modified":"Atualizado em 4 de mar\u00e7o de 2026"},"absolute_dates_time":{"created":"Publicado em 4 de mar\u00e7o de 2026 12:20","modified":"Atualizado em 4 de mar\u00e7o de 2026 12:20"},"featured_img_caption":"","series_order":"","_links":{"self":[{"href":"https:\/\/lavras.tv\/site\/wp-json\/wp\/v2\/posts\/169592","targetHints":{"allow":["GET"]}}],"collection":[{"href":"https:\/\/lavras.tv\/site\/wp-json\/wp\/v2\/posts"}],"about":[{"href":"https:\/\/lavras.tv\/site\/wp-json\/wp\/v2\/types\/post"}],"author":[{"embeddable":true,"href":"https:\/\/lavras.tv\/site\/wp-json\/wp\/v2\/users\/5"}],"replies":[{"embeddable":true,"href":"https:\/\/lavras.tv\/site\/wp-json\/wp\/v2\/comments?post=169592"}],"version-history":[{"count":1,"href":"https:\/\/lavras.tv\/site\/wp-json\/wp\/v2\/posts\/169592\/revisions"}],"predecessor-version":[{"id":169594,"href":"https:\/\/lavras.tv\/site\/wp-json\/wp\/v2\/posts\/169592\/revisions\/169594"}],"wp:featuredmedia":[{"embeddable":true,"href":"https:\/\/lavras.tv\/site\/wp-json\/wp\/v2\/media\/169593"}],"wp:attachment":[{"href":"https:\/\/lavras.tv\/site\/wp-json\/wp\/v2\/media?parent=169592"}],"wp:term":[{"taxonomy":"category","embeddable":true,"href":"https:\/\/lavras.tv\/site\/wp-json\/wp\/v2\/categories?post=169592"},{"taxonomy":"post_tag","embeddable":true,"href":"https:\/\/lavras.tv\/site\/wp-json\/wp\/v2\/tags?post=169592"}],"curies":[{"name":"wp","href":"https:\/\/api.w.org\/{rel}","templated":true}]}}