{"id":169595,"date":"2026-03-04T12:26:00","date_gmt":"2026-03-04T15:26:00","guid":{"rendered":"https:\/\/lavras.tv\/site\/?p=169595"},"modified":"2026-03-04T12:26:01","modified_gmt":"2026-03-04T15:26:01","slug":"sebrae-minas-promove-ciclo-de-palestras-sobre-saude-mental-da-mulher-empreendedora-no-sul-de-minas","status":"publish","type":"post","link":"https:\/\/lavras.tv\/site\/2026\/03\/04\/sebrae-minas-promove-ciclo-de-palestras-sobre-saude-mental-da-mulher-empreendedora-no-sul-de-minas\/","title":{"rendered":"Sebrae Minas promove ciclo de palestras sobre sa\u00fade mental da mulher empreendedora, no Sul de Minas"},"content":{"rendered":"<div class=\"lavra-antes-do-conteudo_2\" id=\"lavra-3183146366\"><div id=\"lavra-slider-27\" class=\"custom-slider lavra-slider-2256609460 lavra-slider\"><ul><li><div style=\"margin-left: auto;margin-right: auto;text-align: center;\" id=\"lavra-3045995710\"><a href=\"https:\/\/sistemas.lavras.mg.gov.br\/portalcidadao\/#df1b1a7c7b2a290bcb31e32771e610784662739a88807c0dacac58ede5f391a7530e299dc302d611ee73cb143fc22eaf93592e53e7b5bdb01b00a0b8d28dae460c141dd2ff83412e4dc1c31b16b25f33144a9e5620ea73b13f5bc1c59411d98439ad226e8af03840603796067d87afe130812cf3de24982d0e306f9e61e764e5\" aria-label=\"Lavras-TV&#8211;720x104px (1) (1)\"><img src=\"https:\/\/lavras.tv\/site\/wp-content\/uploads\/2025\/01\/Lavras-TV-720x104px-1-1.png\" alt=\"\"  srcset=\"https:\/\/lavras.tv\/site\/wp-content\/uploads\/2025\/01\/Lavras-TV-720x104px-1-1.png 720w, https:\/\/lavras.tv\/site\/wp-content\/uploads\/2025\/01\/Lavras-TV-720x104px-1-1-470x68.png 470w, https:\/\/lavras.tv\/site\/wp-content\/uploads\/2025\/01\/Lavras-TV-720x104px-1-1-170x25.png 170w, https:\/\/lavras.tv\/site\/wp-content\/uploads\/2025\/01\/Lavras-TV-720x104px-1-1-200x29.png 200w\" sizes=\"(max-width: 720px) 100vw, 720px\" width=\"720\" height=\"104\"  style=\"display: inline-block;\" \/><\/a><\/div><\/li><li><a href=\"https:\/\/sistemas.lavras.mg.gov.br\/portalcidadao\/#df1b1a7c7b2a290bcb31e32771e610784662739a88807c0dacac58ede5f391a7530e299dc302d611ee73cb143fc22eaf93592e53e7b5bdb01b00a0b8d28dae460c141dd2ff83412e4dc1c31b16b25f33144a9e5620ea73b13f5bc1c59411d98439ad226e8af03840603796067d87afe130812cf3de24982d0e306f9e61e764e5\" aria-label=\"Banner_Emprego_PortallavrasTV\"><img src=\"https:\/\/lavras.tv\/site\/wp-content\/uploads\/2025\/03\/Banner_Emprego_PortallavrasTV.png\" alt=\"\"  srcset=\"https:\/\/lavras.tv\/site\/wp-content\/uploads\/2025\/03\/Banner_Emprego_PortallavrasTV.png 720w, https:\/\/lavras.tv\/site\/wp-content\/uploads\/2025\/03\/Banner_Emprego_PortallavrasTV-470x68.png 470w, https:\/\/lavras.tv\/site\/wp-content\/uploads\/2025\/03\/Banner_Emprego_PortallavrasTV-170x25.png 170w, https:\/\/lavras.tv\/site\/wp-content\/uploads\/2025\/03\/Banner_Emprego_PortallavrasTV-200x29.png 200w\" sizes=\"(max-width: 720px) 100vw, 720px\" width=\"720\" height=\"104\"   \/><\/a><\/li><li><a href=\"https:\/\/sistemas.lavras.mg.gov.br\/portalcidadao\/#df1b1a7c7b2a290bcb31e32771e610784662739a88807c0dacac58ede5f391a7530e299dc302d611ee73cb143fc22eaf93592e53e7b5bdb01b00a0b8d28dae460c141dd2ff83412e4dc1c31b16b25f33144a9e5620ea73b13f5bc1c59411d98439ad226e8af03840603796067d87afe130812cf3de24982d0e306f9e61e764e5\" aria-label=\"Banner_Obras_PortallavrasTV\"><img src=\"https:\/\/lavras.tv\/site\/wp-content\/uploads\/2025\/03\/Banner_Obras_PortallavrasTV.png\" alt=\"\"  srcset=\"https:\/\/lavras.tv\/site\/wp-content\/uploads\/2025\/03\/Banner_Obras_PortallavrasTV.png 720w, https:\/\/lavras.tv\/site\/wp-content\/uploads\/2025\/03\/Banner_Obras_PortallavrasTV-470x68.png 470w, https:\/\/lavras.tv\/site\/wp-content\/uploads\/2025\/03\/Banner_Obras_PortallavrasTV-170x25.png 170w, https:\/\/lavras.tv\/site\/wp-content\/uploads\/2025\/03\/Banner_Obras_PortallavrasTV-200x29.png 200w\" sizes=\"(max-width: 720px) 100vw, 720px\" width=\"720\" height=\"104\"   \/><\/a><\/li><li><div style=\"margin-left: auto;margin-right: auto;text-align: center;\" id=\"lavra-2975818852\"><a href=\"https:\/\/sistemas.lavras.mg.gov.br\/portalcidadao\/#df1b1a7c7b2a290bcb31e32771e610784662739a88807c0dacac58ede5f391a7530e299dc302d611ee73cb143fc22eaf93592e53e7b5bdb01b00a0b8d28dae460c141dd2ff83412e4dc1c31b16b25f33144a9e5620ea73b13f5bc1c59411d98439ad226e8af03840603796067d87afe130812cf3de24982d0e306f9e61e764e5\" aria-label=\"Banner_Educa\u00e7\u00e3o_PortallavrasTV\"><img src=\"https:\/\/lavras.tv\/site\/wp-content\/uploads\/2025\/01\/Banner_Educacao_PortallavrasTV.png\" alt=\"\"  srcset=\"https:\/\/lavras.tv\/site\/wp-content\/uploads\/2025\/01\/Banner_Educacao_PortallavrasTV.png 720w, https:\/\/lavras.tv\/site\/wp-content\/uploads\/2025\/01\/Banner_Educacao_PortallavrasTV-470x68.png 470w, https:\/\/lavras.tv\/site\/wp-content\/uploads\/2025\/01\/Banner_Educacao_PortallavrasTV-170x25.png 170w, https:\/\/lavras.tv\/site\/wp-content\/uploads\/2025\/01\/Banner_Educacao_PortallavrasTV-200x29.png 200w\" sizes=\"(max-width: 720px) 100vw, 720px\" width=\"720\" height=\"104\"  style=\"display: inline-block;\" \/><\/a><\/div><\/li><li><a href=\"https:\/\/sistemas.lavras.mg.gov.br\/portalcidadao\/#df1b1a7c7b2a290bcb31e32771e610784662739a88807c0dacac58ede5f391a7530e299dc302d611ee73cb143fc22eaf93592e53e7b5bdb01b00a0b8d28dae460c141dd2ff83412e4dc1c31b16b25f33144a9e5620ea73b13f5bc1c59411d98439ad226e8af03840603796067d87afe130812cf3de24982d0e306f9e61e764e5\" aria-label=\"Banner_Sa\u00fade_PortallavrasTV\"><img src=\"https:\/\/lavras.tv\/site\/wp-content\/uploads\/2025\/03\/Banner_Saude_PortallavrasTV.png\" alt=\"\"  srcset=\"https:\/\/lavras.tv\/site\/wp-content\/uploads\/2025\/03\/Banner_Saude_PortallavrasTV.png 720w, https:\/\/lavras.tv\/site\/wp-content\/uploads\/2025\/03\/Banner_Saude_PortallavrasTV-470x68.png 470w, https:\/\/lavras.tv\/site\/wp-content\/uploads\/2025\/03\/Banner_Saude_PortallavrasTV-170x25.png 170w, https:\/\/lavras.tv\/site\/wp-content\/uploads\/2025\/03\/Banner_Saude_PortallavrasTV-200x29.png 200w\" sizes=\"(max-width: 720px) 100vw, 720px\" width=\"720\" height=\"104\"   \/><\/a><\/li><li><div id=\"lavra-1525603949\" style=\"width:720px;height:104px;background-color:#ddd;overflow:scroll;\">\n\t<strong>Sa\u00edda da depura\u00e7\u00e3o de an\u00fancios<\/strong>\n\t<br><br>\n\tO an\u00fancio n\u00e3o \u00e9 exibido na p\u00e1gina<br><br>post atual: Sebrae Minas promove ciclo de palestras sobre sa\u00fade mental da mulher empreendedora, no Sul de Minas, ID: 169595<br><br><span style=\"color: red;\">O post atual n\u00e3o \u00e9 id\u00eantico ao post principal.<\/span><br><br>An\u00fancios: ROXO - TOPO INTERNA - ROTATIVO 2 (197)<br \/>Grupo de an\u00fancios: Princ_Meio01_720x104 (27)<br><br>Condi\u00e7\u00f5es de exibi\u00e7\u00e3o<div style=\"margin-bottom: 20px; white-space: pre-wrap; font-family: monospace; width: 100%; background: #ffe9e9;\"><strong>condi\u00e7\u00f5es gerais<\/strong><table border=\"1\"><thead><tr><th><\/th><th>An\u00fancios<\/th><th>wp_the_query<\/th><\/tr><\/thead><tr><td>is_main_query<\/td><td>1<\/td><td>1<\/td><\/tr><tr><td>is_rest_api<\/td><td>0<\/td><td>1<\/td><\/tr><tr><td>page<\/td><td>0<\/td><td>1<\/td><\/tr><tr><td>numpages<\/td><td>0<\/td><td>1<\/td><\/tr><tr><td>is_archive<\/td><td>1<\/td><td><\/td><\/tr><tr><td>is_search<\/td><td>1<\/td><td><\/td><\/tr><tr><td>is_home<\/td><td>1<\/td><td><\/td><\/tr><tr><td>is_404<\/td><td>1<\/td><td><\/td><\/tr><tr><td>is_attachment<\/td><td>1<\/td><td><\/td><\/tr><tr><td>is_singular<\/td><td>1<\/td><td><\/td><\/tr><tr><td>is_front_page<\/td><td>1<\/td><td><\/td><\/tr><tr><td>is_feed<\/td><td>1<\/td><td><\/td><\/tr><\/table><\/div><br><br><span style=\"color: red;\">Seu site usa HTTPS, mas o c\u00f3digo do an\u00fancio cont\u00e9m HTTP e pode n\u00e3o funcionar.<\/span>\t<br><br>\n\t<a style=\"color: green;\" href=\"https:\/\/wpadvancedads.com\/manual\/ad-debug-mode\/?utm_source=advanced-ads&utm_medium=link&utm_campaign=ad-debug-mode\" target=\"_blank\" rel=\"nofollow\">Encontre solu\u00e7\u00f5es no manual<\/a>\n<\/div>\n<\/li><\/ul><\/div><script>( window.advanced_ads_ready || jQuery( document ).ready ).call( null, function() {var $lavraslider2256609460 = jQuery( \".lavra-slider-2256609460\" );$lavraslider2256609460.on( \"unslider.ready\", function() { jQuery( \"div.custom-slider ul li\" ).css( \"display\", \"block\" ); });$lavraslider2256609460.unslider({ delay:4000, autoplay:true, nav:false, arrows:false, infinite:true });$lavraslider2256609460.on(\"mouseover\", function() {$lavraslider2256609460.unslider(\"stop\");}).on(\"mouseout\", function() {$lavraslider2256609460.unslider(\"start\");});});<\/script><\/div>\n<p><em>Em parceria com Associa\u00e7\u00f5es Comerciais e Rede de Atendimento Aqui tem Sebrae, iniciativa ser\u00e1 realizada em Jacutinga, Monte Si\u00e3o, Ouro Fino, Andradas e Botelhos<\/em><\/p>\n\n\n\n<figure class=\"wp-block-image size-full\"><img fetchpriority=\"high\" decoding=\"async\" width=\"814\" height=\"492\" src=\"https:\/\/lavras.tv\/site\/wp-content\/uploads\/2026\/03\/Mulheres_p27820_cover_image_resized.webp\" alt=\"\" class=\"wp-image-169596\" srcset=\"https:\/\/lavras.tv\/site\/wp-content\/uploads\/2026\/03\/Mulheres_p27820_cover_image_resized.webp 814w, https:\/\/lavras.tv\/site\/wp-content\/uploads\/2026\/03\/Mulheres_p27820_cover_image_resized-470x284.webp 470w, https:\/\/lavras.tv\/site\/wp-content\/uploads\/2026\/03\/Mulheres_p27820_cover_image_resized-170x103.webp 170w\" sizes=\"(max-width: 814px) 100vw, 814px\" \/><\/figure>\n\n\n\n<p>Cinco munic\u00edpios do Sul de Minas v\u00e3o receber, ao longo do m\u00eas de mar\u00e7o, a palestra gratuita \u201cA sa\u00fade mental da mulher multifun\u00e7\u00e3o\u201d, iniciativa do programa Sebrae Delas. A atividade vai acontecer em Jacutinga, Monte Si\u00e3o, Ouro Fino, Andradas e Botelhos, com o prop\u00f3sito de abordar a import\u00e2ncia da sa\u00fade mental para mulheres que acumulam m\u00faltiplas responsabilidades no dia a dia.<\/p>\n\n\n\n<p>Conduzida pela psic\u00f3loga Mariana Sim\u00f5es Fonseca, a palestra trata de temas como sobrecarga, gest\u00e3o das emo\u00e7\u00f5es, defini\u00e7\u00e3o de limites e estrat\u00e9gias para equilibrar vida pessoal e profissional.<\/p>\n\n\n\n<p>Em parceria com as associa\u00e7\u00f5es comerciais, os encontros ser\u00e3o realizados no dia 10 de mar\u00e7o, em Jacutinga; no dia 11, em Monte Si\u00e3o; e no dia 12, em Ouro Fino. A programa\u00e7\u00e3o ser\u00e1 encerrada no dia 30, em Andradas, e no dia 31, em Botelhos, com apoio das prefeituras e da Rede de Atendimento Aqui Tem Sebrae.<\/p>\n\n\n\n<p>Segundo a analista do Sebrae Minas P\u00e2mela de Carvalho Dias, o conte\u00fado foi estruturado para dialogar com a realidade da mulher contempor\u00e2nea, que concilia empresa, trabalho formal, fam\u00edlia e participa\u00e7\u00e3o ativa na comunidade. \u201cA mulher que empreende toma decis\u00f5es importantes todos os dias e, muitas vezes, coloca suas pr\u00f3prias necessidades em segundo plano. Ao colocar esse tema no centro das discuss\u00f5es, o Sebrae refor\u00e7a que o equil\u00edbrio emocional \u00e9 um pilar para neg\u00f3cios mais sustent\u00e1veis e bem estruturados\u201d, afirma.<\/p>\n\n\n\n<p>&#8211;<\/p>\n\n\n\n<p><strong><u>Servi\u00e7o<\/u><\/strong><\/p>\n\n\n\n<p>Palestra \u201cA sa\u00fade mental da mulher multifun\u00e7\u00e3o\u201d<\/p>\n\n\n\n<p><strong>Programa\u00e7\u00e3o:<\/strong><\/p>\n\n\n\n<p>10\/3, \u00e0s 19h \u2013 Jacutinga: (35) 3197 9033| 99208-0040<\/p>\n\n\n\n<p>11\/3, \u00e0s 19h \u2013 Monte Si\u00e3o: (35) 9822-3491<\/p>\n\n\n\n<p>13\/3, \u00e0s 19h \u2013 Ouro Fino: (35) 98853-0451<\/p>\n\n\n\n<p>30\/3, \u00e0s 19h \u2013 Andradas: (35) 93300-6478<\/p>\n\n\n\n<p>31\/3, \u00e0s 19h: Botelhos: (35) 3741-1511<\/p>\n\n\n\n<p><\/p>\n","protected":false},"excerpt":{"rendered":"<p>Em parceria com Associa\u00e7\u00f5es Comerciais e Rede de Atendimento Aqui tem Sebrae, iniciativa ser\u00e1 realizada em Jacutinga, Monte Si\u00e3o, Ouro Fino, Andradas e Botelhos Cinco munic\u00edpios do Sul de Minas v\u00e3o receber, ao longo do m\u00eas de mar\u00e7o, a palestra gratuita \u201cA sa\u00fade mental da mulher multifun\u00e7\u00e3o\u201d, iniciativa do programa Sebrae Delas. A atividade vai [&hellip;]<\/p>\n","protected":false},"author":5,"featured_media":169596,"comment_status":"closed","ping_status":"open","sticky":false,"template":"","format":"standard","meta":{"advgb_blocks_editor_width":"","advgb_blocks_columns_visual_guide":"","_exactmetrics_skip_tracking":false,"_exactmetrics_sitenote_active":false,"_exactmetrics_sitenote_note":"","_exactmetrics_sitenote_category":0,"footnotes":""},"categories":[7,2],"tags":[],"class_list":["post-169595","post","type-post","status-publish","format-standard","has-post-thumbnail","hentry","category-destaques","category-noticias"],"better_featured_image":{"id":169596,"alt_text":"","caption":"","description":"","media_type":"image","media_details":{"width":814,"height":492,"file":"2026\/03\/Mulheres_p27820_cover_image_resized.webp","filesize":26674,"sizes":{"medium":{"file":"Mulheres_p27820_cover_image_resized-470x284.webp","width":470,"height":284,"mime-type":"image\/webp","filesize":20060,"source_url":"https:\/\/lavras.tv\/site\/wp-content\/uploads\/2026\/03\/Mulheres_p27820_cover_image_resized-470x284.webp"},"thumbnail":{"file":"Mulheres_p27820_cover_image_resized-170x103.webp","width":170,"height":103,"mime-type":"image\/webp","filesize":5556,"source_url":"https:\/\/lavras.tv\/site\/wp-content\/uploads\/2026\/03\/Mulheres_p27820_cover_image_resized-170x103.webp"},"alm-thumbnail":{"file":"Mulheres_p27820_cover_image_resized-150x150.webp","width":150,"height":150,"mime-type":"image\/webp","filesize":5526,"source_url":"https:\/\/lavras.tv\/site\/wp-content\/uploads\/2026\/03\/Mulheres_p27820_cover_image_resized-150x150.webp"},"sow-carousel-default":{"file":"Mulheres_p27820_cover_image_resized-272x182.webp","width":272,"height":182,"mime-type":"image\/webp","filesize":10338,"source_url":"https:\/\/lavras.tv\/site\/wp-content\/uploads\/2026\/03\/Mulheres_p27820_cover_image_resized-272x182.webp"}},"image_meta":{"aperture":"0","credit":"","camera":"","caption":"","created_timestamp":"0","copyright":"","focal_length":"0","iso":"0","shutter_speed":"0","title":"","orientation":"0","keywords":[]}},"post":169595,"source_url":"https:\/\/lavras.tv\/site\/wp-content\/uploads\/2026\/03\/Mulheres_p27820_cover_image_resized.webp"},"author_meta":{"display_name":"Vinicius Bustamante","author_link":"https:\/\/lavras.tv\/site\/author\/vinicius-bustamante\/"},"featured_img":"https:\/\/lavras.tv\/site\/wp-content\/uploads\/2026\/03\/Mulheres_p27820_cover_image_resized-470x284.webp","coauthors":[],"tax_additional":{"categories":{"linked":["<a href=\"https:\/\/lavras.tv\/site\/category\/destaques\/\" class=\"advgb-post-tax-term\">Destaques<\/a>","<a href=\"https:\/\/lavras.tv\/site\/category\/noticias\/\" class=\"advgb-post-tax-term\">Not\u00edcias<\/a>"],"unlinked":["<span class=\"advgb-post-tax-term\">Destaques<\/span>","<span class=\"advgb-post-tax-term\">Not\u00edcias<\/span>"]}},"comment_count":"0","relative_dates":{"created":"Publicado 2 meses atr\u00e1s","modified":"Atualizado 2 meses atr\u00e1s"},"absolute_dates":{"created":"Publicado em 4 de mar\u00e7o de 2026","modified":"Atualizado em 4 de mar\u00e7o de 2026"},"absolute_dates_time":{"created":"Publicado em 4 de mar\u00e7o de 2026 12:26","modified":"Atualizado em 4 de mar\u00e7o de 2026 12:26"},"featured_img_caption":"","series_order":"","_links":{"self":[{"href":"https:\/\/lavras.tv\/site\/wp-json\/wp\/v2\/posts\/169595","targetHints":{"allow":["GET"]}}],"collection":[{"href":"https:\/\/lavras.tv\/site\/wp-json\/wp\/v2\/posts"}],"about":[{"href":"https:\/\/lavras.tv\/site\/wp-json\/wp\/v2\/types\/post"}],"author":[{"embeddable":true,"href":"https:\/\/lavras.tv\/site\/wp-json\/wp\/v2\/users\/5"}],"replies":[{"embeddable":true,"href":"https:\/\/lavras.tv\/site\/wp-json\/wp\/v2\/comments?post=169595"}],"version-history":[{"count":1,"href":"https:\/\/lavras.tv\/site\/wp-json\/wp\/v2\/posts\/169595\/revisions"}],"predecessor-version":[{"id":169597,"href":"https:\/\/lavras.tv\/site\/wp-json\/wp\/v2\/posts\/169595\/revisions\/169597"}],"wp:featuredmedia":[{"embeddable":true,"href":"https:\/\/lavras.tv\/site\/wp-json\/wp\/v2\/media\/169596"}],"wp:attachment":[{"href":"https:\/\/lavras.tv\/site\/wp-json\/wp\/v2\/media?parent=169595"}],"wp:term":[{"taxonomy":"category","embeddable":true,"href":"https:\/\/lavras.tv\/site\/wp-json\/wp\/v2\/categories?post=169595"},{"taxonomy":"post_tag","embeddable":true,"href":"https:\/\/lavras.tv\/site\/wp-json\/wp\/v2\/tags?post=169595"}],"curies":[{"name":"wp","href":"https:\/\/api.w.org\/{rel}","templated":true}]}}