{"id":169598,"date":"2026-03-04T12:31:20","date_gmt":"2026-03-04T15:31:20","guid":{"rendered":"https:\/\/lavras.tv\/site\/?p=169598"},"modified":"2026-03-04T12:31:21","modified_gmt":"2026-03-04T15:31:21","slug":"inspecoes-da-cemig-em-2025-somam-mais-de-369-mil-unidades-e-alcancam-r-443-milhoes-em-minas","status":"publish","type":"post","link":"https:\/\/lavras.tv\/site\/2026\/03\/04\/inspecoes-da-cemig-em-2025-somam-mais-de-369-mil-unidades-e-alcancam-r-443-milhoes-em-minas\/","title":{"rendered":"Inspe\u00e7\u00f5es da Cemig em 2025 somam mais de 369 mil unidades e alcan\u00e7am R$ 443 milh\u00f5es em Minas\u00a0"},"content":{"rendered":"<div class=\"lavra-antes-do-conteudo_2\" id=\"lavra-3048790396\"><div id=\"lavra-slider-27\" class=\"custom-slider lavra-slider-3935132175 lavra-slider\"><ul><li><div style=\"margin-left: auto;margin-right: auto;text-align: center;\" id=\"lavra-160667510\"><a href=\"https:\/\/sistemas.lavras.mg.gov.br\/portalcidadao\/#df1b1a7c7b2a290bcb31e32771e610784662739a88807c0dacac58ede5f391a7530e299dc302d611ee73cb143fc22eaf93592e53e7b5bdb01b00a0b8d28dae460c141dd2ff83412e4dc1c31b16b25f33144a9e5620ea73b13f5bc1c59411d98439ad226e8af03840603796067d87afe130812cf3de24982d0e306f9e61e764e5\" aria-label=\"Lavras-TV&#8211;720x104px (1) (1)\"><img src=\"https:\/\/lavras.tv\/site\/wp-content\/uploads\/2025\/01\/Lavras-TV-720x104px-1-1.png\" alt=\"\"  srcset=\"https:\/\/lavras.tv\/site\/wp-content\/uploads\/2025\/01\/Lavras-TV-720x104px-1-1.png 720w, https:\/\/lavras.tv\/site\/wp-content\/uploads\/2025\/01\/Lavras-TV-720x104px-1-1-470x68.png 470w, https:\/\/lavras.tv\/site\/wp-content\/uploads\/2025\/01\/Lavras-TV-720x104px-1-1-170x25.png 170w, https:\/\/lavras.tv\/site\/wp-content\/uploads\/2025\/01\/Lavras-TV-720x104px-1-1-200x29.png 200w\" sizes=\"(max-width: 720px) 100vw, 720px\" width=\"720\" height=\"104\"  style=\"display: inline-block;\" \/><\/a><\/div><\/li><li><a href=\"https:\/\/sistemas.lavras.mg.gov.br\/portalcidadao\/#df1b1a7c7b2a290bcb31e32771e610784662739a88807c0dacac58ede5f391a7530e299dc302d611ee73cb143fc22eaf93592e53e7b5bdb01b00a0b8d28dae460c141dd2ff83412e4dc1c31b16b25f33144a9e5620ea73b13f5bc1c59411d98439ad226e8af03840603796067d87afe130812cf3de24982d0e306f9e61e764e5\" aria-label=\"Banner_Emprego_PortallavrasTV\"><img src=\"https:\/\/lavras.tv\/site\/wp-content\/uploads\/2025\/03\/Banner_Emprego_PortallavrasTV.png\" alt=\"\"  srcset=\"https:\/\/lavras.tv\/site\/wp-content\/uploads\/2025\/03\/Banner_Emprego_PortallavrasTV.png 720w, https:\/\/lavras.tv\/site\/wp-content\/uploads\/2025\/03\/Banner_Emprego_PortallavrasTV-470x68.png 470w, https:\/\/lavras.tv\/site\/wp-content\/uploads\/2025\/03\/Banner_Emprego_PortallavrasTV-170x25.png 170w, https:\/\/lavras.tv\/site\/wp-content\/uploads\/2025\/03\/Banner_Emprego_PortallavrasTV-200x29.png 200w\" sizes=\"(max-width: 720px) 100vw, 720px\" width=\"720\" height=\"104\"   \/><\/a><\/li><li><a href=\"https:\/\/sistemas.lavras.mg.gov.br\/portalcidadao\/#df1b1a7c7b2a290bcb31e32771e610784662739a88807c0dacac58ede5f391a7530e299dc302d611ee73cb143fc22eaf93592e53e7b5bdb01b00a0b8d28dae460c141dd2ff83412e4dc1c31b16b25f33144a9e5620ea73b13f5bc1c59411d98439ad226e8af03840603796067d87afe130812cf3de24982d0e306f9e61e764e5\" aria-label=\"Banner_Obras_PortallavrasTV\"><img src=\"https:\/\/lavras.tv\/site\/wp-content\/uploads\/2025\/03\/Banner_Obras_PortallavrasTV.png\" alt=\"\"  srcset=\"https:\/\/lavras.tv\/site\/wp-content\/uploads\/2025\/03\/Banner_Obras_PortallavrasTV.png 720w, https:\/\/lavras.tv\/site\/wp-content\/uploads\/2025\/03\/Banner_Obras_PortallavrasTV-470x68.png 470w, https:\/\/lavras.tv\/site\/wp-content\/uploads\/2025\/03\/Banner_Obras_PortallavrasTV-170x25.png 170w, https:\/\/lavras.tv\/site\/wp-content\/uploads\/2025\/03\/Banner_Obras_PortallavrasTV-200x29.png 200w\" sizes=\"(max-width: 720px) 100vw, 720px\" width=\"720\" height=\"104\"   \/><\/a><\/li><li><div style=\"margin-left: auto;margin-right: auto;text-align: center;\" id=\"lavra-322106315\"><a href=\"https:\/\/sistemas.lavras.mg.gov.br\/portalcidadao\/#df1b1a7c7b2a290bcb31e32771e610784662739a88807c0dacac58ede5f391a7530e299dc302d611ee73cb143fc22eaf93592e53e7b5bdb01b00a0b8d28dae460c141dd2ff83412e4dc1c31b16b25f33144a9e5620ea73b13f5bc1c59411d98439ad226e8af03840603796067d87afe130812cf3de24982d0e306f9e61e764e5\" aria-label=\"Banner_Educa\u00e7\u00e3o_PortallavrasTV\"><img src=\"https:\/\/lavras.tv\/site\/wp-content\/uploads\/2025\/01\/Banner_Educacao_PortallavrasTV.png\" alt=\"\"  srcset=\"https:\/\/lavras.tv\/site\/wp-content\/uploads\/2025\/01\/Banner_Educacao_PortallavrasTV.png 720w, https:\/\/lavras.tv\/site\/wp-content\/uploads\/2025\/01\/Banner_Educacao_PortallavrasTV-470x68.png 470w, https:\/\/lavras.tv\/site\/wp-content\/uploads\/2025\/01\/Banner_Educacao_PortallavrasTV-170x25.png 170w, https:\/\/lavras.tv\/site\/wp-content\/uploads\/2025\/01\/Banner_Educacao_PortallavrasTV-200x29.png 200w\" sizes=\"(max-width: 720px) 100vw, 720px\" width=\"720\" height=\"104\"  style=\"display: inline-block;\" \/><\/a><\/div><\/li><li><a href=\"https:\/\/sistemas.lavras.mg.gov.br\/portalcidadao\/#df1b1a7c7b2a290bcb31e32771e610784662739a88807c0dacac58ede5f391a7530e299dc302d611ee73cb143fc22eaf93592e53e7b5bdb01b00a0b8d28dae460c141dd2ff83412e4dc1c31b16b25f33144a9e5620ea73b13f5bc1c59411d98439ad226e8af03840603796067d87afe130812cf3de24982d0e306f9e61e764e5\" aria-label=\"Banner_Sa\u00fade_PortallavrasTV\"><img src=\"https:\/\/lavras.tv\/site\/wp-content\/uploads\/2025\/03\/Banner_Saude_PortallavrasTV.png\" alt=\"\"  srcset=\"https:\/\/lavras.tv\/site\/wp-content\/uploads\/2025\/03\/Banner_Saude_PortallavrasTV.png 720w, https:\/\/lavras.tv\/site\/wp-content\/uploads\/2025\/03\/Banner_Saude_PortallavrasTV-470x68.png 470w, https:\/\/lavras.tv\/site\/wp-content\/uploads\/2025\/03\/Banner_Saude_PortallavrasTV-170x25.png 170w, https:\/\/lavras.tv\/site\/wp-content\/uploads\/2025\/03\/Banner_Saude_PortallavrasTV-200x29.png 200w\" sizes=\"(max-width: 720px) 100vw, 720px\" width=\"720\" height=\"104\"   \/><\/a><\/li><li><div id=\"lavra-4239274060\" style=\"width:720px;height:104px;background-color:#ddd;overflow:scroll;\">\n\t<strong>Sa\u00edda da depura\u00e7\u00e3o de an\u00fancios<\/strong>\n\t<br><br>\n\tO an\u00fancio n\u00e3o \u00e9 exibido na p\u00e1gina<br><br>post atual: Inspe\u00e7\u00f5es da Cemig em 2025 somam mais de 369 mil unidades e alcan\u00e7am R$ 443 milh\u00f5es em Minas\u00a0, ID: 169598<br><br><span style=\"color: red;\">O post atual n\u00e3o \u00e9 id\u00eantico ao post principal.<\/span><br><br>An\u00fancios: ROXO - TOPO INTERNA - ROTATIVO 2 (197)<br \/>Grupo de an\u00fancios: Princ_Meio01_720x104 (27)<br><br>Condi\u00e7\u00f5es de exibi\u00e7\u00e3o<div style=\"margin-bottom: 20px; white-space: pre-wrap; font-family: monospace; width: 100%; background: #ffe9e9;\"><strong>condi\u00e7\u00f5es gerais<\/strong><table border=\"1\"><thead><tr><th><\/th><th>An\u00fancios<\/th><th>wp_the_query<\/th><\/tr><\/thead><tr><td>is_main_query<\/td><td>1<\/td><td>1<\/td><\/tr><tr><td>is_rest_api<\/td><td>0<\/td><td>1<\/td><\/tr><tr><td>page<\/td><td>0<\/td><td>1<\/td><\/tr><tr><td>numpages<\/td><td>0<\/td><td>1<\/td><\/tr><tr><td>is_archive<\/td><td>1<\/td><td><\/td><\/tr><tr><td>is_search<\/td><td>1<\/td><td><\/td><\/tr><tr><td>is_home<\/td><td>1<\/td><td><\/td><\/tr><tr><td>is_404<\/td><td>1<\/td><td><\/td><\/tr><tr><td>is_attachment<\/td><td>1<\/td><td><\/td><\/tr><tr><td>is_singular<\/td><td>1<\/td><td><\/td><\/tr><tr><td>is_front_page<\/td><td>1<\/td><td><\/td><\/tr><tr><td>is_feed<\/td><td>1<\/td><td><\/td><\/tr><\/table><\/div><br><br><span style=\"color: red;\">Seu site usa HTTPS, mas o c\u00f3digo do an\u00fancio cont\u00e9m HTTP e pode n\u00e3o funcionar.<\/span>\t<br><br>\n\t<a style=\"color: green;\" href=\"https:\/\/wpadvancedads.com\/manual\/ad-debug-mode\/?utm_source=advanced-ads&utm_medium=link&utm_campaign=ad-debug-mode\" target=\"_blank\" rel=\"nofollow\">Encontre solu\u00e7\u00f5es no manual<\/a>\n<\/div>\n<\/li><\/ul><\/div><script>( window.advanced_ads_ready || jQuery( document ).ready ).call( null, function() {var $lavraslider3935132175 = jQuery( \".lavra-slider-3935132175\" );$lavraslider3935132175.on( \"unslider.ready\", function() { jQuery( \"div.custom-slider ul li\" ).css( \"display\", \"block\" ); });$lavraslider3935132175.unslider({ delay:4000, autoplay:true, nav:false, arrows:false, infinite:true });$lavraslider3935132175.on(\"mouseover\", function() {$lavraslider3935132175.unslider(\"stop\");}).on(\"mouseout\", function() {$lavraslider3935132175.unslider(\"start\");});});<\/script><\/div>\n<p><em>Fiscaliza\u00e7\u00e3o em todas as regi\u00f5es do estado busca reduzir perdas, aumentar a seguran\u00e7a e preservar a modicidade tarif\u00e1ria<\/em><\/p>\n\n\n\n<figure class=\"wp-block-image size-large\"><img fetchpriority=\"high\" decoding=\"async\" width=\"970\" height=\"728\" src=\"https:\/\/lavras.tv\/site\/wp-content\/uploads\/2026\/03\/Inspecoes_Alberto_Cintra_2026_-970x728.jpg\" alt=\"\" class=\"wp-image-169599\" srcset=\"https:\/\/lavras.tv\/site\/wp-content\/uploads\/2026\/03\/Inspecoes_Alberto_Cintra_2026_-970x728.jpg 970w, https:\/\/lavras.tv\/site\/wp-content\/uploads\/2026\/03\/Inspecoes_Alberto_Cintra_2026_-400x300.jpg 400w, https:\/\/lavras.tv\/site\/wp-content\/uploads\/2026\/03\/Inspecoes_Alberto_Cintra_2026_-170x128.jpg 170w, https:\/\/lavras.tv\/site\/wp-content\/uploads\/2026\/03\/Inspecoes_Alberto_Cintra_2026_-1536x1152.jpg 1536w, https:\/\/lavras.tv\/site\/wp-content\/uploads\/2026\/03\/Inspecoes_Alberto_Cintra_2026_-2048x1536.jpg 2048w\" sizes=\"(max-width: 970px) 100vw, 970px\" \/><\/figure>\n\n\n\n<p>Para reduzir o impacto financeiro da tarifa de energia para os clientes regulares, a Cemig mant\u00e9m um trabalho permanente de fiscaliza\u00e7\u00e3o e combate a irregularidades em sua \u00e1rea de concess\u00e3o. Em 2025, os t\u00e9cnicos da companhia realizaram mais de 369 mil inspe\u00e7\u00f5es em unidades consumidoras em todas as regi\u00f5es de Minas Gerais. As vistorias que confirmaram irregularidades resultaram&nbsp;na recupera\u00e7\u00e3o&nbsp;de R$ 443 milh\u00f5es, j\u00e1 considerando&nbsp;os&nbsp;impostos.&nbsp;<\/p>\n\n\n\n<p>Esse valor corresponde tanto \u00e0 energia consumida de forma irregular quanto \u00e0 estimativa de incremento de receita ao longo de 12 meses ap\u00f3s as inspe\u00e7\u00f5es, refor\u00e7ando o papel dessas a\u00e7\u00f5es na preserva\u00e7\u00e3o do equil\u00edbrio do sistema el\u00e9trico e na prote\u00e7\u00e3o dos consumidores que mant\u00eam suas contas em dia.&nbsp;<\/p>\n\n\n\n<p>Nas regi\u00f5es&nbsp;<strong>sul e oeste&nbsp;<\/strong>de Minas, foram vistoriadas mais de 29 mil unidades consumidoras ao longo de 2025, com inspe\u00e7\u00f5es procedentes que representaram aproximadamente R$ 45 milh\u00f5es. Os n\u00fameros evidenciam a relev\u00e2ncia do trabalho preventivo e corretivo realizado pela distribuidora em uma das \u00e1reas de maior densidade populacional do estado.&nbsp;<\/p>\n\n\n\n<p>Para 2026, a Cemig prev\u00ea a execu\u00e7\u00e3o de mais de 355 mil inspe\u00e7\u00f5es em toda a sua \u00e1rea de concess\u00e3o, sendo mais de 34 mil somente nas regi\u00f5es sul e oeste. A amplia\u00e7\u00e3o das a\u00e7\u00f5es refor\u00e7a a estrat\u00e9gia da companhia de coibir perdas n\u00e3o t\u00e9cnicas, garantir a sustentabilidade do servi\u00e7o e contribuir para a modicidade tarif\u00e1ria, beneficiando diretamente milh\u00f5es de consumidores mineiros.&nbsp;<\/p>\n\n\n\n<p><strong>Cemig realiza mutir\u00e3o de inspe\u00e7\u00f5es em Belo Horizonte<\/strong><\/p>\n\n\n\n<p>Nos \u00faltimos dias, a Cemig realizou um mutir\u00e3o de inspe\u00e7\u00f5es que mobilizou 22 equipes e mais de 50 profissionais em unidades consumidoras localizadas na Rua Alberto Cintra, na regi\u00e3o Nordeste de Belo Horizonte, \u00e1rea tradicional de bares da capital mineira. Durante a a\u00e7\u00e3o, foram realizadas&nbsp;396&nbsp;inspe\u00e7\u00f5es, com a identifica\u00e7\u00e3o de&nbsp;20&nbsp;irregularidades.&nbsp;No Norte do estado, a companhia tamb\u00e9m fez uma a\u00e7\u00e3o&nbsp;no&nbsp;munic\u00edpio de&nbsp;Janu\u00e1ria, com 146&nbsp;vistorias&nbsp;e&nbsp;16 fraudes.&nbsp;&nbsp;<\/p>\n\n\n\n<p>O gerente da Regional Centro da Cemig Distribui\u00e7\u00e3o,&nbsp;Dilzair&nbsp;J\u00fanior, explica que as a\u00e7\u00f5es de combate a fraudes fazem parte da rotina da companhia e t\u00eam como objetivo preservar a modicidade tarif\u00e1ria, a qualidade do fornecimento de energia e a seguran\u00e7a da popula\u00e7\u00e3o.&nbsp;<\/p>\n\n\n\n<p>\u201cOs principais objetivos das regulariza\u00e7\u00f5es s\u00e3o minimizar o preju\u00edzo compartilhado entre os consumidores regulares e a Cemig, al\u00e9m de conscientizar a popula\u00e7\u00e3o sobre o furto de energia e seus impactos para toda a sociedade. O foco est\u00e1 na&nbsp;intensifica\u00e7\u00e3o da detec\u00e7\u00e3o e regulariza\u00e7\u00e3o de unidades consumidoras com perdas na medi\u00e7\u00e3o de energia, bem como na recupera\u00e7\u00e3o do montante que deixou de ser faturado\u201d, afirma.&nbsp;<\/p>\n\n\n\n<p>Segundo o gerente, as liga\u00e7\u00f5es irregulares tamb\u00e9m representam riscos significativos \u00e0 seguran\u00e7a. \u201cEssas pr\u00e1ticas podem ocasionar ocorr\u00eancias na rede el\u00e9trica, com consequ\u00eancias graves e at\u00e9 fatais. Al\u00e9m disso, provocam impactos no sistema el\u00e9trico, interrup\u00e7\u00f5es no fornecimento de energia para clientes regulares, inc\u00eandios e danos a aparelhos e equipamentos\u201d, completa.&nbsp;<\/p>\n\n\n\n<p><strong>Consequ\u00eancias financeiras e criminais<\/strong><\/p>\n\n\n\n<p>Ap\u00f3s a confirma\u00e7\u00e3o das irregularidades, os respons\u00e1veis devem ressarcir a Cemig pelo montante de energia consumida e n\u00e3o faturada, al\u00e9m de arcar com os custos administrativos decorrentes da irregularidade.&nbsp;<\/p>\n\n\n\n<p>As consequ\u00eancias desse tipo de pr\u00e1tica, no entanto, n\u00e3o se restringem ao aspecto financeiro. O furto de energia \u00e9 tipificado como crime no artigo 155 do C\u00f3digo Penal Brasileiro, com pena que pode chegar a oito anos de reclus\u00e3o. Dependendo do caso, o respons\u00e1vel tamb\u00e9m pode ser enquadrado no artigo 171, que trata do&nbsp;crime de estelionato.&nbsp;<\/p>\n","protected":false},"excerpt":{"rendered":"<p>Fiscaliza\u00e7\u00e3o em todas as regi\u00f5es do estado busca reduzir perdas, aumentar a seguran\u00e7a e preservar a modicidade tarif\u00e1ria Para reduzir o impacto financeiro da tarifa de energia para os clientes regulares, a Cemig mant\u00e9m um trabalho permanente de fiscaliza\u00e7\u00e3o e combate a irregularidades em sua \u00e1rea de concess\u00e3o. Em 2025, os t\u00e9cnicos da companhia realizaram [&hellip;]<\/p>\n","protected":false},"author":5,"featured_media":169599,"comment_status":"closed","ping_status":"open","sticky":false,"template":"","format":"standard","meta":{"advgb_blocks_editor_width":"","advgb_blocks_columns_visual_guide":"","_exactmetrics_skip_tracking":false,"_exactmetrics_sitenote_active":false,"_exactmetrics_sitenote_note":"","_exactmetrics_sitenote_category":0,"footnotes":""},"categories":[7,2],"tags":[],"class_list":["post-169598","post","type-post","status-publish","format-standard","has-post-thumbnail","hentry","category-destaques","category-noticias"],"better_featured_image":{"id":169599,"alt_text":"","caption":"","description":"","media_type":"image","media_details":{"width":2560,"height":1920,"file":"2026\/03\/Inspecoes_Alberto_Cintra_2026_-scaled.jpg","filesize":691322,"sizes":{"medium":{"file":"Inspecoes_Alberto_Cintra_2026_-400x300.jpg","width":400,"height":300,"mime-type":"image\/jpeg","filesize":25987,"source_url":"https:\/\/lavras.tv\/site\/wp-content\/uploads\/2026\/03\/Inspecoes_Alberto_Cintra_2026_-400x300.jpg"},"large":{"file":"Inspecoes_Alberto_Cintra_2026_-970x728.jpg","width":970,"height":728,"mime-type":"image\/jpeg","filesize":125855,"source_url":"https:\/\/lavras.tv\/site\/wp-content\/uploads\/2026\/03\/Inspecoes_Alberto_Cintra_2026_-970x728.jpg"},"thumbnail":{"file":"Inspecoes_Alberto_Cintra_2026_-170x128.jpg","width":170,"height":128,"mime-type":"image\/jpeg","filesize":6886,"source_url":"https:\/\/lavras.tv\/site\/wp-content\/uploads\/2026\/03\/Inspecoes_Alberto_Cintra_2026_-170x128.jpg"},"1536x1536":{"file":"Inspecoes_Alberto_Cintra_2026_-1536x1152.jpg","width":1536,"height":1152,"mime-type":"image\/jpeg","filesize":284743,"source_url":"https:\/\/lavras.tv\/site\/wp-content\/uploads\/2026\/03\/Inspecoes_Alberto_Cintra_2026_-1536x1152.jpg"},"2048x2048":{"file":"Inspecoes_Alberto_Cintra_2026_-2048x1536.jpg","width":2048,"height":1536,"mime-type":"image\/jpeg","filesize":464411,"source_url":"https:\/\/lavras.tv\/site\/wp-content\/uploads\/2026\/03\/Inspecoes_Alberto_Cintra_2026_-2048x1536.jpg"},"alm-thumbnail":{"file":"Inspecoes_Alberto_Cintra_2026_-150x150.jpg","width":150,"height":150,"mime-type":"image\/jpeg","filesize":6848,"source_url":"https:\/\/lavras.tv\/site\/wp-content\/uploads\/2026\/03\/Inspecoes_Alberto_Cintra_2026_-150x150.jpg"},"sow-carousel-default":{"file":"Inspecoes_Alberto_Cintra_2026_-272x182.jpg","width":272,"height":182,"mime-type":"image\/jpeg","filesize":12185,"source_url":"https:\/\/lavras.tv\/site\/wp-content\/uploads\/2026\/03\/Inspecoes_Alberto_Cintra_2026_-272x182.jpg"}},"image_meta":{"aperture":"0","credit":"","camera":"","caption":"","created_timestamp":"0","copyright":"","focal_length":"0","iso":"0","shutter_speed":"0","title":"","orientation":"0","keywords":[]},"original_image":"Inspecoes_Alberto_Cintra_2026_.jpg"},"post":169598,"source_url":"https:\/\/lavras.tv\/site\/wp-content\/uploads\/2026\/03\/Inspecoes_Alberto_Cintra_2026_-scaled.jpg"},"author_meta":{"display_name":"Vinicius Bustamante","author_link":"https:\/\/lavras.tv\/site\/author\/vinicius-bustamante\/"},"featured_img":"https:\/\/lavras.tv\/site\/wp-content\/uploads\/2026\/03\/Inspecoes_Alberto_Cintra_2026_-400x300.jpg","coauthors":[],"tax_additional":{"categories":{"linked":["<a href=\"https:\/\/lavras.tv\/site\/category\/destaques\/\" class=\"advgb-post-tax-term\">Destaques<\/a>","<a href=\"https:\/\/lavras.tv\/site\/category\/noticias\/\" class=\"advgb-post-tax-term\">Not\u00edcias<\/a>"],"unlinked":["<span class=\"advgb-post-tax-term\">Destaques<\/span>","<span class=\"advgb-post-tax-term\">Not\u00edcias<\/span>"]}},"comment_count":"0","relative_dates":{"created":"Publicado 2 meses atr\u00e1s","modified":"Atualizado 2 meses atr\u00e1s"},"absolute_dates":{"created":"Publicado em 4 de mar\u00e7o de 2026","modified":"Atualizado em 4 de mar\u00e7o de 2026"},"absolute_dates_time":{"created":"Publicado em 4 de mar\u00e7o de 2026 12:31","modified":"Atualizado em 4 de mar\u00e7o de 2026 12:31"},"featured_img_caption":"","series_order":"","_links":{"self":[{"href":"https:\/\/lavras.tv\/site\/wp-json\/wp\/v2\/posts\/169598","targetHints":{"allow":["GET"]}}],"collection":[{"href":"https:\/\/lavras.tv\/site\/wp-json\/wp\/v2\/posts"}],"about":[{"href":"https:\/\/lavras.tv\/site\/wp-json\/wp\/v2\/types\/post"}],"author":[{"embeddable":true,"href":"https:\/\/lavras.tv\/site\/wp-json\/wp\/v2\/users\/5"}],"replies":[{"embeddable":true,"href":"https:\/\/lavras.tv\/site\/wp-json\/wp\/v2\/comments?post=169598"}],"version-history":[{"count":1,"href":"https:\/\/lavras.tv\/site\/wp-json\/wp\/v2\/posts\/169598\/revisions"}],"predecessor-version":[{"id":169600,"href":"https:\/\/lavras.tv\/site\/wp-json\/wp\/v2\/posts\/169598\/revisions\/169600"}],"wp:featuredmedia":[{"embeddable":true,"href":"https:\/\/lavras.tv\/site\/wp-json\/wp\/v2\/media\/169599"}],"wp:attachment":[{"href":"https:\/\/lavras.tv\/site\/wp-json\/wp\/v2\/media?parent=169598"}],"wp:term":[{"taxonomy":"category","embeddable":true,"href":"https:\/\/lavras.tv\/site\/wp-json\/wp\/v2\/categories?post=169598"},{"taxonomy":"post_tag","embeddable":true,"href":"https:\/\/lavras.tv\/site\/wp-json\/wp\/v2\/tags?post=169598"}],"curies":[{"name":"wp","href":"https:\/\/api.w.org\/{rel}","templated":true}]}}