{"id":169602,"date":"2026-03-04T13:34:09","date_gmt":"2026-03-04T16:34:09","guid":{"rendered":"http:\/\/lavras.tv\/site\/?p=169602"},"modified":"2026-03-04T13:34:10","modified_gmt":"2026-03-04T16:34:10","slug":"sul-de-minas-ganha-reforco-contra-arboviroses-emergentes-labmol-ufla-passa-a-diagnosticar-oropouche-mayaro-e-febre-amarela","status":"publish","type":"post","link":"https:\/\/lavras.tv\/site\/2026\/03\/04\/sul-de-minas-ganha-reforco-contra-arboviroses-emergentes-labmol-ufla-passa-a-diagnosticar-oropouche-mayaro-e-febre-amarela\/","title":{"rendered":"Sul de Minas ganha refor\u00e7o contra arboviroses emergentes: LabMol\/UFLA passa a diagnosticar Oropouche, Mayaro e Febre Amarela"},"content":{"rendered":"<div class=\"lavra-antes-do-conteudo_2\" id=\"lavra-2251645622\"><div id=\"lavra-slider-27\" class=\"custom-slider lavra-slider-3770564607 lavra-slider\"><ul><li><div style=\"margin-left: auto;margin-right: auto;text-align: center;\" id=\"lavra-2099726488\"><a href=\"https:\/\/sistemas.lavras.mg.gov.br\/portalcidadao\/#df1b1a7c7b2a290bcb31e32771e610784662739a88807c0dacac58ede5f391a7530e299dc302d611ee73cb143fc22eaf93592e53e7b5bdb01b00a0b8d28dae460c141dd2ff83412e4dc1c31b16b25f33144a9e5620ea73b13f5bc1c59411d98439ad226e8af03840603796067d87afe130812cf3de24982d0e306f9e61e764e5\" aria-label=\"Lavras-TV&#8211;720x104px (1) (1)\"><img src=\"https:\/\/lavras.tv\/site\/wp-content\/uploads\/2025\/01\/Lavras-TV-720x104px-1-1.png\" alt=\"\"  srcset=\"https:\/\/lavras.tv\/site\/wp-content\/uploads\/2025\/01\/Lavras-TV-720x104px-1-1.png 720w, https:\/\/lavras.tv\/site\/wp-content\/uploads\/2025\/01\/Lavras-TV-720x104px-1-1-470x68.png 470w, https:\/\/lavras.tv\/site\/wp-content\/uploads\/2025\/01\/Lavras-TV-720x104px-1-1-170x25.png 170w, https:\/\/lavras.tv\/site\/wp-content\/uploads\/2025\/01\/Lavras-TV-720x104px-1-1-200x29.png 200w\" sizes=\"(max-width: 720px) 100vw, 720px\" width=\"720\" height=\"104\"  style=\"display: inline-block;\" \/><\/a><\/div><\/li><li><a href=\"https:\/\/sistemas.lavras.mg.gov.br\/portalcidadao\/#df1b1a7c7b2a290bcb31e32771e610784662739a88807c0dacac58ede5f391a7530e299dc302d611ee73cb143fc22eaf93592e53e7b5bdb01b00a0b8d28dae460c141dd2ff83412e4dc1c31b16b25f33144a9e5620ea73b13f5bc1c59411d98439ad226e8af03840603796067d87afe130812cf3de24982d0e306f9e61e764e5\" aria-label=\"Banner_Emprego_PortallavrasTV\"><img src=\"https:\/\/lavras.tv\/site\/wp-content\/uploads\/2025\/03\/Banner_Emprego_PortallavrasTV.png\" alt=\"\"  srcset=\"https:\/\/lavras.tv\/site\/wp-content\/uploads\/2025\/03\/Banner_Emprego_PortallavrasTV.png 720w, https:\/\/lavras.tv\/site\/wp-content\/uploads\/2025\/03\/Banner_Emprego_PortallavrasTV-470x68.png 470w, https:\/\/lavras.tv\/site\/wp-content\/uploads\/2025\/03\/Banner_Emprego_PortallavrasTV-170x25.png 170w, https:\/\/lavras.tv\/site\/wp-content\/uploads\/2025\/03\/Banner_Emprego_PortallavrasTV-200x29.png 200w\" sizes=\"(max-width: 720px) 100vw, 720px\" width=\"720\" height=\"104\"   \/><\/a><\/li><li><a href=\"https:\/\/sistemas.lavras.mg.gov.br\/portalcidadao\/#df1b1a7c7b2a290bcb31e32771e610784662739a88807c0dacac58ede5f391a7530e299dc302d611ee73cb143fc22eaf93592e53e7b5bdb01b00a0b8d28dae460c141dd2ff83412e4dc1c31b16b25f33144a9e5620ea73b13f5bc1c59411d98439ad226e8af03840603796067d87afe130812cf3de24982d0e306f9e61e764e5\" aria-label=\"Banner_Obras_PortallavrasTV\"><img src=\"https:\/\/lavras.tv\/site\/wp-content\/uploads\/2025\/03\/Banner_Obras_PortallavrasTV.png\" alt=\"\"  srcset=\"https:\/\/lavras.tv\/site\/wp-content\/uploads\/2025\/03\/Banner_Obras_PortallavrasTV.png 720w, https:\/\/lavras.tv\/site\/wp-content\/uploads\/2025\/03\/Banner_Obras_PortallavrasTV-470x68.png 470w, https:\/\/lavras.tv\/site\/wp-content\/uploads\/2025\/03\/Banner_Obras_PortallavrasTV-170x25.png 170w, https:\/\/lavras.tv\/site\/wp-content\/uploads\/2025\/03\/Banner_Obras_PortallavrasTV-200x29.png 200w\" sizes=\"(max-width: 720px) 100vw, 720px\" width=\"720\" height=\"104\"   \/><\/a><\/li><li><div style=\"margin-left: auto;margin-right: auto;text-align: center;\" id=\"lavra-4215871121\"><a href=\"https:\/\/sistemas.lavras.mg.gov.br\/portalcidadao\/#df1b1a7c7b2a290bcb31e32771e610784662739a88807c0dacac58ede5f391a7530e299dc302d611ee73cb143fc22eaf93592e53e7b5bdb01b00a0b8d28dae460c141dd2ff83412e4dc1c31b16b25f33144a9e5620ea73b13f5bc1c59411d98439ad226e8af03840603796067d87afe130812cf3de24982d0e306f9e61e764e5\" aria-label=\"Banner_Educa\u00e7\u00e3o_PortallavrasTV\"><img src=\"https:\/\/lavras.tv\/site\/wp-content\/uploads\/2025\/01\/Banner_Educacao_PortallavrasTV.png\" alt=\"\"  srcset=\"https:\/\/lavras.tv\/site\/wp-content\/uploads\/2025\/01\/Banner_Educacao_PortallavrasTV.png 720w, https:\/\/lavras.tv\/site\/wp-content\/uploads\/2025\/01\/Banner_Educacao_PortallavrasTV-470x68.png 470w, https:\/\/lavras.tv\/site\/wp-content\/uploads\/2025\/01\/Banner_Educacao_PortallavrasTV-170x25.png 170w, https:\/\/lavras.tv\/site\/wp-content\/uploads\/2025\/01\/Banner_Educacao_PortallavrasTV-200x29.png 200w\" sizes=\"(max-width: 720px) 100vw, 720px\" width=\"720\" height=\"104\"  style=\"display: inline-block;\" \/><\/a><\/div><\/li><li><a href=\"https:\/\/sistemas.lavras.mg.gov.br\/portalcidadao\/#df1b1a7c7b2a290bcb31e32771e610784662739a88807c0dacac58ede5f391a7530e299dc302d611ee73cb143fc22eaf93592e53e7b5bdb01b00a0b8d28dae460c141dd2ff83412e4dc1c31b16b25f33144a9e5620ea73b13f5bc1c59411d98439ad226e8af03840603796067d87afe130812cf3de24982d0e306f9e61e764e5\" aria-label=\"Banner_Sa\u00fade_PortallavrasTV\"><img src=\"https:\/\/lavras.tv\/site\/wp-content\/uploads\/2025\/03\/Banner_Saude_PortallavrasTV.png\" alt=\"\"  srcset=\"https:\/\/lavras.tv\/site\/wp-content\/uploads\/2025\/03\/Banner_Saude_PortallavrasTV.png 720w, https:\/\/lavras.tv\/site\/wp-content\/uploads\/2025\/03\/Banner_Saude_PortallavrasTV-470x68.png 470w, https:\/\/lavras.tv\/site\/wp-content\/uploads\/2025\/03\/Banner_Saude_PortallavrasTV-170x25.png 170w, https:\/\/lavras.tv\/site\/wp-content\/uploads\/2025\/03\/Banner_Saude_PortallavrasTV-200x29.png 200w\" sizes=\"(max-width: 720px) 100vw, 720px\" width=\"720\" height=\"104\"   \/><\/a><\/li><li><div id=\"lavra-1350678066\" style=\"width:720px;height:104px;background-color:#ddd;overflow:scroll;\">\n\t<strong>Sa\u00edda da depura\u00e7\u00e3o de an\u00fancios<\/strong>\n\t<br><br>\n\tO an\u00fancio n\u00e3o \u00e9 exibido na p\u00e1gina<br><br>post atual: Sul de Minas ganha refor\u00e7o contra arboviroses emergentes: LabMol\/UFLA passa a diagnosticar Oropouche, Mayaro e Febre Amarela, ID: 169602<br><br><span style=\"color: red;\">O post atual n\u00e3o \u00e9 id\u00eantico ao post principal.<\/span><br><br>An\u00fancios: ROXO - TOPO INTERNA - ROTATIVO 2 (197)<br \/>Grupo de an\u00fancios: Princ_Meio01_720x104 (27)<br><br>Condi\u00e7\u00f5es de exibi\u00e7\u00e3o<div style=\"margin-bottom: 20px; white-space: pre-wrap; font-family: monospace; width: 100%; background: #ffe9e9;\"><strong>condi\u00e7\u00f5es gerais<\/strong><table border=\"1\"><thead><tr><th><\/th><th>An\u00fancios<\/th><th>wp_the_query<\/th><\/tr><\/thead><tr><td>is_main_query<\/td><td>1<\/td><td>1<\/td><\/tr><tr><td>is_rest_api<\/td><td>0<\/td><td>1<\/td><\/tr><tr><td>page<\/td><td>0<\/td><td>1<\/td><\/tr><tr><td>numpages<\/td><td>0<\/td><td>1<\/td><\/tr><tr><td>is_archive<\/td><td>1<\/td><td><\/td><\/tr><tr><td>is_search<\/td><td>1<\/td><td><\/td><\/tr><tr><td>is_home<\/td><td>1<\/td><td><\/td><\/tr><tr><td>is_404<\/td><td>1<\/td><td><\/td><\/tr><tr><td>is_attachment<\/td><td>1<\/td><td><\/td><\/tr><tr><td>is_singular<\/td><td>1<\/td><td><\/td><\/tr><tr><td>is_front_page<\/td><td>1<\/td><td><\/td><\/tr><tr><td>is_feed<\/td><td>1<\/td><td><\/td><\/tr><\/table><\/div><br><br><span style=\"color: red;\">Seu site usa HTTPS, mas o c\u00f3digo do an\u00fancio cont\u00e9m HTTP e pode n\u00e3o funcionar.<\/span>\t<br><br>\n\t<a style=\"color: green;\" href=\"https:\/\/wpadvancedads.com\/manual\/ad-debug-mode\/?utm_source=advanced-ads&utm_medium=link&utm_campaign=ad-debug-mode\" target=\"_blank\" rel=\"nofollow\">Encontre solu\u00e7\u00f5es no manual<\/a>\n<\/div>\n<\/li><\/ul><\/div><script>( window.advanced_ads_ready || jQuery( document ).ready ).call( null, function() {var $lavraslider3770564607 = jQuery( \".lavra-slider-3770564607\" );$lavraslider3770564607.on( \"unslider.ready\", function() { jQuery( \"div.custom-slider ul li\" ).css( \"display\", \"block\" ); });$lavraslider3770564607.unslider({ delay:4000, autoplay:true, nav:false, arrows:false, infinite:true });$lavraslider3770564607.on(\"mouseover\", function() {$lavraslider3770564607.unslider(\"stop\");}).on(\"mouseout\", function() {$lavraslider3770564607.unslider(\"start\");});});<\/script><\/div>\n<figure class=\"wp-block-image\"><img decoding=\"async\" src=\"https:\/\/fundecc.org.br\/wp-content\/uploads\/2026\/03\/DSC_7775-1-600x540.jpg\" alt=\"\"\/><\/figure>\n\n\n\n<p><strong>Estado registrou cerca de 1.700 casos de Oropouche em 2025; LabMol amplia diagn\u00f3stico e prepara o Sul de Minas para resposta r\u00e1pida a novos cen\u00e1rios epidemiol\u00f3gicos.<\/strong><\/p>\n\n\n\n<p><em>Por&nbsp;<\/em><strong>Simone Paiva<\/strong>&nbsp;\u2013 Analista de Comunica\u00e7\u00e3o da FUNDECC \u2013 04 de Mar\u00e7o de 2026.<\/p>\n\n\n\n<p>O Sul de Minas passa a contar com um refor\u00e7o estrat\u00e9gico na vigil\u00e2ncia epidemiol\u00f3gica. O Laborat\u00f3rio de Diagn\u00f3stico Molecular (LabMol), da Universidade Federal de Lavras (UFLA), coordenado pelo professor\u00a0<strong>Bruno Del Bianco<\/strong>, foi habilitado para realizar o diagn\u00f3stico molecular de\u00a0<strong>Oropouche, Mayaro e<br>Febre Amarela<\/strong>, ampliando a autonomia regional na identifica\u00e7\u00e3o de arboviroses emergentes.<\/p>\n\n\n\n<figure class=\"wp-block-image\"><img decoding=\"async\" src=\"https:\/\/fundecc.org.br\/wp-content\/uploads\/2026\/03\/DSC_7759-1-1024x683.jpg\" alt=\"\" class=\"wp-image-11317\"\/><\/figure>\n\n\n\n<figure class=\"wp-block-image\"><img decoding=\"async\" src=\"https:\/\/fundecc.org.br\/wp-content\/uploads\/2026\/03\/DSC_7741-1024x683.jpg\" alt=\"\" class=\"wp-image-11316\"\/><\/figure>\n\n\n\n<p>O LabMol tem gest\u00e3o financeira e administrativa da Funda\u00e7\u00e3o de Desenvolvimento Cient\u00edfico e Cultural \u2013 (FUNDECC) na aquisi\u00e7\u00e3o de insumos e equipamentos.<\/p>\n\n\n\n<p>A habilita\u00e7\u00e3o ocorre em um cen\u00e1rio que exige preparo t\u00e9cnico cont\u00ednuo. Segundo dados da Secretaria de Estado de Sa\u00fade de Minas Gerais, cerca de&nbsp;<strong>1.700 casos de Oropouche foram registrados no estado em 2025<\/strong>. Em 2026, at\u00e9 o momento,&nbsp;<strong>n\u00e3o h\u00e1 casos confirmados<\/strong>.<\/p>\n\n\n\n<p>Em rela\u00e7\u00e3o ao v\u00edrus&nbsp;<strong>Mayaro<\/strong>,&nbsp;<strong>n\u00e3o houve registros no ano passado nem neste ano<\/strong>.<\/p>\n\n\n\n<p>J\u00e1 a&nbsp;<strong>Febre Amarela<\/strong>&nbsp;contabilizou&nbsp;<strong>32 casos confirmados em 2025<\/strong>, e&nbsp;<strong>nenhum caso at\u00e9 agora em 2026<\/strong>.<\/p>\n\n\n\n<p>Para o professor Bruno Del Bianco, a amplia\u00e7\u00e3o da capacidade diagn\u00f3stica \u00e9 uma medida preventiva.<\/p>\n\n\n\n<p>\u201c<em>Mesmo quando os n\u00fameros est\u00e3o sob controle, a vigil\u00e2ncia precisa estar preparada. A descentraliza\u00e7\u00e3o do diagn\u00f3stico permite detectar rapidamente qualquer mudan\u00e7a no cen\u00e1rio epidemiol\u00f3gico e comunicar as autoridades sanit\u00e1rias com agilidade.<\/em>&nbsp;\u201d<\/p>\n\n\n\n<h2 class=\"wp-block-heading\"><a><\/a><strong>V\u00edrus diferentes, vetores diferentes \u2014 sintomas semelhantes<\/strong><\/h2>\n\n\n\n<p>Embora fa\u00e7am parte do grupo das arboviroses, os v\u00edrus possuem vetores distintos.<\/p>\n\n\n\n<ul class=\"wp-block-list\">\n<li><mark><strong>Oropouche<\/strong>\u00a0\u00e9 transmitido em meio urbano principalmente pelo o mosquito\u00a0<strong>Culicoides paraensis<\/strong>, conhecido popularmente como maruim. Em diferentes regi\u00f5es do Brasil, especialmente na Amaz\u00f4nia e no Norte do pa\u00eds, tamb\u00e9m pode ser chamado de\u00a0<strong>mosquito p\u00f3lvora<\/strong>,\u00a0<strong>mosquitinho do mangue<\/strong>\u00a0ou simplesmente\u00a0<strong>maruim da Amaz\u00f4nia<\/strong>.<br><\/mark><\/li>\n\n\n\n<li><mark><strong>Mayaro<\/strong>\u00a0tamb\u00e9m \u00e9 transmitido por mosquito do g\u00eanero\u00a0<strong>Haemagogus<\/strong>, associado a ambientes silvestres, conhecido popularmente no Brasil como\u00a0<strong>\u201cmosquito silvestre\u201d<\/strong>\u00a0ou, em algumas regi\u00f5es da Amaz\u00f4nia, como\u00a0<strong>\u201cmosquito da mata\u201d<\/strong>. Contudo, h\u00e1 evid\u00eancias experimentais de compet\u00eancia vetorial de\u00a0<strong>Aedes aegypti<\/strong>\u00a0e\u00a0<strong>Aedes albopictus<\/strong>, o que levanta preocupa\u00e7\u00e3o quanto \u00e0 poss\u00edvel urbaniza\u00e7\u00e3o do ciclo de transmiss\u00e3o.<\/mark><br><\/li>\n\n\n\n<li><mark><strong>Febre amarela<\/strong>\u00a0pode ser transmitida por diferentes vetores, incluindo mosquitos do g\u00eanero\u00a0<em>Aedes<\/em>\u00a0(no ciclo urbano) e vetores silvestres em \u00e1reas de mata.<\/mark><\/li>\n<\/ul>\n\n\n\n<p>Apesar das diferen\u00e7as nos vetores, os sintomas s\u00e3o bastante semelhantes entre si e frequentemente confundidos com os da dengue.<\/p>\n\n\n\n<p>\u201c<em><strong>Os sintomas s\u00e3o inespec\u00edficos: febre, dor de cabe\u00e7a, dores no corpo e nas articula\u00e7\u00f5es, mal-estar. Muitas vezes o paciente acha que \u00e9 dengue, mas pode ser outro v\u00edrus. Apenas o diagn\u00f3stico molecular, realizado na fase aguda e dentro da janela adequada de detec\u00e7\u00e3o viral, permite diferenciar com precis\u00e3o as arboviroses com manifesta\u00e7\u00f5es cl\u00ednicas semelhantes<\/strong><\/em>.\u201d, explica Bruno Del Bianco.<\/p>\n\n\n\n<p>Essa semelhan\u00e7a cl\u00ednica refor\u00e7a a import\u00e2ncia da testagem laboratorial para orientar corretamente a vigil\u00e2ncia epidemiol\u00f3gica e evitar interpreta\u00e7\u00f5es equivocadas do cen\u00e1rio regional.<\/p>\n\n\n\n<h2 class=\"wp-block-heading\"><a><\/a><strong>Descentraliza\u00e7\u00e3o reduz tempo de resposta<\/strong><\/h2>\n\n\n\n<p>Antes da habilita\u00e7\u00e3o, amostras suspeitas desses v\u00edrus eram encaminhadas para o laborat\u00f3rio de refer\u00eancia estadual, em Belo Horizonte. Com o novo status t\u00e9cnico, o fluxo tende a ganhar agilidade.<\/p>\n\n\n\n<p>\u201c<em>A descentraliza\u00e7\u00e3o do diagn\u00f3stico, com sua realiza\u00e7\u00e3o mais pr\u00f3ximo da regi\u00e3o, reduz o tempo entre suspeita cl\u00ednica e confirma\u00e7\u00e3o laboratorial, permitindo resposta mais c\u00e9lere. Isso fortalece a tomada de decis\u00e3o da vigil\u00e2ncia sanit\u00e1ria.<\/em>\u201d<\/p>\n\n\n\n<p>O laborat\u00f3rio realiza an\u00e1lises comparativas sistem\u00e1ticas com o laborat\u00f3rio de refer\u00eancia estadual e somente ap\u00f3s a demonstra\u00e7\u00e3o de concord\u00e2ncia O processo de habilita\u00e7\u00e3o requer valida\u00e7\u00e3o t\u00e9cnico laboratorial rigorosa. O laborat\u00f3rio realiza an\u00e1lises comparativas com o laborat\u00f3rio de refer\u00eancia estadual, e somente ap\u00f3s concord\u00e2ncia anal\u00edtica plena \u00e9 autorizado a integrar oficialmente o fluxo da rede.<\/p>\n\n\n\n<figure class=\"wp-block-image\"><img decoding=\"async\" src=\"https:\/\/fundecc.org.br\/wp-content\/uploads\/2026\/03\/DSC_7780-1024x683.jpg\" alt=\"\" class=\"wp-image-11321\"\/><\/figure>\n\n\n\n<figure class=\"wp-block-image\"><img decoding=\"async\" src=\"https:\/\/fundecc.org.br\/wp-content\/uploads\/2026\/03\/DSC_7790-1-1024x683.jpg\" alt=\"\" class=\"wp-image-11320\"\/><\/figure>\n\n\n\n<figure class=\"wp-block-image\"><img decoding=\"async\" src=\"https:\/\/fundecc.org.br\/wp-content\/uploads\/2026\/03\/DSC_7791-1024x683.jpg\" alt=\"\" class=\"wp-image-11319\"\/><\/figure>\n\n\n\n<figure class=\"wp-block-image\"><img decoding=\"async\" src=\"https:\/\/fundecc.org.br\/wp-content\/uploads\/2026\/03\/DSC_7783-1024x683.jpg\" alt=\"\" class=\"wp-image-11318\"\/><\/figure>\n\n\n\n<figure class=\"wp-block-image\"><img decoding=\"async\" src=\"https:\/\/fundecc.org.br\/wp-content\/uploads\/2026\/03\/20260303_105522-768x1024.jpg\" alt=\"\" class=\"wp-image-11314\"\/><\/figure>\n\n\n\n<figure class=\"wp-block-image\"><img decoding=\"async\" src=\"https:\/\/fundecc.org.br\/wp-content\/uploads\/2026\/03\/20260303_105244-768x1024.jpg\" alt=\"\" class=\"wp-image-11312\"\/><\/figure>\n\n\n\n<figure class=\"wp-block-image\"><img decoding=\"async\" src=\"https:\/\/fundecc.org.br\/wp-content\/uploads\/2026\/03\/20260303_104753-768x1024.jpg\" alt=\"\" class=\"wp-image-11311\"\/><\/figure>\n\n\n\n<figure class=\"wp-block-image\"><img decoding=\"async\" src=\"https:\/\/fundecc.org.br\/wp-content\/uploads\/2026\/03\/20260303_105424-768x1024.jpg\" alt=\"\" class=\"wp-image-11313\"\/><\/figure>\n\n\n\n<figure class=\"wp-block-image\"><img decoding=\"async\" src=\"https:\/\/fundecc.org.br\/wp-content\/uploads\/2026\/03\/20260303_110026-768x1024.jpg\" alt=\"\" class=\"wp-image-11315\"\/><\/figure>\n\n\n\n<p>\u201c<em>Se houver 100% de concord\u00e2ncia nos testes de valida\u00e7\u00e3o, o laborat\u00f3rio \u00e9 habilitado para aquele determinado agravo. J\u00e1 conclu\u00edmos essa etapa para febre amarela, Mayaro e Oropouche.<\/em>\u201d<\/p>\n\n\n\n<h2 class=\"wp-block-heading\"><strong>Estrutura a servi\u00e7o do SUS<\/strong><\/h2>\n\n\n\n<figure class=\"wp-block-image\"><img decoding=\"async\" src=\"https:\/\/fundecc.org.br\/wp-content\/uploads\/2026\/03\/DSC_7776-1024x683.jpg\" alt=\"\" class=\"wp-image-11323\"\/><\/figure>\n\n\n\n<figure class=\"wp-block-image\"><img decoding=\"async\" src=\"https:\/\/fundecc.org.br\/wp-content\/uploads\/2026\/03\/DSC_7778-1024x683.jpg\" alt=\"\" class=\"wp-image-11322\"\/><\/figure>\n\n\n\n<p>O laborat\u00f3rio j\u00e1 realiza diagn\u00f3stico molecular de v\u00edrus respirat\u00f3rios \u2014 como SARS-CoV-2, influenza A e B e v\u00edrus sincicial respirat\u00f3rio \u2014 al\u00e9m de arboviroses como dengue, zika e chikungunya, incluindo a identifica\u00e7\u00e3o de sorotipos da dengue.<\/p>\n\n\n\n<p>A estrutura do LabMol integra a rede de apoio cient\u00edfico da Universidade Federal de Lavras e conta com apoio de gest\u00e3o da FUNDECC (Funda\u00e7\u00e3o de Desenvolvimento Cient\u00edfico e Cultural), respons\u00e1vel por dar suporte administrativo e operacional \u00e0 execu\u00e7\u00e3o de projetos de pesquisa, aquisi\u00e7\u00e3o de insumos e manuten\u00e7\u00e3o das atividades laboratoriais.<\/p>\n\n\n\n<p>\u201cA habilita\u00e7\u00e3o para Febre Amarela, Mayaro e Oropouche \u00e9 recente. A gente j\u00e1 est\u00e1 apta, e o fluxo deve come\u00e7ar em breve\u201d, explica a assistente de laborat\u00f3rio&nbsp;<strong>J\u00e9ssica P\u00e9rez<\/strong>.<\/p>\n\n\n\n<p><strong>COVID<\/strong><br>Covid segue predominante entre v\u00edrus respirat\u00f3rios no in\u00edcio de 2026<br>\u2022 No painel de v\u00edrus respirat\u00f3rios analisado pelo LabMol, o SARS-CoV-2 segue como o agente predominante neste in\u00edcio de ano.<br>\u2022 \u201cAs amostras para v\u00edrus respirat\u00f3rios analisadas at\u00e9 o momento em 2026 demonstram que aproximadamente 45% das amostras foram positivas, sendo predominantemente para Covid\u201d, informa o professor Bruno Del Bianco.<br>\u2022 At\u00e9 fevereiro, o laborat\u00f3rio contabilizava 352 amostras processadas, com 62 resultados positivos no total, sendo a Covid o v\u00edrus mais detectado entre os respirat\u00f3rios.<br>\u2022 \u201cO que est\u00e1 sendo prevalente neste momento \u00e9 a Covid-19.\u201d<br>\u2022 Al\u00e9m do SARS-CoV-2, tamb\u00e9m foram identificados casos de influenza A e B dentro do padr\u00e3o sazonal esperado.<\/p>\n","protected":false},"excerpt":{"rendered":"<p>Estado registrou cerca de 1.700 casos de Oropouche em 2025; LabMol amplia diagn\u00f3stico e prepara o Sul de Minas para resposta r\u00e1pida a novos cen\u00e1rios epidemiol\u00f3gicos. Por&nbsp;Simone Paiva&nbsp;\u2013 Analista de Comunica\u00e7\u00e3o da FUNDECC \u2013 04 de Mar\u00e7o de 2026. O Sul de Minas passa a contar com um refor\u00e7o estrat\u00e9gico na vigil\u00e2ncia epidemiol\u00f3gica. O Laborat\u00f3rio [&hellip;]<\/p>\n","protected":false},"author":5,"featured_media":169603,"comment_status":"closed","ping_status":"open","sticky":false,"template":"","format":"standard","meta":{"advgb_blocks_editor_width":"","advgb_blocks_columns_visual_guide":"","_exactmetrics_skip_tracking":false,"_exactmetrics_sitenote_active":false,"_exactmetrics_sitenote_note":"","_exactmetrics_sitenote_category":0,"footnotes":""},"categories":[17,1,2,5760],"tags":[],"class_list":["post-169602","post","type-post","status-publish","format-standard","has-post-thumbnail","hentry","category-jornal-cidade","category-sem-categoria","category-noticias","category-noticias-jornal-cidade"],"better_featured_image":{"id":169603,"alt_text":"","caption":"","description":"","media_type":"image","media_details":{"width":2560,"height":1706,"file":"2026\/03\/WhatsApp-Image-2026-03-04-at-12.51.22-2.jpeg","filesize":611452,"sizes":{"medium":{"file":"WhatsApp-Image-2026-03-04-at-12.51.22-2-450x300.jpeg","width":450,"height":300,"mime-type":"image\/jpeg","filesize":23183,"source_url":"https:\/\/lavras.tv\/site\/wp-content\/uploads\/2026\/03\/WhatsApp-Image-2026-03-04-at-12.51.22-2-450x300.jpeg"},"large":{"file":"WhatsApp-Image-2026-03-04-at-12.51.22-2-970x646.jpeg","width":970,"height":646,"mime-type":"image\/jpeg","filesize":72569,"source_url":"https:\/\/lavras.tv\/site\/wp-content\/uploads\/2026\/03\/WhatsApp-Image-2026-03-04-at-12.51.22-2-970x646.jpeg"},"thumbnail":{"file":"WhatsApp-Image-2026-03-04-at-12.51.22-2-170x113.jpeg","width":170,"height":113,"mime-type":"image\/jpeg","filesize":5612,"source_url":"https:\/\/lavras.tv\/site\/wp-content\/uploads\/2026\/03\/WhatsApp-Image-2026-03-04-at-12.51.22-2-170x113.jpeg"},"1536x1536":{"file":"WhatsApp-Image-2026-03-04-at-12.51.22-2-1536x1024.jpeg","width":1536,"height":1024,"mime-type":"image\/jpeg","filesize":145955,"source_url":"https:\/\/lavras.tv\/site\/wp-content\/uploads\/2026\/03\/WhatsApp-Image-2026-03-04-at-12.51.22-2-1536x1024.jpeg"},"2048x2048":{"file":"WhatsApp-Image-2026-03-04-at-12.51.22-2-2048x1365.jpeg","width":2048,"height":1365,"mime-type":"image\/jpeg","filesize":230449,"source_url":"https:\/\/lavras.tv\/site\/wp-content\/uploads\/2026\/03\/WhatsApp-Image-2026-03-04-at-12.51.22-2-2048x1365.jpeg"},"alm-thumbnail":{"file":"WhatsApp-Image-2026-03-04-at-12.51.22-2-150x150.jpeg","width":150,"height":150,"mime-type":"image\/jpeg","filesize":6136,"source_url":"https:\/\/lavras.tv\/site\/wp-content\/uploads\/2026\/03\/WhatsApp-Image-2026-03-04-at-12.51.22-2-150x150.jpeg"},"sow-carousel-default":{"file":"WhatsApp-Image-2026-03-04-at-12.51.22-2-272x182.jpeg","width":272,"height":182,"mime-type":"image\/jpeg","filesize":10867,"source_url":"https:\/\/lavras.tv\/site\/wp-content\/uploads\/2026\/03\/WhatsApp-Image-2026-03-04-at-12.51.22-2-272x182.jpeg"}},"image_meta":{"aperture":"0","credit":"","camera":"","caption":"","created_timestamp":"0","copyright":"","focal_length":"0","iso":"0","shutter_speed":"0","title":"","orientation":"0","keywords":[]}},"post":169602,"source_url":"https:\/\/lavras.tv\/site\/wp-content\/uploads\/2026\/03\/WhatsApp-Image-2026-03-04-at-12.51.22-2.jpeg"},"author_meta":{"display_name":"Vinicius Bustamante","author_link":"https:\/\/lavras.tv\/site\/author\/vinicius-bustamante\/"},"featured_img":"https:\/\/lavras.tv\/site\/wp-content\/uploads\/2026\/03\/WhatsApp-Image-2026-03-04-at-12.51.22-2-450x300.jpeg","coauthors":[],"tax_additional":{"categories":{"linked":["<a href=\"https:\/\/lavras.tv\/site\/category\/sem-categoria\/jornal-cidade\/\" class=\"advgb-post-tax-term\">DESTAQUE PRINCIPAL<\/a>","<a href=\"https:\/\/lavras.tv\/site\/category\/sem-categoria\/\" class=\"advgb-post-tax-term\">JORNAL DA CIDADE<\/a>","<a href=\"https:\/\/lavras.tv\/site\/category\/noticias\/\" class=\"advgb-post-tax-term\">Not\u00edcias<\/a>","<a href=\"https:\/\/lavras.tv\/site\/category\/sem-categoria\/jornal-cidade\/noticias-jornal-cidade\/\" class=\"advgb-post-tax-term\">NOT\u00cdCIAS<\/a>"],"unlinked":["<span class=\"advgb-post-tax-term\">DESTAQUE PRINCIPAL<\/span>","<span class=\"advgb-post-tax-term\">JORNAL DA CIDADE<\/span>","<span class=\"advgb-post-tax-term\">Not\u00edcias<\/span>","<span class=\"advgb-post-tax-term\">NOT\u00cdCIAS<\/span>"]}},"comment_count":"0","relative_dates":{"created":"Publicado 2 meses atr\u00e1s","modified":"Atualizado 2 meses atr\u00e1s"},"absolute_dates":{"created":"Publicado em 4 de mar\u00e7o de 2026","modified":"Atualizado em 4 de mar\u00e7o de 2026"},"absolute_dates_time":{"created":"Publicado em 4 de mar\u00e7o de 2026 13:34","modified":"Atualizado em 4 de mar\u00e7o de 2026 13:34"},"featured_img_caption":"","series_order":"","_links":{"self":[{"href":"https:\/\/lavras.tv\/site\/wp-json\/wp\/v2\/posts\/169602","targetHints":{"allow":["GET"]}}],"collection":[{"href":"https:\/\/lavras.tv\/site\/wp-json\/wp\/v2\/posts"}],"about":[{"href":"https:\/\/lavras.tv\/site\/wp-json\/wp\/v2\/types\/post"}],"author":[{"embeddable":true,"href":"https:\/\/lavras.tv\/site\/wp-json\/wp\/v2\/users\/5"}],"replies":[{"embeddable":true,"href":"https:\/\/lavras.tv\/site\/wp-json\/wp\/v2\/comments?post=169602"}],"version-history":[{"count":1,"href":"https:\/\/lavras.tv\/site\/wp-json\/wp\/v2\/posts\/169602\/revisions"}],"predecessor-version":[{"id":169604,"href":"https:\/\/lavras.tv\/site\/wp-json\/wp\/v2\/posts\/169602\/revisions\/169604"}],"wp:featuredmedia":[{"embeddable":true,"href":"https:\/\/lavras.tv\/site\/wp-json\/wp\/v2\/media\/169603"}],"wp:attachment":[{"href":"https:\/\/lavras.tv\/site\/wp-json\/wp\/v2\/media?parent=169602"}],"wp:term":[{"taxonomy":"category","embeddable":true,"href":"https:\/\/lavras.tv\/site\/wp-json\/wp\/v2\/categories?post=169602"},{"taxonomy":"post_tag","embeddable":true,"href":"https:\/\/lavras.tv\/site\/wp-json\/wp\/v2\/tags?post=169602"}],"curies":[{"name":"wp","href":"https:\/\/api.w.org\/{rel}","templated":true}]}}