{"id":169626,"date":"2026-03-06T11:12:03","date_gmt":"2026-03-06T14:12:03","guid":{"rendered":"https:\/\/lavras.tv\/site\/?p=169626"},"modified":"2026-03-06T11:12:04","modified_gmt":"2026-03-06T14:12:04","slug":"intervencao-rapida-da-policia-militar-salva-bebe-engasgado-em-lavras","status":"publish","type":"post","link":"https:\/\/lavras.tv\/site\/2026\/03\/06\/intervencao-rapida-da-policia-militar-salva-bebe-engasgado-em-lavras\/","title":{"rendered":"INTERVEN\u00c7\u00c3O R\u00c1PIDA DA POL\u00cdCIA MILITAR SALVA BEB\u00ca ENGASGADO EM LAVRAS"},"content":{"rendered":"<div class=\"lavra-antes-do-conteudo_2\" id=\"lavra-2981785593\"><div id=\"lavra-slider-27\" class=\"custom-slider lavra-slider-104985504 lavra-slider\"><ul><li><div style=\"margin-left: auto;margin-right: auto;text-align: center;\" id=\"lavra-768036135\"><a href=\"https:\/\/sistemas.lavras.mg.gov.br\/portalcidadao\/#df1b1a7c7b2a290bcb31e32771e610784662739a88807c0dacac58ede5f391a7530e299dc302d611ee73cb143fc22eaf93592e53e7b5bdb01b00a0b8d28dae460c141dd2ff83412e4dc1c31b16b25f33144a9e5620ea73b13f5bc1c59411d98439ad226e8af03840603796067d87afe130812cf3de24982d0e306f9e61e764e5\" aria-label=\"Lavras-TV&#8211;720x104px (1) (1)\"><img src=\"https:\/\/lavras.tv\/site\/wp-content\/uploads\/2025\/01\/Lavras-TV-720x104px-1-1.png\" alt=\"\"  srcset=\"https:\/\/lavras.tv\/site\/wp-content\/uploads\/2025\/01\/Lavras-TV-720x104px-1-1.png 720w, https:\/\/lavras.tv\/site\/wp-content\/uploads\/2025\/01\/Lavras-TV-720x104px-1-1-470x68.png 470w, https:\/\/lavras.tv\/site\/wp-content\/uploads\/2025\/01\/Lavras-TV-720x104px-1-1-170x25.png 170w, https:\/\/lavras.tv\/site\/wp-content\/uploads\/2025\/01\/Lavras-TV-720x104px-1-1-200x29.png 200w\" sizes=\"(max-width: 720px) 100vw, 720px\" width=\"720\" height=\"104\"  style=\"display: inline-block;\" \/><\/a><\/div><\/li><li><a href=\"https:\/\/sistemas.lavras.mg.gov.br\/portalcidadao\/#df1b1a7c7b2a290bcb31e32771e610784662739a88807c0dacac58ede5f391a7530e299dc302d611ee73cb143fc22eaf93592e53e7b5bdb01b00a0b8d28dae460c141dd2ff83412e4dc1c31b16b25f33144a9e5620ea73b13f5bc1c59411d98439ad226e8af03840603796067d87afe130812cf3de24982d0e306f9e61e764e5\" aria-label=\"Banner_Emprego_PortallavrasTV\"><img src=\"https:\/\/lavras.tv\/site\/wp-content\/uploads\/2025\/03\/Banner_Emprego_PortallavrasTV.png\" alt=\"\"  srcset=\"https:\/\/lavras.tv\/site\/wp-content\/uploads\/2025\/03\/Banner_Emprego_PortallavrasTV.png 720w, https:\/\/lavras.tv\/site\/wp-content\/uploads\/2025\/03\/Banner_Emprego_PortallavrasTV-470x68.png 470w, https:\/\/lavras.tv\/site\/wp-content\/uploads\/2025\/03\/Banner_Emprego_PortallavrasTV-170x25.png 170w, https:\/\/lavras.tv\/site\/wp-content\/uploads\/2025\/03\/Banner_Emprego_PortallavrasTV-200x29.png 200w\" sizes=\"(max-width: 720px) 100vw, 720px\" width=\"720\" height=\"104\"   \/><\/a><\/li><li><a href=\"https:\/\/sistemas.lavras.mg.gov.br\/portalcidadao\/#df1b1a7c7b2a290bcb31e32771e610784662739a88807c0dacac58ede5f391a7530e299dc302d611ee73cb143fc22eaf93592e53e7b5bdb01b00a0b8d28dae460c141dd2ff83412e4dc1c31b16b25f33144a9e5620ea73b13f5bc1c59411d98439ad226e8af03840603796067d87afe130812cf3de24982d0e306f9e61e764e5\" aria-label=\"Banner_Obras_PortallavrasTV\"><img src=\"https:\/\/lavras.tv\/site\/wp-content\/uploads\/2025\/03\/Banner_Obras_PortallavrasTV.png\" alt=\"\"  srcset=\"https:\/\/lavras.tv\/site\/wp-content\/uploads\/2025\/03\/Banner_Obras_PortallavrasTV.png 720w, https:\/\/lavras.tv\/site\/wp-content\/uploads\/2025\/03\/Banner_Obras_PortallavrasTV-470x68.png 470w, https:\/\/lavras.tv\/site\/wp-content\/uploads\/2025\/03\/Banner_Obras_PortallavrasTV-170x25.png 170w, https:\/\/lavras.tv\/site\/wp-content\/uploads\/2025\/03\/Banner_Obras_PortallavrasTV-200x29.png 200w\" sizes=\"(max-width: 720px) 100vw, 720px\" width=\"720\" height=\"104\"   \/><\/a><\/li><li><div style=\"margin-left: auto;margin-right: auto;text-align: center;\" id=\"lavra-169778869\"><a href=\"https:\/\/sistemas.lavras.mg.gov.br\/portalcidadao\/#df1b1a7c7b2a290bcb31e32771e610784662739a88807c0dacac58ede5f391a7530e299dc302d611ee73cb143fc22eaf93592e53e7b5bdb01b00a0b8d28dae460c141dd2ff83412e4dc1c31b16b25f33144a9e5620ea73b13f5bc1c59411d98439ad226e8af03840603796067d87afe130812cf3de24982d0e306f9e61e764e5\" aria-label=\"Banner_Educa\u00e7\u00e3o_PortallavrasTV\"><img src=\"https:\/\/lavras.tv\/site\/wp-content\/uploads\/2025\/01\/Banner_Educacao_PortallavrasTV.png\" alt=\"\"  srcset=\"https:\/\/lavras.tv\/site\/wp-content\/uploads\/2025\/01\/Banner_Educacao_PortallavrasTV.png 720w, https:\/\/lavras.tv\/site\/wp-content\/uploads\/2025\/01\/Banner_Educacao_PortallavrasTV-470x68.png 470w, https:\/\/lavras.tv\/site\/wp-content\/uploads\/2025\/01\/Banner_Educacao_PortallavrasTV-170x25.png 170w, https:\/\/lavras.tv\/site\/wp-content\/uploads\/2025\/01\/Banner_Educacao_PortallavrasTV-200x29.png 200w\" sizes=\"(max-width: 720px) 100vw, 720px\" width=\"720\" height=\"104\"  style=\"display: inline-block;\" \/><\/a><\/div><\/li><li><a href=\"https:\/\/sistemas.lavras.mg.gov.br\/portalcidadao\/#df1b1a7c7b2a290bcb31e32771e610784662739a88807c0dacac58ede5f391a7530e299dc302d611ee73cb143fc22eaf93592e53e7b5bdb01b00a0b8d28dae460c141dd2ff83412e4dc1c31b16b25f33144a9e5620ea73b13f5bc1c59411d98439ad226e8af03840603796067d87afe130812cf3de24982d0e306f9e61e764e5\" aria-label=\"Banner_Sa\u00fade_PortallavrasTV\"><img src=\"https:\/\/lavras.tv\/site\/wp-content\/uploads\/2025\/03\/Banner_Saude_PortallavrasTV.png\" alt=\"\"  srcset=\"https:\/\/lavras.tv\/site\/wp-content\/uploads\/2025\/03\/Banner_Saude_PortallavrasTV.png 720w, https:\/\/lavras.tv\/site\/wp-content\/uploads\/2025\/03\/Banner_Saude_PortallavrasTV-470x68.png 470w, https:\/\/lavras.tv\/site\/wp-content\/uploads\/2025\/03\/Banner_Saude_PortallavrasTV-170x25.png 170w, https:\/\/lavras.tv\/site\/wp-content\/uploads\/2025\/03\/Banner_Saude_PortallavrasTV-200x29.png 200w\" sizes=\"(max-width: 720px) 100vw, 720px\" width=\"720\" height=\"104\"   \/><\/a><\/li><li><div id=\"lavra-107004026\" style=\"width:720px;height:104px;background-color:#ddd;overflow:scroll;\">\n\t<strong>Sa\u00edda da depura\u00e7\u00e3o de an\u00fancios<\/strong>\n\t<br><br>\n\tO an\u00fancio n\u00e3o \u00e9 exibido na p\u00e1gina<br><br>post atual: INTERVEN\u00c7\u00c3O R\u00c1PIDA DA POL\u00cdCIA MILITAR SALVA BEB\u00ca ENGASGADO EM LAVRAS, ID: 169626<br><br><span style=\"color: red;\">O post atual n\u00e3o \u00e9 id\u00eantico ao post principal.<\/span><br><br>An\u00fancios: ROXO - TOPO INTERNA - ROTATIVO 2 (197)<br \/>Grupo de an\u00fancios: Princ_Meio01_720x104 (27)<br><br>Condi\u00e7\u00f5es de exibi\u00e7\u00e3o<div style=\"margin-bottom: 20px; white-space: pre-wrap; font-family: monospace; width: 100%; background: #ffe9e9;\"><strong>condi\u00e7\u00f5es gerais<\/strong><table border=\"1\"><thead><tr><th><\/th><th>An\u00fancios<\/th><th>wp_the_query<\/th><\/tr><\/thead><tr><td>is_main_query<\/td><td>1<\/td><td>1<\/td><\/tr><tr><td>is_rest_api<\/td><td>0<\/td><td>1<\/td><\/tr><tr><td>page<\/td><td>0<\/td><td>1<\/td><\/tr><tr><td>numpages<\/td><td>0<\/td><td>1<\/td><\/tr><tr><td>is_archive<\/td><td>1<\/td><td><\/td><\/tr><tr><td>is_search<\/td><td>1<\/td><td><\/td><\/tr><tr><td>is_home<\/td><td>1<\/td><td><\/td><\/tr><tr><td>is_404<\/td><td>1<\/td><td><\/td><\/tr><tr><td>is_attachment<\/td><td>1<\/td><td><\/td><\/tr><tr><td>is_singular<\/td><td>1<\/td><td><\/td><\/tr><tr><td>is_front_page<\/td><td>1<\/td><td><\/td><\/tr><tr><td>is_feed<\/td><td>1<\/td><td><\/td><\/tr><\/table><\/div><br><br><span style=\"color: red;\">Seu site usa HTTPS, mas o c\u00f3digo do an\u00fancio cont\u00e9m HTTP e pode n\u00e3o funcionar.<\/span>\t<br><br>\n\t<a style=\"color: green;\" href=\"https:\/\/wpadvancedads.com\/manual\/ad-debug-mode\/?utm_source=advanced-ads&utm_medium=link&utm_campaign=ad-debug-mode\" target=\"_blank\" rel=\"nofollow\">Encontre solu\u00e7\u00f5es no manual<\/a>\n<\/div>\n<\/li><\/ul><\/div><script>( window.advanced_ads_ready || jQuery( document ).ready ).call( null, function() {var $lavraslider104985504 = jQuery( \".lavra-slider-104985504\" );$lavraslider104985504.on( \"unslider.ready\", function() { jQuery( \"div.custom-slider ul li\" ).css( \"display\", \"block\" ); });$lavraslider104985504.unslider({ delay:4000, autoplay:true, nav:false, arrows:false, infinite:true });$lavraslider104985504.on(\"mouseover\", function() {$lavraslider104985504.unslider(\"stop\");}).on(\"mouseout\", function() {$lavraslider104985504.unslider(\"start\");});});<\/script><\/div>\n<figure class=\"wp-block-image size-large\"><img fetchpriority=\"high\" decoding=\"async\" width=\"970\" height=\"647\" src=\"https:\/\/lavras.tv\/site\/wp-content\/uploads\/2026\/03\/cidades-betim-sargento-newman-1732884939-970x647.png\" alt=\"\" class=\"wp-image-169627\" srcset=\"https:\/\/lavras.tv\/site\/wp-content\/uploads\/2026\/03\/cidades-betim-sargento-newman-1732884939-970x647.png 970w, https:\/\/lavras.tv\/site\/wp-content\/uploads\/2026\/03\/cidades-betim-sargento-newman-1732884939-450x300.png 450w, https:\/\/lavras.tv\/site\/wp-content\/uploads\/2026\/03\/cidades-betim-sargento-newman-1732884939-170x113.png 170w, https:\/\/lavras.tv\/site\/wp-content\/uploads\/2026\/03\/cidades-betim-sargento-newman-1732884939-272x182.png 272w, https:\/\/lavras.tv\/site\/wp-content\/uploads\/2026\/03\/cidades-betim-sargento-newman-1732884939.png 1200w\" sizes=\"(max-width: 970px) 100vw, 970px\" \/><\/figure>\n\n\n\n<p>Lavras\/MG \u2013 quarta-feira, 04 de mar\u00e7o de 2026<\/p>\n\n\n\n<p>A Pol\u00edcia Militar de Minas Gerais realizou, na quarta-feira (4), uma a\u00e7\u00e3o decisiva que resultou no salvamento de uma crian\u00e7a de apenas um ano de idade que se encontrava engasgada no munic\u00edpio de Lavras, \u00e1rea da 54\u00aa Companhia do 8\u00ba Batalh\u00e3o de Pol\u00edcia Militar.<\/p>\n\n\n\n<p>Durante patrulhamento, os militares foram acionados em via p\u00fablica por uma m\u00e3e em estado de desespero, relatando que seu filho havia se engasgado ap\u00f3s ingerir leite de mamadeira e apresentava sinais de sufocamento.<\/p>\n\n\n\n<p>Ao avaliarem a situa\u00e7\u00e3o, os policiais constataram que o beb\u00ea apresentava l\u00e1bios arroxeados, palidez e dificuldade respirat\u00f3ria. Diante da gravidade do quadro, os militares agiram imediatamente e, com t\u00e9cnica e precis\u00e3o, realizaram a manobra de Heimlich, conseguindo desobstruir as vias a\u00e9reas da crian\u00e7a e restabelecer sua respira\u00e7\u00e3o.<\/p>\n\n\n\n<p>Ap\u00f3s o atendimento emergencial, o beb\u00ea foi conduzido \u00e0 Unidade de Pronto Atendimento (UPA), onde recebeu avalia\u00e7\u00e3o m\u00e9dica e permaneceu sob observa\u00e7\u00e3o, sendo posteriormente constatado que se encontrava em bom estado cl\u00ednico.<\/p>\n\n\n\n<p>A ocorr\u00eancia evidencia o preparo t\u00e9cnico, a aten\u00e7\u00e3o permanente \u00e0s demandas da popula\u00e7\u00e3o e o compromisso da Pol\u00edcia Militar de Minas Gerais com a preserva\u00e7\u00e3o da vida, demonstrando que a atua\u00e7\u00e3o policial vai muito al\u00e9m da manuten\u00e7\u00e3o da ordem p\u00fablica, estando tamb\u00e9m voltada ao cuidado e prote\u00e7\u00e3o dos cidad\u00e3os em momentos cr\u00edticos.<\/p>\n\n\n\n<p>Pol\u00edcia Militar de Minas Gerais \u2013 A for\u00e7a do povo mineiro. Presen\u00e7a que protege.<\/p>\n\n\n\n<p>ALCO 8\u00ba BPM<\/p>\n\n\n\n<p>* Imagem ilustrativa<\/p>\n\n\n\n<p><\/p>\n","protected":false},"excerpt":{"rendered":"<p>Lavras\/MG \u2013 quarta-feira, 04 de mar\u00e7o de 2026 A Pol\u00edcia Militar de Minas Gerais realizou, na quarta-feira (4), uma a\u00e7\u00e3o decisiva que resultou no salvamento de uma crian\u00e7a de apenas um ano de idade que se encontrava engasgada no munic\u00edpio de Lavras, \u00e1rea da 54\u00aa Companhia do 8\u00ba Batalh\u00e3o de Pol\u00edcia Militar. Durante patrulhamento, os [&hellip;]<\/p>\n","protected":false},"author":5,"featured_media":169627,"comment_status":"closed","ping_status":"open","sticky":false,"template":"","format":"standard","meta":{"advgb_blocks_editor_width":"","advgb_blocks_columns_visual_guide":"","_exactmetrics_skip_tracking":false,"_exactmetrics_sitenote_active":false,"_exactmetrics_sitenote_note":"","_exactmetrics_sitenote_category":0,"footnotes":""},"categories":[7,2],"tags":[],"class_list":["post-169626","post","type-post","status-publish","format-standard","has-post-thumbnail","hentry","category-destaques","category-noticias"],"better_featured_image":{"id":169627,"alt_text":"","caption":"","description":"","media_type":"image","media_details":{"width":1200,"height":800,"file":"2026\/03\/cidades-betim-sargento-newman-1732884939.png","filesize":1080195,"sizes":{"medium":{"file":"cidades-betim-sargento-newman-1732884939-450x300.png","width":450,"height":300,"mime-type":"image\/png","filesize":207791,"source_url":"https:\/\/lavras.tv\/site\/wp-content\/uploads\/2026\/03\/cidades-betim-sargento-newman-1732884939-450x300.png"},"large":{"file":"cidades-betim-sargento-newman-1732884939-970x647.png","width":970,"height":647,"mime-type":"image\/png","filesize":735501,"source_url":"https:\/\/lavras.tv\/site\/wp-content\/uploads\/2026\/03\/cidades-betim-sargento-newman-1732884939-970x647.png"},"thumbnail":{"file":"cidades-betim-sargento-newman-1732884939-170x113.png","width":170,"height":113,"mime-type":"image\/png","filesize":37369,"source_url":"https:\/\/lavras.tv\/site\/wp-content\/uploads\/2026\/03\/cidades-betim-sargento-newman-1732884939-170x113.png"},"alm-thumbnail":{"file":"cidades-betim-sargento-newman-1732884939-150x150.png","width":150,"height":150,"mime-type":"image\/png","filesize":45800,"source_url":"https:\/\/lavras.tv\/site\/wp-content\/uploads\/2026\/03\/cidades-betim-sargento-newman-1732884939-150x150.png"},"sow-carousel-default":{"file":"cidades-betim-sargento-newman-1732884939-272x182.png","width":272,"height":182,"mime-type":"image\/png","filesize":86467,"source_url":"https:\/\/lavras.tv\/site\/wp-content\/uploads\/2026\/03\/cidades-betim-sargento-newman-1732884939-272x182.png"}},"image_meta":{"aperture":"0","credit":"","camera":"","caption":"","created_timestamp":"0","copyright":"","focal_length":"0","iso":"0","shutter_speed":"0","title":"","orientation":"0","keywords":[]}},"post":169626,"source_url":"https:\/\/lavras.tv\/site\/wp-content\/uploads\/2026\/03\/cidades-betim-sargento-newman-1732884939.png"},"author_meta":{"display_name":"Vinicius Bustamante","author_link":"https:\/\/lavras.tv\/site\/author\/vinicius-bustamante\/"},"featured_img":"https:\/\/lavras.tv\/site\/wp-content\/uploads\/2026\/03\/cidades-betim-sargento-newman-1732884939-450x300.png","coauthors":[],"tax_additional":{"categories":{"linked":["<a href=\"https:\/\/lavras.tv\/site\/category\/destaques\/\" class=\"advgb-post-tax-term\">Destaques<\/a>","<a href=\"https:\/\/lavras.tv\/site\/category\/noticias\/\" class=\"advgb-post-tax-term\">Not\u00edcias<\/a>"],"unlinked":["<span class=\"advgb-post-tax-term\">Destaques<\/span>","<span class=\"advgb-post-tax-term\">Not\u00edcias<\/span>"]}},"comment_count":"0","relative_dates":{"created":"Publicado 2 meses atr\u00e1s","modified":"Atualizado 2 meses atr\u00e1s"},"absolute_dates":{"created":"Publicado em 6 de mar\u00e7o de 2026","modified":"Atualizado em 6 de mar\u00e7o de 2026"},"absolute_dates_time":{"created":"Publicado em 6 de mar\u00e7o de 2026 11:12","modified":"Atualizado em 6 de mar\u00e7o de 2026 11:12"},"featured_img_caption":"","series_order":"","_links":{"self":[{"href":"https:\/\/lavras.tv\/site\/wp-json\/wp\/v2\/posts\/169626","targetHints":{"allow":["GET"]}}],"collection":[{"href":"https:\/\/lavras.tv\/site\/wp-json\/wp\/v2\/posts"}],"about":[{"href":"https:\/\/lavras.tv\/site\/wp-json\/wp\/v2\/types\/post"}],"author":[{"embeddable":true,"href":"https:\/\/lavras.tv\/site\/wp-json\/wp\/v2\/users\/5"}],"replies":[{"embeddable":true,"href":"https:\/\/lavras.tv\/site\/wp-json\/wp\/v2\/comments?post=169626"}],"version-history":[{"count":1,"href":"https:\/\/lavras.tv\/site\/wp-json\/wp\/v2\/posts\/169626\/revisions"}],"predecessor-version":[{"id":169628,"href":"https:\/\/lavras.tv\/site\/wp-json\/wp\/v2\/posts\/169626\/revisions\/169628"}],"wp:featuredmedia":[{"embeddable":true,"href":"https:\/\/lavras.tv\/site\/wp-json\/wp\/v2\/media\/169627"}],"wp:attachment":[{"href":"https:\/\/lavras.tv\/site\/wp-json\/wp\/v2\/media?parent=169626"}],"wp:term":[{"taxonomy":"category","embeddable":true,"href":"https:\/\/lavras.tv\/site\/wp-json\/wp\/v2\/categories?post=169626"},{"taxonomy":"post_tag","embeddable":true,"href":"https:\/\/lavras.tv\/site\/wp-json\/wp\/v2\/tags?post=169626"}],"curies":[{"name":"wp","href":"https:\/\/api.w.org\/{rel}","templated":true}]}}