{"id":169629,"date":"2026-03-06T16:28:23","date_gmt":"2026-03-06T19:28:23","guid":{"rendered":"https:\/\/lavras.tv\/site\/?p=169629"},"modified":"2026-03-06T16:28:25","modified_gmt":"2026-03-06T19:28:25","slug":"aposta-do-brasil-no-oscar-o-agente-secreto-ganha-data-de-estreia-na-netflix","status":"publish","type":"post","link":"https:\/\/lavras.tv\/site\/2026\/03\/06\/aposta-do-brasil-no-oscar-o-agente-secreto-ganha-data-de-estreia-na-netflix\/","title":{"rendered":"Aposta do Brasil no Oscar, \u2018O Agente Secreto\u2019 ganha data de estreia na Netflix"},"content":{"rendered":"<div class=\"lavra-antes-do-conteudo_2\" id=\"lavra-2071299192\"><div id=\"lavra-slider-27\" class=\"custom-slider lavra-slider-1340376833 lavra-slider\"><ul><li><div style=\"margin-left: auto;margin-right: auto;text-align: center;\" id=\"lavra-1658229956\"><a href=\"https:\/\/sistemas.lavras.mg.gov.br\/portalcidadao\/#df1b1a7c7b2a290bcb31e32771e610784662739a88807c0dacac58ede5f391a7530e299dc302d611ee73cb143fc22eaf93592e53e7b5bdb01b00a0b8d28dae460c141dd2ff83412e4dc1c31b16b25f33144a9e5620ea73b13f5bc1c59411d98439ad226e8af03840603796067d87afe130812cf3de24982d0e306f9e61e764e5\" aria-label=\"Lavras-TV&#8211;720x104px (1) (1)\"><img src=\"https:\/\/lavras.tv\/site\/wp-content\/uploads\/2025\/01\/Lavras-TV-720x104px-1-1.png\" alt=\"\"  srcset=\"https:\/\/lavras.tv\/site\/wp-content\/uploads\/2025\/01\/Lavras-TV-720x104px-1-1.png 720w, https:\/\/lavras.tv\/site\/wp-content\/uploads\/2025\/01\/Lavras-TV-720x104px-1-1-470x68.png 470w, https:\/\/lavras.tv\/site\/wp-content\/uploads\/2025\/01\/Lavras-TV-720x104px-1-1-170x25.png 170w, https:\/\/lavras.tv\/site\/wp-content\/uploads\/2025\/01\/Lavras-TV-720x104px-1-1-200x29.png 200w\" sizes=\"(max-width: 720px) 100vw, 720px\" width=\"720\" height=\"104\"  style=\"display: inline-block;\" \/><\/a><\/div><\/li><li><a href=\"https:\/\/sistemas.lavras.mg.gov.br\/portalcidadao\/#df1b1a7c7b2a290bcb31e32771e610784662739a88807c0dacac58ede5f391a7530e299dc302d611ee73cb143fc22eaf93592e53e7b5bdb01b00a0b8d28dae460c141dd2ff83412e4dc1c31b16b25f33144a9e5620ea73b13f5bc1c59411d98439ad226e8af03840603796067d87afe130812cf3de24982d0e306f9e61e764e5\" aria-label=\"Banner_Emprego_PortallavrasTV\"><img src=\"https:\/\/lavras.tv\/site\/wp-content\/uploads\/2025\/03\/Banner_Emprego_PortallavrasTV.png\" alt=\"\"  srcset=\"https:\/\/lavras.tv\/site\/wp-content\/uploads\/2025\/03\/Banner_Emprego_PortallavrasTV.png 720w, https:\/\/lavras.tv\/site\/wp-content\/uploads\/2025\/03\/Banner_Emprego_PortallavrasTV-470x68.png 470w, https:\/\/lavras.tv\/site\/wp-content\/uploads\/2025\/03\/Banner_Emprego_PortallavrasTV-170x25.png 170w, https:\/\/lavras.tv\/site\/wp-content\/uploads\/2025\/03\/Banner_Emprego_PortallavrasTV-200x29.png 200w\" sizes=\"(max-width: 720px) 100vw, 720px\" width=\"720\" height=\"104\"   \/><\/a><\/li><li><a href=\"https:\/\/sistemas.lavras.mg.gov.br\/portalcidadao\/#df1b1a7c7b2a290bcb31e32771e610784662739a88807c0dacac58ede5f391a7530e299dc302d611ee73cb143fc22eaf93592e53e7b5bdb01b00a0b8d28dae460c141dd2ff83412e4dc1c31b16b25f33144a9e5620ea73b13f5bc1c59411d98439ad226e8af03840603796067d87afe130812cf3de24982d0e306f9e61e764e5\" aria-label=\"Banner_Obras_PortallavrasTV\"><img src=\"https:\/\/lavras.tv\/site\/wp-content\/uploads\/2025\/03\/Banner_Obras_PortallavrasTV.png\" alt=\"\"  srcset=\"https:\/\/lavras.tv\/site\/wp-content\/uploads\/2025\/03\/Banner_Obras_PortallavrasTV.png 720w, https:\/\/lavras.tv\/site\/wp-content\/uploads\/2025\/03\/Banner_Obras_PortallavrasTV-470x68.png 470w, https:\/\/lavras.tv\/site\/wp-content\/uploads\/2025\/03\/Banner_Obras_PortallavrasTV-170x25.png 170w, https:\/\/lavras.tv\/site\/wp-content\/uploads\/2025\/03\/Banner_Obras_PortallavrasTV-200x29.png 200w\" sizes=\"(max-width: 720px) 100vw, 720px\" width=\"720\" height=\"104\"   \/><\/a><\/li><li><div style=\"margin-left: auto;margin-right: auto;text-align: center;\" id=\"lavra-3963335784\"><a href=\"https:\/\/sistemas.lavras.mg.gov.br\/portalcidadao\/#df1b1a7c7b2a290bcb31e32771e610784662739a88807c0dacac58ede5f391a7530e299dc302d611ee73cb143fc22eaf93592e53e7b5bdb01b00a0b8d28dae460c141dd2ff83412e4dc1c31b16b25f33144a9e5620ea73b13f5bc1c59411d98439ad226e8af03840603796067d87afe130812cf3de24982d0e306f9e61e764e5\" aria-label=\"Banner_Educa\u00e7\u00e3o_PortallavrasTV\"><img src=\"https:\/\/lavras.tv\/site\/wp-content\/uploads\/2025\/01\/Banner_Educacao_PortallavrasTV.png\" alt=\"\"  srcset=\"https:\/\/lavras.tv\/site\/wp-content\/uploads\/2025\/01\/Banner_Educacao_PortallavrasTV.png 720w, https:\/\/lavras.tv\/site\/wp-content\/uploads\/2025\/01\/Banner_Educacao_PortallavrasTV-470x68.png 470w, https:\/\/lavras.tv\/site\/wp-content\/uploads\/2025\/01\/Banner_Educacao_PortallavrasTV-170x25.png 170w, https:\/\/lavras.tv\/site\/wp-content\/uploads\/2025\/01\/Banner_Educacao_PortallavrasTV-200x29.png 200w\" sizes=\"(max-width: 720px) 100vw, 720px\" width=\"720\" height=\"104\"  style=\"display: inline-block;\" \/><\/a><\/div><\/li><li><a href=\"https:\/\/sistemas.lavras.mg.gov.br\/portalcidadao\/#df1b1a7c7b2a290bcb31e32771e610784662739a88807c0dacac58ede5f391a7530e299dc302d611ee73cb143fc22eaf93592e53e7b5bdb01b00a0b8d28dae460c141dd2ff83412e4dc1c31b16b25f33144a9e5620ea73b13f5bc1c59411d98439ad226e8af03840603796067d87afe130812cf3de24982d0e306f9e61e764e5\" aria-label=\"Banner_Sa\u00fade_PortallavrasTV\"><img src=\"https:\/\/lavras.tv\/site\/wp-content\/uploads\/2025\/03\/Banner_Saude_PortallavrasTV.png\" alt=\"\"  srcset=\"https:\/\/lavras.tv\/site\/wp-content\/uploads\/2025\/03\/Banner_Saude_PortallavrasTV.png 720w, https:\/\/lavras.tv\/site\/wp-content\/uploads\/2025\/03\/Banner_Saude_PortallavrasTV-470x68.png 470w, https:\/\/lavras.tv\/site\/wp-content\/uploads\/2025\/03\/Banner_Saude_PortallavrasTV-170x25.png 170w, https:\/\/lavras.tv\/site\/wp-content\/uploads\/2025\/03\/Banner_Saude_PortallavrasTV-200x29.png 200w\" sizes=\"(max-width: 720px) 100vw, 720px\" width=\"720\" height=\"104\"   \/><\/a><\/li><li><div id=\"lavra-4007608868\" style=\"width:720px;height:104px;background-color:#ddd;overflow:scroll;\">\n\t<strong>Sa\u00edda da depura\u00e7\u00e3o de an\u00fancios<\/strong>\n\t<br><br>\n\tO an\u00fancio n\u00e3o \u00e9 exibido na p\u00e1gina<br><br>post atual: Aposta do Brasil no Oscar, \u2018O Agente Secreto\u2019 ganha data de estreia na Netflix, ID: 169629<br><br><span style=\"color: red;\">O post atual n\u00e3o \u00e9 id\u00eantico ao post principal.<\/span><br><br>An\u00fancios: ROXO - TOPO INTERNA - ROTATIVO 2 (197)<br \/>Grupo de an\u00fancios: Princ_Meio01_720x104 (27)<br><br>Condi\u00e7\u00f5es de exibi\u00e7\u00e3o<div style=\"margin-bottom: 20px; white-space: pre-wrap; font-family: monospace; width: 100%; background: #ffe9e9;\"><strong>condi\u00e7\u00f5es gerais<\/strong><table border=\"1\"><thead><tr><th><\/th><th>An\u00fancios<\/th><th>wp_the_query<\/th><\/tr><\/thead><tr><td>is_main_query<\/td><td>1<\/td><td>1<\/td><\/tr><tr><td>is_rest_api<\/td><td>0<\/td><td>1<\/td><\/tr><tr><td>page<\/td><td>0<\/td><td>1<\/td><\/tr><tr><td>numpages<\/td><td>0<\/td><td>1<\/td><\/tr><tr><td>is_archive<\/td><td>1<\/td><td><\/td><\/tr><tr><td>is_search<\/td><td>1<\/td><td><\/td><\/tr><tr><td>is_home<\/td><td>1<\/td><td><\/td><\/tr><tr><td>is_404<\/td><td>1<\/td><td><\/td><\/tr><tr><td>is_attachment<\/td><td>1<\/td><td><\/td><\/tr><tr><td>is_singular<\/td><td>1<\/td><td><\/td><\/tr><tr><td>is_front_page<\/td><td>1<\/td><td><\/td><\/tr><tr><td>is_feed<\/td><td>1<\/td><td><\/td><\/tr><\/table><\/div><br><br><span style=\"color: red;\">Seu site usa HTTPS, mas o c\u00f3digo do an\u00fancio cont\u00e9m HTTP e pode n\u00e3o funcionar.<\/span>\t<br><br>\n\t<a style=\"color: green;\" href=\"https:\/\/wpadvancedads.com\/manual\/ad-debug-mode\/?utm_source=advanced-ads&utm_medium=link&utm_campaign=ad-debug-mode\" target=\"_blank\" rel=\"nofollow\">Encontre solu\u00e7\u00f5es no manual<\/a>\n<\/div>\n<\/li><\/ul><\/div><script>( window.advanced_ads_ready || jQuery( document ).ready ).call( null, function() {var $lavraslider1340376833 = jQuery( \".lavra-slider-1340376833\" );$lavraslider1340376833.on( \"unslider.ready\", function() { jQuery( \"div.custom-slider ul li\" ).css( \"display\", \"block\" ); });$lavraslider1340376833.unslider({ delay:4000, autoplay:true, nav:false, arrows:false, infinite:true });$lavraslider1340376833.on(\"mouseover\", function() {$lavraslider1340376833.unslider(\"stop\");}).on(\"mouseout\", function() {$lavraslider1340376833.unslider(\"start\");});});<\/script><\/div>\n<h2 class=\"wp-block-heading\">Ambientado em Recife, \u2018O Agente Secreto\u2019 disputa quatro estatuetas no Oscar 2026<\/h2>\n\n\n\n<p><img fetchpriority=\"high\" decoding=\"async\" alt=\"Cena do filme &quot;O Agente Secreto&quot;\" width=\"1000\" height=\"563\" src=\"https:\/\/medias.itatiaia.com.br\/dims4\/default\/968f9d6\/2147483647\/strip\/true\/crop\/600x338+0+31\/resize\/1000x563!\/quality\/90\/?url=https%3A%2F%2Fk2-prod-radio-itatiaia.s3.us-east-1.amazonaws.com%2Fbrightspot%2F20%2F5b%2F6ddf82684759884404809dfa6be0%2F1-captura-de-tela-2025-11-06-185327-793102.jpg\"><\/p>\n\n\n\n<p>Reprodu\u00e7\u00e3o<\/p>\n\n\n\n<p>Cena do filme \u201cO Agente Secreto\u201d<\/p>\n\n\n\n<p>Aposta do Brasil em quatro categorias do Oscar,&nbsp;<a href=\"https:\/\/www.itatiaia.com.br\/entretenimento\/wagner-moura-comenta-o-agente-secreto-e-critica-bolsonaro-nosso-trump\">\u201cO Agente Secreto\u201d<\/a>&nbsp;chega no cat\u00e1logo da Netflix neste s\u00e1bado (7). O an\u00fancio foi feito pela plataforma de streaming nesta sexta-feira (6).<\/p>\n\n\n\n<p>Com dire\u00e7\u00e3o de Kleber Mendon\u00e7a Filho, o longa, ambientado em Recife, concorre as estatuetas de \u201cMelhor Dire\u00e7\u00e3o de Elenco\u201d, \u201cMelhor Filme Internacional\u201d, \u201cMelhor Filme\u201d e \u201c&nbsp;<a href=\"https:\/\/www.itatiaia.com.br\/entretenimento\/melhor-ator-wagner-moura-e-indicado-ao-oscar-2026\" target=\"_blank\" rel=\"noreferrer noopener\">Melhor Ator<\/a>\u201d para&nbsp;<a href=\"https:\/\/www.itatiaia.com.br\/tags\/wagner-moura\" target=\"_blank\" rel=\"noreferrer noopener\">Wagner Moura<\/a>.<\/p>\n\n\n\n<p>No in\u00edcio do ano, a Netflix j\u00e1 tinha revelado que foi coprodutora de \u201cO Agente Secreto\u201d. A nova surpresa aconteceu enquanto o longa ainda est\u00e1 em cartaz em diversas salas de cinemas o Brasil.<\/p>\n\n\n\n<p>No streaming, o filme estar\u00e1 dispon\u00edvel em 4K e Dolby Vision, para aqueles que assinam o plano que d\u00e1 acesso a essas tecnologias, e para os demais, em qualidade inferior.<\/p>\n\n\n\n<h2 class=\"wp-block-heading\"><strong>\u2018O Agente Secreto\u2019<\/strong><\/h2>\n\n\n\n<p>Ambientado na d\u00e9cada de 1970, o longa narra a hist\u00f3ria de Marcelo, um professor universit\u00e1rio perseguido pela repress\u00e3o da ditadura militar no Brasil.<\/p>\n\n\n\n<p>Ele foge de S\u00e3o Paulo para Recife para escapar de agentes governamentais que o procuram por atividades subversivas. Chegando bem na semana do Carnaval, ele logo descobre que est\u00e1 sendo espionado pelos vizinhos.<\/p>\n\n\n\n<p>Al\u00e9m do protagonista, Maria Fernanda C\u00e2ndido, Gabriel Leone, Isab\u00e9l Zuaa e Alice Carvalho, Udo Kier, Thom\u00e1s Aquino e outros fazem parte do elenco.<\/p>\n","protected":false},"excerpt":{"rendered":"<p>Ambientado em Recife, \u2018O Agente Secreto\u2019 disputa quatro estatuetas no Oscar 2026 Reprodu\u00e7\u00e3o Cena do filme \u201cO Agente Secreto\u201d Aposta do Brasil em quatro categorias do Oscar,&nbsp;\u201cO Agente Secreto\u201d&nbsp;chega no cat\u00e1logo da Netflix neste s\u00e1bado (7). O an\u00fancio foi feito pela plataforma de streaming nesta sexta-feira (6). Com dire\u00e7\u00e3o de Kleber Mendon\u00e7a Filho, o longa, [&hellip;]<\/p>\n","protected":false},"author":5,"featured_media":169630,"comment_status":"closed","ping_status":"open","sticky":false,"template":"","format":"standard","meta":{"advgb_blocks_editor_width":"","advgb_blocks_columns_visual_guide":"","_exactmetrics_skip_tracking":false,"_exactmetrics_sitenote_active":false,"_exactmetrics_sitenote_note":"","_exactmetrics_sitenote_category":0,"footnotes":""},"categories":[7,4,2],"tags":[],"class_list":["post-169629","post","type-post","status-publish","format-standard","has-post-thumbnail","hentry","category-destaques","category-entretenimento","category-noticias"],"better_featured_image":{"id":169630,"alt_text":"","caption":"","description":"","media_type":"image","media_details":{"width":1000,"height":563,"file":"2026\/03\/download.webp","filesize":68758,"sizes":{"medium":{"file":"download-470x265.webp","width":470,"height":265,"mime-type":"image\/webp","filesize":19790,"source_url":"https:\/\/lavras.tv\/site\/wp-content\/uploads\/2026\/03\/download-470x265.webp"},"large":{"file":"download-970x546.webp","width":970,"height":546,"mime-type":"image\/webp","filesize":43984,"source_url":"https:\/\/lavras.tv\/site\/wp-content\/uploads\/2026\/03\/download-970x546.webp"},"thumbnail":{"file":"download-170x96.webp","width":170,"height":96,"mime-type":"image\/webp","filesize":5456,"source_url":"https:\/\/lavras.tv\/site\/wp-content\/uploads\/2026\/03\/download-170x96.webp"},"alm-thumbnail":{"file":"download-150x150.webp","width":150,"height":150,"mime-type":"image\/webp","filesize":6430,"source_url":"https:\/\/lavras.tv\/site\/wp-content\/uploads\/2026\/03\/download-150x150.webp"},"sow-carousel-default":{"file":"download-272x182.webp","width":272,"height":182,"mime-type":"image\/webp","filesize":10466,"source_url":"https:\/\/lavras.tv\/site\/wp-content\/uploads\/2026\/03\/download-272x182.webp"}},"image_meta":{"aperture":"0","credit":"","camera":"","caption":"","created_timestamp":"0","copyright":"","focal_length":"0","iso":"0","shutter_speed":"0","title":"","orientation":"0","keywords":[]}},"post":169629,"source_url":"https:\/\/lavras.tv\/site\/wp-content\/uploads\/2026\/03\/download.webp"},"author_meta":{"display_name":"Vinicius Bustamante","author_link":"https:\/\/lavras.tv\/site\/author\/vinicius-bustamante\/"},"featured_img":"https:\/\/lavras.tv\/site\/wp-content\/uploads\/2026\/03\/download-470x265.webp","coauthors":[],"tax_additional":{"categories":{"linked":["<a href=\"https:\/\/lavras.tv\/site\/category\/destaques\/\" class=\"advgb-post-tax-term\">Destaques<\/a>","<a href=\"https:\/\/lavras.tv\/site\/category\/entretenimento\/\" class=\"advgb-post-tax-term\">Entretenimento<\/a>","<a href=\"https:\/\/lavras.tv\/site\/category\/noticias\/\" class=\"advgb-post-tax-term\">Not\u00edcias<\/a>"],"unlinked":["<span class=\"advgb-post-tax-term\">Destaques<\/span>","<span class=\"advgb-post-tax-term\">Entretenimento<\/span>","<span class=\"advgb-post-tax-term\">Not\u00edcias<\/span>"]}},"comment_count":"0","relative_dates":{"created":"Publicado 2 meses atr\u00e1s","modified":"Atualizado 2 meses atr\u00e1s"},"absolute_dates":{"created":"Publicado em 6 de mar\u00e7o de 2026","modified":"Atualizado em 6 de mar\u00e7o de 2026"},"absolute_dates_time":{"created":"Publicado em 6 de mar\u00e7o de 2026 16:28","modified":"Atualizado em 6 de mar\u00e7o de 2026 16:28"},"featured_img_caption":"","series_order":"","_links":{"self":[{"href":"https:\/\/lavras.tv\/site\/wp-json\/wp\/v2\/posts\/169629","targetHints":{"allow":["GET"]}}],"collection":[{"href":"https:\/\/lavras.tv\/site\/wp-json\/wp\/v2\/posts"}],"about":[{"href":"https:\/\/lavras.tv\/site\/wp-json\/wp\/v2\/types\/post"}],"author":[{"embeddable":true,"href":"https:\/\/lavras.tv\/site\/wp-json\/wp\/v2\/users\/5"}],"replies":[{"embeddable":true,"href":"https:\/\/lavras.tv\/site\/wp-json\/wp\/v2\/comments?post=169629"}],"version-history":[{"count":1,"href":"https:\/\/lavras.tv\/site\/wp-json\/wp\/v2\/posts\/169629\/revisions"}],"predecessor-version":[{"id":169631,"href":"https:\/\/lavras.tv\/site\/wp-json\/wp\/v2\/posts\/169629\/revisions\/169631"}],"wp:featuredmedia":[{"embeddable":true,"href":"https:\/\/lavras.tv\/site\/wp-json\/wp\/v2\/media\/169630"}],"wp:attachment":[{"href":"https:\/\/lavras.tv\/site\/wp-json\/wp\/v2\/media?parent=169629"}],"wp:term":[{"taxonomy":"category","embeddable":true,"href":"https:\/\/lavras.tv\/site\/wp-json\/wp\/v2\/categories?post=169629"},{"taxonomy":"post_tag","embeddable":true,"href":"https:\/\/lavras.tv\/site\/wp-json\/wp\/v2\/tags?post=169629"}],"curies":[{"name":"wp","href":"https:\/\/api.w.org\/{rel}","templated":true}]}}