{"id":169633,"date":"2026-03-08T09:43:09","date_gmt":"2026-03-08T12:43:09","guid":{"rendered":"https:\/\/lavras.tv\/site\/?p=169633"},"modified":"2026-03-08T09:43:42","modified_gmt":"2026-03-08T12:43:42","slug":"cooperativa-formada-por-mulheres-transforma-reciclagem-em-renda-e-impacto-ambiental-em-ijaci-mg","status":"publish","type":"post","link":"https:\/\/lavras.tv\/site\/2026\/03\/08\/cooperativa-formada-por-mulheres-transforma-reciclagem-em-renda-e-impacto-ambiental-em-ijaci-mg\/","title":{"rendered":"Cooperativa formada por mulheres transforma reciclagem em renda e impacto ambiental em Ijaci (MG)"},"content":{"rendered":"<div class=\"lavra-antes-do-conteudo_2\" id=\"lavra-707366253\"><div id=\"lavra-slider-27\" class=\"custom-slider lavra-slider-3076208742 lavra-slider\"><ul><li><div style=\"margin-left: auto;margin-right: auto;text-align: center;\" id=\"lavra-1843615602\"><a href=\"https:\/\/sistemas.lavras.mg.gov.br\/portalcidadao\/#df1b1a7c7b2a290bcb31e32771e610784662739a88807c0dacac58ede5f391a7530e299dc302d611ee73cb143fc22eaf93592e53e7b5bdb01b00a0b8d28dae460c141dd2ff83412e4dc1c31b16b25f33144a9e5620ea73b13f5bc1c59411d98439ad226e8af03840603796067d87afe130812cf3de24982d0e306f9e61e764e5\" aria-label=\"Lavras-TV&#8211;720x104px (1) (1)\"><img src=\"https:\/\/lavras.tv\/site\/wp-content\/uploads\/2025\/01\/Lavras-TV-720x104px-1-1.png\" alt=\"\"  srcset=\"https:\/\/lavras.tv\/site\/wp-content\/uploads\/2025\/01\/Lavras-TV-720x104px-1-1.png 720w, https:\/\/lavras.tv\/site\/wp-content\/uploads\/2025\/01\/Lavras-TV-720x104px-1-1-470x68.png 470w, https:\/\/lavras.tv\/site\/wp-content\/uploads\/2025\/01\/Lavras-TV-720x104px-1-1-170x25.png 170w, https:\/\/lavras.tv\/site\/wp-content\/uploads\/2025\/01\/Lavras-TV-720x104px-1-1-200x29.png 200w\" sizes=\"(max-width: 720px) 100vw, 720px\" width=\"720\" height=\"104\"  style=\"display: inline-block;\" \/><\/a><\/div><\/li><li><a href=\"https:\/\/sistemas.lavras.mg.gov.br\/portalcidadao\/#df1b1a7c7b2a290bcb31e32771e610784662739a88807c0dacac58ede5f391a7530e299dc302d611ee73cb143fc22eaf93592e53e7b5bdb01b00a0b8d28dae460c141dd2ff83412e4dc1c31b16b25f33144a9e5620ea73b13f5bc1c59411d98439ad226e8af03840603796067d87afe130812cf3de24982d0e306f9e61e764e5\" aria-label=\"Banner_Emprego_PortallavrasTV\"><img src=\"https:\/\/lavras.tv\/site\/wp-content\/uploads\/2025\/03\/Banner_Emprego_PortallavrasTV.png\" alt=\"\"  srcset=\"https:\/\/lavras.tv\/site\/wp-content\/uploads\/2025\/03\/Banner_Emprego_PortallavrasTV.png 720w, https:\/\/lavras.tv\/site\/wp-content\/uploads\/2025\/03\/Banner_Emprego_PortallavrasTV-470x68.png 470w, https:\/\/lavras.tv\/site\/wp-content\/uploads\/2025\/03\/Banner_Emprego_PortallavrasTV-170x25.png 170w, https:\/\/lavras.tv\/site\/wp-content\/uploads\/2025\/03\/Banner_Emprego_PortallavrasTV-200x29.png 200w\" sizes=\"(max-width: 720px) 100vw, 720px\" width=\"720\" height=\"104\"   \/><\/a><\/li><li><a href=\"https:\/\/sistemas.lavras.mg.gov.br\/portalcidadao\/#df1b1a7c7b2a290bcb31e32771e610784662739a88807c0dacac58ede5f391a7530e299dc302d611ee73cb143fc22eaf93592e53e7b5bdb01b00a0b8d28dae460c141dd2ff83412e4dc1c31b16b25f33144a9e5620ea73b13f5bc1c59411d98439ad226e8af03840603796067d87afe130812cf3de24982d0e306f9e61e764e5\" aria-label=\"Banner_Obras_PortallavrasTV\"><img src=\"https:\/\/lavras.tv\/site\/wp-content\/uploads\/2025\/03\/Banner_Obras_PortallavrasTV.png\" alt=\"\"  srcset=\"https:\/\/lavras.tv\/site\/wp-content\/uploads\/2025\/03\/Banner_Obras_PortallavrasTV.png 720w, https:\/\/lavras.tv\/site\/wp-content\/uploads\/2025\/03\/Banner_Obras_PortallavrasTV-470x68.png 470w, https:\/\/lavras.tv\/site\/wp-content\/uploads\/2025\/03\/Banner_Obras_PortallavrasTV-170x25.png 170w, https:\/\/lavras.tv\/site\/wp-content\/uploads\/2025\/03\/Banner_Obras_PortallavrasTV-200x29.png 200w\" sizes=\"(max-width: 720px) 100vw, 720px\" width=\"720\" height=\"104\"   \/><\/a><\/li><li><div style=\"margin-left: auto;margin-right: auto;text-align: center;\" id=\"lavra-2062749314\"><a href=\"https:\/\/sistemas.lavras.mg.gov.br\/portalcidadao\/#df1b1a7c7b2a290bcb31e32771e610784662739a88807c0dacac58ede5f391a7530e299dc302d611ee73cb143fc22eaf93592e53e7b5bdb01b00a0b8d28dae460c141dd2ff83412e4dc1c31b16b25f33144a9e5620ea73b13f5bc1c59411d98439ad226e8af03840603796067d87afe130812cf3de24982d0e306f9e61e764e5\" aria-label=\"Banner_Educa\u00e7\u00e3o_PortallavrasTV\"><img src=\"https:\/\/lavras.tv\/site\/wp-content\/uploads\/2025\/01\/Banner_Educacao_PortallavrasTV.png\" alt=\"\"  srcset=\"https:\/\/lavras.tv\/site\/wp-content\/uploads\/2025\/01\/Banner_Educacao_PortallavrasTV.png 720w, https:\/\/lavras.tv\/site\/wp-content\/uploads\/2025\/01\/Banner_Educacao_PortallavrasTV-470x68.png 470w, https:\/\/lavras.tv\/site\/wp-content\/uploads\/2025\/01\/Banner_Educacao_PortallavrasTV-170x25.png 170w, https:\/\/lavras.tv\/site\/wp-content\/uploads\/2025\/01\/Banner_Educacao_PortallavrasTV-200x29.png 200w\" sizes=\"(max-width: 720px) 100vw, 720px\" width=\"720\" height=\"104\"  style=\"display: inline-block;\" \/><\/a><\/div><\/li><li><a href=\"https:\/\/sistemas.lavras.mg.gov.br\/portalcidadao\/#df1b1a7c7b2a290bcb31e32771e610784662739a88807c0dacac58ede5f391a7530e299dc302d611ee73cb143fc22eaf93592e53e7b5bdb01b00a0b8d28dae460c141dd2ff83412e4dc1c31b16b25f33144a9e5620ea73b13f5bc1c59411d98439ad226e8af03840603796067d87afe130812cf3de24982d0e306f9e61e764e5\" aria-label=\"Banner_Sa\u00fade_PortallavrasTV\"><img src=\"https:\/\/lavras.tv\/site\/wp-content\/uploads\/2025\/03\/Banner_Saude_PortallavrasTV.png\" alt=\"\"  srcset=\"https:\/\/lavras.tv\/site\/wp-content\/uploads\/2025\/03\/Banner_Saude_PortallavrasTV.png 720w, https:\/\/lavras.tv\/site\/wp-content\/uploads\/2025\/03\/Banner_Saude_PortallavrasTV-470x68.png 470w, https:\/\/lavras.tv\/site\/wp-content\/uploads\/2025\/03\/Banner_Saude_PortallavrasTV-170x25.png 170w, https:\/\/lavras.tv\/site\/wp-content\/uploads\/2025\/03\/Banner_Saude_PortallavrasTV-200x29.png 200w\" sizes=\"(max-width: 720px) 100vw, 720px\" width=\"720\" height=\"104\"   \/><\/a><\/li><li><div id=\"lavra-1819454504\" style=\"width:720px;height:104px;background-color:#ddd;overflow:scroll;\">\n\t<strong>Sa\u00edda da depura\u00e7\u00e3o de an\u00fancios<\/strong>\n\t<br><br>\n\tO an\u00fancio n\u00e3o \u00e9 exibido na p\u00e1gina<br><br>post atual: Cooperativa formada por mulheres transforma reciclagem em renda e impacto ambiental em Ijaci (MG), ID: 169633<br><br><span style=\"color: red;\">O post atual n\u00e3o \u00e9 id\u00eantico ao post principal.<\/span><br><br>An\u00fancios: ROXO - TOPO INTERNA - ROTATIVO 2 (197)<br \/>Grupo de an\u00fancios: Princ_Meio01_720x104 (27)<br><br>Condi\u00e7\u00f5es de exibi\u00e7\u00e3o<div style=\"margin-bottom: 20px; white-space: pre-wrap; font-family: monospace; width: 100%; background: #ffe9e9;\"><strong>condi\u00e7\u00f5es gerais<\/strong><table border=\"1\"><thead><tr><th><\/th><th>An\u00fancios<\/th><th>wp_the_query<\/th><\/tr><\/thead><tr><td>is_main_query<\/td><td>1<\/td><td>1<\/td><\/tr><tr><td>is_rest_api<\/td><td>0<\/td><td>1<\/td><\/tr><tr><td>page<\/td><td>0<\/td><td>1<\/td><\/tr><tr><td>numpages<\/td><td>0<\/td><td>1<\/td><\/tr><tr><td>is_archive<\/td><td>1<\/td><td><\/td><\/tr><tr><td>is_search<\/td><td>1<\/td><td><\/td><\/tr><tr><td>is_home<\/td><td>1<\/td><td><\/td><\/tr><tr><td>is_404<\/td><td>1<\/td><td><\/td><\/tr><tr><td>is_attachment<\/td><td>1<\/td><td><\/td><\/tr><tr><td>is_singular<\/td><td>1<\/td><td><\/td><\/tr><tr><td>is_front_page<\/td><td>1<\/td><td><\/td><\/tr><tr><td>is_feed<\/td><td>1<\/td><td><\/td><\/tr><\/table><\/div><br><br><span style=\"color: red;\">Seu site usa HTTPS, mas o c\u00f3digo do an\u00fancio cont\u00e9m HTTP e pode n\u00e3o funcionar.<\/span>\t<br><br>\n\t<a style=\"color: green;\" href=\"https:\/\/wpadvancedads.com\/manual\/ad-debug-mode\/?utm_source=advanced-ads&utm_medium=link&utm_campaign=ad-debug-mode\" target=\"_blank\" rel=\"nofollow\">Encontre solu\u00e7\u00f5es no manual<\/a>\n<\/div>\n<\/li><\/ul><\/div><script>( window.advanced_ads_ready || jQuery( document ).ready ).call( null, function() {var $lavraslider3076208742 = jQuery( \".lavra-slider-3076208742\" );$lavraslider3076208742.on( \"unslider.ready\", function() { jQuery( \"div.custom-slider ul li\" ).css( \"display\", \"block\" ); });$lavraslider3076208742.unslider({ delay:4000, autoplay:true, nav:false, arrows:false, infinite:true });$lavraslider3076208742.on(\"mouseover\", function() {$lavraslider3076208742.unslider(\"stop\");}).on(\"mouseout\", function() {$lavraslider3076208742.unslider(\"start\");});});<\/script><\/div>\n<p><strong><em>Com apoio da InterCement Brasil, catadoras da Camare ganharam estrutura, capacita\u00e7\u00e3o e mais dignidade no trabalho<\/em><\/strong><\/p>\n\n\n\n<figure class=\"wp-block-embed is-type-video is-provider-youtube wp-block-embed-youtube wp-embed-aspect-9-16 wp-has-aspect-ratio\"><div class=\"wp-block-embed__wrapper\">\n<iframe title=\"Cooperativa formada por mulheres transforma reciclagem em renda e impacto ambiental em Ijaci (MG)\" width=\"422\" height=\"750\" src=\"https:\/\/www.youtube.com\/embed\/IpA-vZYkjeE?feature=oembed\" frameborder=\"0\" allow=\"accelerometer; autoplay; clipboard-write; encrypted-media; gyroscope; picture-in-picture; web-share\" referrerpolicy=\"strict-origin-when-cross-origin\" allowfullscreen><\/iframe>\n<\/div><\/figure>\n\n\n\n<p>Trabalhar todos os dias no lix\u00e3o municipal em Ijaci (MG), em condi\u00e7\u00f5es insalubres, sob sol e chuva. Essa era a realidade de dezenas de mulheres, como Sueli Medeiros e Elisa Salgado, at\u00e9 a cria\u00e7\u00e3o da Associa\u00e7\u00e3o dos Catadores de Materiais Recicl\u00e1veis (Camare), em 2008.<\/p>\n\n\n\n<p>A Camare \u00e9 uma cooperativa majoritariamente feminina. L\u00e1, as cooperadas se revezam entre a coleta seletiva do lixo na cidade e o trabalho no galp\u00e3o, onde acontece a separa\u00e7\u00e3o dos materiais recicl\u00e1veis por categorias e cores: pl\u00e1sticos, vidros, borracha e outros itens. Esses materiais s\u00e3o prensados e vendidos para empresas da regi\u00e3o, garantindo o sustento das mulheres e de suas fam\u00edlias.<\/p>\n\n\n\n<p>Por\u00e9m, as catadoras v\u00e3o al\u00e9m e tamb\u00e9m separam itens que n\u00e3o s\u00e3o recicl\u00e1veis, como peda\u00e7os de m\u00f3veis, roupas, colch\u00f5es e embalagens laminadas. E \u00e9 aqui que entra a parceria com a InterCement Brasil. Al\u00e9m de contribuir com o fornecimento do maquin\u00e1rio usado para separar e prensar o lixo, e apoiar continuamente as melhorias de infraestrutura no galp\u00e3o, a empresa compra todo esse rejeito da reciclagem para utilizar na unidade fabril de Ijaci.<\/p>\n\n\n\n<p>S\u00f3 em 2025, a Camare forneceu mais de 74 mil quilos de res\u00edduos \u00e0 InterCement Brasil. \u201cEsse material, que antes era descartado em aterros sanit\u00e1rios e lix\u00f5es, passou a ser utilizado como energia alternativa na f\u00e1brica de Ijaci por meio do coprocessamento, pr\u00e1tica que substitui o uso de combust\u00edveis f\u00f3sseis nos fornos por biomassas e outros res\u00edduos\u201d, destaca Rafael Fenerich Mauri, gerente de Coprocessamento da cimenteira.<\/p>\n\n\n\n<p>A parceria tamb\u00e9m envolve a capacita\u00e7\u00e3o profissional das cooperadas e apoio estrutural para o funcionamento da Camare. \u201cNo lix\u00e3o, n\u00e3o t\u00ednhamos expectativa de crescimento. Depois do in\u00edcio das atividades da cooperativa, a chegada da InterCement Brasil trouxe m\u00e1quinas e equipamentos que fizeram muita diferen\u00e7a para a gente\u201d, conta Sueli Medeiros, que trabalha h\u00e1 14 anos com a Camare. Segundo ela, muita gente se surpreende quando visita o galp\u00e3o de recicl\u00e1veis e encontra apenas mulheres na opera\u00e7\u00e3o. \u201cPerguntam se somos n\u00f3s que fazemos os fardos, porque s\u00e3o muito pesados. Reciclagem n\u00e3o \u00e9 um servi\u00e7o muito leve, mas somos corajosas\u201d, sintetiza, cheia de orgulho.<\/p>\n\n\n\n<p>O sentimento \u00e9 partilhado por Elisa Salgado, que hoje cria a neta com o valor recebido na cooperativa. \u201cMinha neta ia para uma casa de passagem. Mas como o juiz sabia que eu estava trabalhando e ganhava sal\u00e1rio, ele me deu a oportunidade de ficar com ela\u201d, conta. Na Camare, melhorou sua autoestima e encontrou a independ\u00eancia financeira. \u201cEu sou o homem e a mulher dentro de casa, n\u00e3o dependo de ningu\u00e9m, e quando eu quero, eu corro atr\u00e1s\u201d, disse.<\/p>\n\n\n\n<p>Al\u00e9m de apoiar a preserva\u00e7\u00e3o do meio ambiente a partir da destina\u00e7\u00e3o correta de res\u00edduos, a parceria entre a Camare e a InterCement Brasil tamb\u00e9m incentiva o protagonismo feminino. \u201c\u00c9 um projeto voltado para mulheres, administrado por mulheres e negociado por mulheres, ali s\u00f3 tem mulheres muito fortes\u201d, diz Lu\u00eds Barreto, especialista em Meio Ambiente da companhia. \u201cFazer parte de um projeto que tem as mulheres como grandes protagonistas do neg\u00f3cio, n\u00e3o tem pre\u00e7o. \u00c9 uma honra\u201d, completa o gerente de Coprocessamento, Rafael Mauri.<\/p>\n\n\n\n<p><strong>Sobre a InterCement Brasil\u00a0\u00a0<\/strong><br>A InterCement Brasil \u00e9 uma das l\u00edderes na produ\u00e7\u00e3o de cimento no pa\u00eds e refer\u00eancia no uso de combust\u00edveis alternativos, contribuindo para a redu\u00e7\u00e3o de emiss\u00f5es e o avan\u00e7o da sustentabilidade ambiental. Com mais de cinco d\u00e9cadas de hist\u00f3ria, a empresa conta hoje com 14 unidades industriais, 10 delas ativas na produ\u00e7\u00e3o de cimento, que distribuem para todas as regi\u00f5es do Brasil. Por meio das marcas Cau\u00ea, Goi\u00e1s e Zebu, atende clientes de diversos segmentos, do pequeno varejo a grandes obras. Com atua\u00e7\u00e3o segura e respons\u00e1vel, a InterCement Brasil tamb\u00e9m promove o desenvolvimento das comunidades onde est\u00e1 presente por meio de iniciativas sociais e de impacto positivo.\u00a0<\/p>\n\n\n\n<figure class=\"wp-block-image size-large\"><img fetchpriority=\"high\" decoding=\"async\" width=\"970\" height=\"546\" src=\"https:\/\/lavras.tv\/site\/wp-content\/uploads\/2026\/03\/Coleta-Camare_Aprov.mov_snapshot_00.03.235-970x546.png\" alt=\"\" class=\"wp-image-169634\" srcset=\"https:\/\/lavras.tv\/site\/wp-content\/uploads\/2026\/03\/Coleta-Camare_Aprov.mov_snapshot_00.03.235-970x546.png 970w, https:\/\/lavras.tv\/site\/wp-content\/uploads\/2026\/03\/Coleta-Camare_Aprov.mov_snapshot_00.03.235-470x264.png 470w, https:\/\/lavras.tv\/site\/wp-content\/uploads\/2026\/03\/Coleta-Camare_Aprov.mov_snapshot_00.03.235-170x96.png 170w, https:\/\/lavras.tv\/site\/wp-content\/uploads\/2026\/03\/Coleta-Camare_Aprov.mov_snapshot_00.03.235-1536x864.png 1536w, https:\/\/lavras.tv\/site\/wp-content\/uploads\/2026\/03\/Coleta-Camare_Aprov.mov_snapshot_00.03.235.png 1920w\" sizes=\"(max-width: 970px) 100vw, 970px\" \/><\/figure>\n","protected":false},"excerpt":{"rendered":"<p>Com apoio da InterCement Brasil, catadoras da Camare ganharam estrutura, capacita\u00e7\u00e3o e mais dignidade no trabalho Trabalhar todos os dias no lix\u00e3o municipal em Ijaci (MG), em condi\u00e7\u00f5es insalubres, sob sol e chuva. Essa era a realidade de dezenas de mulheres, como Sueli Medeiros e Elisa Salgado, at\u00e9 a cria\u00e7\u00e3o da Associa\u00e7\u00e3o dos Catadores de [&hellip;]<\/p>\n","protected":false},"author":5,"featured_media":169634,"comment_status":"closed","ping_status":"open","sticky":false,"template":"","format":"standard","meta":{"advgb_blocks_editor_width":"","advgb_blocks_columns_visual_guide":"","_exactmetrics_skip_tracking":false,"_exactmetrics_sitenote_active":false,"_exactmetrics_sitenote_note":"","_exactmetrics_sitenote_category":0,"footnotes":""},"categories":[17,1,2,5760],"tags":[],"class_list":["post-169633","post","type-post","status-publish","format-standard","has-post-thumbnail","hentry","category-jornal-cidade","category-sem-categoria","category-noticias","category-noticias-jornal-cidade"],"better_featured_image":{"id":169634,"alt_text":"","caption":"","description":"","media_type":"image","media_details":{"width":1920,"height":1080,"file":"2026\/03\/Coleta-Camare_Aprov.mov_snapshot_00.03.235.png","filesize":4830265,"sizes":{"medium":{"file":"Coleta-Camare_Aprov.mov_snapshot_00.03.235-470x264.png","width":470,"height":264,"mime-type":"image\/png","filesize":205821,"source_url":"https:\/\/lavras.tv\/site\/wp-content\/uploads\/2026\/03\/Coleta-Camare_Aprov.mov_snapshot_00.03.235-470x264.png"},"large":{"file":"Coleta-Camare_Aprov.mov_snapshot_00.03.235-970x546.png","width":970,"height":546,"mime-type":"image\/png","filesize":819470,"source_url":"https:\/\/lavras.tv\/site\/wp-content\/uploads\/2026\/03\/Coleta-Camare_Aprov.mov_snapshot_00.03.235-970x546.png"},"thumbnail":{"file":"Coleta-Camare_Aprov.mov_snapshot_00.03.235-170x96.png","width":170,"height":96,"mime-type":"image\/png","filesize":31046,"source_url":"https:\/\/lavras.tv\/site\/wp-content\/uploads\/2026\/03\/Coleta-Camare_Aprov.mov_snapshot_00.03.235-170x96.png"},"1536x1536":{"file":"Coleta-Camare_Aprov.mov_snapshot_00.03.235-1536x864.png","width":1536,"height":864,"mime-type":"image\/png","filesize":1901228,"source_url":"https:\/\/lavras.tv\/site\/wp-content\/uploads\/2026\/03\/Coleta-Camare_Aprov.mov_snapshot_00.03.235-1536x864.png"},"alm-thumbnail":{"file":"Coleta-Camare_Aprov.mov_snapshot_00.03.235-150x150.png","width":150,"height":150,"mime-type":"image\/png","filesize":40652,"source_url":"https:\/\/lavras.tv\/site\/wp-content\/uploads\/2026\/03\/Coleta-Camare_Aprov.mov_snapshot_00.03.235-150x150.png"},"sow-carousel-default":{"file":"Coleta-Camare_Aprov.mov_snapshot_00.03.235-272x182.png","width":272,"height":182,"mime-type":"image\/png","filesize":85798,"source_url":"https:\/\/lavras.tv\/site\/wp-content\/uploads\/2026\/03\/Coleta-Camare_Aprov.mov_snapshot_00.03.235-272x182.png"}},"image_meta":{"aperture":"0","credit":"","camera":"","caption":"","created_timestamp":"0","copyright":"","focal_length":"0","iso":"0","shutter_speed":"0","title":"","orientation":"0","keywords":[]}},"post":169633,"source_url":"https:\/\/lavras.tv\/site\/wp-content\/uploads\/2026\/03\/Coleta-Camare_Aprov.mov_snapshot_00.03.235.png"},"author_meta":{"display_name":"Vinicius Bustamante","author_link":"https:\/\/lavras.tv\/site\/author\/vinicius-bustamante\/"},"featured_img":"https:\/\/lavras.tv\/site\/wp-content\/uploads\/2026\/03\/Coleta-Camare_Aprov.mov_snapshot_00.03.235-470x264.png","coauthors":[],"tax_additional":{"categories":{"linked":["<a href=\"https:\/\/lavras.tv\/site\/category\/sem-categoria\/jornal-cidade\/\" class=\"advgb-post-tax-term\">DESTAQUE PRINCIPAL<\/a>","<a href=\"https:\/\/lavras.tv\/site\/category\/sem-categoria\/\" class=\"advgb-post-tax-term\">JORNAL DA CIDADE<\/a>","<a href=\"https:\/\/lavras.tv\/site\/category\/noticias\/\" class=\"advgb-post-tax-term\">Not\u00edcias<\/a>","<a href=\"https:\/\/lavras.tv\/site\/category\/sem-categoria\/jornal-cidade\/noticias-jornal-cidade\/\" class=\"advgb-post-tax-term\">NOT\u00cdCIAS<\/a>"],"unlinked":["<span class=\"advgb-post-tax-term\">DESTAQUE PRINCIPAL<\/span>","<span class=\"advgb-post-tax-term\">JORNAL DA CIDADE<\/span>","<span class=\"advgb-post-tax-term\">Not\u00edcias<\/span>","<span class=\"advgb-post-tax-term\">NOT\u00cdCIAS<\/span>"]}},"comment_count":"0","relative_dates":{"created":"Publicado 2 meses atr\u00e1s","modified":"Atualizado 2 meses atr\u00e1s"},"absolute_dates":{"created":"Publicado em 8 de mar\u00e7o de 2026","modified":"Atualizado em 8 de mar\u00e7o de 2026"},"absolute_dates_time":{"created":"Publicado em 8 de mar\u00e7o de 2026 09:43","modified":"Atualizado em 8 de mar\u00e7o de 2026 09:43"},"featured_img_caption":"","series_order":"","_links":{"self":[{"href":"https:\/\/lavras.tv\/site\/wp-json\/wp\/v2\/posts\/169633","targetHints":{"allow":["GET"]}}],"collection":[{"href":"https:\/\/lavras.tv\/site\/wp-json\/wp\/v2\/posts"}],"about":[{"href":"https:\/\/lavras.tv\/site\/wp-json\/wp\/v2\/types\/post"}],"author":[{"embeddable":true,"href":"https:\/\/lavras.tv\/site\/wp-json\/wp\/v2\/users\/5"}],"replies":[{"embeddable":true,"href":"https:\/\/lavras.tv\/site\/wp-json\/wp\/v2\/comments?post=169633"}],"version-history":[{"count":1,"href":"https:\/\/lavras.tv\/site\/wp-json\/wp\/v2\/posts\/169633\/revisions"}],"predecessor-version":[{"id":169637,"href":"https:\/\/lavras.tv\/site\/wp-json\/wp\/v2\/posts\/169633\/revisions\/169637"}],"wp:featuredmedia":[{"embeddable":true,"href":"https:\/\/lavras.tv\/site\/wp-json\/wp\/v2\/media\/169634"}],"wp:attachment":[{"href":"https:\/\/lavras.tv\/site\/wp-json\/wp\/v2\/media?parent=169633"}],"wp:term":[{"taxonomy":"category","embeddable":true,"href":"https:\/\/lavras.tv\/site\/wp-json\/wp\/v2\/categories?post=169633"},{"taxonomy":"post_tag","embeddable":true,"href":"https:\/\/lavras.tv\/site\/wp-json\/wp\/v2\/tags?post=169633"}],"curies":[{"name":"wp","href":"https:\/\/api.w.org\/{rel}","templated":true}]}}