{"id":169649,"date":"2026-03-10T10:12:51","date_gmt":"2026-03-10T13:12:51","guid":{"rendered":"https:\/\/lavras.tv\/site\/?p=169649"},"modified":"2026-03-10T10:12:52","modified_gmt":"2026-03-10T13:12:52","slug":"governo-de-minas-entrega-47-novos-veiculos-para-fiscalizacao-e-gestao-ambiental-no-estado","status":"publish","type":"post","link":"https:\/\/lavras.tv\/site\/2026\/03\/10\/governo-de-minas-entrega-47-novos-veiculos-para-fiscalizacao-e-gestao-ambiental-no-estado\/","title":{"rendered":"Governo de Minas entrega 47 novos ve\u00edculos para fiscaliza\u00e7\u00e3o e gest\u00e3o ambiental no estado"},"content":{"rendered":"<div class=\"lavra-antes-do-conteudo_2\" id=\"lavra-975483706\"><div id=\"lavra-slider-27\" class=\"custom-slider lavra-slider-1602408547 lavra-slider\"><ul><li><div style=\"margin-left: auto;margin-right: auto;text-align: center;\" id=\"lavra-15598513\"><a href=\"https:\/\/sistemas.lavras.mg.gov.br\/portalcidadao\/#df1b1a7c7b2a290bcb31e32771e610784662739a88807c0dacac58ede5f391a7530e299dc302d611ee73cb143fc22eaf93592e53e7b5bdb01b00a0b8d28dae460c141dd2ff83412e4dc1c31b16b25f33144a9e5620ea73b13f5bc1c59411d98439ad226e8af03840603796067d87afe130812cf3de24982d0e306f9e61e764e5\" aria-label=\"Lavras-TV&#8211;720x104px (1) (1)\"><img src=\"https:\/\/lavras.tv\/site\/wp-content\/uploads\/2025\/01\/Lavras-TV-720x104px-1-1.png\" alt=\"\"  srcset=\"https:\/\/lavras.tv\/site\/wp-content\/uploads\/2025\/01\/Lavras-TV-720x104px-1-1.png 720w, https:\/\/lavras.tv\/site\/wp-content\/uploads\/2025\/01\/Lavras-TV-720x104px-1-1-470x68.png 470w, https:\/\/lavras.tv\/site\/wp-content\/uploads\/2025\/01\/Lavras-TV-720x104px-1-1-170x25.png 170w, https:\/\/lavras.tv\/site\/wp-content\/uploads\/2025\/01\/Lavras-TV-720x104px-1-1-200x29.png 200w\" sizes=\"(max-width: 720px) 100vw, 720px\" width=\"720\" height=\"104\"  style=\"display: inline-block;\" \/><\/a><\/div><\/li><li><a href=\"https:\/\/sistemas.lavras.mg.gov.br\/portalcidadao\/#df1b1a7c7b2a290bcb31e32771e610784662739a88807c0dacac58ede5f391a7530e299dc302d611ee73cb143fc22eaf93592e53e7b5bdb01b00a0b8d28dae460c141dd2ff83412e4dc1c31b16b25f33144a9e5620ea73b13f5bc1c59411d98439ad226e8af03840603796067d87afe130812cf3de24982d0e306f9e61e764e5\" aria-label=\"Banner_Emprego_PortallavrasTV\"><img src=\"https:\/\/lavras.tv\/site\/wp-content\/uploads\/2025\/03\/Banner_Emprego_PortallavrasTV.png\" alt=\"\"  srcset=\"https:\/\/lavras.tv\/site\/wp-content\/uploads\/2025\/03\/Banner_Emprego_PortallavrasTV.png 720w, https:\/\/lavras.tv\/site\/wp-content\/uploads\/2025\/03\/Banner_Emprego_PortallavrasTV-470x68.png 470w, https:\/\/lavras.tv\/site\/wp-content\/uploads\/2025\/03\/Banner_Emprego_PortallavrasTV-170x25.png 170w, https:\/\/lavras.tv\/site\/wp-content\/uploads\/2025\/03\/Banner_Emprego_PortallavrasTV-200x29.png 200w\" sizes=\"(max-width: 720px) 100vw, 720px\" width=\"720\" height=\"104\"   \/><\/a><\/li><li><a href=\"https:\/\/sistemas.lavras.mg.gov.br\/portalcidadao\/#df1b1a7c7b2a290bcb31e32771e610784662739a88807c0dacac58ede5f391a7530e299dc302d611ee73cb143fc22eaf93592e53e7b5bdb01b00a0b8d28dae460c141dd2ff83412e4dc1c31b16b25f33144a9e5620ea73b13f5bc1c59411d98439ad226e8af03840603796067d87afe130812cf3de24982d0e306f9e61e764e5\" aria-label=\"Banner_Obras_PortallavrasTV\"><img src=\"https:\/\/lavras.tv\/site\/wp-content\/uploads\/2025\/03\/Banner_Obras_PortallavrasTV.png\" alt=\"\"  srcset=\"https:\/\/lavras.tv\/site\/wp-content\/uploads\/2025\/03\/Banner_Obras_PortallavrasTV.png 720w, https:\/\/lavras.tv\/site\/wp-content\/uploads\/2025\/03\/Banner_Obras_PortallavrasTV-470x68.png 470w, https:\/\/lavras.tv\/site\/wp-content\/uploads\/2025\/03\/Banner_Obras_PortallavrasTV-170x25.png 170w, https:\/\/lavras.tv\/site\/wp-content\/uploads\/2025\/03\/Banner_Obras_PortallavrasTV-200x29.png 200w\" sizes=\"(max-width: 720px) 100vw, 720px\" width=\"720\" height=\"104\"   \/><\/a><\/li><li><div style=\"margin-left: auto;margin-right: auto;text-align: center;\" id=\"lavra-3773693415\"><a href=\"https:\/\/sistemas.lavras.mg.gov.br\/portalcidadao\/#df1b1a7c7b2a290bcb31e32771e610784662739a88807c0dacac58ede5f391a7530e299dc302d611ee73cb143fc22eaf93592e53e7b5bdb01b00a0b8d28dae460c141dd2ff83412e4dc1c31b16b25f33144a9e5620ea73b13f5bc1c59411d98439ad226e8af03840603796067d87afe130812cf3de24982d0e306f9e61e764e5\" aria-label=\"Banner_Educa\u00e7\u00e3o_PortallavrasTV\"><img src=\"https:\/\/lavras.tv\/site\/wp-content\/uploads\/2025\/01\/Banner_Educacao_PortallavrasTV.png\" alt=\"\"  srcset=\"https:\/\/lavras.tv\/site\/wp-content\/uploads\/2025\/01\/Banner_Educacao_PortallavrasTV.png 720w, https:\/\/lavras.tv\/site\/wp-content\/uploads\/2025\/01\/Banner_Educacao_PortallavrasTV-470x68.png 470w, https:\/\/lavras.tv\/site\/wp-content\/uploads\/2025\/01\/Banner_Educacao_PortallavrasTV-170x25.png 170w, https:\/\/lavras.tv\/site\/wp-content\/uploads\/2025\/01\/Banner_Educacao_PortallavrasTV-200x29.png 200w\" sizes=\"(max-width: 720px) 100vw, 720px\" width=\"720\" height=\"104\"  style=\"display: inline-block;\" \/><\/a><\/div><\/li><li><a href=\"https:\/\/sistemas.lavras.mg.gov.br\/portalcidadao\/#df1b1a7c7b2a290bcb31e32771e610784662739a88807c0dacac58ede5f391a7530e299dc302d611ee73cb143fc22eaf93592e53e7b5bdb01b00a0b8d28dae460c141dd2ff83412e4dc1c31b16b25f33144a9e5620ea73b13f5bc1c59411d98439ad226e8af03840603796067d87afe130812cf3de24982d0e306f9e61e764e5\" aria-label=\"Banner_Sa\u00fade_PortallavrasTV\"><img src=\"https:\/\/lavras.tv\/site\/wp-content\/uploads\/2025\/03\/Banner_Saude_PortallavrasTV.png\" alt=\"\"  srcset=\"https:\/\/lavras.tv\/site\/wp-content\/uploads\/2025\/03\/Banner_Saude_PortallavrasTV.png 720w, https:\/\/lavras.tv\/site\/wp-content\/uploads\/2025\/03\/Banner_Saude_PortallavrasTV-470x68.png 470w, https:\/\/lavras.tv\/site\/wp-content\/uploads\/2025\/03\/Banner_Saude_PortallavrasTV-170x25.png 170w, https:\/\/lavras.tv\/site\/wp-content\/uploads\/2025\/03\/Banner_Saude_PortallavrasTV-200x29.png 200w\" sizes=\"(max-width: 720px) 100vw, 720px\" width=\"720\" height=\"104\"   \/><\/a><\/li><li><div id=\"lavra-1467352260\" style=\"width:720px;height:104px;background-color:#ddd;overflow:scroll;\">\n\t<strong>Sa\u00edda da depura\u00e7\u00e3o de an\u00fancios<\/strong>\n\t<br><br>\n\tO an\u00fancio n\u00e3o \u00e9 exibido na p\u00e1gina<br><br>post atual: Governo de Minas entrega 47 novos ve\u00edculos para fiscaliza\u00e7\u00e3o e gest\u00e3o ambiental no estado, ID: 169649<br><br><span style=\"color: red;\">O post atual n\u00e3o \u00e9 id\u00eantico ao post principal.<\/span><br><br>An\u00fancios: ROXO - TOPO INTERNA - ROTATIVO 2 (197)<br \/>Grupo de an\u00fancios: Princ_Meio01_720x104 (27)<br><br>Condi\u00e7\u00f5es de exibi\u00e7\u00e3o<div style=\"margin-bottom: 20px; white-space: pre-wrap; font-family: monospace; width: 100%; background: #ffe9e9;\"><strong>condi\u00e7\u00f5es gerais<\/strong><table border=\"1\"><thead><tr><th><\/th><th>An\u00fancios<\/th><th>wp_the_query<\/th><\/tr><\/thead><tr><td>is_main_query<\/td><td>1<\/td><td>1<\/td><\/tr><tr><td>is_rest_api<\/td><td>0<\/td><td>1<\/td><\/tr><tr><td>page<\/td><td>0<\/td><td>1<\/td><\/tr><tr><td>numpages<\/td><td>0<\/td><td>1<\/td><\/tr><tr><td>is_archive<\/td><td>1<\/td><td><\/td><\/tr><tr><td>is_search<\/td><td>1<\/td><td><\/td><\/tr><tr><td>is_home<\/td><td>1<\/td><td><\/td><\/tr><tr><td>is_404<\/td><td>1<\/td><td><\/td><\/tr><tr><td>is_attachment<\/td><td>1<\/td><td><\/td><\/tr><tr><td>is_singular<\/td><td>1<\/td><td><\/td><\/tr><tr><td>is_front_page<\/td><td>1<\/td><td><\/td><\/tr><tr><td>is_feed<\/td><td>1<\/td><td><\/td><\/tr><\/table><\/div><br><br><span style=\"color: red;\">Seu site usa HTTPS, mas o c\u00f3digo do an\u00fancio cont\u00e9m HTTP e pode n\u00e3o funcionar.<\/span>\t<br><br>\n\t<a style=\"color: green;\" href=\"https:\/\/wpadvancedads.com\/manual\/ad-debug-mode\/?utm_source=advanced-ads&utm_medium=link&utm_campaign=ad-debug-mode\" target=\"_blank\" rel=\"nofollow\">Encontre solu\u00e7\u00f5es no manual<\/a>\n<\/div>\n<\/li><\/ul><\/div><script>( window.advanced_ads_ready || jQuery( document ).ready ).call( null, function() {var $lavraslider1602408547 = jQuery( \".lavra-slider-1602408547\" );$lavraslider1602408547.on( \"unslider.ready\", function() { jQuery( \"div.custom-slider ul li\" ).css( \"display\", \"block\" ); });$lavraslider1602408547.unslider({ delay:4000, autoplay:true, nav:false, arrows:false, infinite:true });$lavraslider1602408547.on(\"mouseover\", function() {$lavraslider1602408547.unslider(\"stop\");}).on(\"mouseout\", function() {$lavraslider1602408547.unslider(\"start\");});});<\/script><\/div>\n<h2 class=\"wp-block-heading\">Renova\u00e7\u00e3o da frota fortalece a\u00e7\u00f5es de monitoramento de barragens e de gest\u00e3o de recursos h\u00eddricos no estado<\/h2>\n\n\n\n<figure class=\"wp-block-image\"><img decoding=\"async\" src=\"https:\/\/agenciaminas.mg.gov.br\/system\/news\/images\/000\/129\/308\/large\/RSS_182551.jpeg?1773090738\" alt=\"imagem de destaque\"\/><\/figure>\n\n\n\n<p>O&nbsp;<a href=\"https:\/\/www.mg.gov.br\/\" target=\"_blank\" rel=\"noreferrer noopener\">Governo de Minas<\/a>&nbsp;entregou 47 novos ve\u00edculos para fortalecer a capacidade operacional das equipes respons\u00e1veis por fiscaliza\u00e7\u00e3o, monitoramento e gest\u00e3o ambiental no estado, nesta segunda-feira (9\/3), em Belo Horizonte.<br><br>Os autom\u00f3veis est\u00e3o sendo direcionados ao Sistema Estadual de Meio Ambiente e Recursos H\u00eddricos (Sisema), dentro do projeto de renova\u00e7\u00e3o da frota utilizada pelos \u00f3rg\u00e3os ambientais em Minas Gerais. Nesta primeira etapa da iniciativa, os 47 ve\u00edculos foram adquiridos ao investimento de R$ 9,4 milh\u00f5es, viabilizado por meio de recursos provenientes de Termo de Ajustamento de Conduta (TAC) firmado com a mineradora Vale.<br><br>A renova\u00e7\u00e3o da frota prev\u00ea a substitui\u00e7\u00e3o gradual de ve\u00edculos antigos por modelos mais modernos e tecnologicamente seguros, garantindo maior conforto e seguran\u00e7a para condutores e passageiros, ampliando a disponibilidade da frota para as atividades institucionais.<br><br>Os novos ve\u00edculos tamb\u00e9m ampliam a autonomia das equipes t\u00e9cnicas que atuam em campo em diferentes regi\u00f5es do estado, contribuindo para maior agilidade nas a\u00e7\u00f5es de fiscaliza\u00e7\u00e3o, monitoramento e acompanhamento de empreendimentos, conforme frisou Lyssandro Norton, secret\u00e1rio de Estado de&nbsp;<a href=\"https:\/\/meioambiente.mg.gov.br\/\" target=\"_blank\" rel=\"noreferrer noopener\">Meio Ambiente e Desenvolvimento Sustent\u00e1vel de Minas Gerais, (Semad)<\/a>.<br>&nbsp;<\/p>\n\n\n\n<figure class=\"wp-block-table\"><table class=\"has-fixed-layout\"><tbody><tr><td class=\"has-text-align-center\" data-align=\"center\" colspan=\"5\"><img decoding=\"async\" alt=\"\" src=\"https:\/\/agenciaminas.mg.gov.br\/ckeditor_assets\/pictures\/20949\/content_2_olho_topo.jpg\"><\/td><\/tr><tr><td class=\"has-text-align-center\" data-align=\"center\">&nbsp;<\/td><td class=\"has-text-align-center\" data-align=\"center\" colspan=\"3\" rowspan=\"3\"><strong>&#8220;\u00c9 important\u00edssimo equipar as nossas for\u00e7as p\u00fablicas, que j\u00e1 s\u00e3o extremamente dedicadas \u00e0 presta\u00e7\u00e3o de servi\u00e7os \u00e0 sociedade mineira. Para que, com incremento \u00e0s a\u00e7\u00f5es de fiscaliza\u00e7\u00e3o e monitoramento, n\u00f3s possamos transmitir \u00e0 sociedade mineira mais seguran\u00e7a e maior previsibilidade em rela\u00e7\u00e3o \u00e0s quest\u00f5es clim\u00e1ticas&#8221;, destacou Lyssandro Norton.<\/strong><\/td><td class=\"has-text-align-center\" data-align=\"center\">&nbsp;<\/td><\/tr><tr><td class=\"has-text-align-center\" data-align=\"center\">&nbsp;<\/td><td class=\"has-text-align-center\" data-align=\"center\">&nbsp;<\/td><\/tr><tr><td class=\"has-text-align-center\" data-align=\"center\">&nbsp;<\/td><td class=\"has-text-align-center\" data-align=\"center\">&nbsp;<\/td><\/tr><tr><td class=\"has-text-align-center\" data-align=\"center\" colspan=\"5\"><img decoding=\"async\" alt=\"\" src=\"https:\/\/agenciaminas.mg.gov.br\/ckeditor_assets\/pictures\/20950\/content_2_olho_inferior.jpg\"><\/td><\/tr><\/tbody><\/table><\/figure>\n\n\n\n<p><br>Ainda em 2026, est\u00e1 prevista a continuidade da moderniza\u00e7\u00e3o da frota, com novas aquisi\u00e7\u00f5es destinadas ao N\u00facleo de Emerg\u00eancias Ambientais, incluindo quatro caminhonetes, al\u00e9m de utilit\u00e1rios voltados ao transporte de cargas.<br><br><strong>Fiscaliza\u00e7\u00e3o<\/strong><br><br>Os ve\u00edculos ser\u00e3o distribu\u00eddos entre \u00f3rg\u00e3os como a&nbsp;<a href=\"https:\/\/feam.br\/\" target=\"_blank\" rel=\"noreferrer noopener\">Funda\u00e7\u00e3o Estadual do Meio Ambiente (Feam)<\/a>, que receber\u00e1 34 carros, sendo 13 de passeio e 21 caminhonetes. Esses autom\u00f3veis ampliar\u00e3o as condi\u00e7\u00f5es operacionais das equipes respons\u00e1veis pelo acompanhamento de barragens de minera\u00e7\u00e3o, especialmente aquelas inseridas na Lei Estadual n\u00ba 23.291\/2019 (Mar de Lama Nunca Mais), que estabelece regras mais r\u00edgidas de seguran\u00e7a para essas estruturas.&nbsp;<br><br>A nova frota tamb\u00e9m permitir\u00e1 intensificar as vistorias em empreendimentos miner\u00e1rios paralisados ou abandonados, acompanhar processos de remedia\u00e7\u00e3o de \u00e1reas contaminadas e fiscalizar empreendimentos em processo de licenciamento ambiental.<br>&nbsp;<\/p>\n\n\n\n<figure class=\"wp-block-table\"><table class=\"has-fixed-layout\"><tbody><tr><td class=\"has-text-align-center\" data-align=\"center\" colspan=\"5\"><img decoding=\"async\" alt=\"\" src=\"https:\/\/agenciaminas.mg.gov.br\/ckeditor_assets\/pictures\/20949\/content_2_olho_topo.jpg\"><\/td><\/tr><tr><td class=\"has-text-align-center\" data-align=\"center\">&nbsp;<\/td><td class=\"has-text-align-center\" data-align=\"center\" colspan=\"3\" rowspan=\"3\"><strong>O presidente da Feam, Edson de Resende, celebrou as entregas dos novos carros. &#8220;No caso da Feam, os ve\u00edculos ser\u00e3o muito \u00fateis para os nossos servi\u00e7os de vistoria. Essa renova\u00e7\u00e3o traz uma economia tamb\u00e9m, pois os ve\u00edculos novos tendem a dar menos problemas para manuten\u00e7\u00e3o&#8221;.<\/strong><\/td><td class=\"has-text-align-center\" data-align=\"center\">&nbsp;<\/td><\/tr><tr><td class=\"has-text-align-center\" data-align=\"center\">&nbsp;<\/td><td class=\"has-text-align-center\" data-align=\"center\">&nbsp;<\/td><\/tr><tr><td class=\"has-text-align-center\" data-align=\"center\">&nbsp;<\/td><td class=\"has-text-align-center\" data-align=\"center\">&nbsp;<\/td><\/tr><tr><td class=\"has-text-align-center\" data-align=\"center\" colspan=\"5\"><img decoding=\"async\" alt=\"\" src=\"https:\/\/agenciaminas.mg.gov.br\/ckeditor_assets\/pictures\/20950\/content_2_olho_inferior.jpg\"><\/td><\/tr><\/tbody><\/table><\/figure>\n\n\n\n<p><br>Atualmente, a Feam acompanha o processo de descaracteriza\u00e7\u00e3o de barragens constru\u00eddas pelo m\u00e9todo de alteamento a montante. Das 54 estruturas inicialmente identificadas, 25 j\u00e1 foram descaracterizadas, enquanto as demais seguem em processo de acompanhamento t\u00e9cnico. Somente em 2025, foram realizadas 85 fiscaliza\u00e7\u00f5es nessas estruturas.<br><br>A Semad ser\u00e1 contemplada com nove ve\u00edculos, dois de passeio, seis caminhonetes e uma van de carga, enquanto os outros quatro ve\u00edculos ir\u00e3o para o&nbsp;<a href=\"https:\/\/igam.mg.gov.br\/\" target=\"_blank\" rel=\"noreferrer noopener\">Instituto Mineiro de Gest\u00e3o das \u00c1guas (Igam)<\/a>, um de passeio e tr\u00eas caminhonetes.<br><br>Os novos ve\u00edculos do Igam ser\u00e3o utilizados em atividades relacionadas \u00e0 Seguran\u00e7a de Barragens de Acumula\u00e7\u00e3o de \u00c1gua, conduzidas pela Ger\u00eancia de Seguran\u00e7a de Barragens e Sistemas H\u00eddricos (Gesih), em conformidade com a Pol\u00edtica Nacional de Seguran\u00e7a de Barragens (Lei n\u00ba 12.334\/2010). Os ve\u00edculos tamb\u00e9m dar\u00e3o suporte \u00e0s equipes de hidrometria, respons\u00e1veis pelo monitoramento hidrometeorol\u00f3gico e pela moderniza\u00e7\u00e3o das esta\u00e7\u00f5es de monitoramento em todo o estado.<br>&nbsp;<\/p>\n\n\n\n<figure class=\"wp-block-table\"><table class=\"has-fixed-layout\"><tbody><tr><td class=\"has-text-align-center\" data-align=\"center\" colspan=\"5\"><img decoding=\"async\" alt=\"\" src=\"https:\/\/agenciaminas.mg.gov.br\/ckeditor_assets\/pictures\/20949\/content_2_olho_topo.jpg\"><\/td><\/tr><tr><td class=\"has-text-align-center\" data-align=\"center\">&nbsp;<\/td><td class=\"has-text-align-center\" data-align=\"center\" colspan=\"3\" rowspan=\"3\"><strong>&#8220;A entrega desses ve\u00edculos vem para refor\u00e7ar toda a estrutura do Sisema, especialmente no caso do Igam. Estamos recebendo ve\u00edculos que v\u00e3o dar apoio \u00e0 Gesih, para que nossa equipe possa estar apta a exercer suas fun\u00e7\u00f5es de fiscaliza\u00e7\u00e3o, como tamb\u00e9m os ve\u00edculos de hidrometria, esse importante servi\u00e7o que n\u00f3s prestamos \u00e0 sociedade mineira, ao acompanhar a vaz\u00e3o dos nossos corpos h\u00eddricos&#8221;, afirmou o&nbsp;diretor-geral do Igam, Marcelo da Fonseca.<\/strong><\/td><td class=\"has-text-align-center\" data-align=\"center\">&nbsp;<\/td><\/tr><tr><td class=\"has-text-align-center\" data-align=\"center\">&nbsp;<\/td><td class=\"has-text-align-center\" data-align=\"center\">&nbsp;<\/td><\/tr><tr><td class=\"has-text-align-center\" data-align=\"center\">&nbsp;<\/td><td class=\"has-text-align-center\" data-align=\"center\">&nbsp;<\/td><\/tr><tr><td class=\"has-text-align-center\" data-align=\"center\" colspan=\"5\"><img decoding=\"async\" alt=\"\" src=\"https:\/\/agenciaminas.mg.gov.br\/ckeditor_assets\/pictures\/20950\/content_2_olho_inferior.jpg\"><\/td><\/tr><\/tbody><\/table><\/figure>\n\n\n\n<p><br>As a\u00e7\u00f5es contribuem para o cumprimento de metas de programas estrat\u00e9gicos como Progest\u00e3o e Quali\u00e1gua, voltados ao monitoramento e \u00e0 divulga\u00e7\u00e3o de dados sobre a qualidade da \u00e1gua em Minas Gerais.<\/p>\n","protected":false},"excerpt":{"rendered":"<p>Renova\u00e7\u00e3o da frota fortalece a\u00e7\u00f5es de monitoramento de barragens e de gest\u00e3o de recursos h\u00eddricos no estado O&nbsp;Governo de Minas&nbsp;entregou 47 novos ve\u00edculos para fortalecer a capacidade operacional das equipes respons\u00e1veis por fiscaliza\u00e7\u00e3o, monitoramento e gest\u00e3o ambiental no estado, nesta segunda-feira (9\/3), em Belo Horizonte. Os autom\u00f3veis est\u00e3o sendo direcionados ao Sistema Estadual de Meio [&hellip;]<\/p>\n","protected":false},"author":5,"featured_media":169650,"comment_status":"closed","ping_status":"open","sticky":false,"template":"","format":"standard","meta":{"advgb_blocks_editor_width":"","advgb_blocks_columns_visual_guide":"","_exactmetrics_skip_tracking":false,"_exactmetrics_sitenote_active":false,"_exactmetrics_sitenote_note":"","_exactmetrics_sitenote_category":0,"footnotes":""},"categories":[7,2],"tags":[],"class_list":["post-169649","post","type-post","status-publish","format-standard","has-post-thumbnail","hentry","category-destaques","category-noticias"],"better_featured_image":{"id":169650,"alt_text":"","caption":"","description":"","media_type":"image","media_details":{"width":2560,"height":1706,"file":"2026\/03\/RSS_182551-scaled.jpeg","filesize":462313,"sizes":{"medium":{"file":"RSS_182551-450x300.jpeg","width":450,"height":300,"mime-type":"image\/jpeg","filesize":28457,"source_url":"https:\/\/lavras.tv\/site\/wp-content\/uploads\/2026\/03\/RSS_182551-450x300.jpeg"},"large":{"file":"RSS_182551-970x647.jpeg","width":970,"height":647,"mime-type":"image\/jpeg","filesize":96052,"source_url":"https:\/\/lavras.tv\/site\/wp-content\/uploads\/2026\/03\/RSS_182551-970x647.jpeg"},"thumbnail":{"file":"RSS_182551-170x113.jpeg","width":170,"height":113,"mime-type":"image\/jpeg","filesize":6162,"source_url":"https:\/\/lavras.tv\/site\/wp-content\/uploads\/2026\/03\/RSS_182551-170x113.jpeg"},"1536x1536":{"file":"RSS_182551-1536x1024.jpeg","width":1536,"height":1024,"mime-type":"image\/jpeg","filesize":199875,"source_url":"https:\/\/lavras.tv\/site\/wp-content\/uploads\/2026\/03\/RSS_182551-1536x1024.jpeg"},"2048x2048":{"file":"RSS_182551-2048x1365.jpeg","width":2048,"height":1365,"mime-type":"image\/jpeg","filesize":319518,"source_url":"https:\/\/lavras.tv\/site\/wp-content\/uploads\/2026\/03\/RSS_182551-2048x1365.jpeg"},"alm-thumbnail":{"file":"RSS_182551-150x150.jpeg","width":150,"height":150,"mime-type":"image\/jpeg","filesize":6690,"source_url":"https:\/\/lavras.tv\/site\/wp-content\/uploads\/2026\/03\/RSS_182551-150x150.jpeg"},"sow-carousel-default":{"file":"RSS_182551-272x182.jpeg","width":272,"height":182,"mime-type":"image\/jpeg","filesize":12648,"source_url":"https:\/\/lavras.tv\/site\/wp-content\/uploads\/2026\/03\/RSS_182551-272x182.jpeg"}},"image_meta":{"aperture":"0","credit":"","camera":"","caption":"","created_timestamp":"0","copyright":"","focal_length":"0","iso":"0","shutter_speed":"0","title":"","orientation":"0","keywords":[]},"original_image":"RSS_182551.jpeg"},"post":169649,"source_url":"https:\/\/lavras.tv\/site\/wp-content\/uploads\/2026\/03\/RSS_182551-scaled.jpeg"},"author_meta":{"display_name":"Vinicius Bustamante","author_link":"https:\/\/lavras.tv\/site\/author\/vinicius-bustamante\/"},"featured_img":"https:\/\/lavras.tv\/site\/wp-content\/uploads\/2026\/03\/RSS_182551-450x300.jpeg","coauthors":[],"tax_additional":{"categories":{"linked":["<a href=\"https:\/\/lavras.tv\/site\/category\/destaques\/\" class=\"advgb-post-tax-term\">Destaques<\/a>","<a href=\"https:\/\/lavras.tv\/site\/category\/noticias\/\" class=\"advgb-post-tax-term\">Not\u00edcias<\/a>"],"unlinked":["<span class=\"advgb-post-tax-term\">Destaques<\/span>","<span class=\"advgb-post-tax-term\">Not\u00edcias<\/span>"]}},"comment_count":"0","relative_dates":{"created":"Publicado 2 meses atr\u00e1s","modified":"Atualizado 2 meses atr\u00e1s"},"absolute_dates":{"created":"Publicado em 10 de mar\u00e7o de 2026","modified":"Atualizado em 10 de mar\u00e7o de 2026"},"absolute_dates_time":{"created":"Publicado em 10 de mar\u00e7o de 2026 10:12","modified":"Atualizado em 10 de mar\u00e7o de 2026 10:12"},"featured_img_caption":"","series_order":"","_links":{"self":[{"href":"https:\/\/lavras.tv\/site\/wp-json\/wp\/v2\/posts\/169649","targetHints":{"allow":["GET"]}}],"collection":[{"href":"https:\/\/lavras.tv\/site\/wp-json\/wp\/v2\/posts"}],"about":[{"href":"https:\/\/lavras.tv\/site\/wp-json\/wp\/v2\/types\/post"}],"author":[{"embeddable":true,"href":"https:\/\/lavras.tv\/site\/wp-json\/wp\/v2\/users\/5"}],"replies":[{"embeddable":true,"href":"https:\/\/lavras.tv\/site\/wp-json\/wp\/v2\/comments?post=169649"}],"version-history":[{"count":1,"href":"https:\/\/lavras.tv\/site\/wp-json\/wp\/v2\/posts\/169649\/revisions"}],"predecessor-version":[{"id":169651,"href":"https:\/\/lavras.tv\/site\/wp-json\/wp\/v2\/posts\/169649\/revisions\/169651"}],"wp:featuredmedia":[{"embeddable":true,"href":"https:\/\/lavras.tv\/site\/wp-json\/wp\/v2\/media\/169650"}],"wp:attachment":[{"href":"https:\/\/lavras.tv\/site\/wp-json\/wp\/v2\/media?parent=169649"}],"wp:term":[{"taxonomy":"category","embeddable":true,"href":"https:\/\/lavras.tv\/site\/wp-json\/wp\/v2\/categories?post=169649"},{"taxonomy":"post_tag","embeddable":true,"href":"https:\/\/lavras.tv\/site\/wp-json\/wp\/v2\/tags?post=169649"}],"curies":[{"name":"wp","href":"https:\/\/api.w.org\/{rel}","templated":true}]}}