{"id":169652,"date":"2026-03-10T10:14:30","date_gmt":"2026-03-10T13:14:30","guid":{"rendered":"https:\/\/lavras.tv\/site\/?p=169652"},"modified":"2026-03-10T10:14:32","modified_gmt":"2026-03-10T13:14:32","slug":"pequenos-negocios-atingidos-pelas-chuvas-em-minas-gerais-terao-100-de-aval-de-credito","status":"publish","type":"post","link":"https:\/\/lavras.tv\/site\/2026\/03\/10\/pequenos-negocios-atingidos-pelas-chuvas-em-minas-gerais-terao-100-de-aval-de-credito\/","title":{"rendered":"Pequenos neg\u00f3cios atingidos pelas chuvas em Minas Gerais ter\u00e3o 100% de aval de cr\u00e9dito"},"content":{"rendered":"<div class=\"lavra-antes-do-conteudo_2\" id=\"lavra-2296964209\"><div id=\"lavra-slider-27\" class=\"custom-slider lavra-slider-2798097592 lavra-slider\"><ul><li><div style=\"margin-left: auto;margin-right: auto;text-align: center;\" id=\"lavra-2995553537\"><a href=\"https:\/\/sistemas.lavras.mg.gov.br\/portalcidadao\/#df1b1a7c7b2a290bcb31e32771e610784662739a88807c0dacac58ede5f391a7530e299dc302d611ee73cb143fc22eaf93592e53e7b5bdb01b00a0b8d28dae460c141dd2ff83412e4dc1c31b16b25f33144a9e5620ea73b13f5bc1c59411d98439ad226e8af03840603796067d87afe130812cf3de24982d0e306f9e61e764e5\" aria-label=\"Lavras-TV&#8211;720x104px (1) (1)\"><img src=\"https:\/\/lavras.tv\/site\/wp-content\/uploads\/2025\/01\/Lavras-TV-720x104px-1-1.png\" alt=\"\"  srcset=\"https:\/\/lavras.tv\/site\/wp-content\/uploads\/2025\/01\/Lavras-TV-720x104px-1-1.png 720w, https:\/\/lavras.tv\/site\/wp-content\/uploads\/2025\/01\/Lavras-TV-720x104px-1-1-470x68.png 470w, https:\/\/lavras.tv\/site\/wp-content\/uploads\/2025\/01\/Lavras-TV-720x104px-1-1-170x25.png 170w, https:\/\/lavras.tv\/site\/wp-content\/uploads\/2025\/01\/Lavras-TV-720x104px-1-1-200x29.png 200w\" sizes=\"(max-width: 720px) 100vw, 720px\" width=\"720\" height=\"104\"  style=\"display: inline-block;\" \/><\/a><\/div><\/li><li><a href=\"https:\/\/sistemas.lavras.mg.gov.br\/portalcidadao\/#df1b1a7c7b2a290bcb31e32771e610784662739a88807c0dacac58ede5f391a7530e299dc302d611ee73cb143fc22eaf93592e53e7b5bdb01b00a0b8d28dae460c141dd2ff83412e4dc1c31b16b25f33144a9e5620ea73b13f5bc1c59411d98439ad226e8af03840603796067d87afe130812cf3de24982d0e306f9e61e764e5\" aria-label=\"Banner_Emprego_PortallavrasTV\"><img src=\"https:\/\/lavras.tv\/site\/wp-content\/uploads\/2025\/03\/Banner_Emprego_PortallavrasTV.png\" alt=\"\"  srcset=\"https:\/\/lavras.tv\/site\/wp-content\/uploads\/2025\/03\/Banner_Emprego_PortallavrasTV.png 720w, https:\/\/lavras.tv\/site\/wp-content\/uploads\/2025\/03\/Banner_Emprego_PortallavrasTV-470x68.png 470w, https:\/\/lavras.tv\/site\/wp-content\/uploads\/2025\/03\/Banner_Emprego_PortallavrasTV-170x25.png 170w, https:\/\/lavras.tv\/site\/wp-content\/uploads\/2025\/03\/Banner_Emprego_PortallavrasTV-200x29.png 200w\" sizes=\"(max-width: 720px) 100vw, 720px\" width=\"720\" height=\"104\"   \/><\/a><\/li><li><a href=\"https:\/\/sistemas.lavras.mg.gov.br\/portalcidadao\/#df1b1a7c7b2a290bcb31e32771e610784662739a88807c0dacac58ede5f391a7530e299dc302d611ee73cb143fc22eaf93592e53e7b5bdb01b00a0b8d28dae460c141dd2ff83412e4dc1c31b16b25f33144a9e5620ea73b13f5bc1c59411d98439ad226e8af03840603796067d87afe130812cf3de24982d0e306f9e61e764e5\" aria-label=\"Banner_Obras_PortallavrasTV\"><img src=\"https:\/\/lavras.tv\/site\/wp-content\/uploads\/2025\/03\/Banner_Obras_PortallavrasTV.png\" alt=\"\"  srcset=\"https:\/\/lavras.tv\/site\/wp-content\/uploads\/2025\/03\/Banner_Obras_PortallavrasTV.png 720w, https:\/\/lavras.tv\/site\/wp-content\/uploads\/2025\/03\/Banner_Obras_PortallavrasTV-470x68.png 470w, https:\/\/lavras.tv\/site\/wp-content\/uploads\/2025\/03\/Banner_Obras_PortallavrasTV-170x25.png 170w, https:\/\/lavras.tv\/site\/wp-content\/uploads\/2025\/03\/Banner_Obras_PortallavrasTV-200x29.png 200w\" sizes=\"(max-width: 720px) 100vw, 720px\" width=\"720\" height=\"104\"   \/><\/a><\/li><li><div style=\"margin-left: auto;margin-right: auto;text-align: center;\" id=\"lavra-476131318\"><a href=\"https:\/\/sistemas.lavras.mg.gov.br\/portalcidadao\/#df1b1a7c7b2a290bcb31e32771e610784662739a88807c0dacac58ede5f391a7530e299dc302d611ee73cb143fc22eaf93592e53e7b5bdb01b00a0b8d28dae460c141dd2ff83412e4dc1c31b16b25f33144a9e5620ea73b13f5bc1c59411d98439ad226e8af03840603796067d87afe130812cf3de24982d0e306f9e61e764e5\" aria-label=\"Banner_Educa\u00e7\u00e3o_PortallavrasTV\"><img src=\"https:\/\/lavras.tv\/site\/wp-content\/uploads\/2025\/01\/Banner_Educacao_PortallavrasTV.png\" alt=\"\"  srcset=\"https:\/\/lavras.tv\/site\/wp-content\/uploads\/2025\/01\/Banner_Educacao_PortallavrasTV.png 720w, https:\/\/lavras.tv\/site\/wp-content\/uploads\/2025\/01\/Banner_Educacao_PortallavrasTV-470x68.png 470w, https:\/\/lavras.tv\/site\/wp-content\/uploads\/2025\/01\/Banner_Educacao_PortallavrasTV-170x25.png 170w, https:\/\/lavras.tv\/site\/wp-content\/uploads\/2025\/01\/Banner_Educacao_PortallavrasTV-200x29.png 200w\" sizes=\"(max-width: 720px) 100vw, 720px\" width=\"720\" height=\"104\"  style=\"display: inline-block;\" \/><\/a><\/div><\/li><li><a href=\"https:\/\/sistemas.lavras.mg.gov.br\/portalcidadao\/#df1b1a7c7b2a290bcb31e32771e610784662739a88807c0dacac58ede5f391a7530e299dc302d611ee73cb143fc22eaf93592e53e7b5bdb01b00a0b8d28dae460c141dd2ff83412e4dc1c31b16b25f33144a9e5620ea73b13f5bc1c59411d98439ad226e8af03840603796067d87afe130812cf3de24982d0e306f9e61e764e5\" aria-label=\"Banner_Sa\u00fade_PortallavrasTV\"><img src=\"https:\/\/lavras.tv\/site\/wp-content\/uploads\/2025\/03\/Banner_Saude_PortallavrasTV.png\" alt=\"\"  srcset=\"https:\/\/lavras.tv\/site\/wp-content\/uploads\/2025\/03\/Banner_Saude_PortallavrasTV.png 720w, https:\/\/lavras.tv\/site\/wp-content\/uploads\/2025\/03\/Banner_Saude_PortallavrasTV-470x68.png 470w, https:\/\/lavras.tv\/site\/wp-content\/uploads\/2025\/03\/Banner_Saude_PortallavrasTV-170x25.png 170w, https:\/\/lavras.tv\/site\/wp-content\/uploads\/2025\/03\/Banner_Saude_PortallavrasTV-200x29.png 200w\" sizes=\"(max-width: 720px) 100vw, 720px\" width=\"720\" height=\"104\"   \/><\/a><\/li><li><div id=\"lavra-2286918693\" style=\"width:720px;height:104px;background-color:#ddd;overflow:scroll;\">\n\t<strong>Sa\u00edda da depura\u00e7\u00e3o de an\u00fancios<\/strong>\n\t<br><br>\n\tO an\u00fancio n\u00e3o \u00e9 exibido na p\u00e1gina<br><br>post atual: Pequenos neg\u00f3cios atingidos pelas chuvas em Minas Gerais ter\u00e3o 100% de aval de cr\u00e9dito, ID: 169652<br><br><span style=\"color: red;\">O post atual n\u00e3o \u00e9 id\u00eantico ao post principal.<\/span><br><br>An\u00fancios: ROXO - TOPO INTERNA - ROTATIVO 2 (197)<br \/>Grupo de an\u00fancios: Princ_Meio01_720x104 (27)<br><br>Condi\u00e7\u00f5es de exibi\u00e7\u00e3o<div style=\"margin-bottom: 20px; white-space: pre-wrap; font-family: monospace; width: 100%; background: #ffe9e9;\"><strong>condi\u00e7\u00f5es gerais<\/strong><table border=\"1\"><thead><tr><th><\/th><th>An\u00fancios<\/th><th>wp_the_query<\/th><\/tr><\/thead><tr><td>is_main_query<\/td><td>1<\/td><td>1<\/td><\/tr><tr><td>is_rest_api<\/td><td>0<\/td><td>1<\/td><\/tr><tr><td>page<\/td><td>0<\/td><td>1<\/td><\/tr><tr><td>numpages<\/td><td>0<\/td><td>1<\/td><\/tr><tr><td>is_archive<\/td><td>1<\/td><td><\/td><\/tr><tr><td>is_search<\/td><td>1<\/td><td><\/td><\/tr><tr><td>is_home<\/td><td>1<\/td><td><\/td><\/tr><tr><td>is_404<\/td><td>1<\/td><td><\/td><\/tr><tr><td>is_attachment<\/td><td>1<\/td><td><\/td><\/tr><tr><td>is_singular<\/td><td>1<\/td><td><\/td><\/tr><tr><td>is_front_page<\/td><td>1<\/td><td><\/td><\/tr><tr><td>is_feed<\/td><td>1<\/td><td><\/td><\/tr><\/table><\/div><br><br><span style=\"color: red;\">Seu site usa HTTPS, mas o c\u00f3digo do an\u00fancio cont\u00e9m HTTP e pode n\u00e3o funcionar.<\/span>\t<br><br>\n\t<a style=\"color: green;\" href=\"https:\/\/wpadvancedads.com\/manual\/ad-debug-mode\/?utm_source=advanced-ads&utm_medium=link&utm_campaign=ad-debug-mode\" target=\"_blank\" rel=\"nofollow\">Encontre solu\u00e7\u00f5es no manual<\/a>\n<\/div>\n<\/li><\/ul><\/div><script>( window.advanced_ads_ready || jQuery( document ).ready ).call( null, function() {var $lavraslider2798097592 = jQuery( \".lavra-slider-2798097592\" );$lavraslider2798097592.on( \"unslider.ready\", function() { jQuery( \"div.custom-slider ul li\" ).css( \"display\", \"block\" ); });$lavraslider2798097592.unslider({ delay:4000, autoplay:true, nav:false, arrows:false, infinite:true });$lavraslider2798097592.on(\"mouseover\", function() {$lavraslider2798097592.unslider(\"stop\");}).on(\"mouseout\", function() {$lavraslider2798097592.unslider(\"start\");});});<\/script><\/div>\n<p><em>Regras do Fundo de Aval para a Micro e Pequena Empresa (Fampe) foram alteradas para simplificar o acesso ao cr\u00e9dito pelos empreendedores afetados<\/em><\/p>\n\n\n\n<figure class=\"wp-block-image size-full\"><img fetchpriority=\"high\" decoding=\"async\" width=\"814\" height=\"492\" src=\"https:\/\/lavras.tv\/site\/wp-content\/uploads\/2026\/03\/atendimento4_p28004_cover_image_resized.webp\" alt=\"\" class=\"wp-image-169653\" srcset=\"https:\/\/lavras.tv\/site\/wp-content\/uploads\/2026\/03\/atendimento4_p28004_cover_image_resized.webp 814w, https:\/\/lavras.tv\/site\/wp-content\/uploads\/2026\/03\/atendimento4_p28004_cover_image_resized-470x284.webp 470w, https:\/\/lavras.tv\/site\/wp-content\/uploads\/2026\/03\/atendimento4_p28004_cover_image_resized-170x103.webp 170w\" sizes=\"(max-width: 814px) 100vw, 814px\" \/><\/figure>\n\n\n\n<p>As fortes chuvas registradas em Minas Gerais nos \u00faltimos meses provocaram preju\u00edzos em diversas cidades do estado, levando mais de 80 munic\u00edpios a decretarem estado de calamidade p\u00fablica. Em meio aos impactos enfrentados por empreendedores locais, o&nbsp;Sebrae adotou medidas para ampliar o acesso ao cr\u00e9dito e apoiar a recupera\u00e7\u00e3o dos pequenos neg\u00f3cios.<\/p>\n\n\n\n<p>Uma das a\u00e7\u00f5es foi a atualiza\u00e7\u00e3o das regras do<strong>&nbsp;Fundo de Aval para a Micro e Pequena Empresa (Fampe)<\/strong>, instrumento gerido pelo Sebrae que atua como garantia complementar em opera\u00e7\u00f5es de financiamento. Com a mudan\u00e7a,&nbsp;empreendedores afetados pelas chuvas poder\u00e3o contratar cr\u00e9dito com 100% de aval, al\u00e9m de contar com isen\u00e7\u00e3o da comiss\u00e3o de concess\u00e3o do aval (CCA). A medida tem validade de 180 dias com limite at\u00e9 29\/08\/2026.<\/p>\n\n\n\n<p>O Fampe funciona como uma&nbsp;garantia para opera\u00e7\u00f5es financeiras&nbsp;contratadas por microempreendedores individuais (MEI), microempresas (ME), empresas de pequeno porte (EPP) e pequenas agroind\u00fastrias, facilitando o acesso a recursos quando os empres\u00e1rios n\u00e3o disp\u00f5em de garantias suficientes para atender \u00e0s exig\u00eancias das institui\u00e7\u00f5es financeiras.<\/p>\n\n\n\n<p>Empresas interessadas em utilizar o Fampe devem procurar uma das institui\u00e7\u00f5es financeiras parceiras&nbsp;e cumprir requisitos b\u00e1sicos, como estar formalizadas e com a situa\u00e7\u00e3o fiscal regularizada. Em Minas Gerais, as opera\u00e7\u00f5es com o fundo podem ser realizadas por meio das institui\u00e7\u00f5es financeiras parceiras: Sicoob, Sicredi, Cresol, Banco do Nordeste (BNB) e Banco de Desenvolvimento de Minas Gerais (BDMG).<\/p>\n\n\n\n<p>\u201cAo ampliar para 100% o aval nas opera\u00e7\u00f5es de cr\u00e9dito, criamos condi\u00e7\u00f5es mais favor\u00e1veis para que os empreendedores consigam os recursos necess\u00e1rios para reconstruir seus neg\u00f3cios e retomar suas atividades ap\u00f3s esse per\u00edodo de instabilidade.&nbsp;Importante destacar que o Sebrae n\u00e3o concede empr\u00e9stimos nem disponibiliza cr\u00e9dito diretamente. Nosso papel \u00e9 oferecer a garantia exigida pelas institui\u00e7\u00f5es financeiras e orientar os empreendedores durante todo o processo de acesso ao cr\u00e9dito\u201d, explica a analista do Sebrae Minas D\u00e9bora de Souza.<\/p>\n\n\n\n<p>Os empreendedores que contratam cr\u00e9dito com a garantia do Fampe tamb\u00e9m passam a contar com o&nbsp;Programa Cr\u00e9dito Assistido, iniciativa do Sebrae que oferece orienta\u00e7\u00e3o especializada para apoiar o uso adequado dos recursos obtidos. O atendimento inclui suporte na escolha das melhores linhas de financiamento e aux\u00edlio na organiza\u00e7\u00e3o da documenta\u00e7\u00e3o necess\u00e1ria para a contrata\u00e7\u00e3o.<\/p>\n\n\n\n<p><strong>Guia pr\u00e1tico<\/strong><\/p>\n\n\n\n<p>Em outra frente de apoio aos empreendedores, o Sebrae est\u00e1 disponibilizando uma&nbsp;cartilha com dicas pr\u00e1ticas e objetivas&nbsp;para guiar os empres\u00e1rios sobre procedimentos administrativos mais urgentes a serem tomados nesse momento de reorganiza\u00e7\u00e3o e reconstru\u00e7\u00e3o dos neg\u00f3cios.<\/p>\n\n\n\n<p>O material oferece orienta\u00e7\u00f5es sobre como proceder em rela\u00e7\u00e3o \u00e0 legisla\u00e7\u00e3o, recolhimento de impostos, mercadorias danificadas, estrat\u00e9gias de marketing para recuperar as vendas e planejamento financeiro, al\u00e9m de outras informa\u00e7\u00f5es essenciais para retomada dos neg\u00f3cios.<\/p>\n\n\n\n<p>O guia pode ser acessado na p\u00e1gina principal do site do Sebrae Minas:&nbsp;<a href=\"https:\/\/sebraemg.com.br\/\" target=\"_blank\" rel=\"noreferrer noopener\">sebraemg.com.br<\/a>.<\/p>\n\n\n\n<p><strong>Canais de atendimento<\/strong><\/p>\n\n\n\n<p>Os empreendedores dos munic\u00edpios atingidos pelas chuvas que estiverem precisando de atendimento podem entrar em contato com o Sebrae pelo n\u00famero 0800 570 0800, por telefone ou whatsapp, a qualquer hora e em todos os dias da semana.<\/p>\n\n\n\n<p>Al\u00e9m desse canal, a equipe do Sebrae Minas tamb\u00e9m est\u00e1 dispon\u00edvel presencialmente, em hor\u00e1rio comercial, nas Ag\u00eancias de Atendimento. Para saber os endere\u00e7os das ag\u00eancias, acesse o site do Sebrae Minas neste&nbsp;<a href=\"https:\/\/sebrae.com.br\/sites\/PortalSebrae\/canais_adicionais\/contato_uf?codUf=14\" target=\"_blank\" rel=\"noreferrer noopener\">link<\/a>.<\/p>\n\n\n\n<p><strong>Sobre o Fampe<\/strong><\/p>\n\n\n\n<p>Criado em 1995, o Fundo de Aval para a Micro e Pequena Empresa (Fampe) conta com diversas institui\u00e7\u00f5es financeiras conveniadas, entre bancos comerciais, ag\u00eancias de fomento, cooperativas de cr\u00e9dito e fintechs. Por meio da consultoria presencial, os profissionais especializados atuam na identifica\u00e7\u00e3o de oportunidades de investimentos, utilizando a linha de cr\u00e9dito do Fundo. O objetivo \u00e9 oferecer uma op\u00e7\u00e3o de garantia para contrata\u00e7\u00e3o de opera\u00e7\u00f5es de cr\u00e9dito para pequenos neg\u00f3cios.<\/p>\n\n\n\n<p>Entre 2020 e janeiro de 2026, o Fundo garantiu mais de 75 mil opera\u00e7\u00f5es financeiras em Minas Gerais, com&nbsp;viabiliza\u00e7\u00e3o de mais de R$ 4 bilh\u00f5es em cr\u00e9dito, sendo respons\u00e1vel por 21% das opera\u00e7\u00f5es realizadas com o Fundo no Brasil. Para mais informa\u00e7\u00f5es, acesse\u202f<a href=\"https:\/\/sebrae.com.br\/sites\/PortalSebrae\/fampe\" target=\"_blank\" rel=\"noreferrer noopener\">sebrae.com.br\/fampe<\/a>.<\/p>\n","protected":false},"excerpt":{"rendered":"<p>Regras do Fundo de Aval para a Micro e Pequena Empresa (Fampe) foram alteradas para simplificar o acesso ao cr\u00e9dito pelos empreendedores afetados As fortes chuvas registradas em Minas Gerais nos \u00faltimos meses provocaram preju\u00edzos em diversas cidades do estado, levando mais de 80 munic\u00edpios a decretarem estado de calamidade p\u00fablica. Em meio aos impactos [&hellip;]<\/p>\n","protected":false},"author":5,"featured_media":169653,"comment_status":"closed","ping_status":"open","sticky":false,"template":"","format":"standard","meta":{"advgb_blocks_editor_width":"","advgb_blocks_columns_visual_guide":"","_exactmetrics_skip_tracking":false,"_exactmetrics_sitenote_active":false,"_exactmetrics_sitenote_note":"","_exactmetrics_sitenote_category":0,"footnotes":""},"categories":[7,2],"tags":[],"class_list":["post-169652","post","type-post","status-publish","format-standard","has-post-thumbnail","hentry","category-destaques","category-noticias"],"better_featured_image":{"id":169653,"alt_text":"","caption":"","description":"","media_type":"image","media_details":{"width":814,"height":492,"file":"2026\/03\/atendimento4_p28004_cover_image_resized.webp","filesize":18020,"sizes":{"medium":{"file":"atendimento4_p28004_cover_image_resized-470x284.webp","width":470,"height":284,"mime-type":"image\/webp","filesize":13848,"source_url":"https:\/\/lavras.tv\/site\/wp-content\/uploads\/2026\/03\/atendimento4_p28004_cover_image_resized-470x284.webp"},"thumbnail":{"file":"atendimento4_p28004_cover_image_resized-170x103.webp","width":170,"height":103,"mime-type":"image\/webp","filesize":4204,"source_url":"https:\/\/lavras.tv\/site\/wp-content\/uploads\/2026\/03\/atendimento4_p28004_cover_image_resized-170x103.webp"},"alm-thumbnail":{"file":"atendimento4_p28004_cover_image_resized-150x150.webp","width":150,"height":150,"mime-type":"image\/webp","filesize":4492,"source_url":"https:\/\/lavras.tv\/site\/wp-content\/uploads\/2026\/03\/atendimento4_p28004_cover_image_resized-150x150.webp"},"sow-carousel-default":{"file":"atendimento4_p28004_cover_image_resized-272x182.webp","width":272,"height":182,"mime-type":"image\/webp","filesize":7450,"source_url":"https:\/\/lavras.tv\/site\/wp-content\/uploads\/2026\/03\/atendimento4_p28004_cover_image_resized-272x182.webp"}},"image_meta":{"aperture":"0","credit":"","camera":"","caption":"","created_timestamp":"0","copyright":"","focal_length":"0","iso":"0","shutter_speed":"0","title":"","orientation":"0","keywords":[]}},"post":169652,"source_url":"https:\/\/lavras.tv\/site\/wp-content\/uploads\/2026\/03\/atendimento4_p28004_cover_image_resized.webp"},"author_meta":{"display_name":"Vinicius Bustamante","author_link":"https:\/\/lavras.tv\/site\/author\/vinicius-bustamante\/"},"featured_img":"https:\/\/lavras.tv\/site\/wp-content\/uploads\/2026\/03\/atendimento4_p28004_cover_image_resized-470x284.webp","coauthors":[],"tax_additional":{"categories":{"linked":["<a href=\"https:\/\/lavras.tv\/site\/category\/destaques\/\" class=\"advgb-post-tax-term\">Destaques<\/a>","<a href=\"https:\/\/lavras.tv\/site\/category\/noticias\/\" class=\"advgb-post-tax-term\">Not\u00edcias<\/a>"],"unlinked":["<span class=\"advgb-post-tax-term\">Destaques<\/span>","<span class=\"advgb-post-tax-term\">Not\u00edcias<\/span>"]}},"comment_count":"0","relative_dates":{"created":"Publicado 2 meses atr\u00e1s","modified":"Atualizado 2 meses atr\u00e1s"},"absolute_dates":{"created":"Publicado em 10 de mar\u00e7o de 2026","modified":"Atualizado em 10 de mar\u00e7o de 2026"},"absolute_dates_time":{"created":"Publicado em 10 de mar\u00e7o de 2026 10:14","modified":"Atualizado em 10 de mar\u00e7o de 2026 10:14"},"featured_img_caption":"","series_order":"","_links":{"self":[{"href":"https:\/\/lavras.tv\/site\/wp-json\/wp\/v2\/posts\/169652","targetHints":{"allow":["GET"]}}],"collection":[{"href":"https:\/\/lavras.tv\/site\/wp-json\/wp\/v2\/posts"}],"about":[{"href":"https:\/\/lavras.tv\/site\/wp-json\/wp\/v2\/types\/post"}],"author":[{"embeddable":true,"href":"https:\/\/lavras.tv\/site\/wp-json\/wp\/v2\/users\/5"}],"replies":[{"embeddable":true,"href":"https:\/\/lavras.tv\/site\/wp-json\/wp\/v2\/comments?post=169652"}],"version-history":[{"count":1,"href":"https:\/\/lavras.tv\/site\/wp-json\/wp\/v2\/posts\/169652\/revisions"}],"predecessor-version":[{"id":169654,"href":"https:\/\/lavras.tv\/site\/wp-json\/wp\/v2\/posts\/169652\/revisions\/169654"}],"wp:featuredmedia":[{"embeddable":true,"href":"https:\/\/lavras.tv\/site\/wp-json\/wp\/v2\/media\/169653"}],"wp:attachment":[{"href":"https:\/\/lavras.tv\/site\/wp-json\/wp\/v2\/media?parent=169652"}],"wp:term":[{"taxonomy":"category","embeddable":true,"href":"https:\/\/lavras.tv\/site\/wp-json\/wp\/v2\/categories?post=169652"},{"taxonomy":"post_tag","embeddable":true,"href":"https:\/\/lavras.tv\/site\/wp-json\/wp\/v2\/tags?post=169652"}],"curies":[{"name":"wp","href":"https:\/\/api.w.org\/{rel}","templated":true}]}}