{"id":169655,"date":"2026-03-10T10:20:23","date_gmt":"2026-03-10T13:20:23","guid":{"rendered":"https:\/\/lavras.tv\/site\/?p=169655"},"modified":"2026-03-10T10:20:25","modified_gmt":"2026-03-10T13:20:25","slug":"cleitinho-lidera-cenarios-para-o-governo-de-minas-indica-parana-pesquisas","status":"publish","type":"post","link":"https:\/\/lavras.tv\/site\/2026\/03\/10\/cleitinho-lidera-cenarios-para-o-governo-de-minas-indica-parana-pesquisas\/","title":{"rendered":"Cleitinho lidera cen\u00e1rios para o governo de Minas, indica Paran\u00e1 Pesquisas"},"content":{"rendered":"<div class=\"lavra-antes-do-conteudo_2\" id=\"lavra-944780900\"><div id=\"lavra-slider-27\" class=\"custom-slider lavra-slider-2933987326 lavra-slider\"><ul><li><div style=\"margin-left: auto;margin-right: auto;text-align: center;\" id=\"lavra-1920446617\"><a href=\"https:\/\/sistemas.lavras.mg.gov.br\/portalcidadao\/#df1b1a7c7b2a290bcb31e32771e610784662739a88807c0dacac58ede5f391a7530e299dc302d611ee73cb143fc22eaf93592e53e7b5bdb01b00a0b8d28dae460c141dd2ff83412e4dc1c31b16b25f33144a9e5620ea73b13f5bc1c59411d98439ad226e8af03840603796067d87afe130812cf3de24982d0e306f9e61e764e5\" aria-label=\"Lavras-TV&#8211;720x104px (1) (1)\"><img src=\"https:\/\/lavras.tv\/site\/wp-content\/uploads\/2025\/01\/Lavras-TV-720x104px-1-1.png\" alt=\"\"  srcset=\"https:\/\/lavras.tv\/site\/wp-content\/uploads\/2025\/01\/Lavras-TV-720x104px-1-1.png 720w, https:\/\/lavras.tv\/site\/wp-content\/uploads\/2025\/01\/Lavras-TV-720x104px-1-1-470x68.png 470w, https:\/\/lavras.tv\/site\/wp-content\/uploads\/2025\/01\/Lavras-TV-720x104px-1-1-170x25.png 170w, https:\/\/lavras.tv\/site\/wp-content\/uploads\/2025\/01\/Lavras-TV-720x104px-1-1-200x29.png 200w\" sizes=\"(max-width: 720px) 100vw, 720px\" width=\"720\" height=\"104\"  style=\"display: inline-block;\" \/><\/a><\/div><\/li><li><a href=\"https:\/\/sistemas.lavras.mg.gov.br\/portalcidadao\/#df1b1a7c7b2a290bcb31e32771e610784662739a88807c0dacac58ede5f391a7530e299dc302d611ee73cb143fc22eaf93592e53e7b5bdb01b00a0b8d28dae460c141dd2ff83412e4dc1c31b16b25f33144a9e5620ea73b13f5bc1c59411d98439ad226e8af03840603796067d87afe130812cf3de24982d0e306f9e61e764e5\" aria-label=\"Banner_Emprego_PortallavrasTV\"><img src=\"https:\/\/lavras.tv\/site\/wp-content\/uploads\/2025\/03\/Banner_Emprego_PortallavrasTV.png\" alt=\"\"  srcset=\"https:\/\/lavras.tv\/site\/wp-content\/uploads\/2025\/03\/Banner_Emprego_PortallavrasTV.png 720w, https:\/\/lavras.tv\/site\/wp-content\/uploads\/2025\/03\/Banner_Emprego_PortallavrasTV-470x68.png 470w, https:\/\/lavras.tv\/site\/wp-content\/uploads\/2025\/03\/Banner_Emprego_PortallavrasTV-170x25.png 170w, https:\/\/lavras.tv\/site\/wp-content\/uploads\/2025\/03\/Banner_Emprego_PortallavrasTV-200x29.png 200w\" sizes=\"(max-width: 720px) 100vw, 720px\" width=\"720\" height=\"104\"   \/><\/a><\/li><li><a href=\"https:\/\/sistemas.lavras.mg.gov.br\/portalcidadao\/#df1b1a7c7b2a290bcb31e32771e610784662739a88807c0dacac58ede5f391a7530e299dc302d611ee73cb143fc22eaf93592e53e7b5bdb01b00a0b8d28dae460c141dd2ff83412e4dc1c31b16b25f33144a9e5620ea73b13f5bc1c59411d98439ad226e8af03840603796067d87afe130812cf3de24982d0e306f9e61e764e5\" aria-label=\"Banner_Obras_PortallavrasTV\"><img src=\"https:\/\/lavras.tv\/site\/wp-content\/uploads\/2025\/03\/Banner_Obras_PortallavrasTV.png\" alt=\"\"  srcset=\"https:\/\/lavras.tv\/site\/wp-content\/uploads\/2025\/03\/Banner_Obras_PortallavrasTV.png 720w, https:\/\/lavras.tv\/site\/wp-content\/uploads\/2025\/03\/Banner_Obras_PortallavrasTV-470x68.png 470w, https:\/\/lavras.tv\/site\/wp-content\/uploads\/2025\/03\/Banner_Obras_PortallavrasTV-170x25.png 170w, https:\/\/lavras.tv\/site\/wp-content\/uploads\/2025\/03\/Banner_Obras_PortallavrasTV-200x29.png 200w\" sizes=\"(max-width: 720px) 100vw, 720px\" width=\"720\" height=\"104\"   \/><\/a><\/li><li><div style=\"margin-left: auto;margin-right: auto;text-align: center;\" id=\"lavra-2292884694\"><a href=\"https:\/\/sistemas.lavras.mg.gov.br\/portalcidadao\/#df1b1a7c7b2a290bcb31e32771e610784662739a88807c0dacac58ede5f391a7530e299dc302d611ee73cb143fc22eaf93592e53e7b5bdb01b00a0b8d28dae460c141dd2ff83412e4dc1c31b16b25f33144a9e5620ea73b13f5bc1c59411d98439ad226e8af03840603796067d87afe130812cf3de24982d0e306f9e61e764e5\" aria-label=\"Banner_Educa\u00e7\u00e3o_PortallavrasTV\"><img src=\"https:\/\/lavras.tv\/site\/wp-content\/uploads\/2025\/01\/Banner_Educacao_PortallavrasTV.png\" alt=\"\"  srcset=\"https:\/\/lavras.tv\/site\/wp-content\/uploads\/2025\/01\/Banner_Educacao_PortallavrasTV.png 720w, https:\/\/lavras.tv\/site\/wp-content\/uploads\/2025\/01\/Banner_Educacao_PortallavrasTV-470x68.png 470w, https:\/\/lavras.tv\/site\/wp-content\/uploads\/2025\/01\/Banner_Educacao_PortallavrasTV-170x25.png 170w, https:\/\/lavras.tv\/site\/wp-content\/uploads\/2025\/01\/Banner_Educacao_PortallavrasTV-200x29.png 200w\" sizes=\"(max-width: 720px) 100vw, 720px\" width=\"720\" height=\"104\"  style=\"display: inline-block;\" \/><\/a><\/div><\/li><li><a href=\"https:\/\/sistemas.lavras.mg.gov.br\/portalcidadao\/#df1b1a7c7b2a290bcb31e32771e610784662739a88807c0dacac58ede5f391a7530e299dc302d611ee73cb143fc22eaf93592e53e7b5bdb01b00a0b8d28dae460c141dd2ff83412e4dc1c31b16b25f33144a9e5620ea73b13f5bc1c59411d98439ad226e8af03840603796067d87afe130812cf3de24982d0e306f9e61e764e5\" aria-label=\"Banner_Sa\u00fade_PortallavrasTV\"><img src=\"https:\/\/lavras.tv\/site\/wp-content\/uploads\/2025\/03\/Banner_Saude_PortallavrasTV.png\" alt=\"\"  srcset=\"https:\/\/lavras.tv\/site\/wp-content\/uploads\/2025\/03\/Banner_Saude_PortallavrasTV.png 720w, https:\/\/lavras.tv\/site\/wp-content\/uploads\/2025\/03\/Banner_Saude_PortallavrasTV-470x68.png 470w, https:\/\/lavras.tv\/site\/wp-content\/uploads\/2025\/03\/Banner_Saude_PortallavrasTV-170x25.png 170w, https:\/\/lavras.tv\/site\/wp-content\/uploads\/2025\/03\/Banner_Saude_PortallavrasTV-200x29.png 200w\" sizes=\"(max-width: 720px) 100vw, 720px\" width=\"720\" height=\"104\"   \/><\/a><\/li><li><div id=\"lavra-2577165280\" style=\"width:720px;height:104px;background-color:#ddd;overflow:scroll;\">\n\t<strong>Sa\u00edda da depura\u00e7\u00e3o de an\u00fancios<\/strong>\n\t<br><br>\n\tO an\u00fancio n\u00e3o \u00e9 exibido na p\u00e1gina<br><br>post atual: Cleitinho lidera cen\u00e1rios para o governo de Minas, indica Paran\u00e1 Pesquisas, ID: 169655<br><br><span style=\"color: red;\">O post atual n\u00e3o \u00e9 id\u00eantico ao post principal.<\/span><br><br>An\u00fancios: ROXO - TOPO INTERNA - ROTATIVO 2 (197)<br \/>Grupo de an\u00fancios: Princ_Meio01_720x104 (27)<br><br>Condi\u00e7\u00f5es de exibi\u00e7\u00e3o<div style=\"margin-bottom: 20px; white-space: pre-wrap; font-family: monospace; width: 100%; background: #ffe9e9;\"><strong>condi\u00e7\u00f5es gerais<\/strong><table border=\"1\"><thead><tr><th><\/th><th>An\u00fancios<\/th><th>wp_the_query<\/th><\/tr><\/thead><tr><td>is_main_query<\/td><td>1<\/td><td>1<\/td><\/tr><tr><td>is_rest_api<\/td><td>0<\/td><td>1<\/td><\/tr><tr><td>page<\/td><td>0<\/td><td>1<\/td><\/tr><tr><td>numpages<\/td><td>0<\/td><td>1<\/td><\/tr><tr><td>is_archive<\/td><td>1<\/td><td><\/td><\/tr><tr><td>is_search<\/td><td>1<\/td><td><\/td><\/tr><tr><td>is_home<\/td><td>1<\/td><td><\/td><\/tr><tr><td>is_404<\/td><td>1<\/td><td><\/td><\/tr><tr><td>is_attachment<\/td><td>1<\/td><td><\/td><\/tr><tr><td>is_singular<\/td><td>1<\/td><td><\/td><\/tr><tr><td>is_front_page<\/td><td>1<\/td><td><\/td><\/tr><tr><td>is_feed<\/td><td>1<\/td><td><\/td><\/tr><\/table><\/div><br><br><span style=\"color: red;\">Seu site usa HTTPS, mas o c\u00f3digo do an\u00fancio cont\u00e9m HTTP e pode n\u00e3o funcionar.<\/span>\t<br><br>\n\t<a style=\"color: green;\" href=\"https:\/\/wpadvancedads.com\/manual\/ad-debug-mode\/?utm_source=advanced-ads&utm_medium=link&utm_campaign=ad-debug-mode\" target=\"_blank\" rel=\"nofollow\">Encontre solu\u00e7\u00f5es no manual<\/a>\n<\/div>\n<\/li><\/ul><\/div><script>( window.advanced_ads_ready || jQuery( document ).ready ).call( null, function() {var $lavraslider2933987326 = jQuery( \".lavra-slider-2933987326\" );$lavraslider2933987326.on( \"unslider.ready\", function() { jQuery( \"div.custom-slider ul li\" ).css( \"display\", \"block\" ); });$lavraslider2933987326.unslider({ delay:4000, autoplay:true, nav:false, arrows:false, infinite:true });$lavraslider2933987326.on(\"mouseover\", function() {$lavraslider2933987326.unslider(\"stop\");}).on(\"mouseout\", function() {$lavraslider2933987326.unslider(\"start\");});});<\/script><\/div>\n<h2 class=\"wp-block-heading\">O instituto divulgou os dados nesta segunda-feira (9), e testou cen\u00e1rios com Rodrigo Pacheco (PSD) e o ex-prefeito de Belo Horizonte Alexandre Kalil (PDT)<\/h2>\n\n\n\n<figure class=\"wp-block-image size-large\"><img fetchpriority=\"high\" decoding=\"async\" width=\"970\" height=\"546\" src=\"https:\/\/lavras.tv\/site\/wp-content\/uploads\/2026\/03\/download-1-970x546.webp\" alt=\"\" class=\"wp-image-169656\" srcset=\"https:\/\/lavras.tv\/site\/wp-content\/uploads\/2026\/03\/download-1-970x546.webp 970w, https:\/\/lavras.tv\/site\/wp-content\/uploads\/2026\/03\/download-1-470x265.webp 470w, https:\/\/lavras.tv\/site\/wp-content\/uploads\/2026\/03\/download-1-170x96.webp 170w, https:\/\/lavras.tv\/site\/wp-content\/uploads\/2026\/03\/download-1.webp 1000w\" sizes=\"(max-width: 970px) 100vw, 970px\" \/><\/figure>\n\n\n\n<p>O senador Cleitinho Azevedo (Republicanos) lidera com ampla vantagem nos dois cen\u00e1rios testados pelo \u00faltimo levantamento da Paran\u00e1 Pesquisas para o governo do estado de Minas Gerais.<\/p>\n\n\n\n<p>O instituto divulgou os dados nesta segunda-feira (9), e testou cen\u00e1rios com Rodrigo Pacheco (PSD) e o ex-prefeito de Belo Horizonte Alexandre Kalil (PDT).<\/p>\n\n\n\n<p>Aparecem nos dois quadros o vice-governador de Minas Gerais, Mateus Sim\u00f5es (PSD), e o ex-presidente da C\u00e2mara de Belo Horizonte Gabriel Azevedo (MDB).<\/p>\n\n\n\n<p>No primeiro cen\u00e1rio, contra Pacheco, Sim\u00f5es e Azevedo, Cleitinho tem 45,6% das inten\u00e7\u00f5es de voto, contra 18,4% do colega de Senado, Rodrigo Pacheco. Mateus Sim\u00f5es pontua com 8,7% e, Gabriel, com 6,2%. Do total, 8% n\u00e3o souberam opinar e 13% votariam em branco.<\/p>\n\n\n\n<p>No segundo cen\u00e1rio, Cleitinho tamb\u00e9m tem a dianteira, com 45,8% dos votos, ante 22,6% de Alexandre Kalil. Sim\u00f5es soma 8,4% dos votos e, Gabriel, 5,9%. Do total, 6,4% n\u00e3o souberam opinar e 10,9% votariam em branco ou nulo.<\/p>\n\n\n\n<p>No levantamento, foram ouvidos 1.350 eleitores em 52 munic\u00edpios de Minas Gerais. O grau de confian\u00e7a \u00e9 de 95% e a margem estimada de erro \u00e9 de 2,7 pontos percentuais para mais ou para menos.<\/p>\n\n\n\n<h2 class=\"wp-block-heading\">Cen\u00e1rio 1<\/h2>\n\n\n\n<ul class=\"wp-block-list\">\n<li>Cleitinho \u2013 45,6%<\/li>\n\n\n\n<li>Rodrigo Pacheco \u2013 18,4%<\/li>\n\n\n\n<li>Mateus Sim\u00f5es &#8211; 8,7%<\/li>\n\n\n\n<li>Gabriel Azevedo \u2013 6,2%<\/li>\n\n\n\n<li>Branco\/nulo &#8211; 13%<\/li>\n\n\n\n<li>N\u00e3o sabe\/n\u00e3o opinou \u2013 8%<\/li>\n<\/ul>\n\n\n\n<h2 class=\"wp-block-heading\">Cen\u00e1rio 2<\/h2>\n\n\n\n<ul class=\"wp-block-list\">\n<li>Cleitinho \u2013 45,8%<\/li>\n\n\n\n<li>Kalil \u2013 22,6%<\/li>\n\n\n\n<li>Mateus Sim\u00f5es &#8211; 8,4%<\/li>\n\n\n\n<li>Gabriel Azevedo \u2013 5,9%<\/li>\n\n\n\n<li>Branco\/nulo &#8211; 10,9%<\/li>\n\n\n\n<li>N\u00e3o sabe\/n\u00e3o opinou \u2013 6,4%<\/li>\n<\/ul>\n","protected":false},"excerpt":{"rendered":"<p>O instituto divulgou os dados nesta segunda-feira (9), e testou cen\u00e1rios com Rodrigo Pacheco (PSD) e o ex-prefeito de Belo Horizonte Alexandre Kalil (PDT) O senador Cleitinho Azevedo (Republicanos) lidera com ampla vantagem nos dois cen\u00e1rios testados pelo \u00faltimo levantamento da Paran\u00e1 Pesquisas para o governo do estado de Minas Gerais. O instituto divulgou os [&hellip;]<\/p>\n","protected":false},"author":5,"featured_media":169656,"comment_status":"closed","ping_status":"open","sticky":false,"template":"","format":"standard","meta":{"advgb_blocks_editor_width":"","advgb_blocks_columns_visual_guide":"","_exactmetrics_skip_tracking":false,"_exactmetrics_sitenote_active":false,"_exactmetrics_sitenote_note":"","_exactmetrics_sitenote_category":0,"footnotes":""},"categories":[7,2],"tags":[],"class_list":["post-169655","post","type-post","status-publish","format-standard","has-post-thumbnail","hentry","category-destaques","category-noticias"],"better_featured_image":{"id":169656,"alt_text":"","caption":"","description":"","media_type":"image","media_details":{"width":1000,"height":563,"file":"2026\/03\/download-1.webp","filesize":39396,"sizes":{"medium":{"file":"download-1-470x265.webp","width":470,"height":265,"mime-type":"image\/webp","filesize":11512,"source_url":"https:\/\/lavras.tv\/site\/wp-content\/uploads\/2026\/03\/download-1-470x265.webp"},"large":{"file":"download-1-970x546.webp","width":970,"height":546,"mime-type":"image\/webp","filesize":26706,"source_url":"https:\/\/lavras.tv\/site\/wp-content\/uploads\/2026\/03\/download-1-970x546.webp"},"thumbnail":{"file":"download-1-170x96.webp","width":170,"height":96,"mime-type":"image\/webp","filesize":3312,"source_url":"https:\/\/lavras.tv\/site\/wp-content\/uploads\/2026\/03\/download-1-170x96.webp"},"alm-thumbnail":{"file":"download-1-150x150.webp","width":150,"height":150,"mime-type":"image\/webp","filesize":4462,"source_url":"https:\/\/lavras.tv\/site\/wp-content\/uploads\/2026\/03\/download-1-150x150.webp"},"sow-carousel-default":{"file":"download-1-272x182.webp","width":272,"height":182,"mime-type":"image\/webp","filesize":6886,"source_url":"https:\/\/lavras.tv\/site\/wp-content\/uploads\/2026\/03\/download-1-272x182.webp"}},"image_meta":{"aperture":"0","credit":"","camera":"","caption":"","created_timestamp":"0","copyright":"","focal_length":"0","iso":"0","shutter_speed":"0","title":"","orientation":"0","keywords":[]}},"post":169655,"source_url":"https:\/\/lavras.tv\/site\/wp-content\/uploads\/2026\/03\/download-1.webp"},"author_meta":{"display_name":"Vinicius Bustamante","author_link":"https:\/\/lavras.tv\/site\/author\/vinicius-bustamante\/"},"featured_img":"https:\/\/lavras.tv\/site\/wp-content\/uploads\/2026\/03\/download-1-470x265.webp","coauthors":[],"tax_additional":{"categories":{"linked":["<a href=\"https:\/\/lavras.tv\/site\/category\/destaques\/\" class=\"advgb-post-tax-term\">Destaques<\/a>","<a href=\"https:\/\/lavras.tv\/site\/category\/noticias\/\" class=\"advgb-post-tax-term\">Not\u00edcias<\/a>"],"unlinked":["<span class=\"advgb-post-tax-term\">Destaques<\/span>","<span class=\"advgb-post-tax-term\">Not\u00edcias<\/span>"]}},"comment_count":"0","relative_dates":{"created":"Publicado 2 meses atr\u00e1s","modified":"Atualizado 2 meses atr\u00e1s"},"absolute_dates":{"created":"Publicado em 10 de mar\u00e7o de 2026","modified":"Atualizado em 10 de mar\u00e7o de 2026"},"absolute_dates_time":{"created":"Publicado em 10 de mar\u00e7o de 2026 10:20","modified":"Atualizado em 10 de mar\u00e7o de 2026 10:20"},"featured_img_caption":"","series_order":"","_links":{"self":[{"href":"https:\/\/lavras.tv\/site\/wp-json\/wp\/v2\/posts\/169655","targetHints":{"allow":["GET"]}}],"collection":[{"href":"https:\/\/lavras.tv\/site\/wp-json\/wp\/v2\/posts"}],"about":[{"href":"https:\/\/lavras.tv\/site\/wp-json\/wp\/v2\/types\/post"}],"author":[{"embeddable":true,"href":"https:\/\/lavras.tv\/site\/wp-json\/wp\/v2\/users\/5"}],"replies":[{"embeddable":true,"href":"https:\/\/lavras.tv\/site\/wp-json\/wp\/v2\/comments?post=169655"}],"version-history":[{"count":1,"href":"https:\/\/lavras.tv\/site\/wp-json\/wp\/v2\/posts\/169655\/revisions"}],"predecessor-version":[{"id":169657,"href":"https:\/\/lavras.tv\/site\/wp-json\/wp\/v2\/posts\/169655\/revisions\/169657"}],"wp:featuredmedia":[{"embeddable":true,"href":"https:\/\/lavras.tv\/site\/wp-json\/wp\/v2\/media\/169656"}],"wp:attachment":[{"href":"https:\/\/lavras.tv\/site\/wp-json\/wp\/v2\/media?parent=169655"}],"wp:term":[{"taxonomy":"category","embeddable":true,"href":"https:\/\/lavras.tv\/site\/wp-json\/wp\/v2\/categories?post=169655"},{"taxonomy":"post_tag","embeddable":true,"href":"https:\/\/lavras.tv\/site\/wp-json\/wp\/v2\/tags?post=169655"}],"curies":[{"name":"wp","href":"https:\/\/api.w.org\/{rel}","templated":true}]}}