{"id":169658,"date":"2026-03-10T10:40:48","date_gmt":"2026-03-10T13:40:48","guid":{"rendered":"https:\/\/lavras.tv\/site\/?p=169658"},"modified":"2026-03-10T10:40:50","modified_gmt":"2026-03-10T13:40:50","slug":"centro-meteorologico-permite-a-cemig-antecipar-riscos-e-planejar-resposta-a-tempestades-em-minas","status":"publish","type":"post","link":"https:\/\/lavras.tv\/site\/2026\/03\/10\/centro-meteorologico-permite-a-cemig-antecipar-riscos-e-planejar-resposta-a-tempestades-em-minas\/","title":{"rendered":"Centro meteorol\u00f3gico permite \u00e0 Cemig antecipar riscos e planejar resposta a tempestades em Minas"},"content":{"rendered":"<div class=\"lavra-antes-do-conteudo_2\" id=\"lavra-3054471803\"><div id=\"lavra-slider-27\" class=\"custom-slider lavra-slider-3394765195 lavra-slider\"><ul><li><div style=\"margin-left: auto;margin-right: auto;text-align: center;\" id=\"lavra-3833349662\"><a href=\"https:\/\/sistemas.lavras.mg.gov.br\/portalcidadao\/#df1b1a7c7b2a290bcb31e32771e610784662739a88807c0dacac58ede5f391a7530e299dc302d611ee73cb143fc22eaf93592e53e7b5bdb01b00a0b8d28dae460c141dd2ff83412e4dc1c31b16b25f33144a9e5620ea73b13f5bc1c59411d98439ad226e8af03840603796067d87afe130812cf3de24982d0e306f9e61e764e5\" aria-label=\"Lavras-TV&#8211;720x104px (1) (1)\"><img src=\"https:\/\/lavras.tv\/site\/wp-content\/uploads\/2025\/01\/Lavras-TV-720x104px-1-1.png\" alt=\"\"  srcset=\"https:\/\/lavras.tv\/site\/wp-content\/uploads\/2025\/01\/Lavras-TV-720x104px-1-1.png 720w, https:\/\/lavras.tv\/site\/wp-content\/uploads\/2025\/01\/Lavras-TV-720x104px-1-1-470x68.png 470w, https:\/\/lavras.tv\/site\/wp-content\/uploads\/2025\/01\/Lavras-TV-720x104px-1-1-170x25.png 170w, https:\/\/lavras.tv\/site\/wp-content\/uploads\/2025\/01\/Lavras-TV-720x104px-1-1-200x29.png 200w\" sizes=\"(max-width: 720px) 100vw, 720px\" width=\"720\" height=\"104\"  style=\"display: inline-block;\" \/><\/a><\/div><\/li><li><a href=\"https:\/\/sistemas.lavras.mg.gov.br\/portalcidadao\/#df1b1a7c7b2a290bcb31e32771e610784662739a88807c0dacac58ede5f391a7530e299dc302d611ee73cb143fc22eaf93592e53e7b5bdb01b00a0b8d28dae460c141dd2ff83412e4dc1c31b16b25f33144a9e5620ea73b13f5bc1c59411d98439ad226e8af03840603796067d87afe130812cf3de24982d0e306f9e61e764e5\" aria-label=\"Banner_Emprego_PortallavrasTV\"><img src=\"https:\/\/lavras.tv\/site\/wp-content\/uploads\/2025\/03\/Banner_Emprego_PortallavrasTV.png\" alt=\"\"  srcset=\"https:\/\/lavras.tv\/site\/wp-content\/uploads\/2025\/03\/Banner_Emprego_PortallavrasTV.png 720w, https:\/\/lavras.tv\/site\/wp-content\/uploads\/2025\/03\/Banner_Emprego_PortallavrasTV-470x68.png 470w, https:\/\/lavras.tv\/site\/wp-content\/uploads\/2025\/03\/Banner_Emprego_PortallavrasTV-170x25.png 170w, https:\/\/lavras.tv\/site\/wp-content\/uploads\/2025\/03\/Banner_Emprego_PortallavrasTV-200x29.png 200w\" sizes=\"(max-width: 720px) 100vw, 720px\" width=\"720\" height=\"104\"   \/><\/a><\/li><li><a href=\"https:\/\/sistemas.lavras.mg.gov.br\/portalcidadao\/#df1b1a7c7b2a290bcb31e32771e610784662739a88807c0dacac58ede5f391a7530e299dc302d611ee73cb143fc22eaf93592e53e7b5bdb01b00a0b8d28dae460c141dd2ff83412e4dc1c31b16b25f33144a9e5620ea73b13f5bc1c59411d98439ad226e8af03840603796067d87afe130812cf3de24982d0e306f9e61e764e5\" aria-label=\"Banner_Obras_PortallavrasTV\"><img src=\"https:\/\/lavras.tv\/site\/wp-content\/uploads\/2025\/03\/Banner_Obras_PortallavrasTV.png\" alt=\"\"  srcset=\"https:\/\/lavras.tv\/site\/wp-content\/uploads\/2025\/03\/Banner_Obras_PortallavrasTV.png 720w, https:\/\/lavras.tv\/site\/wp-content\/uploads\/2025\/03\/Banner_Obras_PortallavrasTV-470x68.png 470w, https:\/\/lavras.tv\/site\/wp-content\/uploads\/2025\/03\/Banner_Obras_PortallavrasTV-170x25.png 170w, https:\/\/lavras.tv\/site\/wp-content\/uploads\/2025\/03\/Banner_Obras_PortallavrasTV-200x29.png 200w\" sizes=\"(max-width: 720px) 100vw, 720px\" width=\"720\" height=\"104\"   \/><\/a><\/li><li><div style=\"margin-left: auto;margin-right: auto;text-align: center;\" id=\"lavra-570076114\"><a href=\"https:\/\/sistemas.lavras.mg.gov.br\/portalcidadao\/#df1b1a7c7b2a290bcb31e32771e610784662739a88807c0dacac58ede5f391a7530e299dc302d611ee73cb143fc22eaf93592e53e7b5bdb01b00a0b8d28dae460c141dd2ff83412e4dc1c31b16b25f33144a9e5620ea73b13f5bc1c59411d98439ad226e8af03840603796067d87afe130812cf3de24982d0e306f9e61e764e5\" aria-label=\"Banner_Educa\u00e7\u00e3o_PortallavrasTV\"><img src=\"https:\/\/lavras.tv\/site\/wp-content\/uploads\/2025\/01\/Banner_Educacao_PortallavrasTV.png\" alt=\"\"  srcset=\"https:\/\/lavras.tv\/site\/wp-content\/uploads\/2025\/01\/Banner_Educacao_PortallavrasTV.png 720w, https:\/\/lavras.tv\/site\/wp-content\/uploads\/2025\/01\/Banner_Educacao_PortallavrasTV-470x68.png 470w, https:\/\/lavras.tv\/site\/wp-content\/uploads\/2025\/01\/Banner_Educacao_PortallavrasTV-170x25.png 170w, https:\/\/lavras.tv\/site\/wp-content\/uploads\/2025\/01\/Banner_Educacao_PortallavrasTV-200x29.png 200w\" sizes=\"(max-width: 720px) 100vw, 720px\" width=\"720\" height=\"104\"  style=\"display: inline-block;\" \/><\/a><\/div><\/li><li><a href=\"https:\/\/sistemas.lavras.mg.gov.br\/portalcidadao\/#df1b1a7c7b2a290bcb31e32771e610784662739a88807c0dacac58ede5f391a7530e299dc302d611ee73cb143fc22eaf93592e53e7b5bdb01b00a0b8d28dae460c141dd2ff83412e4dc1c31b16b25f33144a9e5620ea73b13f5bc1c59411d98439ad226e8af03840603796067d87afe130812cf3de24982d0e306f9e61e764e5\" aria-label=\"Banner_Sa\u00fade_PortallavrasTV\"><img src=\"https:\/\/lavras.tv\/site\/wp-content\/uploads\/2025\/03\/Banner_Saude_PortallavrasTV.png\" alt=\"\"  srcset=\"https:\/\/lavras.tv\/site\/wp-content\/uploads\/2025\/03\/Banner_Saude_PortallavrasTV.png 720w, https:\/\/lavras.tv\/site\/wp-content\/uploads\/2025\/03\/Banner_Saude_PortallavrasTV-470x68.png 470w, https:\/\/lavras.tv\/site\/wp-content\/uploads\/2025\/03\/Banner_Saude_PortallavrasTV-170x25.png 170w, https:\/\/lavras.tv\/site\/wp-content\/uploads\/2025\/03\/Banner_Saude_PortallavrasTV-200x29.png 200w\" sizes=\"(max-width: 720px) 100vw, 720px\" width=\"720\" height=\"104\"   \/><\/a><\/li><li><div id=\"lavra-2602911254\" style=\"width:720px;height:104px;background-color:#ddd;overflow:scroll;\">\n\t<strong>Sa\u00edda da depura\u00e7\u00e3o de an\u00fancios<\/strong>\n\t<br><br>\n\tO an\u00fancio n\u00e3o \u00e9 exibido na p\u00e1gina<br><br>post atual: Centro meteorol\u00f3gico permite \u00e0 Cemig antecipar riscos e planejar resposta a tempestades em Minas, ID: 169658<br><br><span style=\"color: red;\">O post atual n\u00e3o \u00e9 id\u00eantico ao post principal.<\/span><br><br>An\u00fancios: ROXO - TOPO INTERNA - ROTATIVO 2 (197)<br \/>Grupo de an\u00fancios: Princ_Meio01_720x104 (27)<br><br>Condi\u00e7\u00f5es de exibi\u00e7\u00e3o<div style=\"margin-bottom: 20px; white-space: pre-wrap; font-family: monospace; width: 100%; background: #ffe9e9;\"><strong>condi\u00e7\u00f5es gerais<\/strong><table border=\"1\"><thead><tr><th><\/th><th>An\u00fancios<\/th><th>wp_the_query<\/th><\/tr><\/thead><tr><td>is_main_query<\/td><td>1<\/td><td>1<\/td><\/tr><tr><td>is_rest_api<\/td><td>0<\/td><td>1<\/td><\/tr><tr><td>page<\/td><td>0<\/td><td>1<\/td><\/tr><tr><td>numpages<\/td><td>0<\/td><td>1<\/td><\/tr><tr><td>is_archive<\/td><td>1<\/td><td><\/td><\/tr><tr><td>is_search<\/td><td>1<\/td><td><\/td><\/tr><tr><td>is_home<\/td><td>1<\/td><td><\/td><\/tr><tr><td>is_404<\/td><td>1<\/td><td><\/td><\/tr><tr><td>is_attachment<\/td><td>1<\/td><td><\/td><\/tr><tr><td>is_singular<\/td><td>1<\/td><td><\/td><\/tr><tr><td>is_front_page<\/td><td>1<\/td><td><\/td><\/tr><tr><td>is_feed<\/td><td>1<\/td><td><\/td><\/tr><\/table><\/div><br><br><span style=\"color: red;\">Seu site usa HTTPS, mas o c\u00f3digo do an\u00fancio cont\u00e9m HTTP e pode n\u00e3o funcionar.<\/span>\t<br><br>\n\t<a style=\"color: green;\" href=\"https:\/\/wpadvancedads.com\/manual\/ad-debug-mode\/?utm_source=advanced-ads&utm_medium=link&utm_campaign=ad-debug-mode\" target=\"_blank\" rel=\"nofollow\">Encontre solu\u00e7\u00f5es no manual<\/a>\n<\/div>\n<\/li><\/ul><\/div><script>( window.advanced_ads_ready || jQuery( document ).ready ).call( null, function() {var $lavraslider3394765195 = jQuery( \".lavra-slider-3394765195\" );$lavraslider3394765195.on( \"unslider.ready\", function() { jQuery( \"div.custom-slider ul li\" ).css( \"display\", \"block\" ); });$lavraslider3394765195.unslider({ delay:4000, autoplay:true, nav:false, arrows:false, infinite:true });$lavraslider3394765195.on(\"mouseover\", function() {$lavraslider3394765195.unslider(\"stop\");}).on(\"mouseout\", function() {$lavraslider3394765195.unslider(\"start\");});});<\/script><\/div>\n<p><em>Tecnologia e monitoramento em tempo real refor\u00e7am a atua\u00e7\u00e3o preventiva da companhia diante de eventos meteorol\u00f3gicos extremos<\/em><\/p>\n\n\n\n<figure class=\"wp-block-image size-large\"><img fetchpriority=\"high\" decoding=\"async\" width=\"970\" height=\"728\" src=\"https:\/\/lavras.tv\/site\/wp-content\/uploads\/2026\/03\/Raios-em-BH-Demetrio-Aguiar-Cemig-1-970x728.jpg\" alt=\"\" class=\"wp-image-169659\" srcset=\"https:\/\/lavras.tv\/site\/wp-content\/uploads\/2026\/03\/Raios-em-BH-Demetrio-Aguiar-Cemig-1-970x728.jpg 970w, https:\/\/lavras.tv\/site\/wp-content\/uploads\/2026\/03\/Raios-em-BH-Demetrio-Aguiar-Cemig-1-400x300.jpg 400w, https:\/\/lavras.tv\/site\/wp-content\/uploads\/2026\/03\/Raios-em-BH-Demetrio-Aguiar-Cemig-1-170x128.jpg 170w, https:\/\/lavras.tv\/site\/wp-content\/uploads\/2026\/03\/Raios-em-BH-Demetrio-Aguiar-Cemig-1.jpg 1024w\" sizes=\"(max-width: 970px) 100vw, 970px\" \/><\/figure>\n\n\n\n<p>Com o avan\u00e7o dos eventos meteorol\u00f3gicos extremos, a atua\u00e7\u00e3o preventiva passou a ser um diferencial estrat\u00e9gico no setor el\u00e9trico. Em Minas Gerais, a Cemig conta com um centro meteorol\u00f3gico pr\u00f3prio, equipado com uma sala de situa\u00e7\u00e3o que conta com pain\u00e9is de monitoramento em tempo real que utilizam ferramentas de monitoramento clim\u00e1tico.&nbsp;<\/p>\n\n\n\n<p>Al\u00e9m disso, o setor conta com o radar meteorol\u00f3gico localizado em Mateus Leme e a rede de detec\u00e7\u00e3o de raios, al\u00e9m de uma equipe de meteorologistas dedicados, permitindo o acompanhamento com precis\u00e3o das condi\u00e7\u00f5es clim\u00e1ticas em todo o estado.&nbsp;<\/p>\n\n\n\n<p>A estrutura possibilita a identifica\u00e7\u00e3o antecipada de tempestades, \u00e1reas com maior incid\u00eancia de raios, volumes elevados de chuva e rajadas de vento. Essas informa\u00e7\u00f5es s\u00e3o essenciais para o planejamento da opera\u00e7\u00e3o. A partir desses dados, a companhia consegue mobilizar equipes, reposicionar recursos e refor\u00e7ar estruturas antes mesmo da ocorr\u00eancia dos eventos mais severos.&nbsp;<\/p>\n\n\n\n<p>Com base nessas informa\u00e7\u00f5es, s\u00e3o elaborados boletins, avisos e alertas meteorol\u00f3gicos, encaminhados aos centros de opera\u00e7\u00e3o, que permitem a ado\u00e7\u00e3o de medidas focadas nas regi\u00f5es mais impactadas, como a mobiliza\u00e7\u00e3o antecipada de equipes, com at\u00e9 quatro horas de anteced\u00eancia.&nbsp;<\/p>\n\n\n\n<p>Ruany Maia, meteorologista da Cemig, explica como o setor contribui com a efici\u00eancia operacional da companhia. &#8221; Durante o per\u00edodo chuvoso, quando os riscos \u00e0 rede el\u00e9trica aumentam, esse monitoramento cont\u00ednuo favorece uma atua\u00e7\u00e3o mais r\u00e1pida e assertiva, reduzindo impactos e ampliando a seguran\u00e7a da opera\u00e7\u00e3o. A integra\u00e7\u00e3o entre meteorologia e centros de opera\u00e7\u00e3o tem se mostrado fundamental diante de um cen\u00e1rio clim\u00e1tico cada vez mais desafiador&#8221;, esclarece a especialista.&nbsp;<\/p>\n\n\n\n<p>Segundo dados consolidados do monitoramento meteorol\u00f3gico da Cemig, em 2025 a companhia emitiu 15,6 mil alertas meteorol\u00f3gicos com o objetivo de orientar as equipes de opera\u00e7\u00e3o e manuten\u00e7\u00e3o em a\u00e7\u00f5es preventivas e de resposta a poss\u00edveis ocorr\u00eancias na rede el\u00e9trica durante eventos severos.&nbsp;<\/p>\n\n\n\n<p>No mesmo ano, a meteorologia da empresa identificou mais de 2 milh\u00f5es de descargas atmosf\u00e9ricas em Minas Gerais, crescimento de cerca de 27,5% em rela\u00e7\u00e3o ao ano anterior. Na Regi\u00e3o Metropolitana de Belo Horizonte (RMBH), o total atingiu quase 50 mil registros, sendo&nbsp;aproximadamente 1,9 mil apenas na capital.&nbsp;<\/p>\n\n\n\n<p><strong>No per\u00edodo seco, queimadas s\u00e3o monitoradas<\/strong><\/p>\n\n\n\n<p>Para reduzir o tempo de interrup\u00e7\u00e3o em ocorr\u00eancias relacionadas a queimadas, o setor de Meteorologia da Cemig desenvolveu um sistema que monitora, via dados de&nbsp;sat\u00e9lite, focos de calor a uma dist\u00e2ncia de at\u00e9 1,5 km das linhas de distribui\u00e7\u00e3o e de transmiss\u00e3o da companhia.&nbsp;<\/p>\n\n\n\n<p>&#8220;O sistema recebe informa\u00e7\u00f5es de uma rede de sat\u00e9lites orbitais, que mapeiam, por meio de sensores t\u00e9rmicos, os focos de calor em todo o territ\u00f3rio mineiro. Esses dados s\u00e3o cruzados com as coordenadas georreferenciadas das linhas de distribui\u00e7\u00e3o e transmiss\u00e3o de alta tens\u00e3o&#8221;, conta Ruany Maia.&nbsp;<\/p>\n\n\n\n<p>Ela completa explicando que &#8220;com isso, o Centro de Opera\u00e7\u00f5es da Cemig (COD) recebe alertas em tempo real sobre queimadas pr\u00f3ximas \u00e0 rede el\u00e9trica. A partir dessas informa\u00e7\u00f5es, as equipes s\u00e3o acionadas para realizar inspe\u00e7\u00f5es em campo e, quando necess\u00e1rio, executar a\u00e7\u00f5es preventivas, como ajustes operacionais e manobras no sistema, com o objetivo de evitar interrup\u00e7\u00f5es no fornecimento de energia&#8221;.&nbsp;<\/p>\n\n\n\n<p>Quando h\u00e1 risco ou impacto direto sobre torres e linhas de alta tens\u00e3o, o COD avalia a possibilidade de transferir os clientes para outros circuitos, garantindo a continuidade do servi\u00e7o enquanto as equipes realizam a manuten\u00e7\u00e3o no local. A mesma tecnologia tamb\u00e9m \u00e9 utilizada no sistema de transmiss\u00e3o, auxiliando o Centro de Opera\u00e7\u00e3o do Sistema (COS) na gest\u00e3o de ocorr\u00eancias em linhas de extra alta tens\u00e3o, tornando o restabelecimento do fornecimento mais seguro e \u00e1gil.&nbsp;<\/p>\n\n\n\n<p><\/p>\n","protected":false},"excerpt":{"rendered":"<p>Tecnologia e monitoramento em tempo real refor\u00e7am a atua\u00e7\u00e3o preventiva da companhia diante de eventos meteorol\u00f3gicos extremos Com o avan\u00e7o dos eventos meteorol\u00f3gicos extremos, a atua\u00e7\u00e3o preventiva passou a ser um diferencial estrat\u00e9gico no setor el\u00e9trico. Em Minas Gerais, a Cemig conta com um centro meteorol\u00f3gico pr\u00f3prio, equipado com uma sala de situa\u00e7\u00e3o que conta [&hellip;]<\/p>\n","protected":false},"author":5,"featured_media":169659,"comment_status":"closed","ping_status":"open","sticky":false,"template":"","format":"standard","meta":{"advgb_blocks_editor_width":"","advgb_blocks_columns_visual_guide":"","_exactmetrics_skip_tracking":false,"_exactmetrics_sitenote_active":false,"_exactmetrics_sitenote_note":"","_exactmetrics_sitenote_category":0,"footnotes":""},"categories":[7,2],"tags":[],"class_list":["post-169658","post","type-post","status-publish","format-standard","has-post-thumbnail","hentry","category-destaques","category-noticias"],"better_featured_image":{"id":169659,"alt_text":"","caption":"","description":"","media_type":"image","media_details":{"width":1024,"height":768,"file":"2026\/03\/Raios-em-BH-Demetrio-Aguiar-Cemig-1.jpg","filesize":168128,"sizes":{"medium":{"file":"Raios-em-BH-Demetrio-Aguiar-Cemig-1-400x300.jpg","width":400,"height":300,"mime-type":"image\/jpeg","filesize":20671,"source_url":"https:\/\/lavras.tv\/site\/wp-content\/uploads\/2026\/03\/Raios-em-BH-Demetrio-Aguiar-Cemig-1-400x300.jpg"},"large":{"file":"Raios-em-BH-Demetrio-Aguiar-Cemig-1-970x728.jpg","width":970,"height":728,"mime-type":"image\/jpeg","filesize":91833,"source_url":"https:\/\/lavras.tv\/site\/wp-content\/uploads\/2026\/03\/Raios-em-BH-Demetrio-Aguiar-Cemig-1-970x728.jpg"},"thumbnail":{"file":"Raios-em-BH-Demetrio-Aguiar-Cemig-1-170x128.jpg","width":170,"height":128,"mime-type":"image\/jpeg","filesize":4865,"source_url":"https:\/\/lavras.tv\/site\/wp-content\/uploads\/2026\/03\/Raios-em-BH-Demetrio-Aguiar-Cemig-1-170x128.jpg"},"alm-thumbnail":{"file":"Raios-em-BH-Demetrio-Aguiar-Cemig-1-150x150.jpg","width":150,"height":150,"mime-type":"image\/jpeg","filesize":5309,"source_url":"https:\/\/lavras.tv\/site\/wp-content\/uploads\/2026\/03\/Raios-em-BH-Demetrio-Aguiar-Cemig-1-150x150.jpg"},"sow-carousel-default":{"file":"Raios-em-BH-Demetrio-Aguiar-Cemig-1-272x182.jpg","width":272,"height":182,"mime-type":"image\/jpeg","filesize":9929,"source_url":"https:\/\/lavras.tv\/site\/wp-content\/uploads\/2026\/03\/Raios-em-BH-Demetrio-Aguiar-Cemig-1-272x182.jpg"}},"image_meta":{"aperture":"0","credit":"","camera":"","caption":"","created_timestamp":"0","copyright":"","focal_length":"0","iso":"0","shutter_speed":"0","title":"","orientation":"0","keywords":[]}},"post":169658,"source_url":"https:\/\/lavras.tv\/site\/wp-content\/uploads\/2026\/03\/Raios-em-BH-Demetrio-Aguiar-Cemig-1.jpg"},"author_meta":{"display_name":"Vinicius Bustamante","author_link":"https:\/\/lavras.tv\/site\/author\/vinicius-bustamante\/"},"featured_img":"https:\/\/lavras.tv\/site\/wp-content\/uploads\/2026\/03\/Raios-em-BH-Demetrio-Aguiar-Cemig-1-400x300.jpg","coauthors":[],"tax_additional":{"categories":{"linked":["<a href=\"https:\/\/lavras.tv\/site\/category\/destaques\/\" class=\"advgb-post-tax-term\">Destaques<\/a>","<a href=\"https:\/\/lavras.tv\/site\/category\/noticias\/\" class=\"advgb-post-tax-term\">Not\u00edcias<\/a>"],"unlinked":["<span class=\"advgb-post-tax-term\">Destaques<\/span>","<span class=\"advgb-post-tax-term\">Not\u00edcias<\/span>"]}},"comment_count":"0","relative_dates":{"created":"Publicado 2 meses atr\u00e1s","modified":"Atualizado 2 meses atr\u00e1s"},"absolute_dates":{"created":"Publicado em 10 de mar\u00e7o de 2026","modified":"Atualizado em 10 de mar\u00e7o de 2026"},"absolute_dates_time":{"created":"Publicado em 10 de mar\u00e7o de 2026 10:40","modified":"Atualizado em 10 de mar\u00e7o de 2026 10:40"},"featured_img_caption":"","series_order":"","_links":{"self":[{"href":"https:\/\/lavras.tv\/site\/wp-json\/wp\/v2\/posts\/169658","targetHints":{"allow":["GET"]}}],"collection":[{"href":"https:\/\/lavras.tv\/site\/wp-json\/wp\/v2\/posts"}],"about":[{"href":"https:\/\/lavras.tv\/site\/wp-json\/wp\/v2\/types\/post"}],"author":[{"embeddable":true,"href":"https:\/\/lavras.tv\/site\/wp-json\/wp\/v2\/users\/5"}],"replies":[{"embeddable":true,"href":"https:\/\/lavras.tv\/site\/wp-json\/wp\/v2\/comments?post=169658"}],"version-history":[{"count":1,"href":"https:\/\/lavras.tv\/site\/wp-json\/wp\/v2\/posts\/169658\/revisions"}],"predecessor-version":[{"id":169660,"href":"https:\/\/lavras.tv\/site\/wp-json\/wp\/v2\/posts\/169658\/revisions\/169660"}],"wp:featuredmedia":[{"embeddable":true,"href":"https:\/\/lavras.tv\/site\/wp-json\/wp\/v2\/media\/169659"}],"wp:attachment":[{"href":"https:\/\/lavras.tv\/site\/wp-json\/wp\/v2\/media?parent=169658"}],"wp:term":[{"taxonomy":"category","embeddable":true,"href":"https:\/\/lavras.tv\/site\/wp-json\/wp\/v2\/categories?post=169658"},{"taxonomy":"post_tag","embeddable":true,"href":"https:\/\/lavras.tv\/site\/wp-json\/wp\/v2\/tags?post=169658"}],"curies":[{"name":"wp","href":"https:\/\/api.w.org\/{rel}","templated":true}]}}