{"id":169662,"date":"2026-03-10T11:21:59","date_gmt":"2026-03-10T14:21:59","guid":{"rendered":"https:\/\/lavras.tv\/site\/?p=169662"},"modified":"2026-03-10T11:22:01","modified_gmt":"2026-03-10T14:22:01","slug":"operacao-sargento-rodrigo-apos-confronto-com-a-policia-militar-suspeito-e-baleado-armas-e-drogas-sao-apreendidas","status":"publish","type":"post","link":"https:\/\/lavras.tv\/site\/2026\/03\/10\/operacao-sargento-rodrigo-apos-confronto-com-a-policia-militar-suspeito-e-baleado-armas-e-drogas-sao-apreendidas\/","title":{"rendered":"OPERA\u00c7\u00c3O SARGENTO RODRIGO: AP\u00d3S CONFRONTO COM A POL\u00cdCIA MILITAR, SUSPEITO \u00c9 BALEADO. ARMAS E DROGAS S\u00c3O APREENDIDAS"},"content":{"rendered":"<div class=\"lavra-antes-do-conteudo_2\" id=\"lavra-3668404323\"><div id=\"lavra-slider-27\" class=\"custom-slider lavra-slider-756537870 lavra-slider\"><ul><li><div style=\"margin-left: auto;margin-right: auto;text-align: center;\" id=\"lavra-683034968\"><a href=\"https:\/\/sistemas.lavras.mg.gov.br\/portalcidadao\/#df1b1a7c7b2a290bcb31e32771e610784662739a88807c0dacac58ede5f391a7530e299dc302d611ee73cb143fc22eaf93592e53e7b5bdb01b00a0b8d28dae460c141dd2ff83412e4dc1c31b16b25f33144a9e5620ea73b13f5bc1c59411d98439ad226e8af03840603796067d87afe130812cf3de24982d0e306f9e61e764e5\" aria-label=\"Lavras-TV&#8211;720x104px (1) (1)\"><img src=\"https:\/\/lavras.tv\/site\/wp-content\/uploads\/2025\/01\/Lavras-TV-720x104px-1-1.png\" alt=\"\"  srcset=\"https:\/\/lavras.tv\/site\/wp-content\/uploads\/2025\/01\/Lavras-TV-720x104px-1-1.png 720w, https:\/\/lavras.tv\/site\/wp-content\/uploads\/2025\/01\/Lavras-TV-720x104px-1-1-470x68.png 470w, https:\/\/lavras.tv\/site\/wp-content\/uploads\/2025\/01\/Lavras-TV-720x104px-1-1-170x25.png 170w, https:\/\/lavras.tv\/site\/wp-content\/uploads\/2025\/01\/Lavras-TV-720x104px-1-1-200x29.png 200w\" sizes=\"(max-width: 720px) 100vw, 720px\" width=\"720\" height=\"104\"  style=\"display: inline-block;\" \/><\/a><\/div><\/li><li><a href=\"https:\/\/sistemas.lavras.mg.gov.br\/portalcidadao\/#df1b1a7c7b2a290bcb31e32771e610784662739a88807c0dacac58ede5f391a7530e299dc302d611ee73cb143fc22eaf93592e53e7b5bdb01b00a0b8d28dae460c141dd2ff83412e4dc1c31b16b25f33144a9e5620ea73b13f5bc1c59411d98439ad226e8af03840603796067d87afe130812cf3de24982d0e306f9e61e764e5\" aria-label=\"Banner_Emprego_PortallavrasTV\"><img src=\"https:\/\/lavras.tv\/site\/wp-content\/uploads\/2025\/03\/Banner_Emprego_PortallavrasTV.png\" alt=\"\"  srcset=\"https:\/\/lavras.tv\/site\/wp-content\/uploads\/2025\/03\/Banner_Emprego_PortallavrasTV.png 720w, https:\/\/lavras.tv\/site\/wp-content\/uploads\/2025\/03\/Banner_Emprego_PortallavrasTV-470x68.png 470w, https:\/\/lavras.tv\/site\/wp-content\/uploads\/2025\/03\/Banner_Emprego_PortallavrasTV-170x25.png 170w, https:\/\/lavras.tv\/site\/wp-content\/uploads\/2025\/03\/Banner_Emprego_PortallavrasTV-200x29.png 200w\" sizes=\"(max-width: 720px) 100vw, 720px\" width=\"720\" height=\"104\"   \/><\/a><\/li><li><a href=\"https:\/\/sistemas.lavras.mg.gov.br\/portalcidadao\/#df1b1a7c7b2a290bcb31e32771e610784662739a88807c0dacac58ede5f391a7530e299dc302d611ee73cb143fc22eaf93592e53e7b5bdb01b00a0b8d28dae460c141dd2ff83412e4dc1c31b16b25f33144a9e5620ea73b13f5bc1c59411d98439ad226e8af03840603796067d87afe130812cf3de24982d0e306f9e61e764e5\" aria-label=\"Banner_Obras_PortallavrasTV\"><img src=\"https:\/\/lavras.tv\/site\/wp-content\/uploads\/2025\/03\/Banner_Obras_PortallavrasTV.png\" alt=\"\"  srcset=\"https:\/\/lavras.tv\/site\/wp-content\/uploads\/2025\/03\/Banner_Obras_PortallavrasTV.png 720w, https:\/\/lavras.tv\/site\/wp-content\/uploads\/2025\/03\/Banner_Obras_PortallavrasTV-470x68.png 470w, https:\/\/lavras.tv\/site\/wp-content\/uploads\/2025\/03\/Banner_Obras_PortallavrasTV-170x25.png 170w, https:\/\/lavras.tv\/site\/wp-content\/uploads\/2025\/03\/Banner_Obras_PortallavrasTV-200x29.png 200w\" sizes=\"(max-width: 720px) 100vw, 720px\" width=\"720\" height=\"104\"   \/><\/a><\/li><li><div style=\"margin-left: auto;margin-right: auto;text-align: center;\" id=\"lavra-3945618027\"><a href=\"https:\/\/sistemas.lavras.mg.gov.br\/portalcidadao\/#df1b1a7c7b2a290bcb31e32771e610784662739a88807c0dacac58ede5f391a7530e299dc302d611ee73cb143fc22eaf93592e53e7b5bdb01b00a0b8d28dae460c141dd2ff83412e4dc1c31b16b25f33144a9e5620ea73b13f5bc1c59411d98439ad226e8af03840603796067d87afe130812cf3de24982d0e306f9e61e764e5\" aria-label=\"Banner_Educa\u00e7\u00e3o_PortallavrasTV\"><img src=\"https:\/\/lavras.tv\/site\/wp-content\/uploads\/2025\/01\/Banner_Educacao_PortallavrasTV.png\" alt=\"\"  srcset=\"https:\/\/lavras.tv\/site\/wp-content\/uploads\/2025\/01\/Banner_Educacao_PortallavrasTV.png 720w, https:\/\/lavras.tv\/site\/wp-content\/uploads\/2025\/01\/Banner_Educacao_PortallavrasTV-470x68.png 470w, https:\/\/lavras.tv\/site\/wp-content\/uploads\/2025\/01\/Banner_Educacao_PortallavrasTV-170x25.png 170w, https:\/\/lavras.tv\/site\/wp-content\/uploads\/2025\/01\/Banner_Educacao_PortallavrasTV-200x29.png 200w\" sizes=\"(max-width: 720px) 100vw, 720px\" width=\"720\" height=\"104\"  style=\"display: inline-block;\" \/><\/a><\/div><\/li><li><a href=\"https:\/\/sistemas.lavras.mg.gov.br\/portalcidadao\/#df1b1a7c7b2a290bcb31e32771e610784662739a88807c0dacac58ede5f391a7530e299dc302d611ee73cb143fc22eaf93592e53e7b5bdb01b00a0b8d28dae460c141dd2ff83412e4dc1c31b16b25f33144a9e5620ea73b13f5bc1c59411d98439ad226e8af03840603796067d87afe130812cf3de24982d0e306f9e61e764e5\" aria-label=\"Banner_Sa\u00fade_PortallavrasTV\"><img src=\"https:\/\/lavras.tv\/site\/wp-content\/uploads\/2025\/03\/Banner_Saude_PortallavrasTV.png\" alt=\"\"  srcset=\"https:\/\/lavras.tv\/site\/wp-content\/uploads\/2025\/03\/Banner_Saude_PortallavrasTV.png 720w, https:\/\/lavras.tv\/site\/wp-content\/uploads\/2025\/03\/Banner_Saude_PortallavrasTV-470x68.png 470w, https:\/\/lavras.tv\/site\/wp-content\/uploads\/2025\/03\/Banner_Saude_PortallavrasTV-170x25.png 170w, https:\/\/lavras.tv\/site\/wp-content\/uploads\/2025\/03\/Banner_Saude_PortallavrasTV-200x29.png 200w\" sizes=\"(max-width: 720px) 100vw, 720px\" width=\"720\" height=\"104\"   \/><\/a><\/li><li><div id=\"lavra-2131716271\" style=\"width:720px;height:104px;background-color:#ddd;overflow:scroll;\">\n\t<strong>Sa\u00edda da depura\u00e7\u00e3o de an\u00fancios<\/strong>\n\t<br><br>\n\tO an\u00fancio n\u00e3o \u00e9 exibido na p\u00e1gina<br><br>post atual: OPERA\u00c7\u00c3O SARGENTO RODRIGO: AP\u00d3S CONFRONTO COM A POL\u00cdCIA MILITAR, SUSPEITO \u00c9 BALEADO. ARMAS E DROGAS S\u00c3O APREENDIDAS, ID: 169662<br><br><span style=\"color: red;\">O post atual n\u00e3o \u00e9 id\u00eantico ao post principal.<\/span><br><br>An\u00fancios: ROXO - TOPO INTERNA - ROTATIVO 2 (197)<br \/>Grupo de an\u00fancios: Princ_Meio01_720x104 (27)<br><br>Condi\u00e7\u00f5es de exibi\u00e7\u00e3o<div style=\"margin-bottom: 20px; white-space: pre-wrap; font-family: monospace; width: 100%; background: #ffe9e9;\"><strong>condi\u00e7\u00f5es gerais<\/strong><table border=\"1\"><thead><tr><th><\/th><th>An\u00fancios<\/th><th>wp_the_query<\/th><\/tr><\/thead><tr><td>is_main_query<\/td><td>1<\/td><td>1<\/td><\/tr><tr><td>is_rest_api<\/td><td>0<\/td><td>1<\/td><\/tr><tr><td>page<\/td><td>0<\/td><td>1<\/td><\/tr><tr><td>numpages<\/td><td>0<\/td><td>1<\/td><\/tr><tr><td>is_archive<\/td><td>1<\/td><td><\/td><\/tr><tr><td>is_search<\/td><td>1<\/td><td><\/td><\/tr><tr><td>is_home<\/td><td>1<\/td><td><\/td><\/tr><tr><td>is_404<\/td><td>1<\/td><td><\/td><\/tr><tr><td>is_attachment<\/td><td>1<\/td><td><\/td><\/tr><tr><td>is_singular<\/td><td>1<\/td><td><\/td><\/tr><tr><td>is_front_page<\/td><td>1<\/td><td><\/td><\/tr><tr><td>is_feed<\/td><td>1<\/td><td><\/td><\/tr><\/table><\/div><br><br><span style=\"color: red;\">Seu site usa HTTPS, mas o c\u00f3digo do an\u00fancio cont\u00e9m HTTP e pode n\u00e3o funcionar.<\/span>\t<br><br>\n\t<a style=\"color: green;\" href=\"https:\/\/wpadvancedads.com\/manual\/ad-debug-mode\/?utm_source=advanced-ads&utm_medium=link&utm_campaign=ad-debug-mode\" target=\"_blank\" rel=\"nofollow\">Encontre solu\u00e7\u00f5es no manual<\/a>\n<\/div>\n<\/li><\/ul><\/div><script>( window.advanced_ads_ready || jQuery( document ).ready ).call( null, function() {var $lavraslider756537870 = jQuery( \".lavra-slider-756537870\" );$lavraslider756537870.on( \"unslider.ready\", function() { jQuery( \"div.custom-slider ul li\" ).css( \"display\", \"block\" ); });$lavraslider756537870.unslider({ delay:4000, autoplay:true, nav:false, arrows:false, infinite:true });$lavraslider756537870.on(\"mouseover\", function() {$lavraslider756537870.unslider(\"stop\");}).on(\"mouseout\", function() {$lavraslider756537870.unslider(\"start\");});});<\/script><\/div>\n<figure class=\"wp-block-image size-large\"><img fetchpriority=\"high\" decoding=\"async\" width=\"970\" height=\"728\" src=\"https:\/\/lavras.tv\/site\/wp-content\/uploads\/2026\/03\/WhatsApp-Image-2026-03-10-at-11.17.26-970x728.jpeg\" alt=\"\" class=\"wp-image-169663\" srcset=\"https:\/\/lavras.tv\/site\/wp-content\/uploads\/2026\/03\/WhatsApp-Image-2026-03-10-at-11.17.26-970x728.jpeg 970w, https:\/\/lavras.tv\/site\/wp-content\/uploads\/2026\/03\/WhatsApp-Image-2026-03-10-at-11.17.26-400x300.jpeg 400w, https:\/\/lavras.tv\/site\/wp-content\/uploads\/2026\/03\/WhatsApp-Image-2026-03-10-at-11.17.26-170x128.jpeg 170w, https:\/\/lavras.tv\/site\/wp-content\/uploads\/2026\/03\/WhatsApp-Image-2026-03-10-at-11.17.26.jpeg 1280w\" sizes=\"(max-width: 970px) 100vw, 970px\" \/><\/figure>\n\n\n\n<p>Na noite do dia 09 de mar\u00e7o, ap\u00f3s levantamento de informa\u00e7\u00f5es indicando que um indiv\u00edduo ligado a Organiza\u00e7\u00e3o Criminosa do bairro S\u00e3o Benedito estaria homiziado em uma resid\u00eancia no bairro, as equipes policiais realizaram dilig\u00eancias no local. Durante a a\u00e7\u00e3o, nas imedia\u00e7\u00f5es da Rua Bom Sucesso, o suspeito, de 24 anos, foi localizado.<\/p>\n\n\n\n<p>Ele estava portando uma arma de fogo, reagiu \u00e0 abordagem policial, n\u00e3o acatando as ordens para que a largasse e optando pelo confronto, efetuando disparos contra a equipe policial. Diante da agress\u00e3o iminente e visando resguardar a integridade f\u00edsica dos militares, foi necess\u00e1rio o emprego de for\u00e7a potencialmente letal, sendo o suspeito atingido e de imediato socorrido at\u00e9 a unidade de sa\u00fade, por\u00e9m n\u00e3o resistiu aos ferimentos.<\/p>\n\n\n\n<p>Ele estava de porte de uma pochete, onde havia mais objetos il\u00edcitos. Contra o suspeito haviam 04 Mandados de pris\u00e3o em aberto contra o suspeito.<\/p>\n\n\n\n<p>Durante a ocorr\u00eancia foram apreendidos:<\/p>\n\n\n\n<p>02 pistolas, sendo uma calibre .380 com numera\u00e7\u00e3o suprimida e uma calibre .40;<\/p>\n\n\n\n<p>03 carregadores de pistolas;<\/p>\n\n\n\n<p>05 muni\u00e7\u00f5es de arma calibre .40;<\/p>\n\n\n\n<p>31 buchas de Naconha;<\/p>\n\n\n\n<p>R$ 2.323,00 em dinheiro;<\/p>\n\n\n\n<p>02 toucas tipo \u201cninja\u201d;<\/p>\n\n\n\n<p>01 bolsa transversal;<\/p>\n\n\n\n<p>01 telefone celular (iPhone 15);<\/p>\n\n\n\n<p>Todo o material foi apreendido e relacionado no Boletim de Ocorr\u00eancia.<\/p>\n\n\n\n<p>A Pol\u00edcia Militar de Minas Gerais destaca que as a\u00e7\u00f5es de repress\u00e3o qualificada continuar\u00e3o sendo realizadas de forma firme e estrat\u00e9gica, at\u00e9 que todos os respons\u00e1veis pelo crime sejam identificados e capturados, reafirmando o compromisso da Institui\u00e7\u00e3o com a seguran\u00e7a e a tranquilidade da popula\u00e7\u00e3o.<\/p>\n\n\n\n<figure class=\"wp-block-video\"><video height=\"850\" style=\"aspect-ratio: 478 \/ 850;\" width=\"478\" controls src=\"https:\/\/lavras.tv\/site\/wp-content\/uploads\/2026\/03\/WhatsApp-Video-2026-03-10-at-11.17.26.mp4\"><\/video><\/figure>\n\n\n\n<p>POL\u00cdCIA MILITAR DE MINAS GERAIS, 250 ANOS: A FOR\u00c7A DO POVO MINEIRO, PRESEN\u00c7A QUE PROTEGE!<\/p>\n\n\n\n<p>ALCO\/8\u00ba BPM<\/p>\n","protected":false},"excerpt":{"rendered":"<p>Na noite do dia 09 de mar\u00e7o, ap\u00f3s levantamento de informa\u00e7\u00f5es indicando que um indiv\u00edduo ligado a Organiza\u00e7\u00e3o Criminosa do bairro S\u00e3o Benedito estaria homiziado em uma resid\u00eancia no bairro, as equipes policiais realizaram dilig\u00eancias no local. Durante a a\u00e7\u00e3o, nas imedia\u00e7\u00f5es da Rua Bom Sucesso, o suspeito, de 24 anos, foi localizado. Ele estava [&hellip;]<\/p>\n","protected":false},"author":5,"featured_media":169663,"comment_status":"closed","ping_status":"open","sticky":false,"template":"","format":"standard","meta":{"advgb_blocks_editor_width":"","advgb_blocks_columns_visual_guide":"","_exactmetrics_skip_tracking":false,"_exactmetrics_sitenote_active":false,"_exactmetrics_sitenote_note":"","_exactmetrics_sitenote_category":0,"footnotes":""},"categories":[7,2],"tags":[],"class_list":["post-169662","post","type-post","status-publish","format-standard","has-post-thumbnail","hentry","category-destaques","category-noticias"],"better_featured_image":{"id":169663,"alt_text":"","caption":"","description":"","media_type":"image","media_details":{"width":1280,"height":960,"file":"2026\/03\/WhatsApp-Image-2026-03-10-at-11.17.26.jpeg","filesize":220216,"sizes":{"medium":{"file":"WhatsApp-Image-2026-03-10-at-11.17.26-400x300.jpeg","width":400,"height":300,"mime-type":"image\/jpeg","filesize":36543,"source_url":"https:\/\/lavras.tv\/site\/wp-content\/uploads\/2026\/03\/WhatsApp-Image-2026-03-10-at-11.17.26-400x300.jpeg"},"large":{"file":"WhatsApp-Image-2026-03-10-at-11.17.26-970x728.jpeg","width":970,"height":728,"mime-type":"image\/jpeg","filesize":161056,"source_url":"https:\/\/lavras.tv\/site\/wp-content\/uploads\/2026\/03\/WhatsApp-Image-2026-03-10-at-11.17.26-970x728.jpeg"},"thumbnail":{"file":"WhatsApp-Image-2026-03-10-at-11.17.26-170x128.jpeg","width":170,"height":128,"mime-type":"image\/jpeg","filesize":8053,"source_url":"https:\/\/lavras.tv\/site\/wp-content\/uploads\/2026\/03\/WhatsApp-Image-2026-03-10-at-11.17.26-170x128.jpeg"},"alm-thumbnail":{"file":"WhatsApp-Image-2026-03-10-at-11.17.26-150x150.jpeg","width":150,"height":150,"mime-type":"image\/jpeg","filesize":9296,"source_url":"https:\/\/lavras.tv\/site\/wp-content\/uploads\/2026\/03\/WhatsApp-Image-2026-03-10-at-11.17.26-150x150.jpeg"},"sow-carousel-default":{"file":"WhatsApp-Image-2026-03-10-at-11.17.26-272x182.jpeg","width":272,"height":182,"mime-type":"image\/jpeg","filesize":17228,"source_url":"https:\/\/lavras.tv\/site\/wp-content\/uploads\/2026\/03\/WhatsApp-Image-2026-03-10-at-11.17.26-272x182.jpeg"}},"image_meta":{"aperture":"0","credit":"","camera":"","caption":"","created_timestamp":"0","copyright":"","focal_length":"0","iso":"0","shutter_speed":"0","title":"","orientation":"0","keywords":[]}},"post":169662,"source_url":"https:\/\/lavras.tv\/site\/wp-content\/uploads\/2026\/03\/WhatsApp-Image-2026-03-10-at-11.17.26.jpeg"},"author_meta":{"display_name":"Vinicius Bustamante","author_link":"https:\/\/lavras.tv\/site\/author\/vinicius-bustamante\/"},"featured_img":"https:\/\/lavras.tv\/site\/wp-content\/uploads\/2026\/03\/WhatsApp-Image-2026-03-10-at-11.17.26-400x300.jpeg","coauthors":[],"tax_additional":{"categories":{"linked":["<a href=\"https:\/\/lavras.tv\/site\/category\/destaques\/\" class=\"advgb-post-tax-term\">Destaques<\/a>","<a href=\"https:\/\/lavras.tv\/site\/category\/noticias\/\" class=\"advgb-post-tax-term\">Not\u00edcias<\/a>"],"unlinked":["<span class=\"advgb-post-tax-term\">Destaques<\/span>","<span class=\"advgb-post-tax-term\">Not\u00edcias<\/span>"]}},"comment_count":"0","relative_dates":{"created":"Publicado 2 meses atr\u00e1s","modified":"Atualizado 2 meses atr\u00e1s"},"absolute_dates":{"created":"Publicado em 10 de mar\u00e7o de 2026","modified":"Atualizado em 10 de mar\u00e7o de 2026"},"absolute_dates_time":{"created":"Publicado em 10 de mar\u00e7o de 2026 11:21","modified":"Atualizado em 10 de mar\u00e7o de 2026 11:22"},"featured_img_caption":"","series_order":"","_links":{"self":[{"href":"https:\/\/lavras.tv\/site\/wp-json\/wp\/v2\/posts\/169662","targetHints":{"allow":["GET"]}}],"collection":[{"href":"https:\/\/lavras.tv\/site\/wp-json\/wp\/v2\/posts"}],"about":[{"href":"https:\/\/lavras.tv\/site\/wp-json\/wp\/v2\/types\/post"}],"author":[{"embeddable":true,"href":"https:\/\/lavras.tv\/site\/wp-json\/wp\/v2\/users\/5"}],"replies":[{"embeddable":true,"href":"https:\/\/lavras.tv\/site\/wp-json\/wp\/v2\/comments?post=169662"}],"version-history":[{"count":1,"href":"https:\/\/lavras.tv\/site\/wp-json\/wp\/v2\/posts\/169662\/revisions"}],"predecessor-version":[{"id":169665,"href":"https:\/\/lavras.tv\/site\/wp-json\/wp\/v2\/posts\/169662\/revisions\/169665"}],"wp:featuredmedia":[{"embeddable":true,"href":"https:\/\/lavras.tv\/site\/wp-json\/wp\/v2\/media\/169663"}],"wp:attachment":[{"href":"https:\/\/lavras.tv\/site\/wp-json\/wp\/v2\/media?parent=169662"}],"wp:term":[{"taxonomy":"category","embeddable":true,"href":"https:\/\/lavras.tv\/site\/wp-json\/wp\/v2\/categories?post=169662"},{"taxonomy":"post_tag","embeddable":true,"href":"https:\/\/lavras.tv\/site\/wp-json\/wp\/v2\/tags?post=169662"}],"curies":[{"name":"wp","href":"https:\/\/api.w.org\/{rel}","templated":true}]}}