{"id":169676,"date":"2026-03-10T18:09:44","date_gmt":"2026-03-10T21:09:44","guid":{"rendered":"https:\/\/lavras.tv\/site\/?p=169676"},"modified":"2026-03-10T18:09:45","modified_gmt":"2026-03-10T21:09:45","slug":"secretaria-de-saude-de-lavras-esclarece-informacoes-sobre-recursos-federais-da-saude","status":"publish","type":"post","link":"https:\/\/lavras.tv\/site\/2026\/03\/10\/secretaria-de-saude-de-lavras-esclarece-informacoes-sobre-recursos-federais-da-saude\/","title":{"rendered":"Secretaria de Sa\u00fade de Lavras esclarece informa\u00e7\u00f5es sobre recursos federais da sa\u00fade"},"content":{"rendered":"<div class=\"lavra-antes-do-conteudo_2\" id=\"lavra-2914401303\"><div id=\"lavra-slider-27\" class=\"custom-slider lavra-slider-1256583248 lavra-slider\"><ul><li><div style=\"margin-left: auto;margin-right: auto;text-align: center;\" id=\"lavra-2750431418\"><a href=\"https:\/\/sistemas.lavras.mg.gov.br\/portalcidadao\/#df1b1a7c7b2a290bcb31e32771e610784662739a88807c0dacac58ede5f391a7530e299dc302d611ee73cb143fc22eaf93592e53e7b5bdb01b00a0b8d28dae460c141dd2ff83412e4dc1c31b16b25f33144a9e5620ea73b13f5bc1c59411d98439ad226e8af03840603796067d87afe130812cf3de24982d0e306f9e61e764e5\" aria-label=\"Lavras-TV&#8211;720x104px (1) (1)\"><img src=\"https:\/\/lavras.tv\/site\/wp-content\/uploads\/2025\/01\/Lavras-TV-720x104px-1-1.png\" alt=\"\"  srcset=\"https:\/\/lavras.tv\/site\/wp-content\/uploads\/2025\/01\/Lavras-TV-720x104px-1-1.png 720w, https:\/\/lavras.tv\/site\/wp-content\/uploads\/2025\/01\/Lavras-TV-720x104px-1-1-470x68.png 470w, https:\/\/lavras.tv\/site\/wp-content\/uploads\/2025\/01\/Lavras-TV-720x104px-1-1-170x25.png 170w, https:\/\/lavras.tv\/site\/wp-content\/uploads\/2025\/01\/Lavras-TV-720x104px-1-1-200x29.png 200w\" sizes=\"(max-width: 720px) 100vw, 720px\" width=\"720\" height=\"104\"  style=\"display: inline-block;\" \/><\/a><\/div><\/li><li><a href=\"https:\/\/sistemas.lavras.mg.gov.br\/portalcidadao\/#df1b1a7c7b2a290bcb31e32771e610784662739a88807c0dacac58ede5f391a7530e299dc302d611ee73cb143fc22eaf93592e53e7b5bdb01b00a0b8d28dae460c141dd2ff83412e4dc1c31b16b25f33144a9e5620ea73b13f5bc1c59411d98439ad226e8af03840603796067d87afe130812cf3de24982d0e306f9e61e764e5\" aria-label=\"Banner_Emprego_PortallavrasTV\"><img src=\"https:\/\/lavras.tv\/site\/wp-content\/uploads\/2025\/03\/Banner_Emprego_PortallavrasTV.png\" alt=\"\"  srcset=\"https:\/\/lavras.tv\/site\/wp-content\/uploads\/2025\/03\/Banner_Emprego_PortallavrasTV.png 720w, https:\/\/lavras.tv\/site\/wp-content\/uploads\/2025\/03\/Banner_Emprego_PortallavrasTV-470x68.png 470w, https:\/\/lavras.tv\/site\/wp-content\/uploads\/2025\/03\/Banner_Emprego_PortallavrasTV-170x25.png 170w, https:\/\/lavras.tv\/site\/wp-content\/uploads\/2025\/03\/Banner_Emprego_PortallavrasTV-200x29.png 200w\" sizes=\"(max-width: 720px) 100vw, 720px\" width=\"720\" height=\"104\"   \/><\/a><\/li><li><a href=\"https:\/\/sistemas.lavras.mg.gov.br\/portalcidadao\/#df1b1a7c7b2a290bcb31e32771e610784662739a88807c0dacac58ede5f391a7530e299dc302d611ee73cb143fc22eaf93592e53e7b5bdb01b00a0b8d28dae460c141dd2ff83412e4dc1c31b16b25f33144a9e5620ea73b13f5bc1c59411d98439ad226e8af03840603796067d87afe130812cf3de24982d0e306f9e61e764e5\" aria-label=\"Banner_Obras_PortallavrasTV\"><img src=\"https:\/\/lavras.tv\/site\/wp-content\/uploads\/2025\/03\/Banner_Obras_PortallavrasTV.png\" alt=\"\"  srcset=\"https:\/\/lavras.tv\/site\/wp-content\/uploads\/2025\/03\/Banner_Obras_PortallavrasTV.png 720w, https:\/\/lavras.tv\/site\/wp-content\/uploads\/2025\/03\/Banner_Obras_PortallavrasTV-470x68.png 470w, https:\/\/lavras.tv\/site\/wp-content\/uploads\/2025\/03\/Banner_Obras_PortallavrasTV-170x25.png 170w, https:\/\/lavras.tv\/site\/wp-content\/uploads\/2025\/03\/Banner_Obras_PortallavrasTV-200x29.png 200w\" sizes=\"(max-width: 720px) 100vw, 720px\" width=\"720\" height=\"104\"   \/><\/a><\/li><li><div style=\"margin-left: auto;margin-right: auto;text-align: center;\" id=\"lavra-4134089853\"><a href=\"https:\/\/sistemas.lavras.mg.gov.br\/portalcidadao\/#df1b1a7c7b2a290bcb31e32771e610784662739a88807c0dacac58ede5f391a7530e299dc302d611ee73cb143fc22eaf93592e53e7b5bdb01b00a0b8d28dae460c141dd2ff83412e4dc1c31b16b25f33144a9e5620ea73b13f5bc1c59411d98439ad226e8af03840603796067d87afe130812cf3de24982d0e306f9e61e764e5\" aria-label=\"Banner_Educa\u00e7\u00e3o_PortallavrasTV\"><img src=\"https:\/\/lavras.tv\/site\/wp-content\/uploads\/2025\/01\/Banner_Educacao_PortallavrasTV.png\" alt=\"\"  srcset=\"https:\/\/lavras.tv\/site\/wp-content\/uploads\/2025\/01\/Banner_Educacao_PortallavrasTV.png 720w, https:\/\/lavras.tv\/site\/wp-content\/uploads\/2025\/01\/Banner_Educacao_PortallavrasTV-470x68.png 470w, https:\/\/lavras.tv\/site\/wp-content\/uploads\/2025\/01\/Banner_Educacao_PortallavrasTV-170x25.png 170w, https:\/\/lavras.tv\/site\/wp-content\/uploads\/2025\/01\/Banner_Educacao_PortallavrasTV-200x29.png 200w\" sizes=\"(max-width: 720px) 100vw, 720px\" width=\"720\" height=\"104\"  style=\"display: inline-block;\" \/><\/a><\/div><\/li><li><a href=\"https:\/\/sistemas.lavras.mg.gov.br\/portalcidadao\/#df1b1a7c7b2a290bcb31e32771e610784662739a88807c0dacac58ede5f391a7530e299dc302d611ee73cb143fc22eaf93592e53e7b5bdb01b00a0b8d28dae460c141dd2ff83412e4dc1c31b16b25f33144a9e5620ea73b13f5bc1c59411d98439ad226e8af03840603796067d87afe130812cf3de24982d0e306f9e61e764e5\" aria-label=\"Banner_Sa\u00fade_PortallavrasTV\"><img src=\"https:\/\/lavras.tv\/site\/wp-content\/uploads\/2025\/03\/Banner_Saude_PortallavrasTV.png\" alt=\"\"  srcset=\"https:\/\/lavras.tv\/site\/wp-content\/uploads\/2025\/03\/Banner_Saude_PortallavrasTV.png 720w, https:\/\/lavras.tv\/site\/wp-content\/uploads\/2025\/03\/Banner_Saude_PortallavrasTV-470x68.png 470w, https:\/\/lavras.tv\/site\/wp-content\/uploads\/2025\/03\/Banner_Saude_PortallavrasTV-170x25.png 170w, https:\/\/lavras.tv\/site\/wp-content\/uploads\/2025\/03\/Banner_Saude_PortallavrasTV-200x29.png 200w\" sizes=\"(max-width: 720px) 100vw, 720px\" width=\"720\" height=\"104\"   \/><\/a><\/li><li><div id=\"lavra-1253238629\" style=\"width:720px;height:104px;background-color:#ddd;overflow:scroll;\">\n\t<strong>Sa\u00edda da depura\u00e7\u00e3o de an\u00fancios<\/strong>\n\t<br><br>\n\tO an\u00fancio n\u00e3o \u00e9 exibido na p\u00e1gina<br><br>post atual: Secretaria de Sa\u00fade de Lavras esclarece informa\u00e7\u00f5es sobre recursos federais da sa\u00fade, ID: 169676<br><br><span style=\"color: red;\">O post atual n\u00e3o \u00e9 id\u00eantico ao post principal.<\/span><br><br>An\u00fancios: ROXO - TOPO INTERNA - ROTATIVO 2 (197)<br \/>Grupo de an\u00fancios: Princ_Meio01_720x104 (27)<br><br>Condi\u00e7\u00f5es de exibi\u00e7\u00e3o<div style=\"margin-bottom: 20px; white-space: pre-wrap; font-family: monospace; width: 100%; background: #ffe9e9;\"><strong>condi\u00e7\u00f5es gerais<\/strong><table border=\"1\"><thead><tr><th><\/th><th>An\u00fancios<\/th><th>wp_the_query<\/th><\/tr><\/thead><tr><td>is_main_query<\/td><td>1<\/td><td>1<\/td><\/tr><tr><td>is_rest_api<\/td><td>0<\/td><td>1<\/td><\/tr><tr><td>page<\/td><td>0<\/td><td>1<\/td><\/tr><tr><td>numpages<\/td><td>0<\/td><td>1<\/td><\/tr><tr><td>is_archive<\/td><td>1<\/td><td><\/td><\/tr><tr><td>is_search<\/td><td>1<\/td><td><\/td><\/tr><tr><td>is_home<\/td><td>1<\/td><td><\/td><\/tr><tr><td>is_404<\/td><td>1<\/td><td><\/td><\/tr><tr><td>is_attachment<\/td><td>1<\/td><td><\/td><\/tr><tr><td>is_singular<\/td><td>1<\/td><td><\/td><\/tr><tr><td>is_front_page<\/td><td>1<\/td><td><\/td><\/tr><tr><td>is_feed<\/td><td>1<\/td><td><\/td><\/tr><\/table><\/div><br><br><span style=\"color: red;\">Seu site usa HTTPS, mas o c\u00f3digo do an\u00fancio cont\u00e9m HTTP e pode n\u00e3o funcionar.<\/span>\t<br><br>\n\t<a style=\"color: green;\" href=\"https:\/\/wpadvancedads.com\/manual\/ad-debug-mode\/?utm_source=advanced-ads&utm_medium=link&utm_campaign=ad-debug-mode\" target=\"_blank\" rel=\"nofollow\">Encontre solu\u00e7\u00f5es no manual<\/a>\n<\/div>\n<\/li><\/ul><\/div><script>( window.advanced_ads_ready || jQuery( document ).ready ).call( null, function() {var $lavraslider1256583248 = jQuery( \".lavra-slider-1256583248\" );$lavraslider1256583248.on( \"unslider.ready\", function() { jQuery( \"div.custom-slider ul li\" ).css( \"display\", \"block\" ); });$lavraslider1256583248.unslider({ delay:4000, autoplay:true, nav:false, arrows:false, infinite:true });$lavraslider1256583248.on(\"mouseover\", function() {$lavraslider1256583248.unslider(\"stop\");}).on(\"mouseout\", function() {$lavraslider1256583248.unslider(\"start\");});});<\/script><\/div>\n<figure class=\"wp-block-image size-full\"><img fetchpriority=\"high\" decoding=\"async\" width=\"563\" height=\"400\" src=\"https:\/\/lavras.tv\/site\/wp-content\/uploads\/2026\/03\/WhatsApp-Image-2026-03-10-at-17.21.45-rkbhoc6lz8vvr8ckbuok01pgnnm1g31kpke04dcb28.jpeg\" alt=\"\" class=\"wp-image-169677\" srcset=\"https:\/\/lavras.tv\/site\/wp-content\/uploads\/2026\/03\/WhatsApp-Image-2026-03-10-at-17.21.45-rkbhoc6lz8vvr8ckbuok01pgnnm1g31kpke04dcb28.jpeg 563w, https:\/\/lavras.tv\/site\/wp-content\/uploads\/2026\/03\/WhatsApp-Image-2026-03-10-at-17.21.45-rkbhoc6lz8vvr8ckbuok01pgnnm1g31kpke04dcb28-422x300.jpeg 422w, https:\/\/lavras.tv\/site\/wp-content\/uploads\/2026\/03\/WhatsApp-Image-2026-03-10-at-17.21.45-rkbhoc6lz8vvr8ckbuok01pgnnm1g31kpke04dcb28-170x121.jpeg 170w\" sizes=\"(max-width: 563px) 100vw, 563px\" \/><\/figure>\n\n\n\n<p><strong>NOTA DE ESCLARECIMENTO<\/strong><br><\/p>\n\n\n\n<p>Lavras, 10 de mar\u00e7o de 2026<br><\/p>\n\n\n\n<p>Em raz\u00e3o de informa\u00e7\u00f5es divulgadas recentemente em v\u00eddeo por vereadores nas redes<br>sociais, contendo afirma\u00e7\u00f5es incorretas a respeito da gest\u00e3o de recursos da sa\u00fade no<br>munic\u00edpio, a Secretaria Municipal de Sa\u00fade de Lavras apresenta os seguintes<br>esclarecimentos \u00e0 popula\u00e7\u00e3o.<br>Diante das informa\u00e7\u00f5es que v\u00eam sendo divulgadas sobre a gest\u00e3o de recursos da Sa\u00fade no<br>munic\u00edpio, \u00e9 importante esclarecer alguns pontos t\u00e9cnicos. A orienta\u00e7\u00e3o da gest\u00e3o<br>municipal sempre foi buscar recursos para fortalecer a sa\u00fade p\u00fablica, ampliando e<br>qualificando os servi\u00e7os oferecidos \u00e0 popula\u00e7\u00e3o. Por isso, causa estranheza a divulga\u00e7\u00e3o<br>de informa\u00e7\u00f5es que demonstram desconhecimento dos crit\u00e9rios t\u00e9cnicos que regem a<br>destina\u00e7\u00e3o desses recursos.<br>O recurso que est\u00e1 sendo discutido \u00e9 proveniente da Portaria n\u00ba 10.169\/2026 do Minist\u00e9rio<br>da Sa\u00fade. Trata-se de um recurso ordin\u00e1rio do pr\u00f3prio Minist\u00e9rio da Sa\u00fade, destinado ao<br>fortalecimento de pol\u00edticas e programas j\u00e1 existentes no Sistema \u00danico de Sa\u00fade (SUS).<br>Portanto, n\u00e3o se trata de emenda parlamentar nem de indica\u00e7\u00e3o de deputado ou senador,<br>mas de um mecanismo federal de financiamento de a\u00e7\u00f5es e servi\u00e7os p\u00fablicos de sa\u00fade.<br>Nesse modelo, o munic\u00edpio apresenta propostas por meio do sistema do Minist\u00e9rio da<br>Sa\u00fade, que s\u00e3o avaliadas com base em crit\u00e9rios epidemiol\u00f3gicos, assistenciais e t\u00e9cnicos,<br>sem qualquer an\u00e1lise de natureza pol\u00edtica. A libera\u00e7\u00e3o do recurso depende da consist\u00eancia<br>do planejamento, da apresenta\u00e7\u00e3o de um plano de a\u00e7\u00e3o coerente e da comprova\u00e7\u00e3o da<br>necessidade de sa\u00fade. Al\u00e9m disso, os recursos s\u00e3o destinados exclusivamente a despesas<br>de custeio, sendo vedada a realiza\u00e7\u00e3o de obras ou aquisi\u00e7\u00e3o de equipamentos<br>permanentes.<br>Outro ponto fundamental diz respeito ao teto financeiro da M\u00e9dia e Alta Complexidade<br>(MAC) do munic\u00edpio. A Portaria estabelece que as propostas cadastradas devem respeitar o<br>limite financeiro do munic\u00edpio. No caso de Lavras, o teto MAC \u00e9 de R$ 40.729.416,53.<br>Desse total, apenas at\u00e9 50% pode ser utilizado para a\u00e7\u00f5es livres de m\u00e9dia e alta<br>complexidade n\u00e3o previstas diretamente na Portaria, o que corresponde a<br>aproximadamente R$ 20,3 milh\u00f5es. Portanto, \u00e9 tecnicamente imposs\u00edvel cadastrar<br>propostas acima desse valor, pois o pr\u00f3prio sistema do Minist\u00e9rio da Sa\u00fade impede o<br>registro de propostas que ultrapassem o teto estabelecido.<br>No processo de operacionaliza\u00e7\u00e3o da Portaria, o Munic\u00edpio de Lavras realizou inicialmente o<br>cadastramento de propostas no sistema federal. Posteriormente, ap\u00f3s orienta\u00e7\u00e3o t\u00e9cnica da<br>Superintend\u00eancia Regional de Sa\u00fade e do Conselho de Secretarias Municipais de Sa\u00fade de<br>Minas Gerais (COSEMS\/MG), foi necess\u00e1rio realizar o recadastramento das propostas para<br>adequa\u00e7\u00e3o integral \u00e0s exig\u00eancias da norma.<br>Considerando o limite dispon\u00edvel para cadastro, a Secretaria Municipal de Sa\u00fade optou por<br>direcionar os recursos para a\u00e7\u00f5es j\u00e1 existentes e essenciais para o funcionamento da rede<br>municipal de sa\u00fade. Entre as propostas cadastradas est\u00e3o o custeio de cirurgias eletivas, a<br>manuten\u00e7\u00e3o do servi\u00e7o de oncologia no munic\u00edpio, o financiamento das unidades de UTI<br>neonatal, al\u00e9m do custeio e manuten\u00e7\u00e3o da UPA de Lavras. Esses servi\u00e7os s\u00e3o<br>fundamentais para garantir a continuidade do atendimento \u00e0 popula\u00e7\u00e3o.<br>Importante esclarecer tamb\u00e9m que os dois hospitais do munic\u00edpio, Vaz Monteiro e Santa<br>Casa, foram devidamente cadastrados no sistema InvestSUS para recebimento de recursos<br>dentro das propostas apresentadas pela Secretaria Municipal de Sa\u00fade, respeitando os<br>limites t\u00e9cnicos estabelecidos pela Portaria e a l\u00f3gica de financiamento do SUS.<br>\u00c9 importante destacar que, no Sistema \u00danico de Sa\u00fade, vigora o princ\u00edpio do comando<br>\u00fanico da gest\u00e3o, o que significa que cabe ao Secret\u00e1rio Municipal de Sa\u00fade, enquanto<br>gestor do Fundo Municipal de Sa\u00fade, definir a aplica\u00e7\u00e3o dos recursos, sempre com base<br>em crit\u00e9rios t\u00e9cnicos, sanit\u00e1rios e epidemiol\u00f3gicos e com supervis\u00e3o do Conselho Municipal<br>de Sa\u00fade.<br>As decis\u00f5es tomadas pela gest\u00e3o municipal est\u00e3o alinhadas ao Plano Municipal de Sa\u00fade,<br>documento constru\u00eddo com participa\u00e7\u00e3o da popula\u00e7\u00e3o durante a Confer\u00eancia Municipal de<br>Sa\u00fade. A tentativa de inverter essa l\u00f3gica de decis\u00e3o ou de direcionar recursos de forma<br>incompat\u00edvel com os crit\u00e9rios t\u00e9cnicos estabelecidos pelo SUS pode comprometer a<br>organiza\u00e7\u00e3o da rede assistencial e gerar desinforma\u00e7\u00e3o para a popula\u00e7\u00e3o.<br>Tamb\u00e9m \u00e9 importante esclarecer que n\u00e3o existe, nos sistemas oficiais do Governo Federal,<br>qualquer registro desse valor como emenda de bancada destinada ao munic\u00edpio ou a uma<br>institui\u00e7\u00e3o espec\u00edfica. O recurso em quest\u00e3o \u00e9 operacionalizado diretamente pelo Minist\u00e9rio<br>da Sa\u00fade, por meio da plataforma InvestSUS, onde as propostas s\u00e3o cadastradas pela<br>pr\u00f3pria Secretaria Municipal de Sa\u00fade.<br>Por fim, a gest\u00e3o municipal refor\u00e7a que os hospitais filantr\u00f3picos s\u00e3o parceiros importantes<br>do SUS e continuar\u00e3o participando da rede de atendimento. A destina\u00e7\u00e3o integral do valor<br>referido pela institui\u00e7\u00e3o inviabilizaria a manuten\u00e7\u00e3o de diversos outros servi\u00e7os oferecidos<br>pelo munic\u00edpio por meio do SUS. Portanto, n\u00e3o se trata de recusar recursos, mas de<br>aloc\u00e1-los de forma respons\u00e1vel e equilibrada, de acordo com as prioridades da rede<br>municipal de sa\u00fade, garantindo a continuidade dos servi\u00e7os e ampliando o atendimento<br>para a popula\u00e7\u00e3o que mais precisa.<br><\/p>\n\n\n\n<p><strong>\u00c1lvaro Jos\u00e9 Pereira Neto<br>Secret\u00e1rio Municipal de Sa\u00fade<\/strong><\/p>\n","protected":false},"excerpt":{"rendered":"<p>NOTA DE ESCLARECIMENTO Lavras, 10 de mar\u00e7o de 2026 Em raz\u00e3o de informa\u00e7\u00f5es divulgadas recentemente em v\u00eddeo por vereadores nas redessociais, contendo afirma\u00e7\u00f5es incorretas a respeito da gest\u00e3o de recursos da sa\u00fade nomunic\u00edpio, a Secretaria Municipal de Sa\u00fade de Lavras apresenta os seguintesesclarecimentos \u00e0 popula\u00e7\u00e3o.Diante das informa\u00e7\u00f5es que v\u00eam sendo divulgadas sobre a gest\u00e3o de [&hellip;]<\/p>\n","protected":false},"author":5,"featured_media":169677,"comment_status":"closed","ping_status":"open","sticky":false,"template":"","format":"standard","meta":{"advgb_blocks_editor_width":"","advgb_blocks_columns_visual_guide":"","_exactmetrics_skip_tracking":false,"_exactmetrics_sitenote_active":false,"_exactmetrics_sitenote_note":"","_exactmetrics_sitenote_category":0,"footnotes":""},"categories":[7,2],"tags":[],"class_list":["post-169676","post","type-post","status-publish","format-standard","has-post-thumbnail","hentry","category-destaques","category-noticias"],"better_featured_image":{"id":169677,"alt_text":"","caption":"","description":"","media_type":"image","media_details":{"width":563,"height":400,"file":"2026\/03\/WhatsApp-Image-2026-03-10-at-17.21.45-rkbhoc6lz8vvr8ckbuok01pgnnm1g31kpke04dcb28.jpeg","filesize":51542,"sizes":{"medium":{"file":"WhatsApp-Image-2026-03-10-at-17.21.45-rkbhoc6lz8vvr8ckbuok01pgnnm1g31kpke04dcb28-422x300.jpeg","width":422,"height":300,"mime-type":"image\/jpeg","filesize":29659,"source_url":"https:\/\/lavras.tv\/site\/wp-content\/uploads\/2026\/03\/WhatsApp-Image-2026-03-10-at-17.21.45-rkbhoc6lz8vvr8ckbuok01pgnnm1g31kpke04dcb28-422x300.jpeg"},"thumbnail":{"file":"WhatsApp-Image-2026-03-10-at-17.21.45-rkbhoc6lz8vvr8ckbuok01pgnnm1g31kpke04dcb28-170x121.jpeg","width":170,"height":121,"mime-type":"image\/jpeg","filesize":6994,"source_url":"https:\/\/lavras.tv\/site\/wp-content\/uploads\/2026\/03\/WhatsApp-Image-2026-03-10-at-17.21.45-rkbhoc6lz8vvr8ckbuok01pgnnm1g31kpke04dcb28-170x121.jpeg"},"alm-thumbnail":{"file":"WhatsApp-Image-2026-03-10-at-17.21.45-rkbhoc6lz8vvr8ckbuok01pgnnm1g31kpke04dcb28-150x150.jpeg","width":150,"height":150,"mime-type":"image\/jpeg","filesize":8860,"source_url":"https:\/\/lavras.tv\/site\/wp-content\/uploads\/2026\/03\/WhatsApp-Image-2026-03-10-at-17.21.45-rkbhoc6lz8vvr8ckbuok01pgnnm1g31kpke04dcb28-150x150.jpeg"},"sow-carousel-default":{"file":"WhatsApp-Image-2026-03-10-at-17.21.45-rkbhoc6lz8vvr8ckbuok01pgnnm1g31kpke04dcb28-272x182.jpeg","width":272,"height":182,"mime-type":"image\/jpeg","filesize":14720,"source_url":"https:\/\/lavras.tv\/site\/wp-content\/uploads\/2026\/03\/WhatsApp-Image-2026-03-10-at-17.21.45-rkbhoc6lz8vvr8ckbuok01pgnnm1g31kpke04dcb28-272x182.jpeg"}},"image_meta":{"aperture":"0","credit":"","camera":"","caption":"","created_timestamp":"0","copyright":"","focal_length":"0","iso":"0","shutter_speed":"0","title":"","orientation":"0","keywords":[]}},"post":169676,"source_url":"https:\/\/lavras.tv\/site\/wp-content\/uploads\/2026\/03\/WhatsApp-Image-2026-03-10-at-17.21.45-rkbhoc6lz8vvr8ckbuok01pgnnm1g31kpke04dcb28.jpeg"},"author_meta":{"display_name":"Vinicius Bustamante","author_link":"https:\/\/lavras.tv\/site\/author\/vinicius-bustamante\/"},"featured_img":"https:\/\/lavras.tv\/site\/wp-content\/uploads\/2026\/03\/WhatsApp-Image-2026-03-10-at-17.21.45-rkbhoc6lz8vvr8ckbuok01pgnnm1g31kpke04dcb28-422x300.jpeg","coauthors":[],"tax_additional":{"categories":{"linked":["<a href=\"https:\/\/lavras.tv\/site\/category\/destaques\/\" class=\"advgb-post-tax-term\">Destaques<\/a>","<a href=\"https:\/\/lavras.tv\/site\/category\/noticias\/\" class=\"advgb-post-tax-term\">Not\u00edcias<\/a>"],"unlinked":["<span class=\"advgb-post-tax-term\">Destaques<\/span>","<span class=\"advgb-post-tax-term\">Not\u00edcias<\/span>"]}},"comment_count":"0","relative_dates":{"created":"Publicado 2 meses atr\u00e1s","modified":"Atualizado 2 meses atr\u00e1s"},"absolute_dates":{"created":"Publicado em 10 de mar\u00e7o de 2026","modified":"Atualizado em 10 de mar\u00e7o de 2026"},"absolute_dates_time":{"created":"Publicado em 10 de mar\u00e7o de 2026 18:09","modified":"Atualizado em 10 de mar\u00e7o de 2026 18:09"},"featured_img_caption":"","series_order":"","_links":{"self":[{"href":"https:\/\/lavras.tv\/site\/wp-json\/wp\/v2\/posts\/169676","targetHints":{"allow":["GET"]}}],"collection":[{"href":"https:\/\/lavras.tv\/site\/wp-json\/wp\/v2\/posts"}],"about":[{"href":"https:\/\/lavras.tv\/site\/wp-json\/wp\/v2\/types\/post"}],"author":[{"embeddable":true,"href":"https:\/\/lavras.tv\/site\/wp-json\/wp\/v2\/users\/5"}],"replies":[{"embeddable":true,"href":"https:\/\/lavras.tv\/site\/wp-json\/wp\/v2\/comments?post=169676"}],"version-history":[{"count":1,"href":"https:\/\/lavras.tv\/site\/wp-json\/wp\/v2\/posts\/169676\/revisions"}],"predecessor-version":[{"id":169678,"href":"https:\/\/lavras.tv\/site\/wp-json\/wp\/v2\/posts\/169676\/revisions\/169678"}],"wp:featuredmedia":[{"embeddable":true,"href":"https:\/\/lavras.tv\/site\/wp-json\/wp\/v2\/media\/169677"}],"wp:attachment":[{"href":"https:\/\/lavras.tv\/site\/wp-json\/wp\/v2\/media?parent=169676"}],"wp:term":[{"taxonomy":"category","embeddable":true,"href":"https:\/\/lavras.tv\/site\/wp-json\/wp\/v2\/categories?post=169676"},{"taxonomy":"post_tag","embeddable":true,"href":"https:\/\/lavras.tv\/site\/wp-json\/wp\/v2\/tags?post=169676"}],"curies":[{"name":"wp","href":"https:\/\/api.w.org\/{rel}","templated":true}]}}