{"id":169679,"date":"2026-03-11T11:15:22","date_gmt":"2026-03-11T14:15:22","guid":{"rendered":"https:\/\/lavras.tv\/site\/?p=169679"},"modified":"2026-03-11T11:15:23","modified_gmt":"2026-03-11T14:15:23","slug":"pesquisa-da-ufla-investiga-caminhos-para-produzir-lupulo-no-brasil","status":"publish","type":"post","link":"https:\/\/lavras.tv\/site\/2026\/03\/11\/pesquisa-da-ufla-investiga-caminhos-para-produzir-lupulo-no-brasil\/","title":{"rendered":"Pesquisa da UFLA investiga caminhos para produzir l\u00fapulo no Brasil"},"content":{"rendered":"<div class=\"lavra-antes-do-conteudo_2\" id=\"lavra-2401968394\"><div id=\"lavra-slider-27\" class=\"custom-slider lavra-slider-163345832 lavra-slider\"><ul><li><div style=\"margin-left: auto;margin-right: auto;text-align: center;\" id=\"lavra-3985359752\"><a href=\"https:\/\/sistemas.lavras.mg.gov.br\/portalcidadao\/#df1b1a7c7b2a290bcb31e32771e610784662739a88807c0dacac58ede5f391a7530e299dc302d611ee73cb143fc22eaf93592e53e7b5bdb01b00a0b8d28dae460c141dd2ff83412e4dc1c31b16b25f33144a9e5620ea73b13f5bc1c59411d98439ad226e8af03840603796067d87afe130812cf3de24982d0e306f9e61e764e5\" aria-label=\"Lavras-TV&#8211;720x104px (1) (1)\"><img src=\"https:\/\/lavras.tv\/site\/wp-content\/uploads\/2025\/01\/Lavras-TV-720x104px-1-1.png\" alt=\"\"  srcset=\"https:\/\/lavras.tv\/site\/wp-content\/uploads\/2025\/01\/Lavras-TV-720x104px-1-1.png 720w, https:\/\/lavras.tv\/site\/wp-content\/uploads\/2025\/01\/Lavras-TV-720x104px-1-1-470x68.png 470w, https:\/\/lavras.tv\/site\/wp-content\/uploads\/2025\/01\/Lavras-TV-720x104px-1-1-170x25.png 170w, https:\/\/lavras.tv\/site\/wp-content\/uploads\/2025\/01\/Lavras-TV-720x104px-1-1-200x29.png 200w\" sizes=\"(max-width: 720px) 100vw, 720px\" width=\"720\" height=\"104\"  style=\"display: inline-block;\" \/><\/a><\/div><\/li><li><a href=\"https:\/\/sistemas.lavras.mg.gov.br\/portalcidadao\/#df1b1a7c7b2a290bcb31e32771e610784662739a88807c0dacac58ede5f391a7530e299dc302d611ee73cb143fc22eaf93592e53e7b5bdb01b00a0b8d28dae460c141dd2ff83412e4dc1c31b16b25f33144a9e5620ea73b13f5bc1c59411d98439ad226e8af03840603796067d87afe130812cf3de24982d0e306f9e61e764e5\" aria-label=\"Banner_Emprego_PortallavrasTV\"><img src=\"https:\/\/lavras.tv\/site\/wp-content\/uploads\/2025\/03\/Banner_Emprego_PortallavrasTV.png\" alt=\"\"  srcset=\"https:\/\/lavras.tv\/site\/wp-content\/uploads\/2025\/03\/Banner_Emprego_PortallavrasTV.png 720w, https:\/\/lavras.tv\/site\/wp-content\/uploads\/2025\/03\/Banner_Emprego_PortallavrasTV-470x68.png 470w, https:\/\/lavras.tv\/site\/wp-content\/uploads\/2025\/03\/Banner_Emprego_PortallavrasTV-170x25.png 170w, https:\/\/lavras.tv\/site\/wp-content\/uploads\/2025\/03\/Banner_Emprego_PortallavrasTV-200x29.png 200w\" sizes=\"(max-width: 720px) 100vw, 720px\" width=\"720\" height=\"104\"   \/><\/a><\/li><li><a href=\"https:\/\/sistemas.lavras.mg.gov.br\/portalcidadao\/#df1b1a7c7b2a290bcb31e32771e610784662739a88807c0dacac58ede5f391a7530e299dc302d611ee73cb143fc22eaf93592e53e7b5bdb01b00a0b8d28dae460c141dd2ff83412e4dc1c31b16b25f33144a9e5620ea73b13f5bc1c59411d98439ad226e8af03840603796067d87afe130812cf3de24982d0e306f9e61e764e5\" aria-label=\"Banner_Obras_PortallavrasTV\"><img src=\"https:\/\/lavras.tv\/site\/wp-content\/uploads\/2025\/03\/Banner_Obras_PortallavrasTV.png\" alt=\"\"  srcset=\"https:\/\/lavras.tv\/site\/wp-content\/uploads\/2025\/03\/Banner_Obras_PortallavrasTV.png 720w, https:\/\/lavras.tv\/site\/wp-content\/uploads\/2025\/03\/Banner_Obras_PortallavrasTV-470x68.png 470w, https:\/\/lavras.tv\/site\/wp-content\/uploads\/2025\/03\/Banner_Obras_PortallavrasTV-170x25.png 170w, https:\/\/lavras.tv\/site\/wp-content\/uploads\/2025\/03\/Banner_Obras_PortallavrasTV-200x29.png 200w\" sizes=\"(max-width: 720px) 100vw, 720px\" width=\"720\" height=\"104\"   \/><\/a><\/li><li><div style=\"margin-left: auto;margin-right: auto;text-align: center;\" id=\"lavra-1909442132\"><a href=\"https:\/\/sistemas.lavras.mg.gov.br\/portalcidadao\/#df1b1a7c7b2a290bcb31e32771e610784662739a88807c0dacac58ede5f391a7530e299dc302d611ee73cb143fc22eaf93592e53e7b5bdb01b00a0b8d28dae460c141dd2ff83412e4dc1c31b16b25f33144a9e5620ea73b13f5bc1c59411d98439ad226e8af03840603796067d87afe130812cf3de24982d0e306f9e61e764e5\" aria-label=\"Banner_Educa\u00e7\u00e3o_PortallavrasTV\"><img src=\"https:\/\/lavras.tv\/site\/wp-content\/uploads\/2025\/01\/Banner_Educacao_PortallavrasTV.png\" alt=\"\"  srcset=\"https:\/\/lavras.tv\/site\/wp-content\/uploads\/2025\/01\/Banner_Educacao_PortallavrasTV.png 720w, https:\/\/lavras.tv\/site\/wp-content\/uploads\/2025\/01\/Banner_Educacao_PortallavrasTV-470x68.png 470w, https:\/\/lavras.tv\/site\/wp-content\/uploads\/2025\/01\/Banner_Educacao_PortallavrasTV-170x25.png 170w, https:\/\/lavras.tv\/site\/wp-content\/uploads\/2025\/01\/Banner_Educacao_PortallavrasTV-200x29.png 200w\" sizes=\"(max-width: 720px) 100vw, 720px\" width=\"720\" height=\"104\"  style=\"display: inline-block;\" \/><\/a><\/div><\/li><li><a href=\"https:\/\/sistemas.lavras.mg.gov.br\/portalcidadao\/#df1b1a7c7b2a290bcb31e32771e610784662739a88807c0dacac58ede5f391a7530e299dc302d611ee73cb143fc22eaf93592e53e7b5bdb01b00a0b8d28dae460c141dd2ff83412e4dc1c31b16b25f33144a9e5620ea73b13f5bc1c59411d98439ad226e8af03840603796067d87afe130812cf3de24982d0e306f9e61e764e5\" aria-label=\"Banner_Sa\u00fade_PortallavrasTV\"><img src=\"https:\/\/lavras.tv\/site\/wp-content\/uploads\/2025\/03\/Banner_Saude_PortallavrasTV.png\" alt=\"\"  srcset=\"https:\/\/lavras.tv\/site\/wp-content\/uploads\/2025\/03\/Banner_Saude_PortallavrasTV.png 720w, https:\/\/lavras.tv\/site\/wp-content\/uploads\/2025\/03\/Banner_Saude_PortallavrasTV-470x68.png 470w, https:\/\/lavras.tv\/site\/wp-content\/uploads\/2025\/03\/Banner_Saude_PortallavrasTV-170x25.png 170w, https:\/\/lavras.tv\/site\/wp-content\/uploads\/2025\/03\/Banner_Saude_PortallavrasTV-200x29.png 200w\" sizes=\"(max-width: 720px) 100vw, 720px\" width=\"720\" height=\"104\"   \/><\/a><\/li><li><div id=\"lavra-757603433\" style=\"width:720px;height:104px;background-color:#ddd;overflow:scroll;\">\n\t<strong>Sa\u00edda da depura\u00e7\u00e3o de an\u00fancios<\/strong>\n\t<br><br>\n\tO an\u00fancio n\u00e3o \u00e9 exibido na p\u00e1gina<br><br>post atual: Pesquisa da UFLA investiga caminhos para produzir l\u00fapulo no Brasil, ID: 169679<br><br><span style=\"color: red;\">O post atual n\u00e3o \u00e9 id\u00eantico ao post principal.<\/span><br><br>An\u00fancios: ROXO - TOPO INTERNA - ROTATIVO 2 (197)<br \/>Grupo de an\u00fancios: Princ_Meio01_720x104 (27)<br><br>Condi\u00e7\u00f5es de exibi\u00e7\u00e3o<div style=\"margin-bottom: 20px; white-space: pre-wrap; font-family: monospace; width: 100%; background: #ffe9e9;\"><strong>condi\u00e7\u00f5es gerais<\/strong><table border=\"1\"><thead><tr><th><\/th><th>An\u00fancios<\/th><th>wp_the_query<\/th><\/tr><\/thead><tr><td>is_main_query<\/td><td>1<\/td><td>1<\/td><\/tr><tr><td>is_rest_api<\/td><td>0<\/td><td>1<\/td><\/tr><tr><td>page<\/td><td>0<\/td><td>1<\/td><\/tr><tr><td>numpages<\/td><td>0<\/td><td>1<\/td><\/tr><tr><td>is_archive<\/td><td>1<\/td><td><\/td><\/tr><tr><td>is_search<\/td><td>1<\/td><td><\/td><\/tr><tr><td>is_home<\/td><td>1<\/td><td><\/td><\/tr><tr><td>is_404<\/td><td>1<\/td><td><\/td><\/tr><tr><td>is_attachment<\/td><td>1<\/td><td><\/td><\/tr><tr><td>is_singular<\/td><td>1<\/td><td><\/td><\/tr><tr><td>is_front_page<\/td><td>1<\/td><td><\/td><\/tr><tr><td>is_feed<\/td><td>1<\/td><td><\/td><\/tr><\/table><\/div><br><br><span style=\"color: red;\">Seu site usa HTTPS, mas o c\u00f3digo do an\u00fancio cont\u00e9m HTTP e pode n\u00e3o funcionar.<\/span>\t<br><br>\n\t<a style=\"color: green;\" href=\"https:\/\/wpadvancedads.com\/manual\/ad-debug-mode\/?utm_source=advanced-ads&utm_medium=link&utm_campaign=ad-debug-mode\" target=\"_blank\" rel=\"nofollow\">Encontre solu\u00e7\u00f5es no manual<\/a>\n<\/div>\n<\/li><\/ul><\/div><script>( window.advanced_ads_ready || jQuery( document ).ready ).call( null, function() {var $lavraslider163345832 = jQuery( \".lavra-slider-163345832\" );$lavraslider163345832.on( \"unslider.ready\", function() { jQuery( \"div.custom-slider ul li\" ).css( \"display\", \"block\" ); });$lavraslider163345832.unslider({ delay:4000, autoplay:true, nav:false, arrows:false, infinite:true });$lavraslider163345832.on(\"mouseover\", function() {$lavraslider163345832.unslider(\"stop\");}).on(\"mouseout\", function() {$lavraslider163345832.unslider(\"start\");});});<\/script><\/div>\n<p><strong><em>Estudo analisa genes, crescimento da planta e manejo agr\u00edcola para adaptar a cultura ao clima tropical e reduzir depend\u00eancia de importa\u00e7\u00e3o<\/em><\/strong><\/p>\n\n\n\n<figure class=\"wp-block-image size-large\"><img fetchpriority=\"high\" decoding=\"async\" width=\"970\" height=\"646\" src=\"https:\/\/lavras.tv\/site\/wp-content\/uploads\/2026\/03\/WhatsApp-Image-2026-03-11-at-09.59.35-970x646.jpeg\" alt=\"\" class=\"wp-image-169680\" srcset=\"https:\/\/lavras.tv\/site\/wp-content\/uploads\/2026\/03\/WhatsApp-Image-2026-03-11-at-09.59.35-970x646.jpeg 970w, https:\/\/lavras.tv\/site\/wp-content\/uploads\/2026\/03\/WhatsApp-Image-2026-03-11-at-09.59.35-450x300.jpeg 450w, https:\/\/lavras.tv\/site\/wp-content\/uploads\/2026\/03\/WhatsApp-Image-2026-03-11-at-09.59.35-170x113.jpeg 170w, https:\/\/lavras.tv\/site\/wp-content\/uploads\/2026\/03\/WhatsApp-Image-2026-03-11-at-09.59.35-1536x1023.jpeg 1536w, https:\/\/lavras.tv\/site\/wp-content\/uploads\/2026\/03\/WhatsApp-Image-2026-03-11-at-09.59.35-272x182.jpeg 272w, https:\/\/lavras.tv\/site\/wp-content\/uploads\/2026\/03\/WhatsApp-Image-2026-03-11-at-09.59.35.jpeg 1600w\" sizes=\"(max-width: 970px) 100vw, 970px\" \/><\/figure>\n\n\n\n<p>O Brasil est\u00e1 entre os maiores produtores de cerveja do mundo, com mais de 13 bilh\u00f5es de litros fabricados por ano, mas ainda depende quase totalmente da importa\u00e7\u00e3o de l\u00fapulo, ingrediente respons\u00e1vel pelo aroma e pelo amargor caracter\u00edsticos da bebida<\/p>\n\n\n\n<p>Na Universidade Federal de Lavras (UFLA), uma pesquisa busca entender como essa planta, tradicionalmente cultivada em regi\u00f5es de clima temperado, pode se adaptar \u00e0s condi\u00e7\u00f5es brasileiras.<\/p>\n\n\n\n<p>Coordenado pelo professor Antonio Chalfun Junior, do Laborat\u00f3rio de Fisiologia Molecular de Plantas (LFMP\/UFLA), o estudo investiga o comportamento do l\u00fapulo em diferentes n\u00edveis \u2014 desde os genes que controlam o florescimento at\u00e9 o desenvolvimento da cultura no campo.<\/p>\n\n\n\n<figure class=\"wp-block-image size-large\"><img decoding=\"async\" width=\"970\" height=\"646\" src=\"https:\/\/lavras.tv\/site\/wp-content\/uploads\/2026\/03\/WhatsApp-Image-2026-03-11-at-09.59.36-1-970x646.jpeg\" alt=\"\" class=\"wp-image-169681\" srcset=\"https:\/\/lavras.tv\/site\/wp-content\/uploads\/2026\/03\/WhatsApp-Image-2026-03-11-at-09.59.36-1-970x646.jpeg 970w, https:\/\/lavras.tv\/site\/wp-content\/uploads\/2026\/03\/WhatsApp-Image-2026-03-11-at-09.59.36-1-450x300.jpeg 450w, https:\/\/lavras.tv\/site\/wp-content\/uploads\/2026\/03\/WhatsApp-Image-2026-03-11-at-09.59.36-1-170x113.jpeg 170w, https:\/\/lavras.tv\/site\/wp-content\/uploads\/2026\/03\/WhatsApp-Image-2026-03-11-at-09.59.36-1-1536x1023.jpeg 1536w, https:\/\/lavras.tv\/site\/wp-content\/uploads\/2026\/03\/WhatsApp-Image-2026-03-11-at-09.59.36-1-272x182.jpeg 272w, https:\/\/lavras.tv\/site\/wp-content\/uploads\/2026\/03\/WhatsApp-Image-2026-03-11-at-09.59.36-1.jpeg 1600w\" sizes=\"(max-width: 970px) 100vw, 970px\" \/><\/figure>\n\n\n\n<figure class=\"wp-block-image size-large\"><img decoding=\"async\" width=\"970\" height=\"646\" src=\"https:\/\/lavras.tv\/site\/wp-content\/uploads\/2026\/03\/WhatsApp-Image-2026-03-11-at-09.59.36-2-970x646.jpeg\" alt=\"\" class=\"wp-image-169682\" srcset=\"https:\/\/lavras.tv\/site\/wp-content\/uploads\/2026\/03\/WhatsApp-Image-2026-03-11-at-09.59.36-2-970x646.jpeg 970w, https:\/\/lavras.tv\/site\/wp-content\/uploads\/2026\/03\/WhatsApp-Image-2026-03-11-at-09.59.36-2-450x300.jpeg 450w, https:\/\/lavras.tv\/site\/wp-content\/uploads\/2026\/03\/WhatsApp-Image-2026-03-11-at-09.59.36-2-170x113.jpeg 170w, https:\/\/lavras.tv\/site\/wp-content\/uploads\/2026\/03\/WhatsApp-Image-2026-03-11-at-09.59.36-2-1536x1023.jpeg 1536w, https:\/\/lavras.tv\/site\/wp-content\/uploads\/2026\/03\/WhatsApp-Image-2026-03-11-at-09.59.36-2-272x182.jpeg 272w, https:\/\/lavras.tv\/site\/wp-content\/uploads\/2026\/03\/WhatsApp-Image-2026-03-11-at-09.59.36-2.jpeg 1600w\" sizes=\"(max-width: 970px) 100vw, 970px\" \/><\/figure>\n\n\n\n<p>\u201cA gente quer entender o l\u00fapulo por completo \u2014 desde o que acontece dentro da c\u00e9lula at\u00e9 o que acontece no campo\u201d, explica o pesquisador. \u201cS\u00f3 assim vamos conseguir construir refer\u00eancias para produzir essa cultura no Brasil.\u201d<\/p>\n\n\n\n<p>A pesquisa conta com apoio da Funda\u00e7\u00e3o de Amparo \u00e0 Pesquisa do Estado de Minas Gerais (FAPEMIG) e gest\u00e3o administrativa da FUNDECC (Funda\u00e7\u00e3o de Desenvolvimento Cient\u00edfico e Cultural), funda\u00e7\u00e3o de apoio vinculada \u00e0 UFLA.<\/p>\n\n\n\n<p><strong>Produ\u00e7\u00e3o nacional ainda \u00e9 pequena<\/strong><\/p>\n\n\n\n<p>O interesse pelo cultivo de l\u00fapulo tem crescido no pa\u00eds, impulsionado principalmente pela expans\u00e3o das cervejarias artesanais<\/p>\n\n\n\n<p>Segundo dados da Associa\u00e7\u00e3o Brasileira de Produtores de L\u00fapulo (Aprol\u00fapulo), a produ\u00e7\u00e3o nacional chegou a cerca de 88 toneladas em 2023 \u2014 volume ainda pequeno diante da demanda da ind\u00fastria cervejeira.<\/p>\n\n\n\n<p>De acordo com o Anu\u00e1rio da Cerveja, publicado pelo Minist\u00e9rio da Agricultura, o Brasil possui mais de 1.800 cervejarias registradas, e Minas Gerais aparece como um dos principais polos do setor.<\/p>\n\n\n\n<figure class=\"wp-block-image size-large\"><img loading=\"lazy\" decoding=\"async\" width=\"970\" height=\"646\" src=\"https:\/\/lavras.tv\/site\/wp-content\/uploads\/2026\/03\/WhatsApp-Image-2026-03-11-at-09.59.36-970x646.jpeg\" alt=\"\" class=\"wp-image-169683\" srcset=\"https:\/\/lavras.tv\/site\/wp-content\/uploads\/2026\/03\/WhatsApp-Image-2026-03-11-at-09.59.36-970x646.jpeg 970w, https:\/\/lavras.tv\/site\/wp-content\/uploads\/2026\/03\/WhatsApp-Image-2026-03-11-at-09.59.36-450x300.jpeg 450w, https:\/\/lavras.tv\/site\/wp-content\/uploads\/2026\/03\/WhatsApp-Image-2026-03-11-at-09.59.36-170x113.jpeg 170w, https:\/\/lavras.tv\/site\/wp-content\/uploads\/2026\/03\/WhatsApp-Image-2026-03-11-at-09.59.36-1536x1023.jpeg 1536w, https:\/\/lavras.tv\/site\/wp-content\/uploads\/2026\/03\/WhatsApp-Image-2026-03-11-at-09.59.36-272x182.jpeg 272w, https:\/\/lavras.tv\/site\/wp-content\/uploads\/2026\/03\/WhatsApp-Image-2026-03-11-at-09.59.36.jpeg 1600w\" sizes=\"(max-width: 970px) 100vw, 970px\" \/><\/figure>\n\n\n\n<p><\/p>\n\n\n\n<p><strong>O desafio da luz no cultivo<\/strong><\/p>\n\n\n\n<p>Um dos principais desafios para produzir l\u00fapulo no Brasil est\u00e1 relacionado ao fotoper\u00edodo, ou seja, \u00e0 quantidade de horas de luz que a planta recebe ao longo do dia.<\/p>\n\n\n\n<p>Em regi\u00f5es tradicionais de cultivo, como Estados Unidos e pa\u00edses da Europa, os dias de ver\u00e3o podem chegar a 16 horas de luz, condi\u00e7\u00e3o considerada ideal para o desenvolvimento da planta. No Brasil, a dura\u00e7\u00e3o do dia raramente ultrapassa 13 a 14 horas, o que altera o ciclo natural da cultura.<\/p>\n\n\n\n<p>\u201cO l\u00fapulo \u00e9 muito sens\u00edvel \u00e0 luz. Quando recebe menos horas do que precisa, acaba florescendo antes da hora\u201d, explica Chalfun. \u201cIsso reduz o crescimento da planta e diminui bastante a produ\u00e7\u00e3o.\u201d<\/p>\n\n\n\n<p>Para contornar essa limita\u00e7\u00e3o, muitos produtores utilizam suplementa\u00e7\u00e3o luminosa, com l\u00e2mpadas instaladas nas \u00e1reas de cultivo para prolongar artificialmente o per\u00edodo de luz. A pesquisa da UFLA busca justamente alternativas que reduzam essa depend\u00eancia.<\/p>\n\n\n\n<p><\/p>\n\n\n\n<p><strong>Ci\u00eancia para construir uma nova cultura agr\u00edcola<\/strong><\/p>\n\n\n\n<p>O estudo integra biologia molecular, fisiologia vegetal e produ\u00e7\u00e3o agr\u00edcola para compreender como o l\u00fapulo responde \u00e0s condi\u00e7\u00f5es ambientais brasileiras.<\/p>\n\n\n\n<p>Entre os pesquisadores envolvidos est\u00e3o estudantes de p\u00f3s-gradua\u00e7\u00e3o e gradua\u00e7\u00e3o da UFLA, que investigam desde genes ligados ao florescimento at\u00e9 o desenvolvimento da planta em campo experimental e as estruturas microsc\u00f3picas respons\u00e1veis pelos compostos que d\u00e3o aroma e amargor \u00e0 cerveja.<\/p>\n\n\n\n<p>\u201cA gente ainda est\u00e1 construindo o conhecimento sobre essa cultura no Brasil\u201d, afirma Chalfun. \u201cMas entender como a planta funciona aqui \u00e9 o primeiro passo para tornar o cultivo mais eficiente e sustent\u00e1vel.\u201d<\/p>\n\n\n\n<figure class=\"wp-block-image size-large\"><img loading=\"lazy\" decoding=\"async\" width=\"970\" height=\"646\" src=\"https:\/\/lavras.tv\/site\/wp-content\/uploads\/2026\/03\/WhatsApp-Image-2026-03-11-at-09.59.36-3-1-970x646.jpeg\" alt=\"\" class=\"wp-image-169685\" srcset=\"https:\/\/lavras.tv\/site\/wp-content\/uploads\/2026\/03\/WhatsApp-Image-2026-03-11-at-09.59.36-3-1-970x646.jpeg 970w, https:\/\/lavras.tv\/site\/wp-content\/uploads\/2026\/03\/WhatsApp-Image-2026-03-11-at-09.59.36-3-1-450x300.jpeg 450w, https:\/\/lavras.tv\/site\/wp-content\/uploads\/2026\/03\/WhatsApp-Image-2026-03-11-at-09.59.36-3-1-170x113.jpeg 170w, https:\/\/lavras.tv\/site\/wp-content\/uploads\/2026\/03\/WhatsApp-Image-2026-03-11-at-09.59.36-3-1-1536x1023.jpeg 1536w, https:\/\/lavras.tv\/site\/wp-content\/uploads\/2026\/03\/WhatsApp-Image-2026-03-11-at-09.59.36-3-1-272x182.jpeg 272w, https:\/\/lavras.tv\/site\/wp-content\/uploads\/2026\/03\/WhatsApp-Image-2026-03-11-at-09.59.36-3-1.jpeg 1600w\" sizes=\"(max-width: 970px) 100vw, 970px\" \/><\/figure>\n","protected":false},"excerpt":{"rendered":"<p>Estudo analisa genes, crescimento da planta e manejo agr\u00edcola para adaptar a cultura ao clima tropical e reduzir depend\u00eancia de importa\u00e7\u00e3o O Brasil est\u00e1 entre os maiores produtores de cerveja do mundo, com mais de 13 bilh\u00f5es de litros fabricados por ano, mas ainda depende quase totalmente da importa\u00e7\u00e3o de l\u00fapulo, ingrediente respons\u00e1vel pelo aroma [&hellip;]<\/p>\n","protected":false},"author":5,"featured_media":169680,"comment_status":"closed","ping_status":"open","sticky":false,"template":"","format":"standard","meta":{"advgb_blocks_editor_width":"","advgb_blocks_columns_visual_guide":"","_exactmetrics_skip_tracking":false,"_exactmetrics_sitenote_active":false,"_exactmetrics_sitenote_note":"","_exactmetrics_sitenote_category":0,"footnotes":""},"categories":[17,1,2,5760],"tags":[],"class_list":["post-169679","post","type-post","status-publish","format-standard","has-post-thumbnail","hentry","category-jornal-cidade","category-sem-categoria","category-noticias","category-noticias-jornal-cidade"],"better_featured_image":{"id":169680,"alt_text":"","caption":"","description":"","media_type":"image","media_details":{"width":1600,"height":1066,"file":"2026\/03\/WhatsApp-Image-2026-03-11-at-09.59.35.jpeg","filesize":172668,"sizes":{"medium":{"file":"WhatsApp-Image-2026-03-11-at-09.59.35-450x300.jpeg","width":450,"height":300,"mime-type":"image\/jpeg","filesize":15440,"source_url":"https:\/\/lavras.tv\/site\/wp-content\/uploads\/2026\/03\/WhatsApp-Image-2026-03-11-at-09.59.35-450x300.jpeg"},"large":{"file":"WhatsApp-Image-2026-03-11-at-09.59.35-970x646.jpeg","width":970,"height":646,"mime-type":"image\/jpeg","filesize":47553,"source_url":"https:\/\/lavras.tv\/site\/wp-content\/uploads\/2026\/03\/WhatsApp-Image-2026-03-11-at-09.59.35-970x646.jpeg"},"thumbnail":{"file":"WhatsApp-Image-2026-03-11-at-09.59.35-170x113.jpeg","width":170,"height":113,"mime-type":"image\/jpeg","filesize":4180,"source_url":"https:\/\/lavras.tv\/site\/wp-content\/uploads\/2026\/03\/WhatsApp-Image-2026-03-11-at-09.59.35-170x113.jpeg"},"1536x1536":{"file":"WhatsApp-Image-2026-03-11-at-09.59.35-1536x1023.jpeg","width":1536,"height":1023,"mime-type":"image\/jpeg","filesize":94400,"source_url":"https:\/\/lavras.tv\/site\/wp-content\/uploads\/2026\/03\/WhatsApp-Image-2026-03-11-at-09.59.35-1536x1023.jpeg"},"alm-thumbnail":{"file":"WhatsApp-Image-2026-03-11-at-09.59.35-150x150.jpeg","width":150,"height":150,"mime-type":"image\/jpeg","filesize":4819,"source_url":"https:\/\/lavras.tv\/site\/wp-content\/uploads\/2026\/03\/WhatsApp-Image-2026-03-11-at-09.59.35-150x150.jpeg"},"sow-carousel-default":{"file":"WhatsApp-Image-2026-03-11-at-09.59.35-272x182.jpeg","width":272,"height":182,"mime-type":"image\/jpeg","filesize":7567,"source_url":"https:\/\/lavras.tv\/site\/wp-content\/uploads\/2026\/03\/WhatsApp-Image-2026-03-11-at-09.59.35-272x182.jpeg"}},"image_meta":{"aperture":"0","credit":"","camera":"","caption":"","created_timestamp":"0","copyright":"","focal_length":"0","iso":"0","shutter_speed":"0","title":"","orientation":"0","keywords":[]}},"post":169679,"source_url":"https:\/\/lavras.tv\/site\/wp-content\/uploads\/2026\/03\/WhatsApp-Image-2026-03-11-at-09.59.35.jpeg"},"author_meta":{"display_name":"Vinicius Bustamante","author_link":"https:\/\/lavras.tv\/site\/author\/vinicius-bustamante\/"},"featured_img":"https:\/\/lavras.tv\/site\/wp-content\/uploads\/2026\/03\/WhatsApp-Image-2026-03-11-at-09.59.35-450x300.jpeg","coauthors":[],"tax_additional":{"categories":{"linked":["<a href=\"https:\/\/lavras.tv\/site\/category\/sem-categoria\/jornal-cidade\/\" class=\"advgb-post-tax-term\">DESTAQUE PRINCIPAL<\/a>","<a href=\"https:\/\/lavras.tv\/site\/category\/sem-categoria\/\" class=\"advgb-post-tax-term\">JORNAL DA CIDADE<\/a>","<a href=\"https:\/\/lavras.tv\/site\/category\/noticias\/\" class=\"advgb-post-tax-term\">Not\u00edcias<\/a>","<a href=\"https:\/\/lavras.tv\/site\/category\/sem-categoria\/jornal-cidade\/noticias-jornal-cidade\/\" class=\"advgb-post-tax-term\">NOT\u00cdCIAS<\/a>"],"unlinked":["<span class=\"advgb-post-tax-term\">DESTAQUE PRINCIPAL<\/span>","<span class=\"advgb-post-tax-term\">JORNAL DA CIDADE<\/span>","<span class=\"advgb-post-tax-term\">Not\u00edcias<\/span>","<span class=\"advgb-post-tax-term\">NOT\u00cdCIAS<\/span>"]}},"comment_count":"0","relative_dates":{"created":"Publicado 2 meses atr\u00e1s","modified":"Atualizado 2 meses atr\u00e1s"},"absolute_dates":{"created":"Publicado em 11 de mar\u00e7o de 2026","modified":"Atualizado em 11 de mar\u00e7o de 2026"},"absolute_dates_time":{"created":"Publicado em 11 de mar\u00e7o de 2026 11:15","modified":"Atualizado em 11 de mar\u00e7o de 2026 11:15"},"featured_img_caption":"","series_order":"","_links":{"self":[{"href":"https:\/\/lavras.tv\/site\/wp-json\/wp\/v2\/posts\/169679","targetHints":{"allow":["GET"]}}],"collection":[{"href":"https:\/\/lavras.tv\/site\/wp-json\/wp\/v2\/posts"}],"about":[{"href":"https:\/\/lavras.tv\/site\/wp-json\/wp\/v2\/types\/post"}],"author":[{"embeddable":true,"href":"https:\/\/lavras.tv\/site\/wp-json\/wp\/v2\/users\/5"}],"replies":[{"embeddable":true,"href":"https:\/\/lavras.tv\/site\/wp-json\/wp\/v2\/comments?post=169679"}],"version-history":[{"count":1,"href":"https:\/\/lavras.tv\/site\/wp-json\/wp\/v2\/posts\/169679\/revisions"}],"predecessor-version":[{"id":169686,"href":"https:\/\/lavras.tv\/site\/wp-json\/wp\/v2\/posts\/169679\/revisions\/169686"}],"wp:featuredmedia":[{"embeddable":true,"href":"https:\/\/lavras.tv\/site\/wp-json\/wp\/v2\/media\/169680"}],"wp:attachment":[{"href":"https:\/\/lavras.tv\/site\/wp-json\/wp\/v2\/media?parent=169679"}],"wp:term":[{"taxonomy":"category","embeddable":true,"href":"https:\/\/lavras.tv\/site\/wp-json\/wp\/v2\/categories?post=169679"},{"taxonomy":"post_tag","embeddable":true,"href":"https:\/\/lavras.tv\/site\/wp-json\/wp\/v2\/tags?post=169679"}],"curies":[{"name":"wp","href":"https:\/\/api.w.org\/{rel}","templated":true}]}}