{"id":169687,"date":"2026-03-11T13:02:16","date_gmt":"2026-03-11T16:02:16","guid":{"rendered":"https:\/\/lavras.tv\/site\/?p=169687"},"modified":"2026-03-11T13:02:19","modified_gmt":"2026-03-11T16:02:19","slug":"operacao-legado-seguranca-reforcada-em-campo-belo-e-regiao","status":"publish","type":"post","link":"https:\/\/lavras.tv\/site\/2026\/03\/11\/operacao-legado-seguranca-reforcada-em-campo-belo-e-regiao\/","title":{"rendered":"OPERA\u00c7\u00c3O LEGADO: SEGURAN\u00c7A REFOR\u00c7ADA EM CAMPO BELO E REGI\u00c3O"},"content":{"rendered":"<div class=\"lavra-antes-do-conteudo_2\" id=\"lavra-1497021809\"><div id=\"lavra-slider-27\" class=\"custom-slider lavra-slider-3529445045 lavra-slider\"><ul><li><div style=\"margin-left: auto;margin-right: auto;text-align: center;\" id=\"lavra-2360069923\"><a href=\"https:\/\/sistemas.lavras.mg.gov.br\/portalcidadao\/#df1b1a7c7b2a290bcb31e32771e610784662739a88807c0dacac58ede5f391a7530e299dc302d611ee73cb143fc22eaf93592e53e7b5bdb01b00a0b8d28dae460c141dd2ff83412e4dc1c31b16b25f33144a9e5620ea73b13f5bc1c59411d98439ad226e8af03840603796067d87afe130812cf3de24982d0e306f9e61e764e5\" aria-label=\"Lavras-TV&#8211;720x104px (1) (1)\"><img src=\"https:\/\/lavras.tv\/site\/wp-content\/uploads\/2025\/01\/Lavras-TV-720x104px-1-1.png\" alt=\"\"  srcset=\"https:\/\/lavras.tv\/site\/wp-content\/uploads\/2025\/01\/Lavras-TV-720x104px-1-1.png 720w, https:\/\/lavras.tv\/site\/wp-content\/uploads\/2025\/01\/Lavras-TV-720x104px-1-1-470x68.png 470w, https:\/\/lavras.tv\/site\/wp-content\/uploads\/2025\/01\/Lavras-TV-720x104px-1-1-170x25.png 170w, https:\/\/lavras.tv\/site\/wp-content\/uploads\/2025\/01\/Lavras-TV-720x104px-1-1-200x29.png 200w\" sizes=\"(max-width: 720px) 100vw, 720px\" width=\"720\" height=\"104\"  style=\"display: inline-block;\" \/><\/a><\/div><\/li><li><a href=\"https:\/\/sistemas.lavras.mg.gov.br\/portalcidadao\/#df1b1a7c7b2a290bcb31e32771e610784662739a88807c0dacac58ede5f391a7530e299dc302d611ee73cb143fc22eaf93592e53e7b5bdb01b00a0b8d28dae460c141dd2ff83412e4dc1c31b16b25f33144a9e5620ea73b13f5bc1c59411d98439ad226e8af03840603796067d87afe130812cf3de24982d0e306f9e61e764e5\" aria-label=\"Banner_Emprego_PortallavrasTV\"><img src=\"https:\/\/lavras.tv\/site\/wp-content\/uploads\/2025\/03\/Banner_Emprego_PortallavrasTV.png\" alt=\"\"  srcset=\"https:\/\/lavras.tv\/site\/wp-content\/uploads\/2025\/03\/Banner_Emprego_PortallavrasTV.png 720w, https:\/\/lavras.tv\/site\/wp-content\/uploads\/2025\/03\/Banner_Emprego_PortallavrasTV-470x68.png 470w, https:\/\/lavras.tv\/site\/wp-content\/uploads\/2025\/03\/Banner_Emprego_PortallavrasTV-170x25.png 170w, https:\/\/lavras.tv\/site\/wp-content\/uploads\/2025\/03\/Banner_Emprego_PortallavrasTV-200x29.png 200w\" sizes=\"(max-width: 720px) 100vw, 720px\" width=\"720\" height=\"104\"   \/><\/a><\/li><li><a href=\"https:\/\/sistemas.lavras.mg.gov.br\/portalcidadao\/#df1b1a7c7b2a290bcb31e32771e610784662739a88807c0dacac58ede5f391a7530e299dc302d611ee73cb143fc22eaf93592e53e7b5bdb01b00a0b8d28dae460c141dd2ff83412e4dc1c31b16b25f33144a9e5620ea73b13f5bc1c59411d98439ad226e8af03840603796067d87afe130812cf3de24982d0e306f9e61e764e5\" aria-label=\"Banner_Obras_PortallavrasTV\"><img src=\"https:\/\/lavras.tv\/site\/wp-content\/uploads\/2025\/03\/Banner_Obras_PortallavrasTV.png\" alt=\"\"  srcset=\"https:\/\/lavras.tv\/site\/wp-content\/uploads\/2025\/03\/Banner_Obras_PortallavrasTV.png 720w, https:\/\/lavras.tv\/site\/wp-content\/uploads\/2025\/03\/Banner_Obras_PortallavrasTV-470x68.png 470w, https:\/\/lavras.tv\/site\/wp-content\/uploads\/2025\/03\/Banner_Obras_PortallavrasTV-170x25.png 170w, https:\/\/lavras.tv\/site\/wp-content\/uploads\/2025\/03\/Banner_Obras_PortallavrasTV-200x29.png 200w\" sizes=\"(max-width: 720px) 100vw, 720px\" width=\"720\" height=\"104\"   \/><\/a><\/li><li><div style=\"margin-left: auto;margin-right: auto;text-align: center;\" id=\"lavra-3577289901\"><a href=\"https:\/\/sistemas.lavras.mg.gov.br\/portalcidadao\/#df1b1a7c7b2a290bcb31e32771e610784662739a88807c0dacac58ede5f391a7530e299dc302d611ee73cb143fc22eaf93592e53e7b5bdb01b00a0b8d28dae460c141dd2ff83412e4dc1c31b16b25f33144a9e5620ea73b13f5bc1c59411d98439ad226e8af03840603796067d87afe130812cf3de24982d0e306f9e61e764e5\" aria-label=\"Banner_Educa\u00e7\u00e3o_PortallavrasTV\"><img src=\"https:\/\/lavras.tv\/site\/wp-content\/uploads\/2025\/01\/Banner_Educacao_PortallavrasTV.png\" alt=\"\"  srcset=\"https:\/\/lavras.tv\/site\/wp-content\/uploads\/2025\/01\/Banner_Educacao_PortallavrasTV.png 720w, https:\/\/lavras.tv\/site\/wp-content\/uploads\/2025\/01\/Banner_Educacao_PortallavrasTV-470x68.png 470w, https:\/\/lavras.tv\/site\/wp-content\/uploads\/2025\/01\/Banner_Educacao_PortallavrasTV-170x25.png 170w, https:\/\/lavras.tv\/site\/wp-content\/uploads\/2025\/01\/Banner_Educacao_PortallavrasTV-200x29.png 200w\" sizes=\"(max-width: 720px) 100vw, 720px\" width=\"720\" height=\"104\"  style=\"display: inline-block;\" \/><\/a><\/div><\/li><li><a href=\"https:\/\/sistemas.lavras.mg.gov.br\/portalcidadao\/#df1b1a7c7b2a290bcb31e32771e610784662739a88807c0dacac58ede5f391a7530e299dc302d611ee73cb143fc22eaf93592e53e7b5bdb01b00a0b8d28dae460c141dd2ff83412e4dc1c31b16b25f33144a9e5620ea73b13f5bc1c59411d98439ad226e8af03840603796067d87afe130812cf3de24982d0e306f9e61e764e5\" aria-label=\"Banner_Sa\u00fade_PortallavrasTV\"><img src=\"https:\/\/lavras.tv\/site\/wp-content\/uploads\/2025\/03\/Banner_Saude_PortallavrasTV.png\" alt=\"\"  srcset=\"https:\/\/lavras.tv\/site\/wp-content\/uploads\/2025\/03\/Banner_Saude_PortallavrasTV.png 720w, https:\/\/lavras.tv\/site\/wp-content\/uploads\/2025\/03\/Banner_Saude_PortallavrasTV-470x68.png 470w, https:\/\/lavras.tv\/site\/wp-content\/uploads\/2025\/03\/Banner_Saude_PortallavrasTV-170x25.png 170w, https:\/\/lavras.tv\/site\/wp-content\/uploads\/2025\/03\/Banner_Saude_PortallavrasTV-200x29.png 200w\" sizes=\"(max-width: 720px) 100vw, 720px\" width=\"720\" height=\"104\"   \/><\/a><\/li><li><div id=\"lavra-2383021796\" style=\"width:720px;height:104px;background-color:#ddd;overflow:scroll;\">\n\t<strong>Sa\u00edda da depura\u00e7\u00e3o de an\u00fancios<\/strong>\n\t<br><br>\n\tO an\u00fancio n\u00e3o \u00e9 exibido na p\u00e1gina<br><br>post atual: OPERA\u00c7\u00c3O LEGADO: SEGURAN\u00c7A REFOR\u00c7ADA EM CAMPO BELO E REGI\u00c3O, ID: 169687<br><br><span style=\"color: red;\">O post atual n\u00e3o \u00e9 id\u00eantico ao post principal.<\/span><br><br>An\u00fancios: ROXO - TOPO INTERNA - ROTATIVO 2 (197)<br \/>Grupo de an\u00fancios: Princ_Meio01_720x104 (27)<br><br>Condi\u00e7\u00f5es de exibi\u00e7\u00e3o<div style=\"margin-bottom: 20px; white-space: pre-wrap; font-family: monospace; width: 100%; background: #ffe9e9;\"><strong>condi\u00e7\u00f5es gerais<\/strong><table border=\"1\"><thead><tr><th><\/th><th>An\u00fancios<\/th><th>wp_the_query<\/th><\/tr><\/thead><tr><td>is_main_query<\/td><td>1<\/td><td>1<\/td><\/tr><tr><td>is_rest_api<\/td><td>0<\/td><td>1<\/td><\/tr><tr><td>page<\/td><td>0<\/td><td>1<\/td><\/tr><tr><td>numpages<\/td><td>0<\/td><td>1<\/td><\/tr><tr><td>is_archive<\/td><td>1<\/td><td><\/td><\/tr><tr><td>is_search<\/td><td>1<\/td><td><\/td><\/tr><tr><td>is_home<\/td><td>1<\/td><td><\/td><\/tr><tr><td>is_404<\/td><td>1<\/td><td><\/td><\/tr><tr><td>is_attachment<\/td><td>1<\/td><td><\/td><\/tr><tr><td>is_singular<\/td><td>1<\/td><td><\/td><\/tr><tr><td>is_front_page<\/td><td>1<\/td><td><\/td><\/tr><tr><td>is_feed<\/td><td>1<\/td><td><\/td><\/tr><\/table><\/div><br><br><span style=\"color: red;\">Seu site usa HTTPS, mas o c\u00f3digo do an\u00fancio cont\u00e9m HTTP e pode n\u00e3o funcionar.<\/span>\t<br><br>\n\t<a style=\"color: green;\" href=\"https:\/\/wpadvancedads.com\/manual\/ad-debug-mode\/?utm_source=advanced-ads&utm_medium=link&utm_campaign=ad-debug-mode\" target=\"_blank\" rel=\"nofollow\">Encontre solu\u00e7\u00f5es no manual<\/a>\n<\/div>\n<\/li><\/ul><\/div><script>( window.advanced_ads_ready || jQuery( document ).ready ).call( null, function() {var $lavraslider3529445045 = jQuery( \".lavra-slider-3529445045\" );$lavraslider3529445045.on( \"unslider.ready\", function() { jQuery( \"div.custom-slider ul li\" ).css( \"display\", \"block\" ); });$lavraslider3529445045.unslider({ delay:4000, autoplay:true, nav:false, arrows:false, infinite:true });$lavraslider3529445045.on(\"mouseover\", function() {$lavraslider3529445045.unslider(\"stop\");}).on(\"mouseout\", function() {$lavraslider3529445045.unslider(\"start\");});});<\/script><\/div>\n<figure class=\"wp-block-embed is-type-video is-provider-youtube wp-block-embed-youtube wp-embed-aspect-9-16 wp-has-aspect-ratio\"><div class=\"wp-block-embed__wrapper\">\n<iframe title=\"\ud83d\udea8 OPERA\u00c7\u00c3O LEGADO: SEGURAN\u00c7A REFOR\u00c7ADA EM CAMPO BELO E REGI\u00c3O \ud83d\ude94\ud83d\udee1\ufe0f\" width=\"422\" height=\"750\" src=\"https:\/\/www.youtube.com\/embed\/eSXQUNwcIx4?feature=oembed\" frameborder=\"0\" allow=\"accelerometer; autoplay; clipboard-write; encrypted-media; gyroscope; picture-in-picture; web-share\" referrerpolicy=\"strict-origin-when-cross-origin\" allowfullscreen><\/iframe>\n<\/div><\/figure>\n\n\n\n<p>Em uma resposta firme \u00e0 criminalidade, as for\u00e7as de seguran\u00e7a deflagraram a Opera\u00e7\u00e3o Legado. O nome \u00e9 uma homenagem ao Sargento Rodrigo Silva Pereira, executado covardemente h\u00e1 uma semana. A opera\u00e7\u00e3o busca honrar sua mem\u00f3ria combatendo diretamente o crime organizado e trazendo justi\u00e7a.<\/p>\n\n\n\n<p>O Coronel Maur\u00edcio, Comandante da Pol\u00edcia Militar, destacou o sucesso das mobiliza\u00e7\u00f5es e refor\u00e7ou o compromisso com a paz social:<\/p>\n\n\n\n<p>\ud83d\udcac &#8220;A Opera\u00e7\u00e3o representa o grande legado do Sargento Rodrigo Pereira que morreu na defesa do povo de Campo Belo. Um exemplo para as gera\u00e7\u00f5es atuais e futuras. Garantimos \u00e0 popula\u00e7\u00e3o de Campo Belo e de toda a nossa regi\u00e3o que a Pol\u00edcia Militar segue vigilante e atuante para assegurar a tranquilidade de cada cidad\u00e3o&#8221;, afirmou o Comandante.<\/p>\n\n\n\n<p>A mobiliza\u00e7\u00e3o segue intensa com o objetivo de responsabilizar todos os envolvidos em atividades criminosas. O trabalho n\u00e3o para!<\/p>\n\n\n\n<p>A seguran\u00e7a p\u00fablica \u00e9 prioridade. Juntos somos mais fortes. \ud83d\udc4a\u26a1<\/p>\n\n\n\n<p>#SegurancaPublica #PMMG #CampoBelo #OperacaoLegado #PoliciaMilitar #Justica #MinasGerais #ForcaEHonra<\/p>\n","protected":false},"excerpt":{"rendered":"<p>Em uma resposta firme \u00e0 criminalidade, as for\u00e7as de seguran\u00e7a deflagraram a Opera\u00e7\u00e3o Legado. O nome \u00e9 uma homenagem ao Sargento Rodrigo Silva Pereira, executado covardemente h\u00e1 uma semana. A opera\u00e7\u00e3o busca honrar sua mem\u00f3ria combatendo diretamente o crime organizado e trazendo justi\u00e7a. O Coronel Maur\u00edcio, Comandante da Pol\u00edcia Militar, destacou o sucesso das mobiliza\u00e7\u00f5es [&hellip;]<\/p>\n","protected":false},"author":5,"featured_media":169688,"comment_status":"closed","ping_status":"open","sticky":false,"template":"","format":"standard","meta":{"advgb_blocks_editor_width":"","advgb_blocks_columns_visual_guide":"","_exactmetrics_skip_tracking":false,"_exactmetrics_sitenote_active":false,"_exactmetrics_sitenote_note":"","_exactmetrics_sitenote_category":0,"footnotes":""},"categories":[7,2],"tags":[],"class_list":["post-169687","post","type-post","status-publish","format-standard","has-post-thumbnail","hentry","category-destaques","category-noticias"],"better_featured_image":{"id":169688,"alt_text":"","caption":"","description":"","media_type":"image","media_details":{"width":1280,"height":720,"file":"2026\/03\/Lives-PMMG-esta-ao-vivo.mp4_snapshot_02.19.833.png","filesize":1719921,"sizes":{"medium":{"file":"Lives-PMMG-esta-ao-vivo.mp4_snapshot_02.19.833-470x264.png","width":470,"height":264,"mime-type":"image\/png","filesize":221635,"source_url":"https:\/\/lavras.tv\/site\/wp-content\/uploads\/2026\/03\/Lives-PMMG-esta-ao-vivo.mp4_snapshot_02.19.833-470x264.png"},"large":{"file":"Lives-PMMG-esta-ao-vivo.mp4_snapshot_02.19.833-970x546.png","width":970,"height":546,"mime-type":"image\/png","filesize":824467,"source_url":"https:\/\/lavras.tv\/site\/wp-content\/uploads\/2026\/03\/Lives-PMMG-esta-ao-vivo.mp4_snapshot_02.19.833-970x546.png"},"thumbnail":{"file":"Lives-PMMG-esta-ao-vivo.mp4_snapshot_02.19.833-170x96.png","width":170,"height":96,"mime-type":"image\/png","filesize":34833,"source_url":"https:\/\/lavras.tv\/site\/wp-content\/uploads\/2026\/03\/Lives-PMMG-esta-ao-vivo.mp4_snapshot_02.19.833-170x96.png"},"alm-thumbnail":{"file":"Lives-PMMG-esta-ao-vivo.mp4_snapshot_02.19.833-150x150.png","width":150,"height":150,"mime-type":"image\/png","filesize":45546,"source_url":"https:\/\/lavras.tv\/site\/wp-content\/uploads\/2026\/03\/Lives-PMMG-esta-ao-vivo.mp4_snapshot_02.19.833-150x150.png"},"sow-carousel-default":{"file":"Lives-PMMG-esta-ao-vivo.mp4_snapshot_02.19.833-272x182.png","width":272,"height":182,"mime-type":"image\/png","filesize":95774,"source_url":"https:\/\/lavras.tv\/site\/wp-content\/uploads\/2026\/03\/Lives-PMMG-esta-ao-vivo.mp4_snapshot_02.19.833-272x182.png"}},"image_meta":{"aperture":"0","credit":"","camera":"","caption":"","created_timestamp":"0","copyright":"","focal_length":"0","iso":"0","shutter_speed":"0","title":"","orientation":"0","keywords":[]}},"post":169687,"source_url":"https:\/\/lavras.tv\/site\/wp-content\/uploads\/2026\/03\/Lives-PMMG-esta-ao-vivo.mp4_snapshot_02.19.833.png"},"author_meta":{"display_name":"Vinicius Bustamante","author_link":"https:\/\/lavras.tv\/site\/author\/vinicius-bustamante\/"},"featured_img":"https:\/\/lavras.tv\/site\/wp-content\/uploads\/2026\/03\/Lives-PMMG-esta-ao-vivo.mp4_snapshot_02.19.833-470x264.png","coauthors":[],"tax_additional":{"categories":{"linked":["<a href=\"https:\/\/lavras.tv\/site\/category\/destaques\/\" class=\"advgb-post-tax-term\">Destaques<\/a>","<a href=\"https:\/\/lavras.tv\/site\/category\/noticias\/\" class=\"advgb-post-tax-term\">Not\u00edcias<\/a>"],"unlinked":["<span class=\"advgb-post-tax-term\">Destaques<\/span>","<span class=\"advgb-post-tax-term\">Not\u00edcias<\/span>"]}},"comment_count":"0","relative_dates":{"created":"Publicado 2 meses atr\u00e1s","modified":"Atualizado 2 meses atr\u00e1s"},"absolute_dates":{"created":"Publicado em 11 de mar\u00e7o de 2026","modified":"Atualizado em 11 de mar\u00e7o de 2026"},"absolute_dates_time":{"created":"Publicado em 11 de mar\u00e7o de 2026 13:02","modified":"Atualizado em 11 de mar\u00e7o de 2026 13:02"},"featured_img_caption":"","series_order":"","_links":{"self":[{"href":"https:\/\/lavras.tv\/site\/wp-json\/wp\/v2\/posts\/169687","targetHints":{"allow":["GET"]}}],"collection":[{"href":"https:\/\/lavras.tv\/site\/wp-json\/wp\/v2\/posts"}],"about":[{"href":"https:\/\/lavras.tv\/site\/wp-json\/wp\/v2\/types\/post"}],"author":[{"embeddable":true,"href":"https:\/\/lavras.tv\/site\/wp-json\/wp\/v2\/users\/5"}],"replies":[{"embeddable":true,"href":"https:\/\/lavras.tv\/site\/wp-json\/wp\/v2\/comments?post=169687"}],"version-history":[{"count":1,"href":"https:\/\/lavras.tv\/site\/wp-json\/wp\/v2\/posts\/169687\/revisions"}],"predecessor-version":[{"id":169691,"href":"https:\/\/lavras.tv\/site\/wp-json\/wp\/v2\/posts\/169687\/revisions\/169691"}],"wp:featuredmedia":[{"embeddable":true,"href":"https:\/\/lavras.tv\/site\/wp-json\/wp\/v2\/media\/169688"}],"wp:attachment":[{"href":"https:\/\/lavras.tv\/site\/wp-json\/wp\/v2\/media?parent=169687"}],"wp:term":[{"taxonomy":"category","embeddable":true,"href":"https:\/\/lavras.tv\/site\/wp-json\/wp\/v2\/categories?post=169687"},{"taxonomy":"post_tag","embeddable":true,"href":"https:\/\/lavras.tv\/site\/wp-json\/wp\/v2\/tags?post=169687"}],"curies":[{"name":"wp","href":"https:\/\/api.w.org\/{rel}","templated":true}]}}