{"id":169696,"date":"2026-03-11T15:47:13","date_gmt":"2026-03-11T18:47:13","guid":{"rendered":"https:\/\/lavras.tv\/site\/?p=169696"},"modified":"2026-03-11T15:48:06","modified_gmt":"2026-03-11T18:48:06","slug":"fisiculturista-lavrense-representara-o-municipio-em-evento-na-capital-mineira-em-abril","status":"publish","type":"post","link":"https:\/\/lavras.tv\/site\/2026\/03\/11\/fisiculturista-lavrense-representara-o-municipio-em-evento-na-capital-mineira-em-abril\/","title":{"rendered":"Fisiculturista lavrense representar\u00e1 o munic\u00edpio em evento na capital mineira em abril"},"content":{"rendered":"<div class=\"lavra-antes-do-conteudo_2\" id=\"lavra-2649459929\"><div id=\"lavra-slider-27\" class=\"custom-slider lavra-slider-3802742318 lavra-slider\"><ul><li><div style=\"margin-left: auto;margin-right: auto;text-align: center;\" id=\"lavra-4060905420\"><a href=\"https:\/\/sistemas.lavras.mg.gov.br\/portalcidadao\/#df1b1a7c7b2a290bcb31e32771e610784662739a88807c0dacac58ede5f391a7530e299dc302d611ee73cb143fc22eaf93592e53e7b5bdb01b00a0b8d28dae460c141dd2ff83412e4dc1c31b16b25f33144a9e5620ea73b13f5bc1c59411d98439ad226e8af03840603796067d87afe130812cf3de24982d0e306f9e61e764e5\" aria-label=\"Lavras-TV&#8211;720x104px (1) (1)\"><img src=\"https:\/\/lavras.tv\/site\/wp-content\/uploads\/2025\/01\/Lavras-TV-720x104px-1-1.png\" alt=\"\"  srcset=\"https:\/\/lavras.tv\/site\/wp-content\/uploads\/2025\/01\/Lavras-TV-720x104px-1-1.png 720w, https:\/\/lavras.tv\/site\/wp-content\/uploads\/2025\/01\/Lavras-TV-720x104px-1-1-470x68.png 470w, https:\/\/lavras.tv\/site\/wp-content\/uploads\/2025\/01\/Lavras-TV-720x104px-1-1-170x25.png 170w, https:\/\/lavras.tv\/site\/wp-content\/uploads\/2025\/01\/Lavras-TV-720x104px-1-1-200x29.png 200w\" sizes=\"(max-width: 720px) 100vw, 720px\" width=\"720\" height=\"104\"  style=\"display: inline-block;\" \/><\/a><\/div><\/li><li><a href=\"https:\/\/sistemas.lavras.mg.gov.br\/portalcidadao\/#df1b1a7c7b2a290bcb31e32771e610784662739a88807c0dacac58ede5f391a7530e299dc302d611ee73cb143fc22eaf93592e53e7b5bdb01b00a0b8d28dae460c141dd2ff83412e4dc1c31b16b25f33144a9e5620ea73b13f5bc1c59411d98439ad226e8af03840603796067d87afe130812cf3de24982d0e306f9e61e764e5\" aria-label=\"Banner_Emprego_PortallavrasTV\"><img src=\"https:\/\/lavras.tv\/site\/wp-content\/uploads\/2025\/03\/Banner_Emprego_PortallavrasTV.png\" alt=\"\"  srcset=\"https:\/\/lavras.tv\/site\/wp-content\/uploads\/2025\/03\/Banner_Emprego_PortallavrasTV.png 720w, https:\/\/lavras.tv\/site\/wp-content\/uploads\/2025\/03\/Banner_Emprego_PortallavrasTV-470x68.png 470w, https:\/\/lavras.tv\/site\/wp-content\/uploads\/2025\/03\/Banner_Emprego_PortallavrasTV-170x25.png 170w, https:\/\/lavras.tv\/site\/wp-content\/uploads\/2025\/03\/Banner_Emprego_PortallavrasTV-200x29.png 200w\" sizes=\"(max-width: 720px) 100vw, 720px\" width=\"720\" height=\"104\"   \/><\/a><\/li><li><a href=\"https:\/\/sistemas.lavras.mg.gov.br\/portalcidadao\/#df1b1a7c7b2a290bcb31e32771e610784662739a88807c0dacac58ede5f391a7530e299dc302d611ee73cb143fc22eaf93592e53e7b5bdb01b00a0b8d28dae460c141dd2ff83412e4dc1c31b16b25f33144a9e5620ea73b13f5bc1c59411d98439ad226e8af03840603796067d87afe130812cf3de24982d0e306f9e61e764e5\" aria-label=\"Banner_Obras_PortallavrasTV\"><img src=\"https:\/\/lavras.tv\/site\/wp-content\/uploads\/2025\/03\/Banner_Obras_PortallavrasTV.png\" alt=\"\"  srcset=\"https:\/\/lavras.tv\/site\/wp-content\/uploads\/2025\/03\/Banner_Obras_PortallavrasTV.png 720w, https:\/\/lavras.tv\/site\/wp-content\/uploads\/2025\/03\/Banner_Obras_PortallavrasTV-470x68.png 470w, https:\/\/lavras.tv\/site\/wp-content\/uploads\/2025\/03\/Banner_Obras_PortallavrasTV-170x25.png 170w, https:\/\/lavras.tv\/site\/wp-content\/uploads\/2025\/03\/Banner_Obras_PortallavrasTV-200x29.png 200w\" sizes=\"(max-width: 720px) 100vw, 720px\" width=\"720\" height=\"104\"   \/><\/a><\/li><li><div style=\"margin-left: auto;margin-right: auto;text-align: center;\" id=\"lavra-3685177492\"><a href=\"https:\/\/sistemas.lavras.mg.gov.br\/portalcidadao\/#df1b1a7c7b2a290bcb31e32771e610784662739a88807c0dacac58ede5f391a7530e299dc302d611ee73cb143fc22eaf93592e53e7b5bdb01b00a0b8d28dae460c141dd2ff83412e4dc1c31b16b25f33144a9e5620ea73b13f5bc1c59411d98439ad226e8af03840603796067d87afe130812cf3de24982d0e306f9e61e764e5\" aria-label=\"Banner_Educa\u00e7\u00e3o_PortallavrasTV\"><img src=\"https:\/\/lavras.tv\/site\/wp-content\/uploads\/2025\/01\/Banner_Educacao_PortallavrasTV.png\" alt=\"\"  srcset=\"https:\/\/lavras.tv\/site\/wp-content\/uploads\/2025\/01\/Banner_Educacao_PortallavrasTV.png 720w, https:\/\/lavras.tv\/site\/wp-content\/uploads\/2025\/01\/Banner_Educacao_PortallavrasTV-470x68.png 470w, https:\/\/lavras.tv\/site\/wp-content\/uploads\/2025\/01\/Banner_Educacao_PortallavrasTV-170x25.png 170w, https:\/\/lavras.tv\/site\/wp-content\/uploads\/2025\/01\/Banner_Educacao_PortallavrasTV-200x29.png 200w\" sizes=\"(max-width: 720px) 100vw, 720px\" width=\"720\" height=\"104\"  style=\"display: inline-block;\" \/><\/a><\/div><\/li><li><a href=\"https:\/\/sistemas.lavras.mg.gov.br\/portalcidadao\/#df1b1a7c7b2a290bcb31e32771e610784662739a88807c0dacac58ede5f391a7530e299dc302d611ee73cb143fc22eaf93592e53e7b5bdb01b00a0b8d28dae460c141dd2ff83412e4dc1c31b16b25f33144a9e5620ea73b13f5bc1c59411d98439ad226e8af03840603796067d87afe130812cf3de24982d0e306f9e61e764e5\" aria-label=\"Banner_Sa\u00fade_PortallavrasTV\"><img src=\"https:\/\/lavras.tv\/site\/wp-content\/uploads\/2025\/03\/Banner_Saude_PortallavrasTV.png\" alt=\"\"  srcset=\"https:\/\/lavras.tv\/site\/wp-content\/uploads\/2025\/03\/Banner_Saude_PortallavrasTV.png 720w, https:\/\/lavras.tv\/site\/wp-content\/uploads\/2025\/03\/Banner_Saude_PortallavrasTV-470x68.png 470w, https:\/\/lavras.tv\/site\/wp-content\/uploads\/2025\/03\/Banner_Saude_PortallavrasTV-170x25.png 170w, https:\/\/lavras.tv\/site\/wp-content\/uploads\/2025\/03\/Banner_Saude_PortallavrasTV-200x29.png 200w\" sizes=\"(max-width: 720px) 100vw, 720px\" width=\"720\" height=\"104\"   \/><\/a><\/li><li><div id=\"lavra-1563822692\" style=\"width:720px;height:104px;background-color:#ddd;overflow:scroll;\">\n\t<strong>Sa\u00edda da depura\u00e7\u00e3o de an\u00fancios<\/strong>\n\t<br><br>\n\tO an\u00fancio n\u00e3o \u00e9 exibido na p\u00e1gina<br><br>post atual: Fisiculturista lavrense representar\u00e1 o munic\u00edpio em evento na capital mineira em abril, ID: 169696<br><br><span style=\"color: red;\">O post atual n\u00e3o \u00e9 id\u00eantico ao post principal.<\/span><br><br>An\u00fancios: ROXO - TOPO INTERNA - ROTATIVO 2 (197)<br \/>Grupo de an\u00fancios: Princ_Meio01_720x104 (27)<br><br>Condi\u00e7\u00f5es de exibi\u00e7\u00e3o<div style=\"margin-bottom: 20px; white-space: pre-wrap; font-family: monospace; width: 100%; background: #ffe9e9;\"><strong>condi\u00e7\u00f5es gerais<\/strong><table border=\"1\"><thead><tr><th><\/th><th>An\u00fancios<\/th><th>wp_the_query<\/th><\/tr><\/thead><tr><td>is_main_query<\/td><td>1<\/td><td>1<\/td><\/tr><tr><td>is_rest_api<\/td><td>0<\/td><td>1<\/td><\/tr><tr><td>page<\/td><td>0<\/td><td>1<\/td><\/tr><tr><td>numpages<\/td><td>0<\/td><td>1<\/td><\/tr><tr><td>is_archive<\/td><td>1<\/td><td><\/td><\/tr><tr><td>is_search<\/td><td>1<\/td><td><\/td><\/tr><tr><td>is_home<\/td><td>1<\/td><td><\/td><\/tr><tr><td>is_404<\/td><td>1<\/td><td><\/td><\/tr><tr><td>is_attachment<\/td><td>1<\/td><td><\/td><\/tr><tr><td>is_singular<\/td><td>1<\/td><td><\/td><\/tr><tr><td>is_front_page<\/td><td>1<\/td><td><\/td><\/tr><tr><td>is_feed<\/td><td>1<\/td><td><\/td><\/tr><\/table><\/div><br><br><span style=\"color: red;\">Seu site usa HTTPS, mas o c\u00f3digo do an\u00fancio cont\u00e9m HTTP e pode n\u00e3o funcionar.<\/span>\t<br><br>\n\t<a style=\"color: green;\" href=\"https:\/\/wpadvancedads.com\/manual\/ad-debug-mode\/?utm_source=advanced-ads&utm_medium=link&utm_campaign=ad-debug-mode\" target=\"_blank\" rel=\"nofollow\">Encontre solu\u00e7\u00f5es no manual<\/a>\n<\/div>\n<\/li><\/ul><\/div><script>( window.advanced_ads_ready || jQuery( document ).ready ).call( null, function() {var $lavraslider3802742318 = jQuery( \".lavra-slider-3802742318\" );$lavraslider3802742318.on( \"unslider.ready\", function() { jQuery( \"div.custom-slider ul li\" ).css( \"display\", \"block\" ); });$lavraslider3802742318.unslider({ delay:4000, autoplay:true, nav:false, arrows:false, infinite:true });$lavraslider3802742318.on(\"mouseover\", function() {$lavraslider3802742318.unslider(\"stop\");}).on(\"mouseout\", function() {$lavraslider3802742318.unslider(\"start\");});});<\/script><\/div>\n<figure class=\"wp-block-image size-large\"><img decoding=\"async\" src=\"https:\/\/lavras.tv\/site\/wp-content\/uploads\/2026\/03\/IMG_9107-1-768x1024.jpg\" alt=\"\" class=\"wp-image-169698\"\/><\/figure>\n\n\n\n<p>Rafael Carvalho Oliveira, natural de Lavras (MG), \u00e9 tosador e atua no Studio Pet Rafael Oliveira, onde trabalha ao lado do s\u00f3cio Nikolas Medeiros. Casado e pai de um filho, Rafael concilia a rotina profissional e familiar com a intensa prepara\u00e7\u00e3o para um novo desafio: sua estreia no fisiculturismo.<br><\/p>\n\n\n\n<p>O atleta representar\u00e1 a cidade de Lavras no dia 18 de abril, em Belo Horizonte, em sua primeira competi\u00e7\u00e3o oficial na modalidade. <\/p>\n\n\n\n<figure class=\"wp-block-image size-large\"><img fetchpriority=\"high\" decoding=\"async\" width=\"768\" height=\"1024\" src=\"https:\/\/lavras.tv\/site\/wp-content\/uploads\/2026\/03\/IMG_9322-768x1024.jpg\" alt=\"\" class=\"wp-image-169699\" srcset=\"https:\/\/lavras.tv\/site\/wp-content\/uploads\/2026\/03\/IMG_9322-768x1024.jpg 768w, https:\/\/lavras.tv\/site\/wp-content\/uploads\/2026\/03\/IMG_9322-225x300.jpg 225w, https:\/\/lavras.tv\/site\/wp-content\/uploads\/2026\/03\/IMG_9322-113x150.jpg 113w, https:\/\/lavras.tv\/site\/wp-content\/uploads\/2026\/03\/IMG_9322-1152x1536.jpg 1152w, https:\/\/lavras.tv\/site\/wp-content\/uploads\/2026\/03\/IMG_9322-1536x2048.jpg 1536w, https:\/\/lavras.tv\/site\/wp-content\/uploads\/2026\/03\/IMG_9322-scaled.jpg 1920w\" sizes=\"(max-width: 768px) 100vw, 768px\" \/><\/figure>\n\n\n\n<p>\ud83c\udfcb\ufe0f\u200d\u2642\ufe0fAtualmente em fase de prepara\u00e7\u00e3o, ele segue uma rotina rigorosa de treinos, dieta e disciplina, mostrando que \u00e9 poss\u00edvel equilibrar trabalho, fam\u00edlia e esporte de alto rendimento.<br>Com o apoio da esposa, do filho e de toda a fam\u00edlia, Rafael destaca o orgulho de levar o nome de Lavras para o palco, refor\u00e7ando que a conquista j\u00e1 come\u00e7a na dedica\u00e7\u00e3o di\u00e1ria e na const\u00e2ncia do processo.<\/p>\n\n\n\n<figure class=\"wp-block-image size-large\"><img decoding=\"async\" width=\"768\" height=\"1024\" src=\"https:\/\/lavras.tv\/site\/wp-content\/uploads\/2026\/03\/IMG_9338-768x1024.jpg\" alt=\"\" class=\"wp-image-169700\" srcset=\"https:\/\/lavras.tv\/site\/wp-content\/uploads\/2026\/03\/IMG_9338-768x1024.jpg 768w, https:\/\/lavras.tv\/site\/wp-content\/uploads\/2026\/03\/IMG_9338-225x300.jpg 225w, https:\/\/lavras.tv\/site\/wp-content\/uploads\/2026\/03\/IMG_9338-113x150.jpg 113w, https:\/\/lavras.tv\/site\/wp-content\/uploads\/2026\/03\/IMG_9338-1152x1536.jpg 1152w, https:\/\/lavras.tv\/site\/wp-content\/uploads\/2026\/03\/IMG_9338-1536x2048.jpg 1536w, https:\/\/lavras.tv\/site\/wp-content\/uploads\/2026\/03\/IMG_9338-scaled.jpg 1920w\" sizes=\"(max-width: 768px) 100vw, 768px\" \/><\/figure>\n","protected":false},"excerpt":{"rendered":"<p>Rafael Carvalho Oliveira, natural de Lavras (MG), \u00e9 tosador e atua no Studio Pet Rafael Oliveira, onde trabalha ao lado do s\u00f3cio Nikolas Medeiros. Casado e pai de um filho, Rafael concilia a rotina profissional e familiar com a intensa prepara\u00e7\u00e3o para um novo desafio: sua estreia no fisiculturismo. O atleta representar\u00e1 a cidade de [&hellip;]<\/p>\n","protected":false},"author":5,"featured_media":169698,"comment_status":"closed","ping_status":"open","sticky":false,"template":"","format":"standard","meta":{"advgb_blocks_editor_width":"","advgb_blocks_columns_visual_guide":"","_exactmetrics_skip_tracking":false,"_exactmetrics_sitenote_active":false,"_exactmetrics_sitenote_note":"","_exactmetrics_sitenote_category":0,"footnotes":""},"categories":[7,3,2],"tags":[],"class_list":["post-169696","post","type-post","status-publish","format-standard","has-post-thumbnail","hentry","category-destaques","category-esportes","category-noticias"],"better_featured_image":{"id":169698,"alt_text":"","caption":"","description":"","media_type":"image","media_details":{"width":1920,"height":1634,"file":"2026\/03\/IMG_9107-1-scaled-e1773254817563.jpg","filesize":322135,"sizes":{"medium":{"file":"IMG_9107-1-scaled-e1773254817563-353x300.jpg","width":353,"height":300,"mime-type":"image\/jpeg","filesize":20513,"source_url":"https:\/\/lavras.tv\/site\/wp-content\/uploads\/2026\/03\/IMG_9107-1-scaled-e1773254817563-353x300.jpg"},"large":{"file":"IMG_9107-1-scaled-e1773254817563-970x826.jpg","width":970,"height":826,"mime-type":"image\/jpeg","filesize":90479,"source_url":"https:\/\/lavras.tv\/site\/wp-content\/uploads\/2026\/03\/IMG_9107-1-scaled-e1773254817563-970x826.jpg"},"thumbnail":{"file":"IMG_9107-1-scaled-e1773254817563-170x145.jpg","width":170,"height":145,"mime-type":"image\/jpeg","filesize":10304,"source_url":"https:\/\/lavras.tv\/site\/wp-content\/uploads\/2026\/03\/IMG_9107-1-scaled-e1773254817563-170x145.jpg"},"1536x1536":{"file":"IMG_9107-1-scaled-e1773254817563-1536x1307.jpg","width":1536,"height":1307,"mime-type":"image\/jpeg","filesize":201283,"source_url":"https:\/\/lavras.tv\/site\/wp-content\/uploads\/2026\/03\/IMG_9107-1-scaled-e1773254817563-1536x1307.jpg"},"2048x2048":{"file":"IMG_9107-1-1536x2048.jpg","width":1536,"height":2048,"mime-type":"image\/jpeg","filesize":359533,"source_url":"https:\/\/lavras.tv\/site\/wp-content\/uploads\/2026\/03\/IMG_9107-1-1536x2048.jpg"},"alm-thumbnail":{"file":"IMG_9107-1-scaled-e1773254817563-150x150.jpg","width":150,"height":150,"mime-type":"image\/jpeg","filesize":9929,"source_url":"https:\/\/lavras.tv\/site\/wp-content\/uploads\/2026\/03\/IMG_9107-1-scaled-e1773254817563-150x150.jpg"},"sow-carousel-default":{"file":"IMG_9107-1-scaled-e1773254817563-272x182.jpg","width":272,"height":182,"mime-type":"image\/jpeg","filesize":13270,"source_url":"https:\/\/lavras.tv\/site\/wp-content\/uploads\/2026\/03\/IMG_9107-1-scaled-e1773254817563-272x182.jpg"}},"image_meta":{"aperture":"1.9","credit":"","camera":"iPhone 14","caption":"","created_timestamp":"1772173916","copyright":"","focal_length":"2.69","iso":"320","shutter_speed":"0.019230769230769","title":"","orientation":"1","keywords":[]},"original_image":"IMG_9107-1.jpg"},"post":169696,"source_url":"https:\/\/lavras.tv\/site\/wp-content\/uploads\/2026\/03\/IMG_9107-1-scaled-e1773254817563.jpg"},"author_meta":{"display_name":"Vinicius Bustamante","author_link":"https:\/\/lavras.tv\/site\/author\/vinicius-bustamante\/"},"featured_img":"https:\/\/lavras.tv\/site\/wp-content\/uploads\/2026\/03\/IMG_9107-1-scaled-e1773254817563-353x300.jpg","coauthors":[],"tax_additional":{"categories":{"linked":["<a href=\"https:\/\/lavras.tv\/site\/category\/destaques\/\" class=\"advgb-post-tax-term\">Destaques<\/a>","<a href=\"https:\/\/lavras.tv\/site\/category\/esportes\/\" class=\"advgb-post-tax-term\">Esportes<\/a>","<a href=\"https:\/\/lavras.tv\/site\/category\/noticias\/\" class=\"advgb-post-tax-term\">Not\u00edcias<\/a>"],"unlinked":["<span class=\"advgb-post-tax-term\">Destaques<\/span>","<span class=\"advgb-post-tax-term\">Esportes<\/span>","<span class=\"advgb-post-tax-term\">Not\u00edcias<\/span>"]}},"comment_count":"0","relative_dates":{"created":"Publicado 2 meses atr\u00e1s","modified":"Atualizado 2 meses atr\u00e1s"},"absolute_dates":{"created":"Publicado em 11 de mar\u00e7o de 2026","modified":"Atualizado em 11 de mar\u00e7o de 2026"},"absolute_dates_time":{"created":"Publicado em 11 de mar\u00e7o de 2026 15:47","modified":"Atualizado em 11 de mar\u00e7o de 2026 15:48"},"featured_img_caption":"","series_order":"","_links":{"self":[{"href":"https:\/\/lavras.tv\/site\/wp-json\/wp\/v2\/posts\/169696","targetHints":{"allow":["GET"]}}],"collection":[{"href":"https:\/\/lavras.tv\/site\/wp-json\/wp\/v2\/posts"}],"about":[{"href":"https:\/\/lavras.tv\/site\/wp-json\/wp\/v2\/types\/post"}],"author":[{"embeddable":true,"href":"https:\/\/lavras.tv\/site\/wp-json\/wp\/v2\/users\/5"}],"replies":[{"embeddable":true,"href":"https:\/\/lavras.tv\/site\/wp-json\/wp\/v2\/comments?post=169696"}],"version-history":[{"count":1,"href":"https:\/\/lavras.tv\/site\/wp-json\/wp\/v2\/posts\/169696\/revisions"}],"predecessor-version":[{"id":169701,"href":"https:\/\/lavras.tv\/site\/wp-json\/wp\/v2\/posts\/169696\/revisions\/169701"}],"wp:featuredmedia":[{"embeddable":true,"href":"https:\/\/lavras.tv\/site\/wp-json\/wp\/v2\/media\/169698"}],"wp:attachment":[{"href":"https:\/\/lavras.tv\/site\/wp-json\/wp\/v2\/media?parent=169696"}],"wp:term":[{"taxonomy":"category","embeddable":true,"href":"https:\/\/lavras.tv\/site\/wp-json\/wp\/v2\/categories?post=169696"},{"taxonomy":"post_tag","embeddable":true,"href":"https:\/\/lavras.tv\/site\/wp-json\/wp\/v2\/tags?post=169696"}],"curies":[{"name":"wp","href":"https:\/\/api.w.org\/{rel}","templated":true}]}}