{"id":169703,"date":"2026-03-11T15:51:03","date_gmt":"2026-03-11T18:51:03","guid":{"rendered":"https:\/\/lavras.tv\/site\/?p=169703"},"modified":"2026-03-11T15:51:05","modified_gmt":"2026-03-11T18:51:05","slug":"invasao-no-bairro-cruzeiro-do-sul-gera-apreensao-entre-moradores","status":"publish","type":"post","link":"https:\/\/lavras.tv\/site\/2026\/03\/11\/invasao-no-bairro-cruzeiro-do-sul-gera-apreensao-entre-moradores\/","title":{"rendered":"Invas\u00e3o no bairro Cruzeiro do Sul gera apreens\u00e3o entre moradores"},"content":{"rendered":"<div class=\"lavra-antes-do-conteudo_2\" id=\"lavra-3626209858\"><div id=\"lavra-slider-27\" class=\"custom-slider lavra-slider-2153726377 lavra-slider\"><ul><li><div style=\"margin-left: auto;margin-right: auto;text-align: center;\" id=\"lavra-1189445611\"><a href=\"https:\/\/sistemas.lavras.mg.gov.br\/portalcidadao\/#df1b1a7c7b2a290bcb31e32771e610784662739a88807c0dacac58ede5f391a7530e299dc302d611ee73cb143fc22eaf93592e53e7b5bdb01b00a0b8d28dae460c141dd2ff83412e4dc1c31b16b25f33144a9e5620ea73b13f5bc1c59411d98439ad226e8af03840603796067d87afe130812cf3de24982d0e306f9e61e764e5\" aria-label=\"Lavras-TV&#8211;720x104px (1) (1)\"><img src=\"https:\/\/lavras.tv\/site\/wp-content\/uploads\/2025\/01\/Lavras-TV-720x104px-1-1.png\" alt=\"\"  srcset=\"https:\/\/lavras.tv\/site\/wp-content\/uploads\/2025\/01\/Lavras-TV-720x104px-1-1.png 720w, https:\/\/lavras.tv\/site\/wp-content\/uploads\/2025\/01\/Lavras-TV-720x104px-1-1-470x68.png 470w, https:\/\/lavras.tv\/site\/wp-content\/uploads\/2025\/01\/Lavras-TV-720x104px-1-1-170x25.png 170w, https:\/\/lavras.tv\/site\/wp-content\/uploads\/2025\/01\/Lavras-TV-720x104px-1-1-200x29.png 200w\" sizes=\"(max-width: 720px) 100vw, 720px\" width=\"720\" height=\"104\"  style=\"display: inline-block;\" \/><\/a><\/div><\/li><li><a href=\"https:\/\/sistemas.lavras.mg.gov.br\/portalcidadao\/#df1b1a7c7b2a290bcb31e32771e610784662739a88807c0dacac58ede5f391a7530e299dc302d611ee73cb143fc22eaf93592e53e7b5bdb01b00a0b8d28dae460c141dd2ff83412e4dc1c31b16b25f33144a9e5620ea73b13f5bc1c59411d98439ad226e8af03840603796067d87afe130812cf3de24982d0e306f9e61e764e5\" aria-label=\"Banner_Emprego_PortallavrasTV\"><img src=\"https:\/\/lavras.tv\/site\/wp-content\/uploads\/2025\/03\/Banner_Emprego_PortallavrasTV.png\" alt=\"\"  srcset=\"https:\/\/lavras.tv\/site\/wp-content\/uploads\/2025\/03\/Banner_Emprego_PortallavrasTV.png 720w, https:\/\/lavras.tv\/site\/wp-content\/uploads\/2025\/03\/Banner_Emprego_PortallavrasTV-470x68.png 470w, https:\/\/lavras.tv\/site\/wp-content\/uploads\/2025\/03\/Banner_Emprego_PortallavrasTV-170x25.png 170w, https:\/\/lavras.tv\/site\/wp-content\/uploads\/2025\/03\/Banner_Emprego_PortallavrasTV-200x29.png 200w\" sizes=\"(max-width: 720px) 100vw, 720px\" width=\"720\" height=\"104\"   \/><\/a><\/li><li><a href=\"https:\/\/sistemas.lavras.mg.gov.br\/portalcidadao\/#df1b1a7c7b2a290bcb31e32771e610784662739a88807c0dacac58ede5f391a7530e299dc302d611ee73cb143fc22eaf93592e53e7b5bdb01b00a0b8d28dae460c141dd2ff83412e4dc1c31b16b25f33144a9e5620ea73b13f5bc1c59411d98439ad226e8af03840603796067d87afe130812cf3de24982d0e306f9e61e764e5\" aria-label=\"Banner_Obras_PortallavrasTV\"><img src=\"https:\/\/lavras.tv\/site\/wp-content\/uploads\/2025\/03\/Banner_Obras_PortallavrasTV.png\" alt=\"\"  srcset=\"https:\/\/lavras.tv\/site\/wp-content\/uploads\/2025\/03\/Banner_Obras_PortallavrasTV.png 720w, https:\/\/lavras.tv\/site\/wp-content\/uploads\/2025\/03\/Banner_Obras_PortallavrasTV-470x68.png 470w, https:\/\/lavras.tv\/site\/wp-content\/uploads\/2025\/03\/Banner_Obras_PortallavrasTV-170x25.png 170w, https:\/\/lavras.tv\/site\/wp-content\/uploads\/2025\/03\/Banner_Obras_PortallavrasTV-200x29.png 200w\" sizes=\"(max-width: 720px) 100vw, 720px\" width=\"720\" height=\"104\"   \/><\/a><\/li><li><div style=\"margin-left: auto;margin-right: auto;text-align: center;\" id=\"lavra-2910922899\"><a href=\"https:\/\/sistemas.lavras.mg.gov.br\/portalcidadao\/#df1b1a7c7b2a290bcb31e32771e610784662739a88807c0dacac58ede5f391a7530e299dc302d611ee73cb143fc22eaf93592e53e7b5bdb01b00a0b8d28dae460c141dd2ff83412e4dc1c31b16b25f33144a9e5620ea73b13f5bc1c59411d98439ad226e8af03840603796067d87afe130812cf3de24982d0e306f9e61e764e5\" aria-label=\"Banner_Educa\u00e7\u00e3o_PortallavrasTV\"><img src=\"https:\/\/lavras.tv\/site\/wp-content\/uploads\/2025\/01\/Banner_Educacao_PortallavrasTV.png\" alt=\"\"  srcset=\"https:\/\/lavras.tv\/site\/wp-content\/uploads\/2025\/01\/Banner_Educacao_PortallavrasTV.png 720w, https:\/\/lavras.tv\/site\/wp-content\/uploads\/2025\/01\/Banner_Educacao_PortallavrasTV-470x68.png 470w, https:\/\/lavras.tv\/site\/wp-content\/uploads\/2025\/01\/Banner_Educacao_PortallavrasTV-170x25.png 170w, https:\/\/lavras.tv\/site\/wp-content\/uploads\/2025\/01\/Banner_Educacao_PortallavrasTV-200x29.png 200w\" sizes=\"(max-width: 720px) 100vw, 720px\" width=\"720\" height=\"104\"  style=\"display: inline-block;\" \/><\/a><\/div><\/li><li><a href=\"https:\/\/sistemas.lavras.mg.gov.br\/portalcidadao\/#df1b1a7c7b2a290bcb31e32771e610784662739a88807c0dacac58ede5f391a7530e299dc302d611ee73cb143fc22eaf93592e53e7b5bdb01b00a0b8d28dae460c141dd2ff83412e4dc1c31b16b25f33144a9e5620ea73b13f5bc1c59411d98439ad226e8af03840603796067d87afe130812cf3de24982d0e306f9e61e764e5\" aria-label=\"Banner_Sa\u00fade_PortallavrasTV\"><img src=\"https:\/\/lavras.tv\/site\/wp-content\/uploads\/2025\/03\/Banner_Saude_PortallavrasTV.png\" alt=\"\"  srcset=\"https:\/\/lavras.tv\/site\/wp-content\/uploads\/2025\/03\/Banner_Saude_PortallavrasTV.png 720w, https:\/\/lavras.tv\/site\/wp-content\/uploads\/2025\/03\/Banner_Saude_PortallavrasTV-470x68.png 470w, https:\/\/lavras.tv\/site\/wp-content\/uploads\/2025\/03\/Banner_Saude_PortallavrasTV-170x25.png 170w, https:\/\/lavras.tv\/site\/wp-content\/uploads\/2025\/03\/Banner_Saude_PortallavrasTV-200x29.png 200w\" sizes=\"(max-width: 720px) 100vw, 720px\" width=\"720\" height=\"104\"   \/><\/a><\/li><li><div id=\"lavra-3479670472\" style=\"width:720px;height:104px;background-color:#ddd;overflow:scroll;\">\n\t<strong>Sa\u00edda da depura\u00e7\u00e3o de an\u00fancios<\/strong>\n\t<br><br>\n\tO an\u00fancio n\u00e3o \u00e9 exibido na p\u00e1gina<br><br>post atual: Invas\u00e3o no bairro Cruzeiro do Sul gera apreens\u00e3o entre moradores, ID: 169703<br><br><span style=\"color: red;\">O post atual n\u00e3o \u00e9 id\u00eantico ao post principal.<\/span><br><br>An\u00fancios: ROXO - TOPO INTERNA - ROTATIVO 2 (197)<br \/>Grupo de an\u00fancios: Princ_Meio01_720x104 (27)<br><br>Condi\u00e7\u00f5es de exibi\u00e7\u00e3o<div style=\"margin-bottom: 20px; white-space: pre-wrap; font-family: monospace; width: 100%; background: #ffe9e9;\"><strong>condi\u00e7\u00f5es gerais<\/strong><table border=\"1\"><thead><tr><th><\/th><th>An\u00fancios<\/th><th>wp_the_query<\/th><\/tr><\/thead><tr><td>is_main_query<\/td><td>1<\/td><td>1<\/td><\/tr><tr><td>is_rest_api<\/td><td>0<\/td><td>1<\/td><\/tr><tr><td>page<\/td><td>0<\/td><td>1<\/td><\/tr><tr><td>numpages<\/td><td>0<\/td><td>1<\/td><\/tr><tr><td>is_archive<\/td><td>1<\/td><td><\/td><\/tr><tr><td>is_search<\/td><td>1<\/td><td><\/td><\/tr><tr><td>is_home<\/td><td>1<\/td><td><\/td><\/tr><tr><td>is_404<\/td><td>1<\/td><td><\/td><\/tr><tr><td>is_attachment<\/td><td>1<\/td><td><\/td><\/tr><tr><td>is_singular<\/td><td>1<\/td><td><\/td><\/tr><tr><td>is_front_page<\/td><td>1<\/td><td><\/td><\/tr><tr><td>is_feed<\/td><td>1<\/td><td><\/td><\/tr><\/table><\/div><br><br><span style=\"color: red;\">Seu site usa HTTPS, mas o c\u00f3digo do an\u00fancio cont\u00e9m HTTP e pode n\u00e3o funcionar.<\/span>\t<br><br>\n\t<a style=\"color: green;\" href=\"https:\/\/wpadvancedads.com\/manual\/ad-debug-mode\/?utm_source=advanced-ads&utm_medium=link&utm_campaign=ad-debug-mode\" target=\"_blank\" rel=\"nofollow\">Encontre solu\u00e7\u00f5es no manual<\/a>\n<\/div>\n<\/li><\/ul><\/div><script>( window.advanced_ads_ready || jQuery( document ).ready ).call( null, function() {var $lavraslider2153726377 = jQuery( \".lavra-slider-2153726377\" );$lavraslider2153726377.on( \"unslider.ready\", function() { jQuery( \"div.custom-slider ul li\" ).css( \"display\", \"block\" ); });$lavraslider2153726377.unslider({ delay:4000, autoplay:true, nav:false, arrows:false, infinite:true });$lavraslider2153726377.on(\"mouseover\", function() {$lavraslider2153726377.unslider(\"stop\");}).on(\"mouseout\", function() {$lavraslider2153726377.unslider(\"start\");});});<\/script><\/div>\n<figure class=\"wp-block-video\"><video height=\"480\" style=\"aspect-ratio: 848 \/ 480;\" width=\"848\" controls src=\"https:\/\/lavras.tv\/site\/wp-content\/uploads\/2026\/03\/WhatsApp-Video-2026-03-11-at-14.31.37.mp4\"><\/video><\/figure>\n\n\n\n<p>O Lavras TV recebeu imagens de um incidente ocorrido no bairro Cruzeiro do Sul na tarde desta ter\u00e7a-feira (10). Por volta das 17h, um indiv\u00edduo invadiu uma resid\u00eancia na localidade, causando preocupa\u00e7\u00e3o na vizinhan\u00e7a.<br><\/p>\n\n\n\n<p>\ud83c\udfa5 O Registro: O v\u00eddeo, gravado por um morador logo ap\u00f3s a invas\u00e3o, mostra o suspeito ainda nas proximidades. Segundo relatos enviados \u00e0 nossa equipe, o autor teria acessado o im\u00f3vel, e a movimenta\u00e7\u00e3o foi registrada como um alerta para a comunidade.<br><\/p>\n\n\n\n<p>\ud83d\udde3\ufe0f Relato da Comunidade: Moradores que entraram em contato com o Lavras TV relataram que a Pol\u00edcia Militar foi acionada para atender a ocorr\u00eancia, mas afirmam que a viatura n\u00e3o teria chegado ao local durante o incidente. O morador que registrou as imagens expressou seu desabafo quanto \u00e0 sensa\u00e7\u00e3o de inseguran\u00e7a no momento da a\u00e7\u00e3o, em plena luz do dia.<br><\/p>\n\n\n\n<p>\ud83d\udce2 Espa\u00e7o Aberto: Ressaltamos que o Lavras TV est\u00e1 apenas divulgando o relato e o pedido de aten\u00e7\u00e3o de alguns moradores do bairro. O espa\u00e7o est\u00e1 totalmente aberto para qualquer manifesta\u00e7\u00e3o da Pol\u00edcia Militar sobre o patrulhamento na regi\u00e3o ou sobre o atendimento dessa chamada espec\u00edfica.<br>Seguimos acompanhando os fatos e dando voz aos moradores de Lavras.<\/p>\n","protected":false},"excerpt":{"rendered":"<p>O Lavras TV recebeu imagens de um incidente ocorrido no bairro Cruzeiro do Sul na tarde desta ter\u00e7a-feira (10). Por volta das 17h, um indiv\u00edduo invadiu uma resid\u00eancia na localidade, causando preocupa\u00e7\u00e3o na vizinhan\u00e7a. \ud83c\udfa5 O Registro: O v\u00eddeo, gravado por um morador logo ap\u00f3s a invas\u00e3o, mostra o suspeito ainda nas proximidades. Segundo relatos [&hellip;]<\/p>\n","protected":false},"author":5,"featured_media":169705,"comment_status":"closed","ping_status":"open","sticky":false,"template":"","format":"standard","meta":{"advgb_blocks_editor_width":"","advgb_blocks_columns_visual_guide":"","_exactmetrics_skip_tracking":false,"_exactmetrics_sitenote_active":false,"_exactmetrics_sitenote_note":"","_exactmetrics_sitenote_category":0,"footnotes":""},"categories":[7,2],"tags":[],"class_list":["post-169703","post","type-post","status-publish","format-standard","has-post-thumbnail","hentry","category-destaques","category-noticias"],"better_featured_image":{"id":169705,"alt_text":"","caption":"","description":"","media_type":"image","media_details":{"width":480,"height":288,"file":"2026\/03\/WhatsApp-Video-2026-03-11-at-14.31.37.mp4_snapshot_00.01.688-e1773255053325.png","filesize":157779,"sizes":{"medium":{"file":"WhatsApp-Video-2026-03-11-at-14.31.37.mp4_snapshot_00.01.688-e1773255053325-470x282.png","width":470,"height":282,"mime-type":"image\/png","filesize":135628,"source_url":"https:\/\/lavras.tv\/site\/wp-content\/uploads\/2026\/03\/WhatsApp-Video-2026-03-11-at-14.31.37.mp4_snapshot_00.01.688-e1773255053325-470x282.png"},"thumbnail":{"file":"WhatsApp-Video-2026-03-11-at-14.31.37.mp4_snapshot_00.01.688-e1773255053325-170x102.png","width":170,"height":102,"mime-type":"image\/png","filesize":25658,"source_url":"https:\/\/lavras.tv\/site\/wp-content\/uploads\/2026\/03\/WhatsApp-Video-2026-03-11-at-14.31.37.mp4_snapshot_00.01.688-e1773255053325-170x102.png"},"alm-thumbnail":{"file":"WhatsApp-Video-2026-03-11-at-14.31.37.mp4_snapshot_00.01.688-e1773255053325-150x150.png","width":150,"height":150,"mime-type":"image\/png","filesize":28584,"source_url":"https:\/\/lavras.tv\/site\/wp-content\/uploads\/2026\/03\/WhatsApp-Video-2026-03-11-at-14.31.37.mp4_snapshot_00.01.688-e1773255053325-150x150.png"},"sow-carousel-default":{"file":"WhatsApp-Video-2026-03-11-at-14.31.37.mp4_snapshot_00.01.688-e1773255053325-272x182.png","width":272,"height":182,"mime-type":"image\/png","filesize":60756,"source_url":"https:\/\/lavras.tv\/site\/wp-content\/uploads\/2026\/03\/WhatsApp-Video-2026-03-11-at-14.31.37.mp4_snapshot_00.01.688-e1773255053325-272x182.png"}},"image_meta":{"aperture":"0","credit":"","camera":"","caption":"","created_timestamp":"0","copyright":"","focal_length":"0","iso":"0","shutter_speed":"0","title":"","orientation":"0","keywords":[]}},"post":169703,"source_url":"https:\/\/lavras.tv\/site\/wp-content\/uploads\/2026\/03\/WhatsApp-Video-2026-03-11-at-14.31.37.mp4_snapshot_00.01.688-e1773255053325.png"},"author_meta":{"display_name":"Vinicius Bustamante","author_link":"https:\/\/lavras.tv\/site\/author\/vinicius-bustamante\/"},"featured_img":"https:\/\/lavras.tv\/site\/wp-content\/uploads\/2026\/03\/WhatsApp-Video-2026-03-11-at-14.31.37.mp4_snapshot_00.01.688-e1773255053325-470x282.png","coauthors":[],"tax_additional":{"categories":{"linked":["<a href=\"https:\/\/lavras.tv\/site\/category\/destaques\/\" class=\"advgb-post-tax-term\">Destaques<\/a>","<a href=\"https:\/\/lavras.tv\/site\/category\/noticias\/\" class=\"advgb-post-tax-term\">Not\u00edcias<\/a>"],"unlinked":["<span class=\"advgb-post-tax-term\">Destaques<\/span>","<span class=\"advgb-post-tax-term\">Not\u00edcias<\/span>"]}},"comment_count":"0","relative_dates":{"created":"Publicado 2 meses atr\u00e1s","modified":"Atualizado 2 meses atr\u00e1s"},"absolute_dates":{"created":"Publicado em 11 de mar\u00e7o de 2026","modified":"Atualizado em 11 de mar\u00e7o de 2026"},"absolute_dates_time":{"created":"Publicado em 11 de mar\u00e7o de 2026 15:51","modified":"Atualizado em 11 de mar\u00e7o de 2026 15:51"},"featured_img_caption":"","series_order":"","_links":{"self":[{"href":"https:\/\/lavras.tv\/site\/wp-json\/wp\/v2\/posts\/169703","targetHints":{"allow":["GET"]}}],"collection":[{"href":"https:\/\/lavras.tv\/site\/wp-json\/wp\/v2\/posts"}],"about":[{"href":"https:\/\/lavras.tv\/site\/wp-json\/wp\/v2\/types\/post"}],"author":[{"embeddable":true,"href":"https:\/\/lavras.tv\/site\/wp-json\/wp\/v2\/users\/5"}],"replies":[{"embeddable":true,"href":"https:\/\/lavras.tv\/site\/wp-json\/wp\/v2\/comments?post=169703"}],"version-history":[{"count":1,"href":"https:\/\/lavras.tv\/site\/wp-json\/wp\/v2\/posts\/169703\/revisions"}],"predecessor-version":[{"id":169706,"href":"https:\/\/lavras.tv\/site\/wp-json\/wp\/v2\/posts\/169703\/revisions\/169706"}],"wp:featuredmedia":[{"embeddable":true,"href":"https:\/\/lavras.tv\/site\/wp-json\/wp\/v2\/media\/169705"}],"wp:attachment":[{"href":"https:\/\/lavras.tv\/site\/wp-json\/wp\/v2\/media?parent=169703"}],"wp:term":[{"taxonomy":"category","embeddable":true,"href":"https:\/\/lavras.tv\/site\/wp-json\/wp\/v2\/categories?post=169703"},{"taxonomy":"post_tag","embeddable":true,"href":"https:\/\/lavras.tv\/site\/wp-json\/wp\/v2\/tags?post=169703"}],"curies":[{"name":"wp","href":"https:\/\/api.w.org\/{rel}","templated":true}]}}