{"id":169707,"date":"2026-03-11T16:02:52","date_gmt":"2026-03-11T19:02:52","guid":{"rendered":"https:\/\/lavras.tv\/site\/?p=169707"},"modified":"2026-03-11T16:02:53","modified_gmt":"2026-03-11T19:02:53","slug":"pis-2026-proximo-pagamento-sai-em-marco-veja-o-calendario-atualizado-do-abono","status":"publish","type":"post","link":"https:\/\/lavras.tv\/site\/2026\/03\/11\/pis-2026-proximo-pagamento-sai-em-marco-veja-o-calendario-atualizado-do-abono\/","title":{"rendered":"PIS 2026: pr\u00f3ximo pagamento sai em mar\u00e7o; veja o calend\u00e1rio atualizado do abono"},"content":{"rendered":"<div class=\"lavra-antes-do-conteudo_2\" id=\"lavra-2349327107\"><div id=\"lavra-slider-27\" class=\"custom-slider lavra-slider-2698194805 lavra-slider\"><ul><li><div style=\"margin-left: auto;margin-right: auto;text-align: center;\" id=\"lavra-751740128\"><a href=\"https:\/\/sistemas.lavras.mg.gov.br\/portalcidadao\/#df1b1a7c7b2a290bcb31e32771e610784662739a88807c0dacac58ede5f391a7530e299dc302d611ee73cb143fc22eaf93592e53e7b5bdb01b00a0b8d28dae460c141dd2ff83412e4dc1c31b16b25f33144a9e5620ea73b13f5bc1c59411d98439ad226e8af03840603796067d87afe130812cf3de24982d0e306f9e61e764e5\" aria-label=\"Lavras-TV&#8211;720x104px (1) (1)\"><img src=\"https:\/\/lavras.tv\/site\/wp-content\/uploads\/2025\/01\/Lavras-TV-720x104px-1-1.png\" alt=\"\"  srcset=\"https:\/\/lavras.tv\/site\/wp-content\/uploads\/2025\/01\/Lavras-TV-720x104px-1-1.png 720w, https:\/\/lavras.tv\/site\/wp-content\/uploads\/2025\/01\/Lavras-TV-720x104px-1-1-470x68.png 470w, https:\/\/lavras.tv\/site\/wp-content\/uploads\/2025\/01\/Lavras-TV-720x104px-1-1-170x25.png 170w, https:\/\/lavras.tv\/site\/wp-content\/uploads\/2025\/01\/Lavras-TV-720x104px-1-1-200x29.png 200w\" sizes=\"(max-width: 720px) 100vw, 720px\" width=\"720\" height=\"104\"  style=\"display: inline-block;\" \/><\/a><\/div><\/li><li><a href=\"https:\/\/sistemas.lavras.mg.gov.br\/portalcidadao\/#df1b1a7c7b2a290bcb31e32771e610784662739a88807c0dacac58ede5f391a7530e299dc302d611ee73cb143fc22eaf93592e53e7b5bdb01b00a0b8d28dae460c141dd2ff83412e4dc1c31b16b25f33144a9e5620ea73b13f5bc1c59411d98439ad226e8af03840603796067d87afe130812cf3de24982d0e306f9e61e764e5\" aria-label=\"Banner_Emprego_PortallavrasTV\"><img src=\"https:\/\/lavras.tv\/site\/wp-content\/uploads\/2025\/03\/Banner_Emprego_PortallavrasTV.png\" alt=\"\"  srcset=\"https:\/\/lavras.tv\/site\/wp-content\/uploads\/2025\/03\/Banner_Emprego_PortallavrasTV.png 720w, https:\/\/lavras.tv\/site\/wp-content\/uploads\/2025\/03\/Banner_Emprego_PortallavrasTV-470x68.png 470w, https:\/\/lavras.tv\/site\/wp-content\/uploads\/2025\/03\/Banner_Emprego_PortallavrasTV-170x25.png 170w, https:\/\/lavras.tv\/site\/wp-content\/uploads\/2025\/03\/Banner_Emprego_PortallavrasTV-200x29.png 200w\" sizes=\"(max-width: 720px) 100vw, 720px\" width=\"720\" height=\"104\"   \/><\/a><\/li><li><a href=\"https:\/\/sistemas.lavras.mg.gov.br\/portalcidadao\/#df1b1a7c7b2a290bcb31e32771e610784662739a88807c0dacac58ede5f391a7530e299dc302d611ee73cb143fc22eaf93592e53e7b5bdb01b00a0b8d28dae460c141dd2ff83412e4dc1c31b16b25f33144a9e5620ea73b13f5bc1c59411d98439ad226e8af03840603796067d87afe130812cf3de24982d0e306f9e61e764e5\" aria-label=\"Banner_Obras_PortallavrasTV\"><img src=\"https:\/\/lavras.tv\/site\/wp-content\/uploads\/2025\/03\/Banner_Obras_PortallavrasTV.png\" alt=\"\"  srcset=\"https:\/\/lavras.tv\/site\/wp-content\/uploads\/2025\/03\/Banner_Obras_PortallavrasTV.png 720w, https:\/\/lavras.tv\/site\/wp-content\/uploads\/2025\/03\/Banner_Obras_PortallavrasTV-470x68.png 470w, https:\/\/lavras.tv\/site\/wp-content\/uploads\/2025\/03\/Banner_Obras_PortallavrasTV-170x25.png 170w, https:\/\/lavras.tv\/site\/wp-content\/uploads\/2025\/03\/Banner_Obras_PortallavrasTV-200x29.png 200w\" sizes=\"(max-width: 720px) 100vw, 720px\" width=\"720\" height=\"104\"   \/><\/a><\/li><li><div style=\"margin-left: auto;margin-right: auto;text-align: center;\" id=\"lavra-2180130124\"><a href=\"https:\/\/sistemas.lavras.mg.gov.br\/portalcidadao\/#df1b1a7c7b2a290bcb31e32771e610784662739a88807c0dacac58ede5f391a7530e299dc302d611ee73cb143fc22eaf93592e53e7b5bdb01b00a0b8d28dae460c141dd2ff83412e4dc1c31b16b25f33144a9e5620ea73b13f5bc1c59411d98439ad226e8af03840603796067d87afe130812cf3de24982d0e306f9e61e764e5\" aria-label=\"Banner_Educa\u00e7\u00e3o_PortallavrasTV\"><img src=\"https:\/\/lavras.tv\/site\/wp-content\/uploads\/2025\/01\/Banner_Educacao_PortallavrasTV.png\" alt=\"\"  srcset=\"https:\/\/lavras.tv\/site\/wp-content\/uploads\/2025\/01\/Banner_Educacao_PortallavrasTV.png 720w, https:\/\/lavras.tv\/site\/wp-content\/uploads\/2025\/01\/Banner_Educacao_PortallavrasTV-470x68.png 470w, https:\/\/lavras.tv\/site\/wp-content\/uploads\/2025\/01\/Banner_Educacao_PortallavrasTV-170x25.png 170w, https:\/\/lavras.tv\/site\/wp-content\/uploads\/2025\/01\/Banner_Educacao_PortallavrasTV-200x29.png 200w\" sizes=\"(max-width: 720px) 100vw, 720px\" width=\"720\" height=\"104\"  style=\"display: inline-block;\" \/><\/a><\/div><\/li><li><a href=\"https:\/\/sistemas.lavras.mg.gov.br\/portalcidadao\/#df1b1a7c7b2a290bcb31e32771e610784662739a88807c0dacac58ede5f391a7530e299dc302d611ee73cb143fc22eaf93592e53e7b5bdb01b00a0b8d28dae460c141dd2ff83412e4dc1c31b16b25f33144a9e5620ea73b13f5bc1c59411d98439ad226e8af03840603796067d87afe130812cf3de24982d0e306f9e61e764e5\" aria-label=\"Banner_Sa\u00fade_PortallavrasTV\"><img src=\"https:\/\/lavras.tv\/site\/wp-content\/uploads\/2025\/03\/Banner_Saude_PortallavrasTV.png\" alt=\"\"  srcset=\"https:\/\/lavras.tv\/site\/wp-content\/uploads\/2025\/03\/Banner_Saude_PortallavrasTV.png 720w, https:\/\/lavras.tv\/site\/wp-content\/uploads\/2025\/03\/Banner_Saude_PortallavrasTV-470x68.png 470w, https:\/\/lavras.tv\/site\/wp-content\/uploads\/2025\/03\/Banner_Saude_PortallavrasTV-170x25.png 170w, https:\/\/lavras.tv\/site\/wp-content\/uploads\/2025\/03\/Banner_Saude_PortallavrasTV-200x29.png 200w\" sizes=\"(max-width: 720px) 100vw, 720px\" width=\"720\" height=\"104\"   \/><\/a><\/li><li><div id=\"lavra-1422951713\" style=\"width:720px;height:104px;background-color:#ddd;overflow:scroll;\">\n\t<strong>Sa\u00edda da depura\u00e7\u00e3o de an\u00fancios<\/strong>\n\t<br><br>\n\tO an\u00fancio n\u00e3o \u00e9 exibido na p\u00e1gina<br><br>post atual: PIS 2026: pr\u00f3ximo pagamento sai em mar\u00e7o; veja o calend\u00e1rio atualizado do abono, ID: 169707<br><br><span style=\"color: red;\">O post atual n\u00e3o \u00e9 id\u00eantico ao post principal.<\/span><br><br>An\u00fancios: ROXO - TOPO INTERNA - ROTATIVO 2 (197)<br \/>Grupo de an\u00fancios: Princ_Meio01_720x104 (27)<br><br>Condi\u00e7\u00f5es de exibi\u00e7\u00e3o<div style=\"margin-bottom: 20px; white-space: pre-wrap; font-family: monospace; width: 100%; background: #ffe9e9;\"><strong>condi\u00e7\u00f5es gerais<\/strong><table border=\"1\"><thead><tr><th><\/th><th>An\u00fancios<\/th><th>wp_the_query<\/th><\/tr><\/thead><tr><td>is_main_query<\/td><td>1<\/td><td>1<\/td><\/tr><tr><td>is_rest_api<\/td><td>0<\/td><td>1<\/td><\/tr><tr><td>page<\/td><td>0<\/td><td>1<\/td><\/tr><tr><td>numpages<\/td><td>0<\/td><td>1<\/td><\/tr><tr><td>is_archive<\/td><td>1<\/td><td><\/td><\/tr><tr><td>is_search<\/td><td>1<\/td><td><\/td><\/tr><tr><td>is_home<\/td><td>1<\/td><td><\/td><\/tr><tr><td>is_404<\/td><td>1<\/td><td><\/td><\/tr><tr><td>is_attachment<\/td><td>1<\/td><td><\/td><\/tr><tr><td>is_singular<\/td><td>1<\/td><td><\/td><\/tr><tr><td>is_front_page<\/td><td>1<\/td><td><\/td><\/tr><tr><td>is_feed<\/td><td>1<\/td><td><\/td><\/tr><\/table><\/div><br><br><span style=\"color: red;\">Seu site usa HTTPS, mas o c\u00f3digo do an\u00fancio cont\u00e9m HTTP e pode n\u00e3o funcionar.<\/span>\t<br><br>\n\t<a style=\"color: green;\" href=\"https:\/\/wpadvancedads.com\/manual\/ad-debug-mode\/?utm_source=advanced-ads&utm_medium=link&utm_campaign=ad-debug-mode\" target=\"_blank\" rel=\"nofollow\">Encontre solu\u00e7\u00f5es no manual<\/a>\n<\/div>\n<\/li><\/ul><\/div><script>( window.advanced_ads_ready || jQuery( document ).ready ).call( null, function() {var $lavraslider2698194805 = jQuery( \".lavra-slider-2698194805\" );$lavraslider2698194805.on( \"unslider.ready\", function() { jQuery( \"div.custom-slider ul li\" ).css( \"display\", \"block\" ); });$lavraslider2698194805.unslider({ delay:4000, autoplay:true, nav:false, arrows:false, infinite:true });$lavraslider2698194805.on(\"mouseover\", function() {$lavraslider2698194805.unslider(\"stop\");}).on(\"mouseout\", function() {$lavraslider2698194805.unslider(\"start\");});});<\/script><\/div>\n<p><strong><em>Pr\u00f3ximos pagamentos do PIS\/Pasep 2026 acontecem em mar\u00e7o para nascidos em fevereiro<\/em><\/strong><\/p>\n\n\n\n<figure class=\"wp-block-image size-large\"><img fetchpriority=\"high\" decoding=\"async\" width=\"970\" height=\"647\" src=\"https:\/\/lavras.tv\/site\/wp-content\/uploads\/2026\/03\/como-consultar-o-abono-salarial-2026-970x647.webp\" alt=\"\" class=\"wp-image-169708\" srcset=\"https:\/\/lavras.tv\/site\/wp-content\/uploads\/2026\/03\/como-consultar-o-abono-salarial-2026-970x647.webp 970w, https:\/\/lavras.tv\/site\/wp-content\/uploads\/2026\/03\/como-consultar-o-abono-salarial-2026-450x300.webp 450w, https:\/\/lavras.tv\/site\/wp-content\/uploads\/2026\/03\/como-consultar-o-abono-salarial-2026-170x113.webp 170w, https:\/\/lavras.tv\/site\/wp-content\/uploads\/2026\/03\/como-consultar-o-abono-salarial-2026-272x182.webp 272w, https:\/\/lavras.tv\/site\/wp-content\/uploads\/2026\/03\/como-consultar-o-abono-salarial-2026.webp 1200w\" sizes=\"(max-width: 970px) 100vw, 970px\" \/><\/figure>\n\n\n\n<p>O calend\u00e1rio de pagamentos do PIS 2026 segue avan\u00e7ando neste in\u00edcio de ano. Depois do primeiro lote liberado em fevereiro, trabalhadores nascidos em fevereiro ser\u00e3o os pr\u00f3ximos a receber o abono salarial, no dia 15 de mar\u00e7o.<\/p>\n\n\n\n<p>O cronograma definido pelo Conselho Deliberativo do Fundo de Amparo ao Trabalhador (Codefat) em dezembro do ano passado continua sem altera\u00e7\u00f5es. Os dep\u00f3sitos seguem um calend\u00e1rio escalonado de acordo com o m\u00eas de nascimento do trabalhador e avan\u00e7am at\u00e9 agosto.<\/p>\n\n\n\n<p>Nesta rodada, o benef\u00edcio corresponde ao abono salarial referente ao&nbsp;<strong>ano-base 2024<\/strong>. O valor pode chegar a um sal\u00e1rio m\u00ednimo, pago de forma proporcional ao n\u00famero de meses trabalhados no per\u00edodo.<\/p>\n\n\n\n<h2 class=\"wp-block-heading\" id=\"h-calendario-de-pagamentos-do-pis-pasep-2026\">Calend\u00e1rio de pagamentos do PIS\/Pasep 2026<\/h2>\n\n\n\n<p>Os pagamentos come\u00e7aram em&nbsp;<strong>15 de fevereiro de 2026<\/strong>&nbsp;e seguem at\u00e9&nbsp;<strong>15 de agosto<\/strong>, conforme o m\u00eas de nascimento do trabalhador.<\/p>\n\n\n\n<figure class=\"wp-block-table\"><table class=\"has-fixed-layout\"><thead><tr><th class=\"has-text-align-left\" data-align=\"left\">M\u00eas de nascimento<\/th><th class=\"has-text-align-left\" data-align=\"left\">Data de pagamento<\/th><\/tr><\/thead><tbody><tr><td class=\"has-text-align-left\" data-align=\"left\">Janeiro<\/td><td class=\"has-text-align-left\" data-align=\"left\">15 de fevereiro de 2026<\/td><\/tr><tr><td class=\"has-text-align-left\" data-align=\"left\">Fevereiro<\/td><td class=\"has-text-align-left\" data-align=\"left\">15 de mar\u00e7o de 2026<\/td><\/tr><tr><td class=\"has-text-align-left\" data-align=\"left\">Mar\u00e7o<\/td><td class=\"has-text-align-left\" data-align=\"left\">15 de abril de 2026<\/td><\/tr><tr><td class=\"has-text-align-left\" data-align=\"left\">Abril<\/td><td class=\"has-text-align-left\" data-align=\"left\">15 de abril de 2026<\/td><\/tr><tr><td class=\"has-text-align-left\" data-align=\"left\">Maio<\/td><td class=\"has-text-align-left\" data-align=\"left\">15 de maio de 2026<\/td><\/tr><tr><td class=\"has-text-align-left\" data-align=\"left\">Junho<\/td><td class=\"has-text-align-left\" data-align=\"left\">15 de maio de 2026<\/td><\/tr><tr><td class=\"has-text-align-left\" data-align=\"left\">Julho<\/td><td class=\"has-text-align-left\" data-align=\"left\">15 de junho de 2026<\/td><\/tr><tr><td class=\"has-text-align-left\" data-align=\"left\">Agosto<\/td><td class=\"has-text-align-left\" data-align=\"left\">15 de junho de 2026<\/td><\/tr><tr><td class=\"has-text-align-left\" data-align=\"left\">Setembro<\/td><td class=\"has-text-align-left\" data-align=\"left\">15 de julho de 2026<\/td><\/tr><tr><td class=\"has-text-align-left\" data-align=\"left\">Outubro<\/td><td class=\"has-text-align-left\" data-align=\"left\">15 de julho de 2026<\/td><\/tr><tr><td class=\"has-text-align-left\" data-align=\"left\">Novembro<\/td><td class=\"has-text-align-left\" data-align=\"left\">15 de agosto de 2026<\/td><\/tr><tr><td class=\"has-text-align-left\" data-align=\"left\">Dezembro<\/td><td class=\"has-text-align-left\" data-align=\"left\">15 de agosto de 2026<\/td><\/tr><\/tbody><\/table><\/figure>\n\n\n\n<p>Os valores ficam dispon\u00edveis para saque at\u00e9 29 de dezembro de 2026.<\/p>\n\n\n\n<h2 class=\"wp-block-heading\">Quem tem direito ao PIS\/Pasep<\/h2>\n\n\n\n<p>Para receber o benef\u00edcio em 2026, o trabalhador precisa:<\/p>\n\n\n\n<ul class=\"wp-block-list\">\n<li>estar inscrito no PIS\/Pasep h\u00e1<strong>\u00a0cinco anos no m\u00ednimo;<\/strong><\/li>\n\n\n\n<li>ter trabalhado com carteira assinada por\u00a0<strong>ao menos 30 dias em 2024;<\/strong><\/li>\n\n\n\n<li>ter recebido remunera\u00e7\u00e3o m\u00e9dia de\u00a0<strong>at\u00e9 dois sal\u00e1rios m\u00ednimos por m\u00eas;\u00a0<\/strong><\/li>\n\n\n\n<li>ter os dados corretamente informados pelo empregador na\u00a0<strong>Rais ou no eSocial.<\/strong><\/li>\n<\/ul>\n\n\n\n<p>Quem atuou durante os 12 meses de 2024 recebe o valor cheio do abono. Quem trabalhou por menos tempo recebe uma fra\u00e7\u00e3o proporcional.<\/p>\n\n\n\n<h2 class=\"wp-block-heading\">Mudan\u00e7a no modelo de corre\u00e7\u00e3o do benef\u00edcio<\/h2>\n\n\n\n<p>Uma mudan\u00e7a recente envolve a forma de corre\u00e7\u00e3o do limite de renda para ter acesso ao abono salarial.<\/p>\n\n\n\n<p>Tradicionalmente, o PIS\/Pasep considera trabalhadores que recebem at\u00e9 dois sal\u00e1rios m\u00ednimos por m\u00eas. Com novas regras aprovadas recentemente, esse limite passar\u00e1 a ser atualizado pela&nbsp;<strong>infla\u00e7\u00e3o medida pelo INPC<\/strong>, e n\u00e3o mais automaticamente pelo reajuste do sal\u00e1rio m\u00ednimo.<\/p>\n\n\n\n<h2 class=\"wp-block-heading\">Como consultar o n\u00famero do PIS<\/h2>\n\n\n\n<p>O n\u00famero do PIS, que antigamente vinha numa folha grampeada na carteira de trabalho, hoje pode ser consultado em diferentes canais:<\/p>\n\n\n\n<ul class=\"wp-block-list\">\n<li>no aplicativo\u00a0<a href=\"https:\/\/www.infomoney.com.br\/tudo-sobre\/carteira-de-trabalho\/\">Carteira de Trabalho Digital<\/a>;<\/li>\n\n\n\n<li>no aplicativo\u00a0<a href=\"https:\/\/www.infomoney.com.br\/tudo-sobre\/fgts\/\">FGTS<\/a>;<\/li>\n\n\n\n<li>no aplicativo\u00a0<a href=\"https:\/\/www.infomoney.com.br\/tudo-sobre\/meu-inss\/\">Meu INSS<\/a>;<\/li>\n\n\n\n<li>no aplicativo Caixa Trabalhador<\/li>\n\n\n\n<li>no site do CNIS;<\/li>\n\n\n\n<li>pelo telefone da Caixa (0800 726 0207);<\/li>\n\n\n\n<li>pelo telefone da Previd\u00eancia Social (135)<\/li>\n<\/ul>\n","protected":false},"excerpt":{"rendered":"<p>Pr\u00f3ximos pagamentos do PIS\/Pasep 2026 acontecem em mar\u00e7o para nascidos em fevereiro O calend\u00e1rio de pagamentos do PIS 2026 segue avan\u00e7ando neste in\u00edcio de ano. Depois do primeiro lote liberado em fevereiro, trabalhadores nascidos em fevereiro ser\u00e3o os pr\u00f3ximos a receber o abono salarial, no dia 15 de mar\u00e7o. O cronograma definido pelo Conselho Deliberativo [&hellip;]<\/p>\n","protected":false},"author":5,"featured_media":169708,"comment_status":"closed","ping_status":"open","sticky":false,"template":"","format":"standard","meta":{"advgb_blocks_editor_width":"","advgb_blocks_columns_visual_guide":"","_exactmetrics_skip_tracking":false,"_exactmetrics_sitenote_active":false,"_exactmetrics_sitenote_note":"","_exactmetrics_sitenote_category":0,"footnotes":""},"categories":[7,2],"tags":[],"class_list":["post-169707","post","type-post","status-publish","format-standard","has-post-thumbnail","hentry","category-destaques","category-noticias"],"better_featured_image":{"id":169708,"alt_text":"","caption":"","description":"","media_type":"image","media_details":{"width":1200,"height":800,"file":"2026\/03\/como-consultar-o-abono-salarial-2026.webp","filesize":70090,"sizes":{"medium":{"file":"como-consultar-o-abono-salarial-2026-450x300.webp","width":450,"height":300,"mime-type":"image\/webp","filesize":18552,"source_url":"https:\/\/lavras.tv\/site\/wp-content\/uploads\/2026\/03\/como-consultar-o-abono-salarial-2026-450x300.webp"},"large":{"file":"como-consultar-o-abono-salarial-2026-970x647.webp","width":970,"height":647,"mime-type":"image\/webp","filesize":55268,"source_url":"https:\/\/lavras.tv\/site\/wp-content\/uploads\/2026\/03\/como-consultar-o-abono-salarial-2026-970x647.webp"},"thumbnail":{"file":"como-consultar-o-abono-salarial-2026-170x113.webp","width":170,"height":113,"mime-type":"image\/webp","filesize":4870,"source_url":"https:\/\/lavras.tv\/site\/wp-content\/uploads\/2026\/03\/como-consultar-o-abono-salarial-2026-170x113.webp"},"alm-thumbnail":{"file":"como-consultar-o-abono-salarial-2026-150x150.webp","width":150,"height":150,"mime-type":"image\/webp","filesize":5974,"source_url":"https:\/\/lavras.tv\/site\/wp-content\/uploads\/2026\/03\/como-consultar-o-abono-salarial-2026-150x150.webp"},"sow-carousel-default":{"file":"como-consultar-o-abono-salarial-2026-272x182.webp","width":272,"height":182,"mime-type":"image\/webp","filesize":9572,"source_url":"https:\/\/lavras.tv\/site\/wp-content\/uploads\/2026\/03\/como-consultar-o-abono-salarial-2026-272x182.webp"}},"image_meta":{"aperture":"0","credit":"","camera":"","caption":"","created_timestamp":"0","copyright":"","focal_length":"0","iso":"0","shutter_speed":"0","title":"","orientation":"0","keywords":[]}},"post":169707,"source_url":"https:\/\/lavras.tv\/site\/wp-content\/uploads\/2026\/03\/como-consultar-o-abono-salarial-2026.webp"},"author_meta":{"display_name":"Vinicius Bustamante","author_link":"https:\/\/lavras.tv\/site\/author\/vinicius-bustamante\/"},"featured_img":"https:\/\/lavras.tv\/site\/wp-content\/uploads\/2026\/03\/como-consultar-o-abono-salarial-2026-450x300.webp","coauthors":[],"tax_additional":{"categories":{"linked":["<a href=\"https:\/\/lavras.tv\/site\/category\/destaques\/\" class=\"advgb-post-tax-term\">Destaques<\/a>","<a href=\"https:\/\/lavras.tv\/site\/category\/noticias\/\" class=\"advgb-post-tax-term\">Not\u00edcias<\/a>"],"unlinked":["<span class=\"advgb-post-tax-term\">Destaques<\/span>","<span class=\"advgb-post-tax-term\">Not\u00edcias<\/span>"]}},"comment_count":"0","relative_dates":{"created":"Publicado 2 meses atr\u00e1s","modified":"Atualizado 2 meses atr\u00e1s"},"absolute_dates":{"created":"Publicado em 11 de mar\u00e7o de 2026","modified":"Atualizado em 11 de mar\u00e7o de 2026"},"absolute_dates_time":{"created":"Publicado em 11 de mar\u00e7o de 2026 16:02","modified":"Atualizado em 11 de mar\u00e7o de 2026 16:02"},"featured_img_caption":"","series_order":"","_links":{"self":[{"href":"https:\/\/lavras.tv\/site\/wp-json\/wp\/v2\/posts\/169707","targetHints":{"allow":["GET"]}}],"collection":[{"href":"https:\/\/lavras.tv\/site\/wp-json\/wp\/v2\/posts"}],"about":[{"href":"https:\/\/lavras.tv\/site\/wp-json\/wp\/v2\/types\/post"}],"author":[{"embeddable":true,"href":"https:\/\/lavras.tv\/site\/wp-json\/wp\/v2\/users\/5"}],"replies":[{"embeddable":true,"href":"https:\/\/lavras.tv\/site\/wp-json\/wp\/v2\/comments?post=169707"}],"version-history":[{"count":1,"href":"https:\/\/lavras.tv\/site\/wp-json\/wp\/v2\/posts\/169707\/revisions"}],"predecessor-version":[{"id":169709,"href":"https:\/\/lavras.tv\/site\/wp-json\/wp\/v2\/posts\/169707\/revisions\/169709"}],"wp:featuredmedia":[{"embeddable":true,"href":"https:\/\/lavras.tv\/site\/wp-json\/wp\/v2\/media\/169708"}],"wp:attachment":[{"href":"https:\/\/lavras.tv\/site\/wp-json\/wp\/v2\/media?parent=169707"}],"wp:term":[{"taxonomy":"category","embeddable":true,"href":"https:\/\/lavras.tv\/site\/wp-json\/wp\/v2\/categories?post=169707"},{"taxonomy":"post_tag","embeddable":true,"href":"https:\/\/lavras.tv\/site\/wp-json\/wp\/v2\/tags?post=169707"}],"curies":[{"name":"wp","href":"https:\/\/api.w.org\/{rel}","templated":true}]}}