{"id":169710,"date":"2026-03-11T16:08:19","date_gmt":"2026-03-11T19:08:19","guid":{"rendered":"https:\/\/lavras.tv\/site\/?p=169710"},"modified":"2026-03-11T16:08:21","modified_gmt":"2026-03-11T19:08:21","slug":"concurso-ibge-editais-devem-sair-em-abril-com-expectativa-de-39-mil-vagas","status":"publish","type":"post","link":"https:\/\/lavras.tv\/site\/2026\/03\/11\/concurso-ibge-editais-devem-sair-em-abril-com-expectativa-de-39-mil-vagas\/","title":{"rendered":"Concurso IBGE: editais devem sair em abril com expectativa de 39 mil vagas"},"content":{"rendered":"<div class=\"lavra-antes-do-conteudo_2\" id=\"lavra-2700112818\"><div id=\"lavra-slider-27\" class=\"custom-slider lavra-slider-153116611 lavra-slider\"><ul><li><div style=\"margin-left: auto;margin-right: auto;text-align: center;\" id=\"lavra-3535189454\"><a href=\"https:\/\/sistemas.lavras.mg.gov.br\/portalcidadao\/#df1b1a7c7b2a290bcb31e32771e610784662739a88807c0dacac58ede5f391a7530e299dc302d611ee73cb143fc22eaf93592e53e7b5bdb01b00a0b8d28dae460c141dd2ff83412e4dc1c31b16b25f33144a9e5620ea73b13f5bc1c59411d98439ad226e8af03840603796067d87afe130812cf3de24982d0e306f9e61e764e5\" aria-label=\"Lavras-TV&#8211;720x104px (1) (1)\"><img src=\"https:\/\/lavras.tv\/site\/wp-content\/uploads\/2025\/01\/Lavras-TV-720x104px-1-1.png\" alt=\"\"  srcset=\"https:\/\/lavras.tv\/site\/wp-content\/uploads\/2025\/01\/Lavras-TV-720x104px-1-1.png 720w, https:\/\/lavras.tv\/site\/wp-content\/uploads\/2025\/01\/Lavras-TV-720x104px-1-1-470x68.png 470w, https:\/\/lavras.tv\/site\/wp-content\/uploads\/2025\/01\/Lavras-TV-720x104px-1-1-170x25.png 170w, https:\/\/lavras.tv\/site\/wp-content\/uploads\/2025\/01\/Lavras-TV-720x104px-1-1-200x29.png 200w\" sizes=\"(max-width: 720px) 100vw, 720px\" width=\"720\" height=\"104\"  style=\"display: inline-block;\" \/><\/a><\/div><\/li><li><a href=\"https:\/\/sistemas.lavras.mg.gov.br\/portalcidadao\/#df1b1a7c7b2a290bcb31e32771e610784662739a88807c0dacac58ede5f391a7530e299dc302d611ee73cb143fc22eaf93592e53e7b5bdb01b00a0b8d28dae460c141dd2ff83412e4dc1c31b16b25f33144a9e5620ea73b13f5bc1c59411d98439ad226e8af03840603796067d87afe130812cf3de24982d0e306f9e61e764e5\" aria-label=\"Banner_Emprego_PortallavrasTV\"><img src=\"https:\/\/lavras.tv\/site\/wp-content\/uploads\/2025\/03\/Banner_Emprego_PortallavrasTV.png\" alt=\"\"  srcset=\"https:\/\/lavras.tv\/site\/wp-content\/uploads\/2025\/03\/Banner_Emprego_PortallavrasTV.png 720w, https:\/\/lavras.tv\/site\/wp-content\/uploads\/2025\/03\/Banner_Emprego_PortallavrasTV-470x68.png 470w, https:\/\/lavras.tv\/site\/wp-content\/uploads\/2025\/03\/Banner_Emprego_PortallavrasTV-170x25.png 170w, https:\/\/lavras.tv\/site\/wp-content\/uploads\/2025\/03\/Banner_Emprego_PortallavrasTV-200x29.png 200w\" sizes=\"(max-width: 720px) 100vw, 720px\" width=\"720\" height=\"104\"   \/><\/a><\/li><li><a href=\"https:\/\/sistemas.lavras.mg.gov.br\/portalcidadao\/#df1b1a7c7b2a290bcb31e32771e610784662739a88807c0dacac58ede5f391a7530e299dc302d611ee73cb143fc22eaf93592e53e7b5bdb01b00a0b8d28dae460c141dd2ff83412e4dc1c31b16b25f33144a9e5620ea73b13f5bc1c59411d98439ad226e8af03840603796067d87afe130812cf3de24982d0e306f9e61e764e5\" aria-label=\"Banner_Obras_PortallavrasTV\"><img src=\"https:\/\/lavras.tv\/site\/wp-content\/uploads\/2025\/03\/Banner_Obras_PortallavrasTV.png\" alt=\"\"  srcset=\"https:\/\/lavras.tv\/site\/wp-content\/uploads\/2025\/03\/Banner_Obras_PortallavrasTV.png 720w, https:\/\/lavras.tv\/site\/wp-content\/uploads\/2025\/03\/Banner_Obras_PortallavrasTV-470x68.png 470w, https:\/\/lavras.tv\/site\/wp-content\/uploads\/2025\/03\/Banner_Obras_PortallavrasTV-170x25.png 170w, https:\/\/lavras.tv\/site\/wp-content\/uploads\/2025\/03\/Banner_Obras_PortallavrasTV-200x29.png 200w\" sizes=\"(max-width: 720px) 100vw, 720px\" width=\"720\" height=\"104\"   \/><\/a><\/li><li><div style=\"margin-left: auto;margin-right: auto;text-align: center;\" id=\"lavra-1746835426\"><a href=\"https:\/\/sistemas.lavras.mg.gov.br\/portalcidadao\/#df1b1a7c7b2a290bcb31e32771e610784662739a88807c0dacac58ede5f391a7530e299dc302d611ee73cb143fc22eaf93592e53e7b5bdb01b00a0b8d28dae460c141dd2ff83412e4dc1c31b16b25f33144a9e5620ea73b13f5bc1c59411d98439ad226e8af03840603796067d87afe130812cf3de24982d0e306f9e61e764e5\" aria-label=\"Banner_Educa\u00e7\u00e3o_PortallavrasTV\"><img src=\"https:\/\/lavras.tv\/site\/wp-content\/uploads\/2025\/01\/Banner_Educacao_PortallavrasTV.png\" alt=\"\"  srcset=\"https:\/\/lavras.tv\/site\/wp-content\/uploads\/2025\/01\/Banner_Educacao_PortallavrasTV.png 720w, https:\/\/lavras.tv\/site\/wp-content\/uploads\/2025\/01\/Banner_Educacao_PortallavrasTV-470x68.png 470w, https:\/\/lavras.tv\/site\/wp-content\/uploads\/2025\/01\/Banner_Educacao_PortallavrasTV-170x25.png 170w, https:\/\/lavras.tv\/site\/wp-content\/uploads\/2025\/01\/Banner_Educacao_PortallavrasTV-200x29.png 200w\" sizes=\"(max-width: 720px) 100vw, 720px\" width=\"720\" height=\"104\"  style=\"display: inline-block;\" \/><\/a><\/div><\/li><li><a href=\"https:\/\/sistemas.lavras.mg.gov.br\/portalcidadao\/#df1b1a7c7b2a290bcb31e32771e610784662739a88807c0dacac58ede5f391a7530e299dc302d611ee73cb143fc22eaf93592e53e7b5bdb01b00a0b8d28dae460c141dd2ff83412e4dc1c31b16b25f33144a9e5620ea73b13f5bc1c59411d98439ad226e8af03840603796067d87afe130812cf3de24982d0e306f9e61e764e5\" aria-label=\"Banner_Sa\u00fade_PortallavrasTV\"><img src=\"https:\/\/lavras.tv\/site\/wp-content\/uploads\/2025\/03\/Banner_Saude_PortallavrasTV.png\" alt=\"\"  srcset=\"https:\/\/lavras.tv\/site\/wp-content\/uploads\/2025\/03\/Banner_Saude_PortallavrasTV.png 720w, https:\/\/lavras.tv\/site\/wp-content\/uploads\/2025\/03\/Banner_Saude_PortallavrasTV-470x68.png 470w, https:\/\/lavras.tv\/site\/wp-content\/uploads\/2025\/03\/Banner_Saude_PortallavrasTV-170x25.png 170w, https:\/\/lavras.tv\/site\/wp-content\/uploads\/2025\/03\/Banner_Saude_PortallavrasTV-200x29.png 200w\" sizes=\"(max-width: 720px) 100vw, 720px\" width=\"720\" height=\"104\"   \/><\/a><\/li><li><div id=\"lavra-2789033099\" style=\"width:720px;height:104px;background-color:#ddd;overflow:scroll;\">\n\t<strong>Sa\u00edda da depura\u00e7\u00e3o de an\u00fancios<\/strong>\n\t<br><br>\n\tO an\u00fancio n\u00e3o \u00e9 exibido na p\u00e1gina<br><br>post atual: Concurso IBGE: editais devem sair em abril com expectativa de 39 mil vagas, ID: 169710<br><br><span style=\"color: red;\">O post atual n\u00e3o \u00e9 id\u00eantico ao post principal.<\/span><br><br>An\u00fancios: ROXO - TOPO INTERNA - ROTATIVO 2 (197)<br \/>Grupo de an\u00fancios: Princ_Meio01_720x104 (27)<br><br>Condi\u00e7\u00f5es de exibi\u00e7\u00e3o<div style=\"margin-bottom: 20px; white-space: pre-wrap; font-family: monospace; width: 100%; background: #ffe9e9;\"><strong>condi\u00e7\u00f5es gerais<\/strong><table border=\"1\"><thead><tr><th><\/th><th>An\u00fancios<\/th><th>wp_the_query<\/th><\/tr><\/thead><tr><td>is_main_query<\/td><td>1<\/td><td>1<\/td><\/tr><tr><td>is_rest_api<\/td><td>0<\/td><td>1<\/td><\/tr><tr><td>page<\/td><td>0<\/td><td>1<\/td><\/tr><tr><td>numpages<\/td><td>0<\/td><td>1<\/td><\/tr><tr><td>is_archive<\/td><td>1<\/td><td><\/td><\/tr><tr><td>is_search<\/td><td>1<\/td><td><\/td><\/tr><tr><td>is_home<\/td><td>1<\/td><td><\/td><\/tr><tr><td>is_404<\/td><td>1<\/td><td><\/td><\/tr><tr><td>is_attachment<\/td><td>1<\/td><td><\/td><\/tr><tr><td>is_singular<\/td><td>1<\/td><td><\/td><\/tr><tr><td>is_front_page<\/td><td>1<\/td><td><\/td><\/tr><tr><td>is_feed<\/td><td>1<\/td><td><\/td><\/tr><\/table><\/div><br><br><span style=\"color: red;\">Seu site usa HTTPS, mas o c\u00f3digo do an\u00fancio cont\u00e9m HTTP e pode n\u00e3o funcionar.<\/span>\t<br><br>\n\t<a style=\"color: green;\" href=\"https:\/\/wpadvancedads.com\/manual\/ad-debug-mode\/?utm_source=advanced-ads&utm_medium=link&utm_campaign=ad-debug-mode\" target=\"_blank\" rel=\"nofollow\">Encontre solu\u00e7\u00f5es no manual<\/a>\n<\/div>\n<\/li><\/ul><\/div><script>( window.advanced_ads_ready || jQuery( document ).ready ).call( null, function() {var $lavraslider153116611 = jQuery( \".lavra-slider-153116611\" );$lavraslider153116611.on( \"unslider.ready\", function() { jQuery( \"div.custom-slider ul li\" ).css( \"display\", \"block\" ); });$lavraslider153116611.unslider({ delay:4000, autoplay:true, nav:false, arrows:false, infinite:true });$lavraslider153116611.on(\"mouseover\", function() {$lavraslider153116611.unslider(\"stop\");}).on(\"mouseout\", function() {$lavraslider153116611.unslider(\"start\");});});<\/script><\/div>\n<h2 class=\"wp-block-heading\">Ao todo, est\u00e3o previstas 39.109 vagas tempor\u00e1rias<\/h2>\n\n\n\n<figure class=\"wp-block-image\"><img decoding=\"async\" src=\"https:\/\/cdn.dol.com.br\/img\/Artigo-Destaque\/930000\/760x398\/whatsapp-image-2026-03-10-at-082313009364320-3.webp?fallback=https%3A%2F%2Fcdn.dol.com.br%2Fimg%2FArtigo-Destaque%2F930000%2Fwhatsapp-image-2026-03-10-at-082313009364320.jpg%3Fxid%3D3210493&amp;xid=3210493\" alt=\"Imagem ilustrativa da not\u00edcia Concurso IBGE: editais devem sair em abril com expectativa de 39 mil vagas\" title=\"Novos concursos do IBGE com vagas e editais em 2026.\"\/><\/figure>\n\n\n\n<p>Conquistar a t\u00e3o desejada estabilidade financeira por meio de um concurso p\u00fablico ainda \u00e9 uma das melhores op\u00e7\u00f5es para muitos brasileiros. Os certames, em sua maioria, oferecem sal\u00e1rios atrativos, benef\u00edcios e seguran\u00e7a profissional. No entanto, para alcan\u00e7ar a t\u00e3o sonhada vaga, \u00e9 fundamental acompanhar as oportunidades e se preparar adequadamente.<\/p>\n\n\n\n<p>Os editais de processos seletivos do Instituto Brasileiro de Geografia e Estat\u00edstica (IBGE) devem ser publicados no primeiro semestre de 2026, conforme cronograma previsto.<\/p>\n\n\n\n<p>Segundo informa\u00e7\u00f5es preliminares, o \u00f3rg\u00e3o est\u00e1 em fase de escolha da banca organizadora, e h\u00e1 possibilidade de que a mesma institui\u00e7\u00e3o seja respons\u00e1vel pelos dois processos seletivos simplificados (PSS). A expectativa \u00e9 que um dos editais seja publicado j\u00e1 em abril.<\/p>\n\n\n\n<h3 class=\"wp-block-heading\"><strong>Cronograma previsto<\/strong><\/h3>\n\n\n\n<p>Cargos: Analista Censit\u00e1rio (AC), Agente Censit\u00e1rio Administrativo (ACA), Agente Censit\u00e1rio de Inform\u00e1tica (ACI), Agente Operacional Regional (AOR), Agente Censit\u00e1rio Regional (ACR) e Agente Censit\u00e1rio de Qualidade (ACQ)<\/p>\n\n\n\n<p><strong>A expectativa \u00e9 que:<\/strong><\/p>\n\n\n\n<ul class=\"wp-block-list\">\n<li>A assinatura do contrato com a banca organizadora deva acontecer at\u00e9 30 de mar\u00e7o de 2026<\/li>\n\n\n\n<li>Publica\u00e7\u00e3o do edital: at\u00e9 15 de abril de 2026<\/li>\n\n\n\n<li>Aplica\u00e7\u00e3o da prova: at\u00e9 31 de agosto de 2026<\/li>\n\n\n\n<li>Resultado final: 31 de outubro de 2026<\/li>\n<\/ul>\n\n\n\n<p><strong>J\u00e1 para os cargos de Agente Censit\u00e1rio Supervisor (ACS) e Recenseador<\/strong><\/p>\n\n\n\n<ul class=\"wp-block-list\">\n<li>Assinatura do contrato com a banca organizadora deve acontecer at\u00e9 15 de maio de 2026<\/li>\n\n\n\n<li>Publica\u00e7\u00e3o do edital: at\u00e9 30 de junho de 2026<\/li>\n\n\n\n<li>Aplica\u00e7\u00e3o da prova: at\u00e9 31 de outubro de 2026<\/li>\n\n\n\n<li>Resultado final: 31 de dezembro de 2026<\/li>\n<\/ul>\n\n\n\n<p>Ao todo, est\u00e3o previstas 39.109 vagas tempor\u00e1rias, destinadas a atividades relacionadas ao Censo Agropecu\u00e1rio, Florestal e Aqu\u00edcola 2025 e ao Censo da Popula\u00e7\u00e3o em Situa\u00e7\u00e3o de Rua.<\/p>\n\n\n\n<p>Vale destacar que, at\u00e9 o momento, n\u00e3o houve confirma\u00e7\u00e3o oficial do IBGE sobre essas datas.<\/p>\n","protected":false},"excerpt":{"rendered":"<p>Ao todo, est\u00e3o previstas 39.109 vagas tempor\u00e1rias Conquistar a t\u00e3o desejada estabilidade financeira por meio de um concurso p\u00fablico ainda \u00e9 uma das melhores op\u00e7\u00f5es para muitos brasileiros. Os certames, em sua maioria, oferecem sal\u00e1rios atrativos, benef\u00edcios e seguran\u00e7a profissional. No entanto, para alcan\u00e7ar a t\u00e3o sonhada vaga, \u00e9 fundamental acompanhar as oportunidades e se [&hellip;]<\/p>\n","protected":false},"author":5,"featured_media":169711,"comment_status":"closed","ping_status":"open","sticky":false,"template":"","format":"standard","meta":{"advgb_blocks_editor_width":"","advgb_blocks_columns_visual_guide":"","_exactmetrics_skip_tracking":false,"_exactmetrics_sitenote_active":false,"_exactmetrics_sitenote_note":"","_exactmetrics_sitenote_category":0,"footnotes":""},"categories":[7,2],"tags":[],"class_list":["post-169710","post","type-post","status-publish","format-standard","has-post-thumbnail","hentry","category-destaques","category-noticias"],"better_featured_image":{"id":169711,"alt_text":"","caption":"","description":"","media_type":"image","media_details":{"width":760,"height":398,"file":"2026\/03\/whatsapp-image-2026-03-10-at-082313009364320-3.webp","filesize":12684,"sizes":{"medium":{"file":"whatsapp-image-2026-03-10-at-082313009364320-3-470x246.webp","width":470,"height":246,"mime-type":"image\/webp","filesize":8200,"source_url":"https:\/\/lavras.tv\/site\/wp-content\/uploads\/2026\/03\/whatsapp-image-2026-03-10-at-082313009364320-3-470x246.webp"},"thumbnail":{"file":"whatsapp-image-2026-03-10-at-082313009364320-3-170x89.webp","width":170,"height":89,"mime-type":"image\/webp","filesize":2566,"source_url":"https:\/\/lavras.tv\/site\/wp-content\/uploads\/2026\/03\/whatsapp-image-2026-03-10-at-082313009364320-3-170x89.webp"},"alm-thumbnail":{"file":"whatsapp-image-2026-03-10-at-082313009364320-3-150x150.webp","width":150,"height":150,"mime-type":"image\/webp","filesize":2478,"source_url":"https:\/\/lavras.tv\/site\/wp-content\/uploads\/2026\/03\/whatsapp-image-2026-03-10-at-082313009364320-3-150x150.webp"},"sow-carousel-default":{"file":"whatsapp-image-2026-03-10-at-082313009364320-3-272x182.webp","width":272,"height":182,"mime-type":"image\/webp","filesize":4396,"source_url":"https:\/\/lavras.tv\/site\/wp-content\/uploads\/2026\/03\/whatsapp-image-2026-03-10-at-082313009364320-3-272x182.webp"}},"image_meta":{"aperture":"0","credit":"","camera":"","caption":"","created_timestamp":"0","copyright":"","focal_length":"0","iso":"0","shutter_speed":"0","title":"","orientation":"0","keywords":[]}},"post":169710,"source_url":"https:\/\/lavras.tv\/site\/wp-content\/uploads\/2026\/03\/whatsapp-image-2026-03-10-at-082313009364320-3.webp"},"author_meta":{"display_name":"Vinicius Bustamante","author_link":"https:\/\/lavras.tv\/site\/author\/vinicius-bustamante\/"},"featured_img":"https:\/\/lavras.tv\/site\/wp-content\/uploads\/2026\/03\/whatsapp-image-2026-03-10-at-082313009364320-3-470x246.webp","coauthors":[],"tax_additional":{"categories":{"linked":["<a href=\"https:\/\/lavras.tv\/site\/category\/destaques\/\" class=\"advgb-post-tax-term\">Destaques<\/a>","<a href=\"https:\/\/lavras.tv\/site\/category\/noticias\/\" class=\"advgb-post-tax-term\">Not\u00edcias<\/a>"],"unlinked":["<span class=\"advgb-post-tax-term\">Destaques<\/span>","<span class=\"advgb-post-tax-term\">Not\u00edcias<\/span>"]}},"comment_count":"0","relative_dates":{"created":"Publicado 2 meses atr\u00e1s","modified":"Atualizado 2 meses atr\u00e1s"},"absolute_dates":{"created":"Publicado em 11 de mar\u00e7o de 2026","modified":"Atualizado em 11 de mar\u00e7o de 2026"},"absolute_dates_time":{"created":"Publicado em 11 de mar\u00e7o de 2026 16:08","modified":"Atualizado em 11 de mar\u00e7o de 2026 16:08"},"featured_img_caption":"","series_order":"","_links":{"self":[{"href":"https:\/\/lavras.tv\/site\/wp-json\/wp\/v2\/posts\/169710","targetHints":{"allow":["GET"]}}],"collection":[{"href":"https:\/\/lavras.tv\/site\/wp-json\/wp\/v2\/posts"}],"about":[{"href":"https:\/\/lavras.tv\/site\/wp-json\/wp\/v2\/types\/post"}],"author":[{"embeddable":true,"href":"https:\/\/lavras.tv\/site\/wp-json\/wp\/v2\/users\/5"}],"replies":[{"embeddable":true,"href":"https:\/\/lavras.tv\/site\/wp-json\/wp\/v2\/comments?post=169710"}],"version-history":[{"count":1,"href":"https:\/\/lavras.tv\/site\/wp-json\/wp\/v2\/posts\/169710\/revisions"}],"predecessor-version":[{"id":169712,"href":"https:\/\/lavras.tv\/site\/wp-json\/wp\/v2\/posts\/169710\/revisions\/169712"}],"wp:featuredmedia":[{"embeddable":true,"href":"https:\/\/lavras.tv\/site\/wp-json\/wp\/v2\/media\/169711"}],"wp:attachment":[{"href":"https:\/\/lavras.tv\/site\/wp-json\/wp\/v2\/media?parent=169710"}],"wp:term":[{"taxonomy":"category","embeddable":true,"href":"https:\/\/lavras.tv\/site\/wp-json\/wp\/v2\/categories?post=169710"},{"taxonomy":"post_tag","embeddable":true,"href":"https:\/\/lavras.tv\/site\/wp-json\/wp\/v2\/tags?post=169710"}],"curies":[{"name":"wp","href":"https:\/\/api.w.org\/{rel}","templated":true}]}}