{"id":169713,"date":"2026-03-12T11:56:07","date_gmt":"2026-03-12T14:56:07","guid":{"rendered":"https:\/\/lavras.tv\/site\/?p=169713"},"modified":"2026-03-12T11:56:08","modified_gmt":"2026-03-12T14:56:08","slug":"operacao-sargento-rodrigo-policia-militar-prende-homem-de-30-anos-com-drogas-em-sao-tome-das-letras-mais-drogas-e-arma-de-fogo-sao-apreendidas-em-campo-belo","status":"publish","type":"post","link":"https:\/\/lavras.tv\/site\/2026\/03\/12\/operacao-sargento-rodrigo-policia-militar-prende-homem-de-30-anos-com-drogas-em-sao-tome-das-letras-mais-drogas-e-arma-de-fogo-sao-apreendidas-em-campo-belo\/","title":{"rendered":"OPERA\u00c7\u00c3O SARGENTO RODRIGO: POLICIA MILITAR PRENDE HOMEM DE 30 ANOS COM DROGAS EM S\u00c3O TOM\u00c9 DAS LETRAS. MAIS DROGAS E ARMA DE FOGO S\u00c3O APREENDIDAS EM CAMPO BELO"},"content":{"rendered":"<div class=\"lavra-antes-do-conteudo_2\" id=\"lavra-1814004640\"><div id=\"lavra-slider-27\" class=\"custom-slider lavra-slider-2711034918 lavra-slider\"><ul><li><div style=\"margin-left: auto;margin-right: auto;text-align: center;\" id=\"lavra-3185599173\"><a href=\"https:\/\/sistemas.lavras.mg.gov.br\/portalcidadao\/#df1b1a7c7b2a290bcb31e32771e610784662739a88807c0dacac58ede5f391a7530e299dc302d611ee73cb143fc22eaf93592e53e7b5bdb01b00a0b8d28dae460c141dd2ff83412e4dc1c31b16b25f33144a9e5620ea73b13f5bc1c59411d98439ad226e8af03840603796067d87afe130812cf3de24982d0e306f9e61e764e5\" aria-label=\"Lavras-TV&#8211;720x104px (1) (1)\"><img src=\"https:\/\/lavras.tv\/site\/wp-content\/uploads\/2025\/01\/Lavras-TV-720x104px-1-1.png\" alt=\"\"  srcset=\"https:\/\/lavras.tv\/site\/wp-content\/uploads\/2025\/01\/Lavras-TV-720x104px-1-1.png 720w, https:\/\/lavras.tv\/site\/wp-content\/uploads\/2025\/01\/Lavras-TV-720x104px-1-1-470x68.png 470w, https:\/\/lavras.tv\/site\/wp-content\/uploads\/2025\/01\/Lavras-TV-720x104px-1-1-170x25.png 170w, https:\/\/lavras.tv\/site\/wp-content\/uploads\/2025\/01\/Lavras-TV-720x104px-1-1-200x29.png 200w\" sizes=\"(max-width: 720px) 100vw, 720px\" width=\"720\" height=\"104\"  style=\"display: inline-block;\" \/><\/a><\/div><\/li><li><a href=\"https:\/\/sistemas.lavras.mg.gov.br\/portalcidadao\/#df1b1a7c7b2a290bcb31e32771e610784662739a88807c0dacac58ede5f391a7530e299dc302d611ee73cb143fc22eaf93592e53e7b5bdb01b00a0b8d28dae460c141dd2ff83412e4dc1c31b16b25f33144a9e5620ea73b13f5bc1c59411d98439ad226e8af03840603796067d87afe130812cf3de24982d0e306f9e61e764e5\" aria-label=\"Banner_Emprego_PortallavrasTV\"><img src=\"https:\/\/lavras.tv\/site\/wp-content\/uploads\/2025\/03\/Banner_Emprego_PortallavrasTV.png\" alt=\"\"  srcset=\"https:\/\/lavras.tv\/site\/wp-content\/uploads\/2025\/03\/Banner_Emprego_PortallavrasTV.png 720w, https:\/\/lavras.tv\/site\/wp-content\/uploads\/2025\/03\/Banner_Emprego_PortallavrasTV-470x68.png 470w, https:\/\/lavras.tv\/site\/wp-content\/uploads\/2025\/03\/Banner_Emprego_PortallavrasTV-170x25.png 170w, https:\/\/lavras.tv\/site\/wp-content\/uploads\/2025\/03\/Banner_Emprego_PortallavrasTV-200x29.png 200w\" sizes=\"(max-width: 720px) 100vw, 720px\" width=\"720\" height=\"104\"   \/><\/a><\/li><li><a href=\"https:\/\/sistemas.lavras.mg.gov.br\/portalcidadao\/#df1b1a7c7b2a290bcb31e32771e610784662739a88807c0dacac58ede5f391a7530e299dc302d611ee73cb143fc22eaf93592e53e7b5bdb01b00a0b8d28dae460c141dd2ff83412e4dc1c31b16b25f33144a9e5620ea73b13f5bc1c59411d98439ad226e8af03840603796067d87afe130812cf3de24982d0e306f9e61e764e5\" aria-label=\"Banner_Obras_PortallavrasTV\"><img src=\"https:\/\/lavras.tv\/site\/wp-content\/uploads\/2025\/03\/Banner_Obras_PortallavrasTV.png\" alt=\"\"  srcset=\"https:\/\/lavras.tv\/site\/wp-content\/uploads\/2025\/03\/Banner_Obras_PortallavrasTV.png 720w, https:\/\/lavras.tv\/site\/wp-content\/uploads\/2025\/03\/Banner_Obras_PortallavrasTV-470x68.png 470w, https:\/\/lavras.tv\/site\/wp-content\/uploads\/2025\/03\/Banner_Obras_PortallavrasTV-170x25.png 170w, https:\/\/lavras.tv\/site\/wp-content\/uploads\/2025\/03\/Banner_Obras_PortallavrasTV-200x29.png 200w\" sizes=\"(max-width: 720px) 100vw, 720px\" width=\"720\" height=\"104\"   \/><\/a><\/li><li><div style=\"margin-left: auto;margin-right: auto;text-align: center;\" id=\"lavra-1353746727\"><a href=\"https:\/\/sistemas.lavras.mg.gov.br\/portalcidadao\/#df1b1a7c7b2a290bcb31e32771e610784662739a88807c0dacac58ede5f391a7530e299dc302d611ee73cb143fc22eaf93592e53e7b5bdb01b00a0b8d28dae460c141dd2ff83412e4dc1c31b16b25f33144a9e5620ea73b13f5bc1c59411d98439ad226e8af03840603796067d87afe130812cf3de24982d0e306f9e61e764e5\" aria-label=\"Banner_Educa\u00e7\u00e3o_PortallavrasTV\"><img src=\"https:\/\/lavras.tv\/site\/wp-content\/uploads\/2025\/01\/Banner_Educacao_PortallavrasTV.png\" alt=\"\"  srcset=\"https:\/\/lavras.tv\/site\/wp-content\/uploads\/2025\/01\/Banner_Educacao_PortallavrasTV.png 720w, https:\/\/lavras.tv\/site\/wp-content\/uploads\/2025\/01\/Banner_Educacao_PortallavrasTV-470x68.png 470w, https:\/\/lavras.tv\/site\/wp-content\/uploads\/2025\/01\/Banner_Educacao_PortallavrasTV-170x25.png 170w, https:\/\/lavras.tv\/site\/wp-content\/uploads\/2025\/01\/Banner_Educacao_PortallavrasTV-200x29.png 200w\" sizes=\"(max-width: 720px) 100vw, 720px\" width=\"720\" height=\"104\"  style=\"display: inline-block;\" \/><\/a><\/div><\/li><li><a href=\"https:\/\/sistemas.lavras.mg.gov.br\/portalcidadao\/#df1b1a7c7b2a290bcb31e32771e610784662739a88807c0dacac58ede5f391a7530e299dc302d611ee73cb143fc22eaf93592e53e7b5bdb01b00a0b8d28dae460c141dd2ff83412e4dc1c31b16b25f33144a9e5620ea73b13f5bc1c59411d98439ad226e8af03840603796067d87afe130812cf3de24982d0e306f9e61e764e5\" aria-label=\"Banner_Sa\u00fade_PortallavrasTV\"><img src=\"https:\/\/lavras.tv\/site\/wp-content\/uploads\/2025\/03\/Banner_Saude_PortallavrasTV.png\" alt=\"\"  srcset=\"https:\/\/lavras.tv\/site\/wp-content\/uploads\/2025\/03\/Banner_Saude_PortallavrasTV.png 720w, https:\/\/lavras.tv\/site\/wp-content\/uploads\/2025\/03\/Banner_Saude_PortallavrasTV-470x68.png 470w, https:\/\/lavras.tv\/site\/wp-content\/uploads\/2025\/03\/Banner_Saude_PortallavrasTV-170x25.png 170w, https:\/\/lavras.tv\/site\/wp-content\/uploads\/2025\/03\/Banner_Saude_PortallavrasTV-200x29.png 200w\" sizes=\"(max-width: 720px) 100vw, 720px\" width=\"720\" height=\"104\"   \/><\/a><\/li><li><div id=\"lavra-1010260836\" style=\"width:720px;height:104px;background-color:#ddd;overflow:scroll;\">\n\t<strong>Sa\u00edda da depura\u00e7\u00e3o de an\u00fancios<\/strong>\n\t<br><br>\n\tO an\u00fancio n\u00e3o \u00e9 exibido na p\u00e1gina<br><br>post atual: OPERA\u00c7\u00c3O SARGENTO RODRIGO: POLICIA MILITAR PRENDE HOMEM DE 30 ANOS COM DROGAS EM S\u00c3O TOM\u00c9 DAS LETRAS. MAIS DROGAS E ARMA DE FOGO S\u00c3O APREENDIDAS EM CAMPO BELO, ID: 169713<br><br><span style=\"color: red;\">O post atual n\u00e3o \u00e9 id\u00eantico ao post principal.<\/span><br><br>An\u00fancios: ROXO - TOPO INTERNA - ROTATIVO 2 (197)<br \/>Grupo de an\u00fancios: Princ_Meio01_720x104 (27)<br><br>Condi\u00e7\u00f5es de exibi\u00e7\u00e3o<div style=\"margin-bottom: 20px; white-space: pre-wrap; font-family: monospace; width: 100%; background: #ffe9e9;\"><strong>condi\u00e7\u00f5es gerais<\/strong><table border=\"1\"><thead><tr><th><\/th><th>An\u00fancios<\/th><th>wp_the_query<\/th><\/tr><\/thead><tr><td>is_main_query<\/td><td>1<\/td><td>1<\/td><\/tr><tr><td>is_rest_api<\/td><td>0<\/td><td>1<\/td><\/tr><tr><td>page<\/td><td>0<\/td><td>1<\/td><\/tr><tr><td>numpages<\/td><td>0<\/td><td>1<\/td><\/tr><tr><td>is_archive<\/td><td>1<\/td><td><\/td><\/tr><tr><td>is_search<\/td><td>1<\/td><td><\/td><\/tr><tr><td>is_home<\/td><td>1<\/td><td><\/td><\/tr><tr><td>is_404<\/td><td>1<\/td><td><\/td><\/tr><tr><td>is_attachment<\/td><td>1<\/td><td><\/td><\/tr><tr><td>is_singular<\/td><td>1<\/td><td><\/td><\/tr><tr><td>is_front_page<\/td><td>1<\/td><td><\/td><\/tr><tr><td>is_feed<\/td><td>1<\/td><td><\/td><\/tr><\/table><\/div><br><br><span style=\"color: red;\">Seu site usa HTTPS, mas o c\u00f3digo do an\u00fancio cont\u00e9m HTTP e pode n\u00e3o funcionar.<\/span>\t<br><br>\n\t<a style=\"color: green;\" href=\"https:\/\/wpadvancedads.com\/manual\/ad-debug-mode\/?utm_source=advanced-ads&utm_medium=link&utm_campaign=ad-debug-mode\" target=\"_blank\" rel=\"nofollow\">Encontre solu\u00e7\u00f5es no manual<\/a>\n<\/div>\n<\/li><\/ul><\/div><script>( window.advanced_ads_ready || jQuery( document ).ready ).call( null, function() {var $lavraslider2711034918 = jQuery( \".lavra-slider-2711034918\" );$lavraslider2711034918.on( \"unslider.ready\", function() { jQuery( \"div.custom-slider ul li\" ).css( \"display\", \"block\" ); });$lavraslider2711034918.unslider({ delay:4000, autoplay:true, nav:false, arrows:false, infinite:true });$lavraslider2711034918.on(\"mouseover\", function() {$lavraslider2711034918.unslider(\"stop\");}).on(\"mouseout\", function() {$lavraslider2711034918.unslider(\"start\");});});<\/script><\/div>\n<figure class=\"wp-block-image size-full\"><img fetchpriority=\"high\" decoding=\"async\" width=\"488\" height=\"595\" src=\"https:\/\/lavras.tv\/site\/wp-content\/uploads\/2026\/03\/WhatsApp-Image-2026-03-12-at-09.37.39.jpeg\" alt=\"\" class=\"wp-image-169714\" srcset=\"https:\/\/lavras.tv\/site\/wp-content\/uploads\/2026\/03\/WhatsApp-Image-2026-03-12-at-09.37.39.jpeg 488w, https:\/\/lavras.tv\/site\/wp-content\/uploads\/2026\/03\/WhatsApp-Image-2026-03-12-at-09.37.39-246x300.jpeg 246w, https:\/\/lavras.tv\/site\/wp-content\/uploads\/2026\/03\/WhatsApp-Image-2026-03-12-at-09.37.39-123x150.jpeg 123w\" sizes=\"(max-width: 488px) 100vw, 488px\" \/><\/figure>\n\n\n\n<p>Em continuidade a Opera\u00e7\u00e3o Sargento Rodrigo, mais uma pris\u00e3o, com apreens\u00e3o de arma de fogo e drogas foi registrada pela Pol\u00edcia Militar. Por volta das 00:25, foi repassado aos militares de S\u00e3o Tom\u00e9 das Letras a informa\u00e7\u00e3o de que dois indiv\u00edduos, que possuem relacionamento com o tr\u00e1fico de drogas em Campo Belo, estariam na cidade a fim de comercializar drogas e expandir o tr\u00e1fico no munic\u00edpio. Durante rastreamento, as equipes policiais avistaram os suspeitos no Parque Municipal da Cidade, os quais, ao perceber a presen\u00e7a das equipes policiais, tentaram evadir da abordagem, tendo um deles arremessado um inv\u00f3lucro durante a fuga, contudo foi perseguido e preso.<\/p>\n\n\n\n<figure class=\"wp-block-image size-large\"><img decoding=\"async\" width=\"730\" height=\"1024\" src=\"https:\/\/lavras.tv\/site\/wp-content\/uploads\/2026\/03\/WhatsApp-Image-2026-03-12-at-09.37.39-1-730x1024.jpeg\" alt=\"\" class=\"wp-image-169715\" srcset=\"https:\/\/lavras.tv\/site\/wp-content\/uploads\/2026\/03\/WhatsApp-Image-2026-03-12-at-09.37.39-1-730x1024.jpeg 730w, https:\/\/lavras.tv\/site\/wp-content\/uploads\/2026\/03\/WhatsApp-Image-2026-03-12-at-09.37.39-1-214x300.jpeg 214w, https:\/\/lavras.tv\/site\/wp-content\/uploads\/2026\/03\/WhatsApp-Image-2026-03-12-at-09.37.39-1-107x150.jpeg 107w, https:\/\/lavras.tv\/site\/wp-content\/uploads\/2026\/03\/WhatsApp-Image-2026-03-12-at-09.37.39-1.jpeg 913w\" sizes=\"(max-width: 730px) 100vw, 730px\" \/><\/figure>\n\n\n\n<p>Ao ser verificado o conte\u00fado do inv\u00f3lucro, foi constatado que se tratavam de 13 por\u00e7\u00f5es de subst\u00e2ncia esverdeada semelhante a Maconha, 44 eppendorfs e mais 17 potes pl\u00e1sticos contendo subst\u00e2ncia esbranqui\u00e7ada aparentando ser Coca\u00edna, todos embalados individualmente prontos para a venda. Todo o material foi apreendido e encaminhado juntamente com os autores para a Delegacia de Pol\u00edcia Civil da Comarca. O segundo suspeito, j\u00e1 identificado pela Pol\u00edcia Militar, conseguiu escapar.<\/p>\n\n\n\n<p>Durante entrevista com o suspeito preso, este informou que em sua resid\u00eancia, localizada no bairro Vila Arandutaba em Campo Belo, havia uma arma de fogo e mais drogas. Diante da informa\u00e7\u00e3o, as equipes do munic\u00edpio diligenciaram at\u00e9 o local e mediante autoriza\u00e7\u00e3o da moradora do im\u00f3vel, foi localizado um revolver calibre .32 e mais 136 buchas de subst\u00e2ncia esverdeada semelhante a Maconha, embaladas individualmente e prontas para o com\u00e9rcio. Todo o material foi apreendido e encaminhado a Pol\u00edcia Civil para demais provid\u00eancias.<\/p>\n\n\n\n<figure class=\"wp-block-image size-large\"><img decoding=\"async\" width=\"658\" height=\"1024\" src=\"https:\/\/lavras.tv\/site\/wp-content\/uploads\/2026\/03\/WhatsApp-Image-2026-03-12-at-09.39.33-658x1024.jpeg\" alt=\"\" class=\"wp-image-169716\" srcset=\"https:\/\/lavras.tv\/site\/wp-content\/uploads\/2026\/03\/WhatsApp-Image-2026-03-12-at-09.39.33-658x1024.jpeg 658w, https:\/\/lavras.tv\/site\/wp-content\/uploads\/2026\/03\/WhatsApp-Image-2026-03-12-at-09.39.33-193x300.jpeg 193w, https:\/\/lavras.tv\/site\/wp-content\/uploads\/2026\/03\/WhatsApp-Image-2026-03-12-at-09.39.33-96x150.jpeg 96w, https:\/\/lavras.tv\/site\/wp-content\/uploads\/2026\/03\/WhatsApp-Image-2026-03-12-at-09.39.33.jpeg 926w\" sizes=\"(max-width: 658px) 100vw, 658px\" \/><\/figure>\n\n\n\n<p>POLICIA MILITAR DE MINAS GERAIS, 250 ANOS: A FOR\u00c7A DO POVO MINEIRO, PRESEN\u00c7A QUE PROTEGE!<\/p>\n\n\n\n<p>ALCO\/8\u00ba BPM<\/p>\n","protected":false},"excerpt":{"rendered":"<p>Em continuidade a Opera\u00e7\u00e3o Sargento Rodrigo, mais uma pris\u00e3o, com apreens\u00e3o de arma de fogo e drogas foi registrada pela Pol\u00edcia Militar. Por volta das 00:25, foi repassado aos militares de S\u00e3o Tom\u00e9 das Letras a informa\u00e7\u00e3o de que dois indiv\u00edduos, que possuem relacionamento com o tr\u00e1fico de drogas em Campo Belo, estariam na cidade [&hellip;]<\/p>\n","protected":false},"author":5,"featured_media":169716,"comment_status":"closed","ping_status":"open","sticky":false,"template":"","format":"standard","meta":{"advgb_blocks_editor_width":"","advgb_blocks_columns_visual_guide":"","_exactmetrics_skip_tracking":false,"_exactmetrics_sitenote_active":false,"_exactmetrics_sitenote_note":"","_exactmetrics_sitenote_category":0,"footnotes":""},"categories":[7,2],"tags":[],"class_list":["post-169713","post","type-post","status-publish","format-standard","has-post-thumbnail","hentry","category-destaques","category-noticias"],"better_featured_image":{"id":169716,"alt_text":"","caption":"","description":"","media_type":"image","media_details":{"width":926,"height":1441,"file":"2026\/03\/WhatsApp-Image-2026-03-12-at-09.39.33.jpeg","filesize":237726,"sizes":{"medium":{"file":"WhatsApp-Image-2026-03-12-at-09.39.33-193x300.jpeg","width":193,"height":300,"mime-type":"image\/jpeg","filesize":17195,"source_url":"https:\/\/lavras.tv\/site\/wp-content\/uploads\/2026\/03\/WhatsApp-Image-2026-03-12-at-09.39.33-193x300.jpeg"},"large":{"file":"WhatsApp-Image-2026-03-12-at-09.39.33-658x1024.jpeg","width":658,"height":1024,"mime-type":"image\/jpeg","filesize":137095,"source_url":"https:\/\/lavras.tv\/site\/wp-content\/uploads\/2026\/03\/WhatsApp-Image-2026-03-12-at-09.39.33-658x1024.jpeg"},"thumbnail":{"file":"WhatsApp-Image-2026-03-12-at-09.39.33-96x150.jpeg","width":96,"height":150,"mime-type":"image\/jpeg","filesize":5045,"source_url":"https:\/\/lavras.tv\/site\/wp-content\/uploads\/2026\/03\/WhatsApp-Image-2026-03-12-at-09.39.33-96x150.jpeg"},"alm-thumbnail":{"file":"WhatsApp-Image-2026-03-12-at-09.39.33-150x150.jpeg","width":150,"height":150,"mime-type":"image\/jpeg","filesize":7830,"source_url":"https:\/\/lavras.tv\/site\/wp-content\/uploads\/2026\/03\/WhatsApp-Image-2026-03-12-at-09.39.33-150x150.jpeg"},"sow-carousel-default":{"file":"WhatsApp-Image-2026-03-12-at-09.39.33-272x182.jpeg","width":272,"height":182,"mime-type":"image\/jpeg","filesize":14201,"source_url":"https:\/\/lavras.tv\/site\/wp-content\/uploads\/2026\/03\/WhatsApp-Image-2026-03-12-at-09.39.33-272x182.jpeg"}},"image_meta":{"aperture":"0","credit":"","camera":"","caption":"","created_timestamp":"0","copyright":"","focal_length":"0","iso":"0","shutter_speed":"0","title":"","orientation":"0","keywords":[]}},"post":169713,"source_url":"https:\/\/lavras.tv\/site\/wp-content\/uploads\/2026\/03\/WhatsApp-Image-2026-03-12-at-09.39.33.jpeg"},"author_meta":{"display_name":"Vinicius Bustamante","author_link":"https:\/\/lavras.tv\/site\/author\/vinicius-bustamante\/"},"featured_img":"https:\/\/lavras.tv\/site\/wp-content\/uploads\/2026\/03\/WhatsApp-Image-2026-03-12-at-09.39.33-193x300.jpeg","coauthors":[],"tax_additional":{"categories":{"linked":["<a href=\"https:\/\/lavras.tv\/site\/category\/destaques\/\" class=\"advgb-post-tax-term\">Destaques<\/a>","<a href=\"https:\/\/lavras.tv\/site\/category\/noticias\/\" class=\"advgb-post-tax-term\">Not\u00edcias<\/a>"],"unlinked":["<span class=\"advgb-post-tax-term\">Destaques<\/span>","<span class=\"advgb-post-tax-term\">Not\u00edcias<\/span>"]}},"comment_count":"0","relative_dates":{"created":"Publicado 2 meses atr\u00e1s","modified":"Atualizado 2 meses atr\u00e1s"},"absolute_dates":{"created":"Publicado em 12 de mar\u00e7o de 2026","modified":"Atualizado em 12 de mar\u00e7o de 2026"},"absolute_dates_time":{"created":"Publicado em 12 de mar\u00e7o de 2026 11:56","modified":"Atualizado em 12 de mar\u00e7o de 2026 11:56"},"featured_img_caption":"","series_order":"","_links":{"self":[{"href":"https:\/\/lavras.tv\/site\/wp-json\/wp\/v2\/posts\/169713","targetHints":{"allow":["GET"]}}],"collection":[{"href":"https:\/\/lavras.tv\/site\/wp-json\/wp\/v2\/posts"}],"about":[{"href":"https:\/\/lavras.tv\/site\/wp-json\/wp\/v2\/types\/post"}],"author":[{"embeddable":true,"href":"https:\/\/lavras.tv\/site\/wp-json\/wp\/v2\/users\/5"}],"replies":[{"embeddable":true,"href":"https:\/\/lavras.tv\/site\/wp-json\/wp\/v2\/comments?post=169713"}],"version-history":[{"count":1,"href":"https:\/\/lavras.tv\/site\/wp-json\/wp\/v2\/posts\/169713\/revisions"}],"predecessor-version":[{"id":169717,"href":"https:\/\/lavras.tv\/site\/wp-json\/wp\/v2\/posts\/169713\/revisions\/169717"}],"wp:featuredmedia":[{"embeddable":true,"href":"https:\/\/lavras.tv\/site\/wp-json\/wp\/v2\/media\/169716"}],"wp:attachment":[{"href":"https:\/\/lavras.tv\/site\/wp-json\/wp\/v2\/media?parent=169713"}],"wp:term":[{"taxonomy":"category","embeddable":true,"href":"https:\/\/lavras.tv\/site\/wp-json\/wp\/v2\/categories?post=169713"},{"taxonomy":"post_tag","embeddable":true,"href":"https:\/\/lavras.tv\/site\/wp-json\/wp\/v2\/tags?post=169713"}],"curies":[{"name":"wp","href":"https:\/\/api.w.org\/{rel}","templated":true}]}}