{"id":169724,"date":"2026-03-12T12:16:08","date_gmt":"2026-03-12T15:16:08","guid":{"rendered":"https:\/\/lavras.tv\/site\/?p=169724"},"modified":"2026-03-12T12:16:09","modified_gmt":"2026-03-12T15:16:09","slug":"dia-do-consumidor-cemig-oferece-parcelamento-de-contas-de-energia-em-ate-12-vezes","status":"publish","type":"post","link":"https:\/\/lavras.tv\/site\/2026\/03\/12\/dia-do-consumidor-cemig-oferece-parcelamento-de-contas-de-energia-em-ate-12-vezes\/","title":{"rendered":"Dia do Consumidor: Cemig oferece parcelamento de contas de energia em at\u00e9 12 vezes"},"content":{"rendered":"<div class=\"lavra-antes-do-conteudo_2\" id=\"lavra-836998125\"><div id=\"lavra-slider-27\" class=\"custom-slider lavra-slider-735176800 lavra-slider\"><ul><li><div style=\"margin-left: auto;margin-right: auto;text-align: center;\" id=\"lavra-3171134112\"><a href=\"https:\/\/sistemas.lavras.mg.gov.br\/portalcidadao\/#df1b1a7c7b2a290bcb31e32771e610784662739a88807c0dacac58ede5f391a7530e299dc302d611ee73cb143fc22eaf93592e53e7b5bdb01b00a0b8d28dae460c141dd2ff83412e4dc1c31b16b25f33144a9e5620ea73b13f5bc1c59411d98439ad226e8af03840603796067d87afe130812cf3de24982d0e306f9e61e764e5\" aria-label=\"Lavras-TV&#8211;720x104px (1) (1)\"><img src=\"https:\/\/lavras.tv\/site\/wp-content\/uploads\/2025\/01\/Lavras-TV-720x104px-1-1.png\" alt=\"\"  srcset=\"https:\/\/lavras.tv\/site\/wp-content\/uploads\/2025\/01\/Lavras-TV-720x104px-1-1.png 720w, https:\/\/lavras.tv\/site\/wp-content\/uploads\/2025\/01\/Lavras-TV-720x104px-1-1-470x68.png 470w, https:\/\/lavras.tv\/site\/wp-content\/uploads\/2025\/01\/Lavras-TV-720x104px-1-1-170x25.png 170w, https:\/\/lavras.tv\/site\/wp-content\/uploads\/2025\/01\/Lavras-TV-720x104px-1-1-200x29.png 200w\" sizes=\"(max-width: 720px) 100vw, 720px\" width=\"720\" height=\"104\"  style=\"display: inline-block;\" \/><\/a><\/div><\/li><li><a href=\"https:\/\/sistemas.lavras.mg.gov.br\/portalcidadao\/#df1b1a7c7b2a290bcb31e32771e610784662739a88807c0dacac58ede5f391a7530e299dc302d611ee73cb143fc22eaf93592e53e7b5bdb01b00a0b8d28dae460c141dd2ff83412e4dc1c31b16b25f33144a9e5620ea73b13f5bc1c59411d98439ad226e8af03840603796067d87afe130812cf3de24982d0e306f9e61e764e5\" aria-label=\"Banner_Emprego_PortallavrasTV\"><img src=\"https:\/\/lavras.tv\/site\/wp-content\/uploads\/2025\/03\/Banner_Emprego_PortallavrasTV.png\" alt=\"\"  srcset=\"https:\/\/lavras.tv\/site\/wp-content\/uploads\/2025\/03\/Banner_Emprego_PortallavrasTV.png 720w, https:\/\/lavras.tv\/site\/wp-content\/uploads\/2025\/03\/Banner_Emprego_PortallavrasTV-470x68.png 470w, https:\/\/lavras.tv\/site\/wp-content\/uploads\/2025\/03\/Banner_Emprego_PortallavrasTV-170x25.png 170w, https:\/\/lavras.tv\/site\/wp-content\/uploads\/2025\/03\/Banner_Emprego_PortallavrasTV-200x29.png 200w\" sizes=\"(max-width: 720px) 100vw, 720px\" width=\"720\" height=\"104\"   \/><\/a><\/li><li><a href=\"https:\/\/sistemas.lavras.mg.gov.br\/portalcidadao\/#df1b1a7c7b2a290bcb31e32771e610784662739a88807c0dacac58ede5f391a7530e299dc302d611ee73cb143fc22eaf93592e53e7b5bdb01b00a0b8d28dae460c141dd2ff83412e4dc1c31b16b25f33144a9e5620ea73b13f5bc1c59411d98439ad226e8af03840603796067d87afe130812cf3de24982d0e306f9e61e764e5\" aria-label=\"Banner_Obras_PortallavrasTV\"><img src=\"https:\/\/lavras.tv\/site\/wp-content\/uploads\/2025\/03\/Banner_Obras_PortallavrasTV.png\" alt=\"\"  srcset=\"https:\/\/lavras.tv\/site\/wp-content\/uploads\/2025\/03\/Banner_Obras_PortallavrasTV.png 720w, https:\/\/lavras.tv\/site\/wp-content\/uploads\/2025\/03\/Banner_Obras_PortallavrasTV-470x68.png 470w, https:\/\/lavras.tv\/site\/wp-content\/uploads\/2025\/03\/Banner_Obras_PortallavrasTV-170x25.png 170w, https:\/\/lavras.tv\/site\/wp-content\/uploads\/2025\/03\/Banner_Obras_PortallavrasTV-200x29.png 200w\" sizes=\"(max-width: 720px) 100vw, 720px\" width=\"720\" height=\"104\"   \/><\/a><\/li><li><div style=\"margin-left: auto;margin-right: auto;text-align: center;\" id=\"lavra-311375425\"><a href=\"https:\/\/sistemas.lavras.mg.gov.br\/portalcidadao\/#df1b1a7c7b2a290bcb31e32771e610784662739a88807c0dacac58ede5f391a7530e299dc302d611ee73cb143fc22eaf93592e53e7b5bdb01b00a0b8d28dae460c141dd2ff83412e4dc1c31b16b25f33144a9e5620ea73b13f5bc1c59411d98439ad226e8af03840603796067d87afe130812cf3de24982d0e306f9e61e764e5\" aria-label=\"Banner_Educa\u00e7\u00e3o_PortallavrasTV\"><img src=\"https:\/\/lavras.tv\/site\/wp-content\/uploads\/2025\/01\/Banner_Educacao_PortallavrasTV.png\" alt=\"\"  srcset=\"https:\/\/lavras.tv\/site\/wp-content\/uploads\/2025\/01\/Banner_Educacao_PortallavrasTV.png 720w, https:\/\/lavras.tv\/site\/wp-content\/uploads\/2025\/01\/Banner_Educacao_PortallavrasTV-470x68.png 470w, https:\/\/lavras.tv\/site\/wp-content\/uploads\/2025\/01\/Banner_Educacao_PortallavrasTV-170x25.png 170w, https:\/\/lavras.tv\/site\/wp-content\/uploads\/2025\/01\/Banner_Educacao_PortallavrasTV-200x29.png 200w\" sizes=\"(max-width: 720px) 100vw, 720px\" width=\"720\" height=\"104\"  style=\"display: inline-block;\" \/><\/a><\/div><\/li><li><a href=\"https:\/\/sistemas.lavras.mg.gov.br\/portalcidadao\/#df1b1a7c7b2a290bcb31e32771e610784662739a88807c0dacac58ede5f391a7530e299dc302d611ee73cb143fc22eaf93592e53e7b5bdb01b00a0b8d28dae460c141dd2ff83412e4dc1c31b16b25f33144a9e5620ea73b13f5bc1c59411d98439ad226e8af03840603796067d87afe130812cf3de24982d0e306f9e61e764e5\" aria-label=\"Banner_Sa\u00fade_PortallavrasTV\"><img src=\"https:\/\/lavras.tv\/site\/wp-content\/uploads\/2025\/03\/Banner_Saude_PortallavrasTV.png\" alt=\"\"  srcset=\"https:\/\/lavras.tv\/site\/wp-content\/uploads\/2025\/03\/Banner_Saude_PortallavrasTV.png 720w, https:\/\/lavras.tv\/site\/wp-content\/uploads\/2025\/03\/Banner_Saude_PortallavrasTV-470x68.png 470w, https:\/\/lavras.tv\/site\/wp-content\/uploads\/2025\/03\/Banner_Saude_PortallavrasTV-170x25.png 170w, https:\/\/lavras.tv\/site\/wp-content\/uploads\/2025\/03\/Banner_Saude_PortallavrasTV-200x29.png 200w\" sizes=\"(max-width: 720px) 100vw, 720px\" width=\"720\" height=\"104\"   \/><\/a><\/li><li><div id=\"lavra-2705709459\" style=\"width:720px;height:104px;background-color:#ddd;overflow:scroll;\">\n\t<strong>Sa\u00edda da depura\u00e7\u00e3o de an\u00fancios<\/strong>\n\t<br><br>\n\tO an\u00fancio n\u00e3o \u00e9 exibido na p\u00e1gina<br><br>post atual: Dia do Consumidor: Cemig oferece parcelamento de contas de energia em at\u00e9 12 vezes, ID: 169724<br><br><span style=\"color: red;\">O post atual n\u00e3o \u00e9 id\u00eantico ao post principal.<\/span><br><br>An\u00fancios: ROXO - TOPO INTERNA - ROTATIVO 2 (197)<br \/>Grupo de an\u00fancios: Princ_Meio01_720x104 (27)<br><br>Condi\u00e7\u00f5es de exibi\u00e7\u00e3o<div style=\"margin-bottom: 20px; white-space: pre-wrap; font-family: monospace; width: 100%; background: #ffe9e9;\"><strong>condi\u00e7\u00f5es gerais<\/strong><table border=\"1\"><thead><tr><th><\/th><th>An\u00fancios<\/th><th>wp_the_query<\/th><\/tr><\/thead><tr><td>is_main_query<\/td><td>1<\/td><td>1<\/td><\/tr><tr><td>is_rest_api<\/td><td>0<\/td><td>1<\/td><\/tr><tr><td>page<\/td><td>0<\/td><td>1<\/td><\/tr><tr><td>numpages<\/td><td>0<\/td><td>1<\/td><\/tr><tr><td>is_archive<\/td><td>1<\/td><td><\/td><\/tr><tr><td>is_search<\/td><td>1<\/td><td><\/td><\/tr><tr><td>is_home<\/td><td>1<\/td><td><\/td><\/tr><tr><td>is_404<\/td><td>1<\/td><td><\/td><\/tr><tr><td>is_attachment<\/td><td>1<\/td><td><\/td><\/tr><tr><td>is_singular<\/td><td>1<\/td><td><\/td><\/tr><tr><td>is_front_page<\/td><td>1<\/td><td><\/td><\/tr><tr><td>is_feed<\/td><td>1<\/td><td><\/td><\/tr><\/table><\/div><br><br><span style=\"color: red;\">Seu site usa HTTPS, mas o c\u00f3digo do an\u00fancio cont\u00e9m HTTP e pode n\u00e3o funcionar.<\/span>\t<br><br>\n\t<a style=\"color: green;\" href=\"https:\/\/wpadvancedads.com\/manual\/ad-debug-mode\/?utm_source=advanced-ads&utm_medium=link&utm_campaign=ad-debug-mode\" target=\"_blank\" rel=\"nofollow\">Encontre solu\u00e7\u00f5es no manual<\/a>\n<\/div>\n<\/li><\/ul><\/div><script>( window.advanced_ads_ready || jQuery( document ).ready ).call( null, function() {var $lavraslider735176800 = jQuery( \".lavra-slider-735176800\" );$lavraslider735176800.on( \"unslider.ready\", function() { jQuery( \"div.custom-slider ul li\" ).css( \"display\", \"block\" ); });$lavraslider735176800.unslider({ delay:4000, autoplay:true, nav:false, arrows:false, infinite:true });$lavraslider735176800.on(\"mouseover\", function() {$lavraslider735176800.unslider(\"stop\");}).on(\"mouseout\", function() {$lavraslider735176800.unslider(\"start\");});});<\/script><\/div>\n<p><em>Companhia refor\u00e7a canais de negocia\u00e7\u00e3o e orienta clientes sobre como regularizar d\u00e9bitos<\/em><\/p>\n\n\n\n<figure class=\"wp-block-image size-large is-resized\"><img fetchpriority=\"high\" decoding=\"async\" width=\"970\" height=\"1011\" src=\"https:\/\/lavras.tv\/site\/wp-content\/uploads\/2026\/03\/Cemig_Parcelamento-Debitosa-970x1011.jpg\" alt=\"\" class=\"wp-image-169725\" style=\"aspect-ratio:0.9592463064734851;width:585px;height:auto\" srcset=\"https:\/\/lavras.tv\/site\/wp-content\/uploads\/2026\/03\/Cemig_Parcelamento-Debitosa-970x1011.jpg 970w, https:\/\/lavras.tv\/site\/wp-content\/uploads\/2026\/03\/Cemig_Parcelamento-Debitosa-288x300.jpg 288w, https:\/\/lavras.tv\/site\/wp-content\/uploads\/2026\/03\/Cemig_Parcelamento-Debitosa-144x150.jpg 144w, https:\/\/lavras.tv\/site\/wp-content\/uploads\/2026\/03\/Cemig_Parcelamento-Debitosa.jpg 1200w\" sizes=\"(max-width: 970px) 100vw, 970px\" \/><\/figure>\n\n\n\n<p>Em um cen\u00e1rio de maior aten\u00e7\u00e3o ao or\u00e7amento dom\u00e9stico, o Dia do Consumidor, celebrado em 15\/3, tamb\u00e9m \u00e9 um momento para lembrar os clientes das op\u00e7\u00f5es de negocia\u00e7\u00e3o dispon\u00edveis para contas de energia em atraso. Na \u00e1rea de concess\u00e3o da&nbsp;<a href=\"https:\/\/www.cemig.com.br\/\" rel=\"noreferrer noopener\" target=\"_blank\">Cemig<\/a>, os consumidores podem parcelar d\u00e9bitos em at\u00e9 12 vezes e realizar a negocia\u00e7\u00e3o por canais digitais, telefone ou atendimento presencial.&nbsp;<\/p>\n\n\n\n<p>A negocia\u00e7\u00e3o pode ser feita de forma totalmente digital, pelo WhatsApp da Cemig, no n\u00famero (31) 3506-1160, ou pelo portal Cemig Atende, dispon\u00edvel no&nbsp;<a href=\"http:\/\/www.cemig.com.br\/\" rel=\"noreferrer noopener\" target=\"_blank\">site da companhia<\/a>. Os clientes tamb\u00e9m podem buscar atendimento presencial nos postos da empresa ou realizar a negocia\u00e7\u00e3o por telefone, pelo n\u00famero 0800 721 7003.&nbsp;<\/p>\n\n\n\n<p>\u201cPara parcelar contas atrasadas, os clientes da Cemig devem ter sempre em m\u00e3os um documento de identifica\u00e7\u00e3o, al\u00e9m do CPF ou CNPJ do titular da conta e o n\u00famero da instala\u00e7\u00e3o presente na fatura\u201d, explica o gerente de&nbsp;Recupera\u00e7\u00e3o&nbsp;de&nbsp;Receita da Cemig,&nbsp;Johmerson&nbsp;Silva Neves.&nbsp;<\/p>\n\n\n\n<p><strong>Conhe\u00e7a as op\u00e7\u00f5es de parcelamento oferecidas pela Cemig:<\/strong>&nbsp;<\/p>\n\n\n\n<p><strong>Cemig Atende Web<\/strong>&nbsp;<\/p>\n\n\n\n<p>Por meio do portal Cemig Atende, os consumidores podem negociar d\u00e9bitos de forma r\u00e1pida e segura. Nesse canal, \u00e9 poss\u00edvel parcelar a d\u00edvida em at\u00e9 12 vezes, com entrada m\u00ednima de 50% do valor devido e taxas de financiamento reduzidas.&nbsp;<\/p>\n\n\n\n<p>Para utilizar o servi\u00e7o, basta acessar o site da Cemig, selecionar a op\u00e7\u00e3o \u201cSegunda via e pagamento de contas\u201d e seguir as instru\u00e7\u00f5es dispon\u00edveis na plataforma.&nbsp;<\/p>\n\n\n\n<p>Antes da confirma\u00e7\u00e3o do parcelamento, o sistema apresenta todas as condi\u00e7\u00f5es da negocia\u00e7\u00e3o, incluindo valor da entrada, parcelas, taxa de juros e valor total do d\u00e9bito. Ap\u00f3s a confirma\u00e7\u00e3o, o cliente recebe o Termo de Acordo e Reconhecimento da D\u00edvida (TARD) e o boleto para pagamento da entrada.&nbsp;<\/p>\n\n\n\n<p><strong>Atendimento presencial ou por telefone<\/strong>&nbsp;<\/p>\n\n\n\n<p>Os clientes tamb\u00e9m podem solicitar o parcelamento em postos de atendimento da Cemig ou pelo telefone 0800 721 7003. Nesses casos, as condi\u00e7\u00f5es seguem o mesmo padr\u00e3o do canal digital, com possibilidade de parcelamento em at\u00e9 12 vezes, mediante pagamento de entrada m\u00ednima de 50%.&nbsp;<\/p>\n\n\n\n<p><strong>Parcelamento com cart\u00e3o de cr\u00e9dito<\/strong>&nbsp;<\/p>\n\n\n\n<p>Outra alternativa&nbsp;\u00e9 o pagamento das faturas em atraso por cart\u00e3o de cr\u00e9dito, dispon\u00edvel no atendimento via WhatsApp da Cemig&nbsp;pelo n\u00famero (31) 3506-1160. &nbsp;<\/p>\n","protected":false},"excerpt":{"rendered":"<p>Companhia refor\u00e7a canais de negocia\u00e7\u00e3o e orienta clientes sobre como regularizar d\u00e9bitos Em um cen\u00e1rio de maior aten\u00e7\u00e3o ao or\u00e7amento dom\u00e9stico, o Dia do Consumidor, celebrado em 15\/3, tamb\u00e9m \u00e9 um momento para lembrar os clientes das op\u00e7\u00f5es de negocia\u00e7\u00e3o dispon\u00edveis para contas de energia em atraso. Na \u00e1rea de concess\u00e3o da&nbsp;Cemig, os consumidores podem [&hellip;]<\/p>\n","protected":false},"author":5,"featured_media":169725,"comment_status":"closed","ping_status":"open","sticky":false,"template":"","format":"standard","meta":{"advgb_blocks_editor_width":"","advgb_blocks_columns_visual_guide":"","_exactmetrics_skip_tracking":false,"_exactmetrics_sitenote_active":false,"_exactmetrics_sitenote_note":"","_exactmetrics_sitenote_category":0,"footnotes":""},"categories":[7,2],"tags":[],"class_list":["post-169724","post","type-post","status-publish","format-standard","has-post-thumbnail","hentry","category-destaques","category-noticias"],"better_featured_image":{"id":169725,"alt_text":"","caption":"","description":"","media_type":"image","media_details":{"width":1200,"height":1251,"file":"2026\/03\/Cemig_Parcelamento-Debitosa.jpg","filesize":248173,"sizes":{"medium":{"file":"Cemig_Parcelamento-Debitosa-288x300.jpg","width":288,"height":300,"mime-type":"image\/jpeg","filesize":15450,"source_url":"https:\/\/lavras.tv\/site\/wp-content\/uploads\/2026\/03\/Cemig_Parcelamento-Debitosa-288x300.jpg"},"large":{"file":"Cemig_Parcelamento-Debitosa-970x1011.jpg","width":970,"height":1011,"mime-type":"image\/jpeg","filesize":116522,"source_url":"https:\/\/lavras.tv\/site\/wp-content\/uploads\/2026\/03\/Cemig_Parcelamento-Debitosa-970x1011.jpg"},"thumbnail":{"file":"Cemig_Parcelamento-Debitosa-144x150.jpg","width":144,"height":150,"mime-type":"image\/jpeg","filesize":4886,"source_url":"https:\/\/lavras.tv\/site\/wp-content\/uploads\/2026\/03\/Cemig_Parcelamento-Debitosa-144x150.jpg"},"alm-thumbnail":{"file":"Cemig_Parcelamento-Debitosa-150x150.jpg","width":150,"height":150,"mime-type":"image\/jpeg","filesize":5205,"source_url":"https:\/\/lavras.tv\/site\/wp-content\/uploads\/2026\/03\/Cemig_Parcelamento-Debitosa-150x150.jpg"},"sow-carousel-default":{"file":"Cemig_Parcelamento-Debitosa-272x182.jpg","width":272,"height":182,"mime-type":"image\/jpeg","filesize":11085,"source_url":"https:\/\/lavras.tv\/site\/wp-content\/uploads\/2026\/03\/Cemig_Parcelamento-Debitosa-272x182.jpg"}},"image_meta":{"aperture":"0","credit":"","camera":"","caption":"","created_timestamp":"0","copyright":"","focal_length":"0","iso":"0","shutter_speed":"0","title":"","orientation":"0","keywords":[]}},"post":169724,"source_url":"https:\/\/lavras.tv\/site\/wp-content\/uploads\/2026\/03\/Cemig_Parcelamento-Debitosa.jpg"},"author_meta":{"display_name":"Vinicius Bustamante","author_link":"https:\/\/lavras.tv\/site\/author\/vinicius-bustamante\/"},"featured_img":"https:\/\/lavras.tv\/site\/wp-content\/uploads\/2026\/03\/Cemig_Parcelamento-Debitosa-288x300.jpg","coauthors":[],"tax_additional":{"categories":{"linked":["<a href=\"https:\/\/lavras.tv\/site\/category\/destaques\/\" class=\"advgb-post-tax-term\">Destaques<\/a>","<a href=\"https:\/\/lavras.tv\/site\/category\/noticias\/\" class=\"advgb-post-tax-term\">Not\u00edcias<\/a>"],"unlinked":["<span class=\"advgb-post-tax-term\">Destaques<\/span>","<span class=\"advgb-post-tax-term\">Not\u00edcias<\/span>"]}},"comment_count":"0","relative_dates":{"created":"Publicado 2 meses atr\u00e1s","modified":"Atualizado 2 meses atr\u00e1s"},"absolute_dates":{"created":"Publicado em 12 de mar\u00e7o de 2026","modified":"Atualizado em 12 de mar\u00e7o de 2026"},"absolute_dates_time":{"created":"Publicado em 12 de mar\u00e7o de 2026 12:16","modified":"Atualizado em 12 de mar\u00e7o de 2026 12:16"},"featured_img_caption":"","series_order":"","_links":{"self":[{"href":"https:\/\/lavras.tv\/site\/wp-json\/wp\/v2\/posts\/169724","targetHints":{"allow":["GET"]}}],"collection":[{"href":"https:\/\/lavras.tv\/site\/wp-json\/wp\/v2\/posts"}],"about":[{"href":"https:\/\/lavras.tv\/site\/wp-json\/wp\/v2\/types\/post"}],"author":[{"embeddable":true,"href":"https:\/\/lavras.tv\/site\/wp-json\/wp\/v2\/users\/5"}],"replies":[{"embeddable":true,"href":"https:\/\/lavras.tv\/site\/wp-json\/wp\/v2\/comments?post=169724"}],"version-history":[{"count":1,"href":"https:\/\/lavras.tv\/site\/wp-json\/wp\/v2\/posts\/169724\/revisions"}],"predecessor-version":[{"id":169726,"href":"https:\/\/lavras.tv\/site\/wp-json\/wp\/v2\/posts\/169724\/revisions\/169726"}],"wp:featuredmedia":[{"embeddable":true,"href":"https:\/\/lavras.tv\/site\/wp-json\/wp\/v2\/media\/169725"}],"wp:attachment":[{"href":"https:\/\/lavras.tv\/site\/wp-json\/wp\/v2\/media?parent=169724"}],"wp:term":[{"taxonomy":"category","embeddable":true,"href":"https:\/\/lavras.tv\/site\/wp-json\/wp\/v2\/categories?post=169724"},{"taxonomy":"post_tag","embeddable":true,"href":"https:\/\/lavras.tv\/site\/wp-json\/wp\/v2\/tags?post=169724"}],"curies":[{"name":"wp","href":"https:\/\/api.w.org\/{rel}","templated":true}]}}