{"id":169727,"date":"2026-03-12T12:51:25","date_gmt":"2026-03-12T15:51:25","guid":{"rendered":"https:\/\/lavras.tv\/site\/?p=169727"},"modified":"2026-03-12T12:51:28","modified_gmt":"2026-03-12T15:51:28","slug":"br-381-caminhoes-pegam-fogo-apos-batida-e-acidente-interdita-rodovia-na-grande-bh","status":"publish","type":"post","link":"https:\/\/lavras.tv\/site\/2026\/03\/12\/br-381-caminhoes-pegam-fogo-apos-batida-e-acidente-interdita-rodovia-na-grande-bh\/","title":{"rendered":"BR-381: caminh\u00f5es pegam fogo ap\u00f3s batida, e acidente interdita rodovia na Grande BH"},"content":{"rendered":"<div class=\"lavra-antes-do-conteudo_2\" id=\"lavra-1474676804\"><div id=\"lavra-slider-27\" class=\"custom-slider lavra-slider-1685671370 lavra-slider\"><ul><li><div style=\"margin-left: auto;margin-right: auto;text-align: center;\" id=\"lavra-408337935\"><a href=\"https:\/\/sistemas.lavras.mg.gov.br\/portalcidadao\/#df1b1a7c7b2a290bcb31e32771e610784662739a88807c0dacac58ede5f391a7530e299dc302d611ee73cb143fc22eaf93592e53e7b5bdb01b00a0b8d28dae460c141dd2ff83412e4dc1c31b16b25f33144a9e5620ea73b13f5bc1c59411d98439ad226e8af03840603796067d87afe130812cf3de24982d0e306f9e61e764e5\" aria-label=\"Lavras-TV&#8211;720x104px (1) (1)\"><img src=\"https:\/\/lavras.tv\/site\/wp-content\/uploads\/2025\/01\/Lavras-TV-720x104px-1-1.png\" alt=\"\"  srcset=\"https:\/\/lavras.tv\/site\/wp-content\/uploads\/2025\/01\/Lavras-TV-720x104px-1-1.png 720w, https:\/\/lavras.tv\/site\/wp-content\/uploads\/2025\/01\/Lavras-TV-720x104px-1-1-470x68.png 470w, https:\/\/lavras.tv\/site\/wp-content\/uploads\/2025\/01\/Lavras-TV-720x104px-1-1-170x25.png 170w, https:\/\/lavras.tv\/site\/wp-content\/uploads\/2025\/01\/Lavras-TV-720x104px-1-1-200x29.png 200w\" sizes=\"(max-width: 720px) 100vw, 720px\" width=\"720\" height=\"104\"  style=\"display: inline-block;\" \/><\/a><\/div><\/li><li><a href=\"https:\/\/sistemas.lavras.mg.gov.br\/portalcidadao\/#df1b1a7c7b2a290bcb31e32771e610784662739a88807c0dacac58ede5f391a7530e299dc302d611ee73cb143fc22eaf93592e53e7b5bdb01b00a0b8d28dae460c141dd2ff83412e4dc1c31b16b25f33144a9e5620ea73b13f5bc1c59411d98439ad226e8af03840603796067d87afe130812cf3de24982d0e306f9e61e764e5\" aria-label=\"Banner_Emprego_PortallavrasTV\"><img src=\"https:\/\/lavras.tv\/site\/wp-content\/uploads\/2025\/03\/Banner_Emprego_PortallavrasTV.png\" alt=\"\"  srcset=\"https:\/\/lavras.tv\/site\/wp-content\/uploads\/2025\/03\/Banner_Emprego_PortallavrasTV.png 720w, https:\/\/lavras.tv\/site\/wp-content\/uploads\/2025\/03\/Banner_Emprego_PortallavrasTV-470x68.png 470w, https:\/\/lavras.tv\/site\/wp-content\/uploads\/2025\/03\/Banner_Emprego_PortallavrasTV-170x25.png 170w, https:\/\/lavras.tv\/site\/wp-content\/uploads\/2025\/03\/Banner_Emprego_PortallavrasTV-200x29.png 200w\" sizes=\"(max-width: 720px) 100vw, 720px\" width=\"720\" height=\"104\"   \/><\/a><\/li><li><a href=\"https:\/\/sistemas.lavras.mg.gov.br\/portalcidadao\/#df1b1a7c7b2a290bcb31e32771e610784662739a88807c0dacac58ede5f391a7530e299dc302d611ee73cb143fc22eaf93592e53e7b5bdb01b00a0b8d28dae460c141dd2ff83412e4dc1c31b16b25f33144a9e5620ea73b13f5bc1c59411d98439ad226e8af03840603796067d87afe130812cf3de24982d0e306f9e61e764e5\" aria-label=\"Banner_Obras_PortallavrasTV\"><img src=\"https:\/\/lavras.tv\/site\/wp-content\/uploads\/2025\/03\/Banner_Obras_PortallavrasTV.png\" alt=\"\"  srcset=\"https:\/\/lavras.tv\/site\/wp-content\/uploads\/2025\/03\/Banner_Obras_PortallavrasTV.png 720w, https:\/\/lavras.tv\/site\/wp-content\/uploads\/2025\/03\/Banner_Obras_PortallavrasTV-470x68.png 470w, https:\/\/lavras.tv\/site\/wp-content\/uploads\/2025\/03\/Banner_Obras_PortallavrasTV-170x25.png 170w, https:\/\/lavras.tv\/site\/wp-content\/uploads\/2025\/03\/Banner_Obras_PortallavrasTV-200x29.png 200w\" sizes=\"(max-width: 720px) 100vw, 720px\" width=\"720\" height=\"104\"   \/><\/a><\/li><li><div style=\"margin-left: auto;margin-right: auto;text-align: center;\" id=\"lavra-767091534\"><a href=\"https:\/\/sistemas.lavras.mg.gov.br\/portalcidadao\/#df1b1a7c7b2a290bcb31e32771e610784662739a88807c0dacac58ede5f391a7530e299dc302d611ee73cb143fc22eaf93592e53e7b5bdb01b00a0b8d28dae460c141dd2ff83412e4dc1c31b16b25f33144a9e5620ea73b13f5bc1c59411d98439ad226e8af03840603796067d87afe130812cf3de24982d0e306f9e61e764e5\" aria-label=\"Banner_Educa\u00e7\u00e3o_PortallavrasTV\"><img src=\"https:\/\/lavras.tv\/site\/wp-content\/uploads\/2025\/01\/Banner_Educacao_PortallavrasTV.png\" alt=\"\"  srcset=\"https:\/\/lavras.tv\/site\/wp-content\/uploads\/2025\/01\/Banner_Educacao_PortallavrasTV.png 720w, https:\/\/lavras.tv\/site\/wp-content\/uploads\/2025\/01\/Banner_Educacao_PortallavrasTV-470x68.png 470w, https:\/\/lavras.tv\/site\/wp-content\/uploads\/2025\/01\/Banner_Educacao_PortallavrasTV-170x25.png 170w, https:\/\/lavras.tv\/site\/wp-content\/uploads\/2025\/01\/Banner_Educacao_PortallavrasTV-200x29.png 200w\" sizes=\"(max-width: 720px) 100vw, 720px\" width=\"720\" height=\"104\"  style=\"display: inline-block;\" \/><\/a><\/div><\/li><li><a href=\"https:\/\/sistemas.lavras.mg.gov.br\/portalcidadao\/#df1b1a7c7b2a290bcb31e32771e610784662739a88807c0dacac58ede5f391a7530e299dc302d611ee73cb143fc22eaf93592e53e7b5bdb01b00a0b8d28dae460c141dd2ff83412e4dc1c31b16b25f33144a9e5620ea73b13f5bc1c59411d98439ad226e8af03840603796067d87afe130812cf3de24982d0e306f9e61e764e5\" aria-label=\"Banner_Sa\u00fade_PortallavrasTV\"><img src=\"https:\/\/lavras.tv\/site\/wp-content\/uploads\/2025\/03\/Banner_Saude_PortallavrasTV.png\" alt=\"\"  srcset=\"https:\/\/lavras.tv\/site\/wp-content\/uploads\/2025\/03\/Banner_Saude_PortallavrasTV.png 720w, https:\/\/lavras.tv\/site\/wp-content\/uploads\/2025\/03\/Banner_Saude_PortallavrasTV-470x68.png 470w, https:\/\/lavras.tv\/site\/wp-content\/uploads\/2025\/03\/Banner_Saude_PortallavrasTV-170x25.png 170w, https:\/\/lavras.tv\/site\/wp-content\/uploads\/2025\/03\/Banner_Saude_PortallavrasTV-200x29.png 200w\" sizes=\"(max-width: 720px) 100vw, 720px\" width=\"720\" height=\"104\"   \/><\/a><\/li><li><div id=\"lavra-1768734100\" style=\"width:720px;height:104px;background-color:#ddd;overflow:scroll;\">\n\t<strong>Sa\u00edda da depura\u00e7\u00e3o de an\u00fancios<\/strong>\n\t<br><br>\n\tO an\u00fancio n\u00e3o \u00e9 exibido na p\u00e1gina<br><br>post atual: BR-381: caminh\u00f5es pegam fogo ap\u00f3s batida, e acidente interdita rodovia na Grande BH, ID: 169727<br><br><span style=\"color: red;\">O post atual n\u00e3o \u00e9 id\u00eantico ao post principal.<\/span><br><br>An\u00fancios: ROXO - TOPO INTERNA - ROTATIVO 2 (197)<br \/>Grupo de an\u00fancios: Princ_Meio01_720x104 (27)<br><br>Condi\u00e7\u00f5es de exibi\u00e7\u00e3o<div style=\"margin-bottom: 20px; white-space: pre-wrap; font-family: monospace; width: 100%; background: #ffe9e9;\"><strong>condi\u00e7\u00f5es gerais<\/strong><table border=\"1\"><thead><tr><th><\/th><th>An\u00fancios<\/th><th>wp_the_query<\/th><\/tr><\/thead><tr><td>is_main_query<\/td><td>1<\/td><td>1<\/td><\/tr><tr><td>is_rest_api<\/td><td>0<\/td><td>1<\/td><\/tr><tr><td>page<\/td><td>0<\/td><td>1<\/td><\/tr><tr><td>numpages<\/td><td>0<\/td><td>1<\/td><\/tr><tr><td>is_archive<\/td><td>1<\/td><td><\/td><\/tr><tr><td>is_search<\/td><td>1<\/td><td><\/td><\/tr><tr><td>is_home<\/td><td>1<\/td><td><\/td><\/tr><tr><td>is_404<\/td><td>1<\/td><td><\/td><\/tr><tr><td>is_attachment<\/td><td>1<\/td><td><\/td><\/tr><tr><td>is_singular<\/td><td>1<\/td><td><\/td><\/tr><tr><td>is_front_page<\/td><td>1<\/td><td><\/td><\/tr><tr><td>is_feed<\/td><td>1<\/td><td><\/td><\/tr><\/table><\/div><br><br><span style=\"color: red;\">Seu site usa HTTPS, mas o c\u00f3digo do an\u00fancio cont\u00e9m HTTP e pode n\u00e3o funcionar.<\/span>\t<br><br>\n\t<a style=\"color: green;\" href=\"https:\/\/wpadvancedads.com\/manual\/ad-debug-mode\/?utm_source=advanced-ads&utm_medium=link&utm_campaign=ad-debug-mode\" target=\"_blank\" rel=\"nofollow\">Encontre solu\u00e7\u00f5es no manual<\/a>\n<\/div>\n<\/li><\/ul><\/div><script>( window.advanced_ads_ready || jQuery( document ).ready ).call( null, function() {var $lavraslider1685671370 = jQuery( \".lavra-slider-1685671370\" );$lavraslider1685671370.on( \"unslider.ready\", function() { jQuery( \"div.custom-slider ul li\" ).css( \"display\", \"block\" ); });$lavraslider1685671370.unslider({ delay:4000, autoplay:true, nav:false, arrows:false, infinite:true });$lavraslider1685671370.on(\"mouseover\", function() {$lavraslider1685671370.unslider(\"stop\");}).on(\"mouseout\", function() {$lavraslider1685671370.unslider(\"start\");});});<\/script><\/div>\n<figure class=\"wp-block-embed is-type-video is-provider-youtube wp-block-embed-youtube wp-embed-aspect-9-16 wp-has-aspect-ratio\"><div class=\"wp-block-embed__wrapper\">\n<iframe title=\"BR-381: caminh\u00f5es pegam fogo ap\u00f3s batida, e acidente interdita rodovia na Grande BH\" width=\"422\" height=\"750\" src=\"https:\/\/www.youtube.com\/embed\/vGw5M-UoxTY?feature=oembed\" frameborder=\"0\" allow=\"accelerometer; autoplay; clipboard-write; encrypted-media; gyroscope; picture-in-picture; web-share\" referrerpolicy=\"strict-origin-when-cross-origin\" allowfullscreen><\/iframe>\n<\/div><\/figure>\n\n\n\n<p>IMPRESSIONANTE \u2013 Um acidente envolvendo dois caminh\u00f5es interditou a BR-381, na altura de Itaguara, na regi\u00e3o Central de Minas, na manh\u00e3 desta quinta-feira (12). V\u00eddeos divulgados nas redes sociais mostram uma intensa fuma\u00e7a preta no local ap\u00f3s os ve\u00edculos pegarem fogo.<\/p>\n\n\n\n<p>Segundo o Corpo de Bombeiros, a colis\u00e3o ocorreu entre um caminh\u00e3o carregado com alho e outro que transportava latas de solvente e tinta &#8211; produtos inflam\u00e1veis. Ap\u00f3s o impacto, a carga do caminh\u00e3o que transportava o material inflam\u00e1vel se incendiou. Os bombeiros j\u00e1 controlaram as chamas e est\u00e3o fazendo o recaldo.<\/p>\n\n\n\n<p>O motorista do caminh\u00e3o carregado com alho foi socorrido e encaminhado ao Hospital Regional de Betim. Ele estava consciente e apresentava fraturas nos membros inferiores. Durante o resgate, a v\u00edtima relatou que seguia no sentido S\u00e3o Paulo\/Belo Horizonte quando perdeu o freio e bateu na traseira do outro caminh\u00e3o.<\/p>\n\n\n\n<p>No momento, a pista j\u00e1 est\u00e1 liberada.<\/p>\n\n\n\n<p><\/p>\n","protected":false},"excerpt":{"rendered":"<p>IMPRESSIONANTE \u2013 Um acidente envolvendo dois caminh\u00f5es interditou a BR-381, na altura de Itaguara, na regi\u00e3o Central de Minas, na manh\u00e3 desta quinta-feira (12). V\u00eddeos divulgados nas redes sociais mostram uma intensa fuma\u00e7a preta no local ap\u00f3s os ve\u00edculos pegarem fogo. Segundo o Corpo de Bombeiros, a colis\u00e3o ocorreu entre um caminh\u00e3o carregado com alho [&hellip;]<\/p>\n","protected":false},"author":5,"featured_media":169729,"comment_status":"closed","ping_status":"open","sticky":false,"template":"","format":"standard","meta":{"advgb_blocks_editor_width":"","advgb_blocks_columns_visual_guide":"","_exactmetrics_skip_tracking":false,"_exactmetrics_sitenote_active":false,"_exactmetrics_sitenote_note":"","_exactmetrics_sitenote_category":0,"footnotes":""},"categories":[7,2],"tags":[],"class_list":["post-169727","post","type-post","status-publish","format-standard","has-post-thumbnail","hentry","category-destaques","category-noticias"],"better_featured_image":{"id":169729,"alt_text":"","caption":"","description":"","media_type":"image","media_details":{"width":1080,"height":1010,"file":"2026\/03\/CAMINHAO.mp4_snapshot_00.07.419-e1773330671700.png","filesize":356288,"sizes":{"medium":{"file":"CAMINHAO.mp4_snapshot_00.07.419-e1773330671700-321x300.png","width":321,"height":300,"mime-type":"image\/png","filesize":66953,"source_url":"https:\/\/lavras.tv\/site\/wp-content\/uploads\/2026\/03\/CAMINHAO.mp4_snapshot_00.07.419-e1773330671700-321x300.png"},"large":{"file":"CAMINHAO.mp4_snapshot_00.07.419-e1773330671700-970x907.png","width":970,"height":907,"mime-type":"image\/png","filesize":309983,"source_url":"https:\/\/lavras.tv\/site\/wp-content\/uploads\/2026\/03\/CAMINHAO.mp4_snapshot_00.07.419-e1773330671700-970x907.png"},"thumbnail":{"file":"CAMINHAO.mp4_snapshot_00.07.419-e1773330671700-160x150.png","width":160,"height":150,"mime-type":"image\/png","filesize":23892,"source_url":"https:\/\/lavras.tv\/site\/wp-content\/uploads\/2026\/03\/CAMINHAO.mp4_snapshot_00.07.419-e1773330671700-160x150.png"},"1536x1536":{"file":"CAMINHAO.mp4_snapshot_00.07.419-864x1536.png","width":864,"height":1536,"mime-type":"image\/png","filesize":428834,"source_url":"https:\/\/lavras.tv\/site\/wp-content\/uploads\/2026\/03\/CAMINHAO.mp4_snapshot_00.07.419-864x1536.png"},"alm-thumbnail":{"file":"CAMINHAO.mp4_snapshot_00.07.419-e1773330671700-150x150.png","width":150,"height":150,"mime-type":"image\/png","filesize":22900,"source_url":"https:\/\/lavras.tv\/site\/wp-content\/uploads\/2026\/03\/CAMINHAO.mp4_snapshot_00.07.419-e1773330671700-150x150.png"},"sow-carousel-default":{"file":"CAMINHAO.mp4_snapshot_00.07.419-e1773330671700-272x182.png","width":272,"height":182,"mime-type":"image\/png","filesize":43549,"source_url":"https:\/\/lavras.tv\/site\/wp-content\/uploads\/2026\/03\/CAMINHAO.mp4_snapshot_00.07.419-e1773330671700-272x182.png"}},"image_meta":{"aperture":"0","credit":"","camera":"","caption":"","created_timestamp":"0","copyright":"","focal_length":"0","iso":"0","shutter_speed":"0","title":"","orientation":"0","keywords":[]}},"post":169727,"source_url":"https:\/\/lavras.tv\/site\/wp-content\/uploads\/2026\/03\/CAMINHAO.mp4_snapshot_00.07.419-e1773330671700.png"},"author_meta":{"display_name":"Vinicius Bustamante","author_link":"https:\/\/lavras.tv\/site\/author\/vinicius-bustamante\/"},"featured_img":"https:\/\/lavras.tv\/site\/wp-content\/uploads\/2026\/03\/CAMINHAO.mp4_snapshot_00.07.419-e1773330671700-321x300.png","coauthors":[],"tax_additional":{"categories":{"linked":["<a href=\"https:\/\/lavras.tv\/site\/category\/destaques\/\" class=\"advgb-post-tax-term\">Destaques<\/a>","<a href=\"https:\/\/lavras.tv\/site\/category\/noticias\/\" class=\"advgb-post-tax-term\">Not\u00edcias<\/a>"],"unlinked":["<span class=\"advgb-post-tax-term\">Destaques<\/span>","<span class=\"advgb-post-tax-term\">Not\u00edcias<\/span>"]}},"comment_count":"0","relative_dates":{"created":"Publicado 2 meses atr\u00e1s","modified":"Atualizado 2 meses atr\u00e1s"},"absolute_dates":{"created":"Publicado em 12 de mar\u00e7o de 2026","modified":"Atualizado em 12 de mar\u00e7o de 2026"},"absolute_dates_time":{"created":"Publicado em 12 de mar\u00e7o de 2026 12:51","modified":"Atualizado em 12 de mar\u00e7o de 2026 12:51"},"featured_img_caption":"","series_order":"","_links":{"self":[{"href":"https:\/\/lavras.tv\/site\/wp-json\/wp\/v2\/posts\/169727","targetHints":{"allow":["GET"]}}],"collection":[{"href":"https:\/\/lavras.tv\/site\/wp-json\/wp\/v2\/posts"}],"about":[{"href":"https:\/\/lavras.tv\/site\/wp-json\/wp\/v2\/types\/post"}],"author":[{"embeddable":true,"href":"https:\/\/lavras.tv\/site\/wp-json\/wp\/v2\/users\/5"}],"replies":[{"embeddable":true,"href":"https:\/\/lavras.tv\/site\/wp-json\/wp\/v2\/comments?post=169727"}],"version-history":[{"count":1,"href":"https:\/\/lavras.tv\/site\/wp-json\/wp\/v2\/posts\/169727\/revisions"}],"predecessor-version":[{"id":169732,"href":"https:\/\/lavras.tv\/site\/wp-json\/wp\/v2\/posts\/169727\/revisions\/169732"}],"wp:featuredmedia":[{"embeddable":true,"href":"https:\/\/lavras.tv\/site\/wp-json\/wp\/v2\/media\/169729"}],"wp:attachment":[{"href":"https:\/\/lavras.tv\/site\/wp-json\/wp\/v2\/media?parent=169727"}],"wp:term":[{"taxonomy":"category","embeddable":true,"href":"https:\/\/lavras.tv\/site\/wp-json\/wp\/v2\/categories?post=169727"},{"taxonomy":"post_tag","embeddable":true,"href":"https:\/\/lavras.tv\/site\/wp-json\/wp\/v2\/tags?post=169727"}],"curies":[{"name":"wp","href":"https:\/\/api.w.org\/{rel}","templated":true}]}}