{"id":169733,"date":"2026-03-12T12:57:15","date_gmt":"2026-03-12T15:57:15","guid":{"rendered":"https:\/\/lavras.tv\/site\/?p=169733"},"modified":"2026-03-12T12:57:17","modified_gmt":"2026-03-12T15:57:17","slug":"com-investimento-de-r-328-milhoes-obras-da-subestacao-cachoeira-de-minas-1-seguem-em-ritmo-acelerado","status":"publish","type":"post","link":"https:\/\/lavras.tv\/site\/2026\/03\/12\/com-investimento-de-r-328-milhoes-obras-da-subestacao-cachoeira-de-minas-1-seguem-em-ritmo-acelerado\/","title":{"rendered":"Com investimento de R$ 32,8 milh\u00f5es, obras da Subesta\u00e7\u00e3o Cachoeira de Minas 1\u00a0seguem em ritmo acelerado"},"content":{"rendered":"<div class=\"lavra-antes-do-conteudo_2\" id=\"lavra-759139120\"><div id=\"lavra-slider-27\" class=\"custom-slider lavra-slider-3958114149 lavra-slider\"><ul><li><div style=\"margin-left: auto;margin-right: auto;text-align: center;\" id=\"lavra-456521840\"><a href=\"https:\/\/sistemas.lavras.mg.gov.br\/portalcidadao\/#df1b1a7c7b2a290bcb31e32771e610784662739a88807c0dacac58ede5f391a7530e299dc302d611ee73cb143fc22eaf93592e53e7b5bdb01b00a0b8d28dae460c141dd2ff83412e4dc1c31b16b25f33144a9e5620ea73b13f5bc1c59411d98439ad226e8af03840603796067d87afe130812cf3de24982d0e306f9e61e764e5\" aria-label=\"Lavras-TV&#8211;720x104px (1) (1)\"><img src=\"https:\/\/lavras.tv\/site\/wp-content\/uploads\/2025\/01\/Lavras-TV-720x104px-1-1.png\" alt=\"\"  srcset=\"https:\/\/lavras.tv\/site\/wp-content\/uploads\/2025\/01\/Lavras-TV-720x104px-1-1.png 720w, https:\/\/lavras.tv\/site\/wp-content\/uploads\/2025\/01\/Lavras-TV-720x104px-1-1-470x68.png 470w, https:\/\/lavras.tv\/site\/wp-content\/uploads\/2025\/01\/Lavras-TV-720x104px-1-1-170x25.png 170w, https:\/\/lavras.tv\/site\/wp-content\/uploads\/2025\/01\/Lavras-TV-720x104px-1-1-200x29.png 200w\" sizes=\"(max-width: 720px) 100vw, 720px\" width=\"720\" height=\"104\"  style=\"display: inline-block;\" \/><\/a><\/div><\/li><li><a href=\"https:\/\/sistemas.lavras.mg.gov.br\/portalcidadao\/#df1b1a7c7b2a290bcb31e32771e610784662739a88807c0dacac58ede5f391a7530e299dc302d611ee73cb143fc22eaf93592e53e7b5bdb01b00a0b8d28dae460c141dd2ff83412e4dc1c31b16b25f33144a9e5620ea73b13f5bc1c59411d98439ad226e8af03840603796067d87afe130812cf3de24982d0e306f9e61e764e5\" aria-label=\"Banner_Emprego_PortallavrasTV\"><img src=\"https:\/\/lavras.tv\/site\/wp-content\/uploads\/2025\/03\/Banner_Emprego_PortallavrasTV.png\" alt=\"\"  srcset=\"https:\/\/lavras.tv\/site\/wp-content\/uploads\/2025\/03\/Banner_Emprego_PortallavrasTV.png 720w, https:\/\/lavras.tv\/site\/wp-content\/uploads\/2025\/03\/Banner_Emprego_PortallavrasTV-470x68.png 470w, https:\/\/lavras.tv\/site\/wp-content\/uploads\/2025\/03\/Banner_Emprego_PortallavrasTV-170x25.png 170w, https:\/\/lavras.tv\/site\/wp-content\/uploads\/2025\/03\/Banner_Emprego_PortallavrasTV-200x29.png 200w\" sizes=\"(max-width: 720px) 100vw, 720px\" width=\"720\" height=\"104\"   \/><\/a><\/li><li><a href=\"https:\/\/sistemas.lavras.mg.gov.br\/portalcidadao\/#df1b1a7c7b2a290bcb31e32771e610784662739a88807c0dacac58ede5f391a7530e299dc302d611ee73cb143fc22eaf93592e53e7b5bdb01b00a0b8d28dae460c141dd2ff83412e4dc1c31b16b25f33144a9e5620ea73b13f5bc1c59411d98439ad226e8af03840603796067d87afe130812cf3de24982d0e306f9e61e764e5\" aria-label=\"Banner_Obras_PortallavrasTV\"><img src=\"https:\/\/lavras.tv\/site\/wp-content\/uploads\/2025\/03\/Banner_Obras_PortallavrasTV.png\" alt=\"\"  srcset=\"https:\/\/lavras.tv\/site\/wp-content\/uploads\/2025\/03\/Banner_Obras_PortallavrasTV.png 720w, https:\/\/lavras.tv\/site\/wp-content\/uploads\/2025\/03\/Banner_Obras_PortallavrasTV-470x68.png 470w, https:\/\/lavras.tv\/site\/wp-content\/uploads\/2025\/03\/Banner_Obras_PortallavrasTV-170x25.png 170w, https:\/\/lavras.tv\/site\/wp-content\/uploads\/2025\/03\/Banner_Obras_PortallavrasTV-200x29.png 200w\" sizes=\"(max-width: 720px) 100vw, 720px\" width=\"720\" height=\"104\"   \/><\/a><\/li><li><div style=\"margin-left: auto;margin-right: auto;text-align: center;\" id=\"lavra-878328295\"><a href=\"https:\/\/sistemas.lavras.mg.gov.br\/portalcidadao\/#df1b1a7c7b2a290bcb31e32771e610784662739a88807c0dacac58ede5f391a7530e299dc302d611ee73cb143fc22eaf93592e53e7b5bdb01b00a0b8d28dae460c141dd2ff83412e4dc1c31b16b25f33144a9e5620ea73b13f5bc1c59411d98439ad226e8af03840603796067d87afe130812cf3de24982d0e306f9e61e764e5\" aria-label=\"Banner_Educa\u00e7\u00e3o_PortallavrasTV\"><img src=\"https:\/\/lavras.tv\/site\/wp-content\/uploads\/2025\/01\/Banner_Educacao_PortallavrasTV.png\" alt=\"\"  srcset=\"https:\/\/lavras.tv\/site\/wp-content\/uploads\/2025\/01\/Banner_Educacao_PortallavrasTV.png 720w, https:\/\/lavras.tv\/site\/wp-content\/uploads\/2025\/01\/Banner_Educacao_PortallavrasTV-470x68.png 470w, https:\/\/lavras.tv\/site\/wp-content\/uploads\/2025\/01\/Banner_Educacao_PortallavrasTV-170x25.png 170w, https:\/\/lavras.tv\/site\/wp-content\/uploads\/2025\/01\/Banner_Educacao_PortallavrasTV-200x29.png 200w\" sizes=\"(max-width: 720px) 100vw, 720px\" width=\"720\" height=\"104\"  style=\"display: inline-block;\" \/><\/a><\/div><\/li><li><a href=\"https:\/\/sistemas.lavras.mg.gov.br\/portalcidadao\/#df1b1a7c7b2a290bcb31e32771e610784662739a88807c0dacac58ede5f391a7530e299dc302d611ee73cb143fc22eaf93592e53e7b5bdb01b00a0b8d28dae460c141dd2ff83412e4dc1c31b16b25f33144a9e5620ea73b13f5bc1c59411d98439ad226e8af03840603796067d87afe130812cf3de24982d0e306f9e61e764e5\" aria-label=\"Banner_Sa\u00fade_PortallavrasTV\"><img src=\"https:\/\/lavras.tv\/site\/wp-content\/uploads\/2025\/03\/Banner_Saude_PortallavrasTV.png\" alt=\"\"  srcset=\"https:\/\/lavras.tv\/site\/wp-content\/uploads\/2025\/03\/Banner_Saude_PortallavrasTV.png 720w, https:\/\/lavras.tv\/site\/wp-content\/uploads\/2025\/03\/Banner_Saude_PortallavrasTV-470x68.png 470w, https:\/\/lavras.tv\/site\/wp-content\/uploads\/2025\/03\/Banner_Saude_PortallavrasTV-170x25.png 170w, https:\/\/lavras.tv\/site\/wp-content\/uploads\/2025\/03\/Banner_Saude_PortallavrasTV-200x29.png 200w\" sizes=\"(max-width: 720px) 100vw, 720px\" width=\"720\" height=\"104\"   \/><\/a><\/li><li><div id=\"lavra-4104274278\" style=\"width:720px;height:104px;background-color:#ddd;overflow:scroll;\">\n\t<strong>Sa\u00edda da depura\u00e7\u00e3o de an\u00fancios<\/strong>\n\t<br><br>\n\tO an\u00fancio n\u00e3o \u00e9 exibido na p\u00e1gina<br><br>post atual: Com investimento de R$ 32,8 milh\u00f5es, obras da Subesta\u00e7\u00e3o Cachoeira de Minas 1\u00a0seguem em ritmo acelerado, ID: 169733<br><br><span style=\"color: red;\">O post atual n\u00e3o \u00e9 id\u00eantico ao post principal.<\/span><br><br>An\u00fancios: ROXO - TOPO INTERNA - ROTATIVO 2 (197)<br \/>Grupo de an\u00fancios: Princ_Meio01_720x104 (27)<br><br>Condi\u00e7\u00f5es de exibi\u00e7\u00e3o<div style=\"margin-bottom: 20px; white-space: pre-wrap; font-family: monospace; width: 100%; background: #ffe9e9;\"><strong>condi\u00e7\u00f5es gerais<\/strong><table border=\"1\"><thead><tr><th><\/th><th>An\u00fancios<\/th><th>wp_the_query<\/th><\/tr><\/thead><tr><td>is_main_query<\/td><td>1<\/td><td>1<\/td><\/tr><tr><td>is_rest_api<\/td><td>0<\/td><td>1<\/td><\/tr><tr><td>page<\/td><td>0<\/td><td>1<\/td><\/tr><tr><td>numpages<\/td><td>0<\/td><td>1<\/td><\/tr><tr><td>is_archive<\/td><td>1<\/td><td><\/td><\/tr><tr><td>is_search<\/td><td>1<\/td><td><\/td><\/tr><tr><td>is_home<\/td><td>1<\/td><td><\/td><\/tr><tr><td>is_404<\/td><td>1<\/td><td><\/td><\/tr><tr><td>is_attachment<\/td><td>1<\/td><td><\/td><\/tr><tr><td>is_singular<\/td><td>1<\/td><td><\/td><\/tr><tr><td>is_front_page<\/td><td>1<\/td><td><\/td><\/tr><tr><td>is_feed<\/td><td>1<\/td><td><\/td><\/tr><\/table><\/div><br><br><span style=\"color: red;\">Seu site usa HTTPS, mas o c\u00f3digo do an\u00fancio cont\u00e9m HTTP e pode n\u00e3o funcionar.<\/span>\t<br><br>\n\t<a style=\"color: green;\" href=\"https:\/\/wpadvancedads.com\/manual\/ad-debug-mode\/?utm_source=advanced-ads&utm_medium=link&utm_campaign=ad-debug-mode\" target=\"_blank\" rel=\"nofollow\">Encontre solu\u00e7\u00f5es no manual<\/a>\n<\/div>\n<\/li><\/ul><\/div><script>( window.advanced_ads_ready || jQuery( document ).ready ).call( null, function() {var $lavraslider3958114149 = jQuery( \".lavra-slider-3958114149\" );$lavraslider3958114149.on( \"unslider.ready\", function() { jQuery( \"div.custom-slider ul li\" ).css( \"display\", \"block\" ); });$lavraslider3958114149.unslider({ delay:4000, autoplay:true, nav:false, arrows:false, infinite:true });$lavraslider3958114149.on(\"mouseover\", function() {$lavraslider3958114149.unslider(\"stop\");}).on(\"mouseout\", function() {$lavraslider3958114149.unslider(\"start\");});});<\/script><\/div>\n<p><em>Empreendimento da Cemig deve ser energizado ainda no primeiro semestre de 2026 e ir\u00e1 refor\u00e7ar o fornecimento de energia no Sul de Minas, beneficiando 20 mil habitantes<\/em><\/p>\n\n\n\n<figure class=\"wp-block-gallery has-nested-images columns-default is-cropped wp-block-gallery-1 is-layout-flex wp-block-gallery-is-layout-flex\">\n<figure class=\"wp-block-image size-large\"><img fetchpriority=\"high\" decoding=\"async\" width=\"970\" height=\"728\" data-id=\"169734\" src=\"https:\/\/lavras.tv\/site\/wp-content\/uploads\/2026\/03\/SE-Cachoeira-de-Minas-970x728.jpg\" alt=\"\" class=\"wp-image-169734\" srcset=\"https:\/\/lavras.tv\/site\/wp-content\/uploads\/2026\/03\/SE-Cachoeira-de-Minas-970x728.jpg 970w, https:\/\/lavras.tv\/site\/wp-content\/uploads\/2026\/03\/SE-Cachoeira-de-Minas-400x300.jpg 400w, https:\/\/lavras.tv\/site\/wp-content\/uploads\/2026\/03\/SE-Cachoeira-de-Minas-170x128.jpg 170w, https:\/\/lavras.tv\/site\/wp-content\/uploads\/2026\/03\/SE-Cachoeira-de-Minas.jpg 1280w\" sizes=\"(max-width: 970px) 100vw, 970px\" \/><\/figure>\n\n\n\n<figure class=\"wp-block-image size-large\"><img decoding=\"async\" width=\"970\" height=\"728\" data-id=\"169735\" src=\"https:\/\/lavras.tv\/site\/wp-content\/uploads\/2026\/03\/SE-Cachoeira-de-MInas-1-970x728.jpg\" alt=\"\" class=\"wp-image-169735\" srcset=\"https:\/\/lavras.tv\/site\/wp-content\/uploads\/2026\/03\/SE-Cachoeira-de-MInas-1-970x728.jpg 970w, https:\/\/lavras.tv\/site\/wp-content\/uploads\/2026\/03\/SE-Cachoeira-de-MInas-1-400x300.jpg 400w, https:\/\/lavras.tv\/site\/wp-content\/uploads\/2026\/03\/SE-Cachoeira-de-MInas-1-170x128.jpg 170w, https:\/\/lavras.tv\/site\/wp-content\/uploads\/2026\/03\/SE-Cachoeira-de-MInas-1.jpg 1280w\" sizes=\"(max-width: 970px) 100vw, 970px\" \/><\/figure>\n<\/figure>\n\n\n\n<p>As obras da primeira Subesta\u00e7\u00e3o (SE) de Cachoeira de Minas, no Sul do estado, seguem em ritmo acelerado. Com previs\u00e3o de entrega no primeiro semestre de 2026 e um investimento de R$ 32,8 milh\u00f5es, da Cemig, a infraestrutura beneficiar\u00e1 cerca de 20 mil habitantes, ampliando a oferta e a confiabilidade do fornecimento de energia el\u00e9trica na regi\u00e3o.<\/p>\n\n\n\n<p>O empreendimento adicionar\u00e1 15 MVA ao sistema para atender a popula\u00e7\u00e3o de Cachoeira de Minas e Concei\u00e7\u00e3o dos Ouros, para suprir a demanda de clientes atuais e futuros, al\u00e9m de aliviar a carga em Pouso Alegre e Santa Rita do Sapuca\u00ed. A SE tamb\u00e9m contar\u00e1 com quatro alimentadores, respons\u00e1veis por transportar a eletricidade da subesta\u00e7\u00e3o at\u00e9 os pontos de distribui\u00e7\u00e3o.<\/p>\n\n\n\n<p>Atualmente, as obras est\u00e3o voltadas para a instala\u00e7\u00e3o da Subesta\u00e7\u00e3o El\u00e9trica Compacta Integrada (Seci), que otimiza o espa\u00e7o e aumenta a efici\u00eancia operacional, al\u00e9m de finaliza\u00e7\u00e3o da estrutura met\u00e1lica local.<\/p>\n\n\n\n<p>&#8220;Com a Subesta\u00e7\u00e3o Cachoeira de Minas 1, entregaremos mais robustez ao sistema el\u00e9trico da regi\u00e3o, garantindo maior confiabilidade e qualidade no fornecimento de energia para a popula\u00e7\u00e3o.&#8221;, afirma Bruno Ferrarezi, Gerente de Distribui\u00e7\u00e3o de Alta Tens\u00e3o da Cemig.<\/p>\n\n\n\n<p><strong>Programa Mais Energia<\/strong><\/p>\n\n\n\n<p>O Programa Mais Energia da Cemig prev\u00ea a constru\u00e7\u00e3o de 200 novas subesta\u00e7\u00f5es el\u00e9tricas em Minas Gerais at\u00e9 2027, ampliando a oferta de energia e fortalecendo a infraestrutura el\u00e9trica em todas as regi\u00f5es da \u00e1rea de concess\u00e3o da companhia. Com isso, o estado passar\u00e1 a contar com 615 subesta\u00e7\u00f5es em opera\u00e7\u00e3o.<\/p>\n","protected":false},"excerpt":{"rendered":"<p>Empreendimento da Cemig deve ser energizado ainda no primeiro semestre de 2026 e ir\u00e1 refor\u00e7ar o fornecimento de energia no Sul de Minas, beneficiando 20 mil habitantes As obras da primeira Subesta\u00e7\u00e3o (SE) de Cachoeira de Minas, no Sul do estado, seguem em ritmo acelerado. Com previs\u00e3o de entrega no primeiro semestre de 2026 e [&hellip;]<\/p>\n","protected":false},"author":5,"featured_media":169734,"comment_status":"closed","ping_status":"open","sticky":false,"template":"","format":"standard","meta":{"advgb_blocks_editor_width":"","advgb_blocks_columns_visual_guide":"","_exactmetrics_skip_tracking":false,"_exactmetrics_sitenote_active":false,"_exactmetrics_sitenote_note":"","_exactmetrics_sitenote_category":0,"footnotes":""},"categories":[7,2],"tags":[],"class_list":["post-169733","post","type-post","status-publish","format-standard","has-post-thumbnail","hentry","category-destaques","category-noticias"],"better_featured_image":{"id":169734,"alt_text":"","caption":"","description":"","media_type":"image","media_details":{"width":1280,"height":960,"file":"2026\/03\/SE-Cachoeira-de-Minas.jpg","filesize":200132,"sizes":{"medium":{"file":"SE-Cachoeira-de-Minas-400x300.jpg","width":400,"height":300,"mime-type":"image\/jpeg","filesize":30790,"source_url":"https:\/\/lavras.tv\/site\/wp-content\/uploads\/2026\/03\/SE-Cachoeira-de-Minas-400x300.jpg"},"large":{"file":"SE-Cachoeira-de-Minas-970x728.jpg","width":970,"height":728,"mime-type":"image\/jpeg","filesize":139608,"source_url":"https:\/\/lavras.tv\/site\/wp-content\/uploads\/2026\/03\/SE-Cachoeira-de-Minas-970x728.jpg"},"thumbnail":{"file":"SE-Cachoeira-de-Minas-170x128.jpg","width":170,"height":128,"mime-type":"image\/jpeg","filesize":7197,"source_url":"https:\/\/lavras.tv\/site\/wp-content\/uploads\/2026\/03\/SE-Cachoeira-de-Minas-170x128.jpg"},"alm-thumbnail":{"file":"SE-Cachoeira-de-Minas-150x150.jpg","width":150,"height":150,"mime-type":"image\/jpeg","filesize":7353,"source_url":"https:\/\/lavras.tv\/site\/wp-content\/uploads\/2026\/03\/SE-Cachoeira-de-Minas-150x150.jpg"},"sow-carousel-default":{"file":"SE-Cachoeira-de-Minas-272x182.jpg","width":272,"height":182,"mime-type":"image\/jpeg","filesize":14233,"source_url":"https:\/\/lavras.tv\/site\/wp-content\/uploads\/2026\/03\/SE-Cachoeira-de-Minas-272x182.jpg"}},"image_meta":{"aperture":"0","credit":"","camera":"","caption":"","created_timestamp":"0","copyright":"","focal_length":"0","iso":"0","shutter_speed":"0","title":"","orientation":"0","keywords":[]}},"post":169733,"source_url":"https:\/\/lavras.tv\/site\/wp-content\/uploads\/2026\/03\/SE-Cachoeira-de-Minas.jpg"},"author_meta":{"display_name":"Vinicius Bustamante","author_link":"https:\/\/lavras.tv\/site\/author\/vinicius-bustamante\/"},"featured_img":"https:\/\/lavras.tv\/site\/wp-content\/uploads\/2026\/03\/SE-Cachoeira-de-Minas-400x300.jpg","coauthors":[],"tax_additional":{"categories":{"linked":["<a href=\"https:\/\/lavras.tv\/site\/category\/destaques\/\" class=\"advgb-post-tax-term\">Destaques<\/a>","<a href=\"https:\/\/lavras.tv\/site\/category\/noticias\/\" class=\"advgb-post-tax-term\">Not\u00edcias<\/a>"],"unlinked":["<span class=\"advgb-post-tax-term\">Destaques<\/span>","<span class=\"advgb-post-tax-term\">Not\u00edcias<\/span>"]}},"comment_count":"0","relative_dates":{"created":"Publicado 2 meses atr\u00e1s","modified":"Atualizado 2 meses atr\u00e1s"},"absolute_dates":{"created":"Publicado em 12 de mar\u00e7o de 2026","modified":"Atualizado em 12 de mar\u00e7o de 2026"},"absolute_dates_time":{"created":"Publicado em 12 de mar\u00e7o de 2026 12:57","modified":"Atualizado em 12 de mar\u00e7o de 2026 12:57"},"featured_img_caption":"","series_order":"","_links":{"self":[{"href":"https:\/\/lavras.tv\/site\/wp-json\/wp\/v2\/posts\/169733","targetHints":{"allow":["GET"]}}],"collection":[{"href":"https:\/\/lavras.tv\/site\/wp-json\/wp\/v2\/posts"}],"about":[{"href":"https:\/\/lavras.tv\/site\/wp-json\/wp\/v2\/types\/post"}],"author":[{"embeddable":true,"href":"https:\/\/lavras.tv\/site\/wp-json\/wp\/v2\/users\/5"}],"replies":[{"embeddable":true,"href":"https:\/\/lavras.tv\/site\/wp-json\/wp\/v2\/comments?post=169733"}],"version-history":[{"count":1,"href":"https:\/\/lavras.tv\/site\/wp-json\/wp\/v2\/posts\/169733\/revisions"}],"predecessor-version":[{"id":169736,"href":"https:\/\/lavras.tv\/site\/wp-json\/wp\/v2\/posts\/169733\/revisions\/169736"}],"wp:featuredmedia":[{"embeddable":true,"href":"https:\/\/lavras.tv\/site\/wp-json\/wp\/v2\/media\/169734"}],"wp:attachment":[{"href":"https:\/\/lavras.tv\/site\/wp-json\/wp\/v2\/media?parent=169733"}],"wp:term":[{"taxonomy":"category","embeddable":true,"href":"https:\/\/lavras.tv\/site\/wp-json\/wp\/v2\/categories?post=169733"},{"taxonomy":"post_tag","embeddable":true,"href":"https:\/\/lavras.tv\/site\/wp-json\/wp\/v2\/tags?post=169733"}],"curies":[{"name":"wp","href":"https:\/\/api.w.org\/{rel}","templated":true}]}}