{"id":169737,"date":"2026-03-12T13:00:49","date_gmt":"2026-03-12T16:00:49","guid":{"rendered":"https:\/\/lavras.tv\/site\/?p=169737"},"modified":"2026-03-12T13:00:51","modified_gmt":"2026-03-12T16:00:51","slug":"minas-gerais-amplia-inclusao-de-mais-de-60-mil-pessoas-com-transtorno-do-espectro-autista","status":"publish","type":"post","link":"https:\/\/lavras.tv\/site\/2026\/03\/12\/minas-gerais-amplia-inclusao-de-mais-de-60-mil-pessoas-com-transtorno-do-espectro-autista\/","title":{"rendered":"Minas Gerais amplia inclus\u00e3o de mais de 60 mil pessoas com transtorno do espectro autista"},"content":{"rendered":"<div class=\"lavra-antes-do-conteudo_2\" id=\"lavra-1879326512\"><div id=\"lavra-slider-27\" class=\"custom-slider lavra-slider-2457744869 lavra-slider\"><ul><li><div style=\"margin-left: auto;margin-right: auto;text-align: center;\" id=\"lavra-2278742372\"><a href=\"https:\/\/sistemas.lavras.mg.gov.br\/portalcidadao\/#df1b1a7c7b2a290bcb31e32771e610784662739a88807c0dacac58ede5f391a7530e299dc302d611ee73cb143fc22eaf93592e53e7b5bdb01b00a0b8d28dae460c141dd2ff83412e4dc1c31b16b25f33144a9e5620ea73b13f5bc1c59411d98439ad226e8af03840603796067d87afe130812cf3de24982d0e306f9e61e764e5\" aria-label=\"Lavras-TV&#8211;720x104px (1) (1)\"><img src=\"https:\/\/lavras.tv\/site\/wp-content\/uploads\/2025\/01\/Lavras-TV-720x104px-1-1.png\" alt=\"\"  srcset=\"https:\/\/lavras.tv\/site\/wp-content\/uploads\/2025\/01\/Lavras-TV-720x104px-1-1.png 720w, https:\/\/lavras.tv\/site\/wp-content\/uploads\/2025\/01\/Lavras-TV-720x104px-1-1-470x68.png 470w, https:\/\/lavras.tv\/site\/wp-content\/uploads\/2025\/01\/Lavras-TV-720x104px-1-1-170x25.png 170w, https:\/\/lavras.tv\/site\/wp-content\/uploads\/2025\/01\/Lavras-TV-720x104px-1-1-200x29.png 200w\" sizes=\"(max-width: 720px) 100vw, 720px\" width=\"720\" height=\"104\"  style=\"display: inline-block;\" \/><\/a><\/div><\/li><li><a href=\"https:\/\/sistemas.lavras.mg.gov.br\/portalcidadao\/#df1b1a7c7b2a290bcb31e32771e610784662739a88807c0dacac58ede5f391a7530e299dc302d611ee73cb143fc22eaf93592e53e7b5bdb01b00a0b8d28dae460c141dd2ff83412e4dc1c31b16b25f33144a9e5620ea73b13f5bc1c59411d98439ad226e8af03840603796067d87afe130812cf3de24982d0e306f9e61e764e5\" aria-label=\"Banner_Emprego_PortallavrasTV\"><img src=\"https:\/\/lavras.tv\/site\/wp-content\/uploads\/2025\/03\/Banner_Emprego_PortallavrasTV.png\" alt=\"\"  srcset=\"https:\/\/lavras.tv\/site\/wp-content\/uploads\/2025\/03\/Banner_Emprego_PortallavrasTV.png 720w, https:\/\/lavras.tv\/site\/wp-content\/uploads\/2025\/03\/Banner_Emprego_PortallavrasTV-470x68.png 470w, https:\/\/lavras.tv\/site\/wp-content\/uploads\/2025\/03\/Banner_Emprego_PortallavrasTV-170x25.png 170w, https:\/\/lavras.tv\/site\/wp-content\/uploads\/2025\/03\/Banner_Emprego_PortallavrasTV-200x29.png 200w\" sizes=\"(max-width: 720px) 100vw, 720px\" width=\"720\" height=\"104\"   \/><\/a><\/li><li><a href=\"https:\/\/sistemas.lavras.mg.gov.br\/portalcidadao\/#df1b1a7c7b2a290bcb31e32771e610784662739a88807c0dacac58ede5f391a7530e299dc302d611ee73cb143fc22eaf93592e53e7b5bdb01b00a0b8d28dae460c141dd2ff83412e4dc1c31b16b25f33144a9e5620ea73b13f5bc1c59411d98439ad226e8af03840603796067d87afe130812cf3de24982d0e306f9e61e764e5\" aria-label=\"Banner_Obras_PortallavrasTV\"><img src=\"https:\/\/lavras.tv\/site\/wp-content\/uploads\/2025\/03\/Banner_Obras_PortallavrasTV.png\" alt=\"\"  srcset=\"https:\/\/lavras.tv\/site\/wp-content\/uploads\/2025\/03\/Banner_Obras_PortallavrasTV.png 720w, https:\/\/lavras.tv\/site\/wp-content\/uploads\/2025\/03\/Banner_Obras_PortallavrasTV-470x68.png 470w, https:\/\/lavras.tv\/site\/wp-content\/uploads\/2025\/03\/Banner_Obras_PortallavrasTV-170x25.png 170w, https:\/\/lavras.tv\/site\/wp-content\/uploads\/2025\/03\/Banner_Obras_PortallavrasTV-200x29.png 200w\" sizes=\"(max-width: 720px) 100vw, 720px\" width=\"720\" height=\"104\"   \/><\/a><\/li><li><div style=\"margin-left: auto;margin-right: auto;text-align: center;\" id=\"lavra-1408810058\"><a href=\"https:\/\/sistemas.lavras.mg.gov.br\/portalcidadao\/#df1b1a7c7b2a290bcb31e32771e610784662739a88807c0dacac58ede5f391a7530e299dc302d611ee73cb143fc22eaf93592e53e7b5bdb01b00a0b8d28dae460c141dd2ff83412e4dc1c31b16b25f33144a9e5620ea73b13f5bc1c59411d98439ad226e8af03840603796067d87afe130812cf3de24982d0e306f9e61e764e5\" aria-label=\"Banner_Educa\u00e7\u00e3o_PortallavrasTV\"><img src=\"https:\/\/lavras.tv\/site\/wp-content\/uploads\/2025\/01\/Banner_Educacao_PortallavrasTV.png\" alt=\"\"  srcset=\"https:\/\/lavras.tv\/site\/wp-content\/uploads\/2025\/01\/Banner_Educacao_PortallavrasTV.png 720w, https:\/\/lavras.tv\/site\/wp-content\/uploads\/2025\/01\/Banner_Educacao_PortallavrasTV-470x68.png 470w, https:\/\/lavras.tv\/site\/wp-content\/uploads\/2025\/01\/Banner_Educacao_PortallavrasTV-170x25.png 170w, https:\/\/lavras.tv\/site\/wp-content\/uploads\/2025\/01\/Banner_Educacao_PortallavrasTV-200x29.png 200w\" sizes=\"(max-width: 720px) 100vw, 720px\" width=\"720\" height=\"104\"  style=\"display: inline-block;\" \/><\/a><\/div><\/li><li><a href=\"https:\/\/sistemas.lavras.mg.gov.br\/portalcidadao\/#df1b1a7c7b2a290bcb31e32771e610784662739a88807c0dacac58ede5f391a7530e299dc302d611ee73cb143fc22eaf93592e53e7b5bdb01b00a0b8d28dae460c141dd2ff83412e4dc1c31b16b25f33144a9e5620ea73b13f5bc1c59411d98439ad226e8af03840603796067d87afe130812cf3de24982d0e306f9e61e764e5\" aria-label=\"Banner_Sa\u00fade_PortallavrasTV\"><img src=\"https:\/\/lavras.tv\/site\/wp-content\/uploads\/2025\/03\/Banner_Saude_PortallavrasTV.png\" alt=\"\"  srcset=\"https:\/\/lavras.tv\/site\/wp-content\/uploads\/2025\/03\/Banner_Saude_PortallavrasTV.png 720w, https:\/\/lavras.tv\/site\/wp-content\/uploads\/2025\/03\/Banner_Saude_PortallavrasTV-470x68.png 470w, https:\/\/lavras.tv\/site\/wp-content\/uploads\/2025\/03\/Banner_Saude_PortallavrasTV-170x25.png 170w, https:\/\/lavras.tv\/site\/wp-content\/uploads\/2025\/03\/Banner_Saude_PortallavrasTV-200x29.png 200w\" sizes=\"(max-width: 720px) 100vw, 720px\" width=\"720\" height=\"104\"   \/><\/a><\/li><li><div id=\"lavra-2494464373\" style=\"width:720px;height:104px;background-color:#ddd;overflow:scroll;\">\n\t<strong>Sa\u00edda da depura\u00e7\u00e3o de an\u00fancios<\/strong>\n\t<br><br>\n\tO an\u00fancio n\u00e3o \u00e9 exibido na p\u00e1gina<br><br>post atual: Minas Gerais amplia inclus\u00e3o de mais de 60 mil pessoas com transtorno do espectro autista, ID: 169737<br><br><span style=\"color: red;\">O post atual n\u00e3o \u00e9 id\u00eantico ao post principal.<\/span><br><br>An\u00fancios: ROXO - TOPO INTERNA - ROTATIVO 2 (197)<br \/>Grupo de an\u00fancios: Princ_Meio01_720x104 (27)<br><br>Condi\u00e7\u00f5es de exibi\u00e7\u00e3o<div style=\"margin-bottom: 20px; white-space: pre-wrap; font-family: monospace; width: 100%; background: #ffe9e9;\"><strong>condi\u00e7\u00f5es gerais<\/strong><table border=\"1\"><thead><tr><th><\/th><th>An\u00fancios<\/th><th>wp_the_query<\/th><\/tr><\/thead><tr><td>is_main_query<\/td><td>1<\/td><td>1<\/td><\/tr><tr><td>is_rest_api<\/td><td>0<\/td><td>1<\/td><\/tr><tr><td>page<\/td><td>0<\/td><td>1<\/td><\/tr><tr><td>numpages<\/td><td>0<\/td><td>1<\/td><\/tr><tr><td>is_archive<\/td><td>1<\/td><td><\/td><\/tr><tr><td>is_search<\/td><td>1<\/td><td><\/td><\/tr><tr><td>is_home<\/td><td>1<\/td><td><\/td><\/tr><tr><td>is_404<\/td><td>1<\/td><td><\/td><\/tr><tr><td>is_attachment<\/td><td>1<\/td><td><\/td><\/tr><tr><td>is_singular<\/td><td>1<\/td><td><\/td><\/tr><tr><td>is_front_page<\/td><td>1<\/td><td><\/td><\/tr><tr><td>is_feed<\/td><td>1<\/td><td><\/td><\/tr><\/table><\/div><br><br><span style=\"color: red;\">Seu site usa HTTPS, mas o c\u00f3digo do an\u00fancio cont\u00e9m HTTP e pode n\u00e3o funcionar.<\/span>\t<br><br>\n\t<a style=\"color: green;\" href=\"https:\/\/wpadvancedads.com\/manual\/ad-debug-mode\/?utm_source=advanced-ads&utm_medium=link&utm_campaign=ad-debug-mode\" target=\"_blank\" rel=\"nofollow\">Encontre solu\u00e7\u00f5es no manual<\/a>\n<\/div>\n<\/li><\/ul><\/div><script>( window.advanced_ads_ready || jQuery( document ).ready ).call( null, function() {var $lavraslider2457744869 = jQuery( \".lavra-slider-2457744869\" );$lavraslider2457744869.on( \"unslider.ready\", function() { jQuery( \"div.custom-slider ul li\" ).css( \"display\", \"block\" ); });$lavraslider2457744869.unslider({ delay:4000, autoplay:true, nav:false, arrows:false, infinite:true });$lavraslider2457744869.on(\"mouseover\", function() {$lavraslider2457744869.unslider(\"stop\");}).on(\"mouseout\", function() {$lavraslider2457744869.unslider(\"start\");});});<\/script><\/div>\n<h2 class=\"wp-block-heading\">Carteira emitida pela Sedese est\u00e1 presente em 830 munic\u00edpios; Estado tamb\u00e9m promove capacita\u00e7\u00e3o de For\u00e7as de Seguran\u00e7a para abordagem humanizada a pessoas com TEA<\/h2>\n\n\n\n<figure class=\"wp-block-image\"><img decoding=\"async\" src=\"https:\/\/www.agenciaminas.mg.gov.br\/system\/news\/images\/000\/129\/329\/large\/Katariny_Matos_-_Foto_Arquivo_Pessoal_-_Divulga%C3%A7%C3%A3o.jpg?1773263769\" alt=\"imagem de destaque\"\/><\/figure>\n\n\n\n<p>Mais de 60 mil mineiros com Transtorno do Espectro Autista (TEA) j\u00e1 contam com um instrumento importante para garantir inclus\u00e3o, seguran\u00e7a e acesso a direitos no dia a dia. Desde 2021, o&nbsp;<a href=\"https:\/\/www.mg.gov.br\/\" rel=\"noreferrer noopener\" target=\"_blank\">Governo de Minas<\/a>&nbsp;emitiu 60.731 Carteiras de Identifica\u00e7\u00e3o da Pessoa com Transtorno do Espectro Autista (Ciptea), impactando a vida de mineiros em 830 munic\u00edpios.<\/p>\n\n\n\n<p>Em Ara\u00e7ua\u00ed, no Vale do Jequitinhonha, a pequena Clara Matos tem motivo duplo para comemorar: ela completou 7 anos nessa quarta-feira (11\/3) celebrando tamb\u00e9m os benef\u00edcios que a Ciptea trouxe para o seu dia a dia. A m\u00e3e, Katariny Matos, conta que a fam\u00edlia aderiu ao documento em 2022 e desde ent\u00e3o percebeu diferen\u00e7a significativa no acesso aos servi\u00e7os.<\/p>\n\n\n\n<p>&#8220;A Ciptea nos ajuda muito, porque com a carteira n\u00e3o precisamos apresentar laudos para comprovar que ela se enquadra no espectro autista. Todo o atendimento da minha filha \u00e9 facilitado quando apresentamos a Ciptea. A pr\u00f3pria Clara apresenta o documento em parques, servi\u00e7os p\u00fablicos e at\u00e9 em passagens a\u00e9reas&#8221;, relata a m\u00e3e.<\/p>\n\n\n\n<p>A iniciativa liderada pela&nbsp;<a href=\"https:\/\/social.mg.gov.br\/\" rel=\"noreferrer noopener\" target=\"_blank\">Secretaria de Estado de Desenvolvimento Social (Sedese)<\/a>, em parceria com a&nbsp;<a href=\"https:\/\/www.mg.gov.br\/planejamento\" rel=\"noreferrer noopener\" target=\"_blank\">Secretaria de Estado de Planejamento e Gest\u00e3o (Seplag)<\/a>, refor\u00e7a o compromisso do Governo de Minas com a acessibilidade e a garantia de direitos das pessoas com autismo.<\/p>\n\n\n\n<p>&#8220;Nossa gest\u00e3o trabalha para que Minas seja, cada vez mais, um estado que acolhe e respeita a todos. A Ciptea \u00e9 um s\u00edmbolo desse cuidado. Eliminamos burocracias e garantimos que todos tenham dignidade&#8221;, afirma o governador Romeu Zema.<\/p>\n\n\n\n<p>O vice-governador Mateus Sim\u00f5es refor\u00e7a que a iniciativa vai al\u00e9m do documento, sendo um pilar fundamental para a cidadania:<\/p>\n\n\n\n<p>&#8220;Estamos avan\u00e7ando na constru\u00e7\u00e3o de um estado mais justo. A Ciptea garante o direito para as pessoas com TEA e suas fam\u00edlias. Queremos que cada fam\u00edlia mineira sinta que o Estado \u00e9 parceiro na busca por uma vida com menos barreiras e mais autonomia&#8221;, destaca o vice-governador Mateus Sim\u00f5es.<\/p>\n\n\n\n<p>Para a secret\u00e1ria de Estado de Desenvolvimento Social, Al\u00ea Portela, o alcance da iniciativa demonstra o avan\u00e7o das pol\u00edticas p\u00fablicas de inclus\u00e3o no estado.<\/p>\n\n\n\n<p>&#8220;As mais de 61 mil Cipteas emitidas s\u00e3o um marco que nos orgulha muito. Desde 2021, esse documento garante mais direitos, prioridade no atendimento e mais respeito no dia a dia das pessoas autistas e de suas fam\u00edlias. Tudo para dar mais visibilidade \u00e0s pessoas com TEA e avan\u00e7ar na inclus\u00e3o em todo o estado&#8221;, destaca Al\u00ea Portela.<\/p>\n\n\n\n<p><strong>Atendimento humanizado<\/strong><\/p>\n\n\n\n<p>Nessa quarta-feira (11\/3), a Sedese realizou a capacita\u00e7\u00e3o &#8220;Atendimento Humanizado a Pessoas com TEA&#8221;, na Cidade Administrativa, em Belo Horizonte, reunindo servidores da seguran\u00e7a p\u00fablica. Participaram profissionais da&nbsp;<a href=\"https:\/\/www.policiamilitar.mg.gov.br\/\" target=\"_blank\" rel=\"noreferrer noopener\">Pol\u00edcia Militar (PMMG)<\/a>,&nbsp;<a href=\"https:\/\/www.policiacivil.mg.gov.br\/\" target=\"_blank\" rel=\"noreferrer noopener\">Pol\u00edcia Civil (PCMG)<\/a>,&nbsp;<a href=\"https:\/\/www.bombeiros.mg.gov.br\/\" target=\"_blank\" rel=\"noreferrer noopener\">Corpo de Bombeiros (CBMMG)<\/a>,&nbsp;<a href=\"https:\/\/depen.seguranca.mg.gov.br\/\" target=\"_blank\" rel=\"noreferrer noopener\">Pol\u00edcia Penal<\/a>, Sistema Socioeducativo e Pol\u00edcia Federal.<\/p>\n\n\n\n<p>Eduardo dos Santos, guarda civil em Sabar\u00e1 e pessoa no espectro autista, destacou a relev\u00e2ncia da forma\u00e7\u00e3o:&nbsp;&#8221;&nbsp;\u00c9 muito importante essa iniciativa do Governo de Minas.&nbsp;N\u00f3s lidamos diariamente com crian\u00e7as com TEA, e essa capacita\u00e7\u00e3o vem fortalecer a patrulha escolar. Como sou autista, muitas crian\u00e7as se espelham em mim\u201d, ressaltou Eduardo.<\/p>\n\n\n\n<p>A programa\u00e7\u00e3o contou com palestras sobre os aspectos neurol\u00f3gicos e comportamentais da pessoa com TEA, e tamb\u00e9m abordou o atendimento humanizado. A assessora t\u00e9cnica da Sedese e m\u00e3e at\u00edpica, Priscilla Rold\u00e3o, refor\u00e7ou que \u201cessa capacita\u00e7\u00e3o \u00e9 muito importante, porque tiramos a legisla\u00e7\u00e3o do papel e trazemos para a execu\u00e7\u00e3o. Estes profissionais precisam estar capacitados, porque s\u00f3 com o conhecimento n\u00f3s podemos levar inclus\u00e3o para todos\u201d, enfatizou Priscilla.&nbsp;<\/p>\n\n\n\n<p><strong>Mais seguran\u00e7a e autonomia<\/strong><\/p>\n\n\n\n<p>A Ciptea re\u00fane informa\u00e7\u00f5es da pessoa com TEA, contato de emerg\u00eancia e, se necess\u00e1rio, dados do representante legal ou cuidador. No ano passado, o documento passou a contar com uma atualiza\u00e7\u00e3o importante: a inclus\u00e3o do C\u00f3digo Internacional de Doen\u00e7as (CID), o que facilita ainda mais a identifica\u00e7\u00e3o da condi\u00e7\u00e3o e o acesso a servi\u00e7os p\u00fablicos e privados.<\/p>\n\n\n\n<p>A carteira tamb\u00e9m oferece mais praticidade no cotidiano, evitando a necessidade de apresentar repetidamente laudos m\u00e9dicos para comprovar a condi\u00e7\u00e3o de pessoa com TEA em diferentes situa\u00e7\u00f5es.<\/p>\n\n\n\n<p><strong>Como solicitar a Ciptea<\/strong><\/p>\n\n\n\n<p>A Ciptea pode ser solicitada pelo aplicativo MG App, pelo site&nbsp;<a href=\"https:\/\/cidadao.mg.gov.br\/#\/login\" rel=\"noreferrer noopener\" target=\"_blank\">cidadao.m<\/a><a href=\"https:\/\/cidadao.mg.gov.br\/#\/login\" rel=\"noreferrer noopener\" target=\"_blank\">g<\/a>&nbsp;ou presencialmente nas&nbsp;<a href=\"https:\/\/www.mg.gov.br\/pagina\/unidades-de-atendimento-integrado-uai\" rel=\"noreferrer noopener\" target=\"_blank\">Unidades de Atendimento Integrado (UAIs)<\/a>. O documento \u00e9 emitido de forma digital e funciona como ferramenta de inclus\u00e3o e cidadania, garantindo que pessoas com TEA tenham seus direitos respeitados em diferentes espa\u00e7os.<\/p>\n","protected":false},"excerpt":{"rendered":"<p>Carteira emitida pela Sedese est\u00e1 presente em 830 munic\u00edpios; Estado tamb\u00e9m promove capacita\u00e7\u00e3o de For\u00e7as de Seguran\u00e7a para abordagem humanizada a pessoas com TEA Mais de 60 mil mineiros com Transtorno do Espectro Autista (TEA) j\u00e1 contam com um instrumento importante para garantir inclus\u00e3o, seguran\u00e7a e acesso a direitos no dia a dia. Desde 2021, [&hellip;]<\/p>\n","protected":false},"author":5,"featured_media":169738,"comment_status":"closed","ping_status":"open","sticky":false,"template":"","format":"standard","meta":{"advgb_blocks_editor_width":"","advgb_blocks_columns_visual_guide":"","_exactmetrics_skip_tracking":false,"_exactmetrics_sitenote_active":false,"_exactmetrics_sitenote_note":"","_exactmetrics_sitenote_category":0,"footnotes":""},"categories":[7,2],"tags":[],"class_list":["post-169737","post","type-post","status-publish","format-standard","has-post-thumbnail","hentry","category-destaques","category-noticias"],"better_featured_image":{"id":169738,"alt_text":"","caption":"","description":"","media_type":"image","media_details":{"width":940,"height":350,"file":"2026\/03\/Katariny_Matos_-_Foto_Arquivo_Pessoal_-_Divulgacao.jpg","filesize":353323,"sizes":{"medium":{"file":"Katariny_Matos_-_Foto_Arquivo_Pessoal_-_Divulgacao-470x175.jpg","width":470,"height":175,"mime-type":"image\/jpeg","filesize":22830,"source_url":"https:\/\/lavras.tv\/site\/wp-content\/uploads\/2026\/03\/Katariny_Matos_-_Foto_Arquivo_Pessoal_-_Divulgacao-470x175.jpg"},"thumbnail":{"file":"Katariny_Matos_-_Foto_Arquivo_Pessoal_-_Divulgacao-170x63.jpg","width":170,"height":63,"mime-type":"image\/jpeg","filesize":4793,"source_url":"https:\/\/lavras.tv\/site\/wp-content\/uploads\/2026\/03\/Katariny_Matos_-_Foto_Arquivo_Pessoal_-_Divulgacao-170x63.jpg"},"alm-thumbnail":{"file":"Katariny_Matos_-_Foto_Arquivo_Pessoal_-_Divulgacao-150x150.jpg","width":150,"height":150,"mime-type":"image\/jpeg","filesize":7358,"source_url":"https:\/\/lavras.tv\/site\/wp-content\/uploads\/2026\/03\/Katariny_Matos_-_Foto_Arquivo_Pessoal_-_Divulgacao-150x150.jpg"},"sow-carousel-default":{"file":"Katariny_Matos_-_Foto_Arquivo_Pessoal_-_Divulgacao-272x182.jpg","width":272,"height":182,"mime-type":"image\/jpeg","filesize":14595,"source_url":"https:\/\/lavras.tv\/site\/wp-content\/uploads\/2026\/03\/Katariny_Matos_-_Foto_Arquivo_Pessoal_-_Divulgacao-272x182.jpg"}},"image_meta":{"aperture":"0","credit":"","camera":"","caption":"","created_timestamp":"0","copyright":"","focal_length":"0","iso":"0","shutter_speed":"0","title":"","orientation":"0","keywords":[]}},"post":169737,"source_url":"https:\/\/lavras.tv\/site\/wp-content\/uploads\/2026\/03\/Katariny_Matos_-_Foto_Arquivo_Pessoal_-_Divulgacao.jpg"},"author_meta":{"display_name":"Vinicius Bustamante","author_link":"https:\/\/lavras.tv\/site\/author\/vinicius-bustamante\/"},"featured_img":"https:\/\/lavras.tv\/site\/wp-content\/uploads\/2026\/03\/Katariny_Matos_-_Foto_Arquivo_Pessoal_-_Divulgacao-470x175.jpg","coauthors":[],"tax_additional":{"categories":{"linked":["<a href=\"https:\/\/lavras.tv\/site\/category\/destaques\/\" class=\"advgb-post-tax-term\">Destaques<\/a>","<a href=\"https:\/\/lavras.tv\/site\/category\/noticias\/\" class=\"advgb-post-tax-term\">Not\u00edcias<\/a>"],"unlinked":["<span class=\"advgb-post-tax-term\">Destaques<\/span>","<span class=\"advgb-post-tax-term\">Not\u00edcias<\/span>"]}},"comment_count":"0","relative_dates":{"created":"Publicado 2 meses atr\u00e1s","modified":"Atualizado 2 meses atr\u00e1s"},"absolute_dates":{"created":"Publicado em 12 de mar\u00e7o de 2026","modified":"Atualizado em 12 de mar\u00e7o de 2026"},"absolute_dates_time":{"created":"Publicado em 12 de mar\u00e7o de 2026 13:00","modified":"Atualizado em 12 de mar\u00e7o de 2026 13:00"},"featured_img_caption":"","series_order":"","_links":{"self":[{"href":"https:\/\/lavras.tv\/site\/wp-json\/wp\/v2\/posts\/169737","targetHints":{"allow":["GET"]}}],"collection":[{"href":"https:\/\/lavras.tv\/site\/wp-json\/wp\/v2\/posts"}],"about":[{"href":"https:\/\/lavras.tv\/site\/wp-json\/wp\/v2\/types\/post"}],"author":[{"embeddable":true,"href":"https:\/\/lavras.tv\/site\/wp-json\/wp\/v2\/users\/5"}],"replies":[{"embeddable":true,"href":"https:\/\/lavras.tv\/site\/wp-json\/wp\/v2\/comments?post=169737"}],"version-history":[{"count":1,"href":"https:\/\/lavras.tv\/site\/wp-json\/wp\/v2\/posts\/169737\/revisions"}],"predecessor-version":[{"id":169739,"href":"https:\/\/lavras.tv\/site\/wp-json\/wp\/v2\/posts\/169737\/revisions\/169739"}],"wp:featuredmedia":[{"embeddable":true,"href":"https:\/\/lavras.tv\/site\/wp-json\/wp\/v2\/media\/169738"}],"wp:attachment":[{"href":"https:\/\/lavras.tv\/site\/wp-json\/wp\/v2\/media?parent=169737"}],"wp:term":[{"taxonomy":"category","embeddable":true,"href":"https:\/\/lavras.tv\/site\/wp-json\/wp\/v2\/categories?post=169737"},{"taxonomy":"post_tag","embeddable":true,"href":"https:\/\/lavras.tv\/site\/wp-json\/wp\/v2\/tags?post=169737"}],"curies":[{"name":"wp","href":"https:\/\/api.w.org\/{rel}","templated":true}]}}