{"id":169740,"date":"2026-03-12T13:08:55","date_gmt":"2026-03-12T16:08:55","guid":{"rendered":"https:\/\/lavras.tv\/site\/?p=169740"},"modified":"2026-03-12T13:08:57","modified_gmt":"2026-03-12T16:08:57","slug":"marcao-pai-de-gerson-se-pronuncia-apos-ser-hostilizado-por-torcedores-do-flamengo","status":"publish","type":"post","link":"https:\/\/lavras.tv\/site\/2026\/03\/12\/marcao-pai-de-gerson-se-pronuncia-apos-ser-hostilizado-por-torcedores-do-flamengo\/","title":{"rendered":"Marc\u00e3o, pai de Gerson, se pronuncia ap\u00f3s ser hostilizado por torcedores do Flamengo"},"content":{"rendered":"<div class=\"lavra-antes-do-conteudo_2\" id=\"lavra-3903952839\"><div id=\"lavra-slider-27\" class=\"custom-slider lavra-slider-3995822863 lavra-slider\"><ul><li><div style=\"margin-left: auto;margin-right: auto;text-align: center;\" id=\"lavra-1027654070\"><a href=\"https:\/\/sistemas.lavras.mg.gov.br\/portalcidadao\/#df1b1a7c7b2a290bcb31e32771e610784662739a88807c0dacac58ede5f391a7530e299dc302d611ee73cb143fc22eaf93592e53e7b5bdb01b00a0b8d28dae460c141dd2ff83412e4dc1c31b16b25f33144a9e5620ea73b13f5bc1c59411d98439ad226e8af03840603796067d87afe130812cf3de24982d0e306f9e61e764e5\" aria-label=\"Lavras-TV&#8211;720x104px (1) (1)\"><img src=\"https:\/\/lavras.tv\/site\/wp-content\/uploads\/2025\/01\/Lavras-TV-720x104px-1-1.png\" alt=\"\"  srcset=\"https:\/\/lavras.tv\/site\/wp-content\/uploads\/2025\/01\/Lavras-TV-720x104px-1-1.png 720w, https:\/\/lavras.tv\/site\/wp-content\/uploads\/2025\/01\/Lavras-TV-720x104px-1-1-470x68.png 470w, https:\/\/lavras.tv\/site\/wp-content\/uploads\/2025\/01\/Lavras-TV-720x104px-1-1-170x25.png 170w, https:\/\/lavras.tv\/site\/wp-content\/uploads\/2025\/01\/Lavras-TV-720x104px-1-1-200x29.png 200w\" sizes=\"(max-width: 720px) 100vw, 720px\" width=\"720\" height=\"104\"  style=\"display: inline-block;\" \/><\/a><\/div><\/li><li><a href=\"https:\/\/sistemas.lavras.mg.gov.br\/portalcidadao\/#df1b1a7c7b2a290bcb31e32771e610784662739a88807c0dacac58ede5f391a7530e299dc302d611ee73cb143fc22eaf93592e53e7b5bdb01b00a0b8d28dae460c141dd2ff83412e4dc1c31b16b25f33144a9e5620ea73b13f5bc1c59411d98439ad226e8af03840603796067d87afe130812cf3de24982d0e306f9e61e764e5\" aria-label=\"Banner_Emprego_PortallavrasTV\"><img src=\"https:\/\/lavras.tv\/site\/wp-content\/uploads\/2025\/03\/Banner_Emprego_PortallavrasTV.png\" alt=\"\"  srcset=\"https:\/\/lavras.tv\/site\/wp-content\/uploads\/2025\/03\/Banner_Emprego_PortallavrasTV.png 720w, https:\/\/lavras.tv\/site\/wp-content\/uploads\/2025\/03\/Banner_Emprego_PortallavrasTV-470x68.png 470w, https:\/\/lavras.tv\/site\/wp-content\/uploads\/2025\/03\/Banner_Emprego_PortallavrasTV-170x25.png 170w, https:\/\/lavras.tv\/site\/wp-content\/uploads\/2025\/03\/Banner_Emprego_PortallavrasTV-200x29.png 200w\" sizes=\"(max-width: 720px) 100vw, 720px\" width=\"720\" height=\"104\"   \/><\/a><\/li><li><a href=\"https:\/\/sistemas.lavras.mg.gov.br\/portalcidadao\/#df1b1a7c7b2a290bcb31e32771e610784662739a88807c0dacac58ede5f391a7530e299dc302d611ee73cb143fc22eaf93592e53e7b5bdb01b00a0b8d28dae460c141dd2ff83412e4dc1c31b16b25f33144a9e5620ea73b13f5bc1c59411d98439ad226e8af03840603796067d87afe130812cf3de24982d0e306f9e61e764e5\" aria-label=\"Banner_Obras_PortallavrasTV\"><img src=\"https:\/\/lavras.tv\/site\/wp-content\/uploads\/2025\/03\/Banner_Obras_PortallavrasTV.png\" alt=\"\"  srcset=\"https:\/\/lavras.tv\/site\/wp-content\/uploads\/2025\/03\/Banner_Obras_PortallavrasTV.png 720w, https:\/\/lavras.tv\/site\/wp-content\/uploads\/2025\/03\/Banner_Obras_PortallavrasTV-470x68.png 470w, https:\/\/lavras.tv\/site\/wp-content\/uploads\/2025\/03\/Banner_Obras_PortallavrasTV-170x25.png 170w, https:\/\/lavras.tv\/site\/wp-content\/uploads\/2025\/03\/Banner_Obras_PortallavrasTV-200x29.png 200w\" sizes=\"(max-width: 720px) 100vw, 720px\" width=\"720\" height=\"104\"   \/><\/a><\/li><li><div style=\"margin-left: auto;margin-right: auto;text-align: center;\" id=\"lavra-2533104820\"><a href=\"https:\/\/sistemas.lavras.mg.gov.br\/portalcidadao\/#df1b1a7c7b2a290bcb31e32771e610784662739a88807c0dacac58ede5f391a7530e299dc302d611ee73cb143fc22eaf93592e53e7b5bdb01b00a0b8d28dae460c141dd2ff83412e4dc1c31b16b25f33144a9e5620ea73b13f5bc1c59411d98439ad226e8af03840603796067d87afe130812cf3de24982d0e306f9e61e764e5\" aria-label=\"Banner_Educa\u00e7\u00e3o_PortallavrasTV\"><img src=\"https:\/\/lavras.tv\/site\/wp-content\/uploads\/2025\/01\/Banner_Educacao_PortallavrasTV.png\" alt=\"\"  srcset=\"https:\/\/lavras.tv\/site\/wp-content\/uploads\/2025\/01\/Banner_Educacao_PortallavrasTV.png 720w, https:\/\/lavras.tv\/site\/wp-content\/uploads\/2025\/01\/Banner_Educacao_PortallavrasTV-470x68.png 470w, https:\/\/lavras.tv\/site\/wp-content\/uploads\/2025\/01\/Banner_Educacao_PortallavrasTV-170x25.png 170w, https:\/\/lavras.tv\/site\/wp-content\/uploads\/2025\/01\/Banner_Educacao_PortallavrasTV-200x29.png 200w\" sizes=\"(max-width: 720px) 100vw, 720px\" width=\"720\" height=\"104\"  style=\"display: inline-block;\" \/><\/a><\/div><\/li><li><a href=\"https:\/\/sistemas.lavras.mg.gov.br\/portalcidadao\/#df1b1a7c7b2a290bcb31e32771e610784662739a88807c0dacac58ede5f391a7530e299dc302d611ee73cb143fc22eaf93592e53e7b5bdb01b00a0b8d28dae460c141dd2ff83412e4dc1c31b16b25f33144a9e5620ea73b13f5bc1c59411d98439ad226e8af03840603796067d87afe130812cf3de24982d0e306f9e61e764e5\" aria-label=\"Banner_Sa\u00fade_PortallavrasTV\"><img src=\"https:\/\/lavras.tv\/site\/wp-content\/uploads\/2025\/03\/Banner_Saude_PortallavrasTV.png\" alt=\"\"  srcset=\"https:\/\/lavras.tv\/site\/wp-content\/uploads\/2025\/03\/Banner_Saude_PortallavrasTV.png 720w, https:\/\/lavras.tv\/site\/wp-content\/uploads\/2025\/03\/Banner_Saude_PortallavrasTV-470x68.png 470w, https:\/\/lavras.tv\/site\/wp-content\/uploads\/2025\/03\/Banner_Saude_PortallavrasTV-170x25.png 170w, https:\/\/lavras.tv\/site\/wp-content\/uploads\/2025\/03\/Banner_Saude_PortallavrasTV-200x29.png 200w\" sizes=\"(max-width: 720px) 100vw, 720px\" width=\"720\" height=\"104\"   \/><\/a><\/li><li><div id=\"lavra-79133184\" style=\"width:720px;height:104px;background-color:#ddd;overflow:scroll;\">\n\t<strong>Sa\u00edda da depura\u00e7\u00e3o de an\u00fancios<\/strong>\n\t<br><br>\n\tO an\u00fancio n\u00e3o \u00e9 exibido na p\u00e1gina<br><br>post atual: Marc\u00e3o, pai de Gerson, se pronuncia ap\u00f3s ser hostilizado por torcedores do Flamengo, ID: 169740<br><br><span style=\"color: red;\">O post atual n\u00e3o \u00e9 id\u00eantico ao post principal.<\/span><br><br>An\u00fancios: ROXO - TOPO INTERNA - ROTATIVO 2 (197)<br \/>Grupo de an\u00fancios: Princ_Meio01_720x104 (27)<br><br>Condi\u00e7\u00f5es de exibi\u00e7\u00e3o<div style=\"margin-bottom: 20px; white-space: pre-wrap; font-family: monospace; width: 100%; background: #ffe9e9;\"><strong>condi\u00e7\u00f5es gerais<\/strong><table border=\"1\"><thead><tr><th><\/th><th>An\u00fancios<\/th><th>wp_the_query<\/th><\/tr><\/thead><tr><td>is_main_query<\/td><td>1<\/td><td>1<\/td><\/tr><tr><td>is_rest_api<\/td><td>0<\/td><td>1<\/td><\/tr><tr><td>page<\/td><td>0<\/td><td>1<\/td><\/tr><tr><td>numpages<\/td><td>0<\/td><td>1<\/td><\/tr><tr><td>is_archive<\/td><td>1<\/td><td><\/td><\/tr><tr><td>is_search<\/td><td>1<\/td><td><\/td><\/tr><tr><td>is_home<\/td><td>1<\/td><td><\/td><\/tr><tr><td>is_404<\/td><td>1<\/td><td><\/td><\/tr><tr><td>is_attachment<\/td><td>1<\/td><td><\/td><\/tr><tr><td>is_singular<\/td><td>1<\/td><td><\/td><\/tr><tr><td>is_front_page<\/td><td>1<\/td><td><\/td><\/tr><tr><td>is_feed<\/td><td>1<\/td><td><\/td><\/tr><\/table><\/div><br><br><span style=\"color: red;\">Seu site usa HTTPS, mas o c\u00f3digo do an\u00fancio cont\u00e9m HTTP e pode n\u00e3o funcionar.<\/span>\t<br><br>\n\t<a style=\"color: green;\" href=\"https:\/\/wpadvancedads.com\/manual\/ad-debug-mode\/?utm_source=advanced-ads&utm_medium=link&utm_campaign=ad-debug-mode\" target=\"_blank\" rel=\"nofollow\">Encontre solu\u00e7\u00f5es no manual<\/a>\n<\/div>\n<\/li><\/ul><\/div><script>( window.advanced_ads_ready || jQuery( document ).ready ).call( null, function() {var $lavraslider3995822863 = jQuery( \".lavra-slider-3995822863\" );$lavraslider3995822863.on( \"unslider.ready\", function() { jQuery( \"div.custom-slider ul li\" ).css( \"display\", \"block\" ); });$lavraslider3995822863.unslider({ delay:4000, autoplay:true, nav:false, arrows:false, infinite:true });$lavraslider3995822863.on(\"mouseover\", function() {$lavraslider3995822863.unslider(\"stop\");}).on(\"mouseout\", function() {$lavraslider3995822863.unslider(\"start\");});});<\/script><\/div>\n<h2 class=\"wp-block-heading\">Antes da partida, o empres\u00e1rio passou pela \u00e1rea interna do est\u00e1dio e enfrentou uma s\u00e9rie de ofensas<\/h2>\n\n\n\n<figure class=\"wp-block-image size-large\"><img fetchpriority=\"high\" decoding=\"async\" width=\"970\" height=\"546\" src=\"https:\/\/lavras.tv\/site\/wp-content\/uploads\/2026\/03\/download-2-970x546.webp\" alt=\"\" class=\"wp-image-169741\" srcset=\"https:\/\/lavras.tv\/site\/wp-content\/uploads\/2026\/03\/download-2-970x546.webp 970w, https:\/\/lavras.tv\/site\/wp-content\/uploads\/2026\/03\/download-2-470x265.webp 470w, https:\/\/lavras.tv\/site\/wp-content\/uploads\/2026\/03\/download-2-170x96.webp 170w, https:\/\/lavras.tv\/site\/wp-content\/uploads\/2026\/03\/download-2.webp 1000w\" sizes=\"(max-width: 970px) 100vw, 970px\" \/><\/figure>\n\n\n\n<p>Marc\u00e3o, pai e empres\u00e1rio do meio-campista Gerson, se pronunciou ap\u00f3s ser hostilizado por torcedores do\u00a0<a href=\"https:\/\/www.itatiaia.com.br\/esportes\/futebol\/futebol-nacional\/futebol-carioca\/flamengo\"><strong>Flamengo<\/strong><\/a> na noite dessa quarta-feira (11), no Maracan\u00e3. O epis\u00f3dio ocorreu durante o confronto contra o\u00a0<a href=\"https:\/\/www.itatiaia.com.br\/esportes\/futebol\/futebol-nacional\/futebol-mineiro\/cruzeiro\"><strong>Cruzeiro<\/strong><\/a>, v\u00e1lido pela quinta rodada da competi\u00e7\u00e3o, que terminou com vit\u00f3ria rubro-negra por 2 a 0.<\/p>\n\n\n\n<p>Nas redes sociais, Marc\u00e3o comentou o epis\u00f3dio e apontou racismo nas cr\u00edticas recebidas. \u201cInfelizmente, pessoas n\u00e3o aceitam o lugar que um negro est\u00e1\u201d, afirmou.<\/p>\n\n\n\n<figure class=\"wp-block-embed is-type-rich is-provider-twitter wp-block-embed-twitter\"><div class=\"wp-block-embed__wrapper\">\n<blockquote class=\"twitter-tweet\" data-width=\"500\" data-dnt=\"true\"><p lang=\"pt\" dir=\"ltr\">Marc\u00e3o, pai do Gerson, se pronunciou ap\u00f3s ser hostilizado no Maracan\u00e3. <a href=\"https:\/\/t.co\/aGOuuXW4vM\">pic.twitter.com\/aGOuuXW4vM<\/a><\/p>&mdash; RaFla Mello (@raflamello81) <a href=\"https:\/\/twitter.com\/raflamello81\/status\/2032069711584809389?ref_src=twsrc%5Etfw\">March 12, 2026<\/a><\/blockquote><script async src=\"https:\/\/platform.twitter.com\/widgets.js\" charset=\"utf-8\"><\/script>\n<\/div><\/figure>\n\n\n\n<p>Antes da partida, o empres\u00e1rio passou pela \u00e1rea interna do est\u00e1dio e enfrentou uma s\u00e9rie de ofensas. Torcedores cercaram Marc\u00e3o e entoaram gritos de \u201cmercen\u00e1rio\u201d, em refer\u00eancia \u00e0 transfer\u00eancia de Gerson para o Zenit, conclu\u00edda no ano passado.<\/p>\n\n\n\n<p>O clima de hostilidade aumentou com novos xingamentos. Parte da torcida tamb\u00e9m demonstrou insatisfa\u00e7\u00e3o com a decis\u00e3o do empres\u00e1rio de conduzir a negocia\u00e7\u00e3o que levou o meio-campista ao Cruzeiro nesta temporada.<\/p>\n\n\n\n<p>Ap\u00f3s o epis\u00f3dio, Marc\u00e3o agradeceu as mensagens de apoio que recebeu e criticou a atitude de quem o hostilizou. \u201cPassando para agradecer aqueles que se solidarizaram comigo ontem, do acontecimento dentro do Maracan\u00e3. Quero dizer para voc\u00eas uma coisa simples e impressionante: aquelas pessoas que fizeram aquilo comigo n\u00e3o s\u00e3o torcedores do Flamengo, porque deixaram de assistir ao jogo e de comemorar a vit\u00f3ria do seu time para querer me xingar e me hostilizar\u201d, afirmou.<\/p>\n\n\n\n<p>Marc\u00e3o tamb\u00e9m afirmou que situa\u00e7\u00f5es como essa fazem parte de sua trajet\u00f3ria. \u201cQuero dizer para aqueles que me mandaram in\u00fameras mensagens que estou bem. Isso n\u00e3o me deixa triste, porque estou acostumado com isso desde quando me conhe\u00e7o por gente, sempre tive que lutar pelo que \u00e9 meu\u201d, disse.<\/p>\n\n\n\n<p>A rela\u00e7\u00e3o entre as partes tamb\u00e9m envolve disputa judicial. Na chegada da delega\u00e7\u00e3o celeste ao Rio de Janeiro, Gerson e Marc\u00e3o receberam a cita\u00e7\u00e3o de um oficial de Justi\u00e7a em processo no qual o Flamengo cobra cerca de R$ 42 milh\u00f5es referentes a direitos de imagem pagos ao jogador antes da transfer\u00eancia para o Zenit.<\/p>\n","protected":false},"excerpt":{"rendered":"<p>Antes da partida, o empres\u00e1rio passou pela \u00e1rea interna do est\u00e1dio e enfrentou uma s\u00e9rie de ofensas Marc\u00e3o, pai e empres\u00e1rio do meio-campista Gerson, se pronunciou ap\u00f3s ser hostilizado por torcedores do\u00a0Flamengo na noite dessa quarta-feira (11), no Maracan\u00e3. O epis\u00f3dio ocorreu durante o confronto contra o\u00a0Cruzeiro, v\u00e1lido pela quinta rodada da competi\u00e7\u00e3o, que terminou [&hellip;]<\/p>\n","protected":false},"author":5,"featured_media":169741,"comment_status":"closed","ping_status":"open","sticky":false,"template":"","format":"standard","meta":{"advgb_blocks_editor_width":"","advgb_blocks_columns_visual_guide":"","_exactmetrics_skip_tracking":false,"_exactmetrics_sitenote_active":false,"_exactmetrics_sitenote_note":"","_exactmetrics_sitenote_category":0,"footnotes":""},"categories":[7,3,2],"tags":[],"class_list":["post-169740","post","type-post","status-publish","format-standard","has-post-thumbnail","hentry","category-destaques","category-esportes","category-noticias"],"better_featured_image":{"id":169741,"alt_text":"","caption":"","description":"","media_type":"image","media_details":{"width":1000,"height":563,"file":"2026\/03\/download-2.webp","filesize":34138,"sizes":{"medium":{"file":"download-2-470x265.webp","width":470,"height":265,"mime-type":"image\/webp","filesize":11086,"source_url":"https:\/\/lavras.tv\/site\/wp-content\/uploads\/2026\/03\/download-2-470x265.webp"},"large":{"file":"download-2-970x546.webp","width":970,"height":546,"mime-type":"image\/webp","filesize":24540,"source_url":"https:\/\/lavras.tv\/site\/wp-content\/uploads\/2026\/03\/download-2-970x546.webp"},"thumbnail":{"file":"download-2-170x96.webp","width":170,"height":96,"mime-type":"image\/webp","filesize":3410,"source_url":"https:\/\/lavras.tv\/site\/wp-content\/uploads\/2026\/03\/download-2-170x96.webp"},"alm-thumbnail":{"file":"download-2-150x150.webp","width":150,"height":150,"mime-type":"image\/webp","filesize":3762,"source_url":"https:\/\/lavras.tv\/site\/wp-content\/uploads\/2026\/03\/download-2-150x150.webp"},"sow-carousel-default":{"file":"download-2-272x182.webp","width":272,"height":182,"mime-type":"image\/webp","filesize":6374,"source_url":"https:\/\/lavras.tv\/site\/wp-content\/uploads\/2026\/03\/download-2-272x182.webp"}},"image_meta":{"aperture":"0","credit":"","camera":"","caption":"","created_timestamp":"0","copyright":"","focal_length":"0","iso":"0","shutter_speed":"0","title":"","orientation":"0","keywords":[]}},"post":169740,"source_url":"https:\/\/lavras.tv\/site\/wp-content\/uploads\/2026\/03\/download-2.webp"},"author_meta":{"display_name":"Vinicius Bustamante","author_link":"https:\/\/lavras.tv\/site\/author\/vinicius-bustamante\/"},"featured_img":"https:\/\/lavras.tv\/site\/wp-content\/uploads\/2026\/03\/download-2-470x265.webp","coauthors":[],"tax_additional":{"categories":{"linked":["<a href=\"https:\/\/lavras.tv\/site\/category\/destaques\/\" class=\"advgb-post-tax-term\">Destaques<\/a>","<a href=\"https:\/\/lavras.tv\/site\/category\/esportes\/\" class=\"advgb-post-tax-term\">Esportes<\/a>","<a href=\"https:\/\/lavras.tv\/site\/category\/noticias\/\" class=\"advgb-post-tax-term\">Not\u00edcias<\/a>"],"unlinked":["<span class=\"advgb-post-tax-term\">Destaques<\/span>","<span class=\"advgb-post-tax-term\">Esportes<\/span>","<span class=\"advgb-post-tax-term\">Not\u00edcias<\/span>"]}},"comment_count":"0","relative_dates":{"created":"Publicado 2 meses atr\u00e1s","modified":"Atualizado 2 meses atr\u00e1s"},"absolute_dates":{"created":"Publicado em 12 de mar\u00e7o de 2026","modified":"Atualizado em 12 de mar\u00e7o de 2026"},"absolute_dates_time":{"created":"Publicado em 12 de mar\u00e7o de 2026 13:08","modified":"Atualizado em 12 de mar\u00e7o de 2026 13:08"},"featured_img_caption":"","series_order":"","_links":{"self":[{"href":"https:\/\/lavras.tv\/site\/wp-json\/wp\/v2\/posts\/169740","targetHints":{"allow":["GET"]}}],"collection":[{"href":"https:\/\/lavras.tv\/site\/wp-json\/wp\/v2\/posts"}],"about":[{"href":"https:\/\/lavras.tv\/site\/wp-json\/wp\/v2\/types\/post"}],"author":[{"embeddable":true,"href":"https:\/\/lavras.tv\/site\/wp-json\/wp\/v2\/users\/5"}],"replies":[{"embeddable":true,"href":"https:\/\/lavras.tv\/site\/wp-json\/wp\/v2\/comments?post=169740"}],"version-history":[{"count":1,"href":"https:\/\/lavras.tv\/site\/wp-json\/wp\/v2\/posts\/169740\/revisions"}],"predecessor-version":[{"id":169743,"href":"https:\/\/lavras.tv\/site\/wp-json\/wp\/v2\/posts\/169740\/revisions\/169743"}],"wp:featuredmedia":[{"embeddable":true,"href":"https:\/\/lavras.tv\/site\/wp-json\/wp\/v2\/media\/169741"}],"wp:attachment":[{"href":"https:\/\/lavras.tv\/site\/wp-json\/wp\/v2\/media?parent=169740"}],"wp:term":[{"taxonomy":"category","embeddable":true,"href":"https:\/\/lavras.tv\/site\/wp-json\/wp\/v2\/categories?post=169740"},{"taxonomy":"post_tag","embeddable":true,"href":"https:\/\/lavras.tv\/site\/wp-json\/wp\/v2\/tags?post=169740"}],"curies":[{"name":"wp","href":"https:\/\/api.w.org\/{rel}","templated":true}]}}