{"id":169756,"date":"2026-03-16T13:00:24","date_gmt":"2026-03-16T16:00:24","guid":{"rendered":"https:\/\/lavras.tv\/site\/?p=169756"},"modified":"2026-03-16T13:00:25","modified_gmt":"2026-03-16T16:00:25","slug":"acao-do-grupo-tatico-rodoviario-em-campo-belo-operacao-sargento-rodrigo","status":"publish","type":"post","link":"https:\/\/lavras.tv\/site\/2026\/03\/16\/acao-do-grupo-tatico-rodoviario-em-campo-belo-operacao-sargento-rodrigo\/","title":{"rendered":"A\u00c7\u00c3O DO GRUPO T\u00c1TICO RODOVI\u00c1RIO EM CAMPO BELO &#8211; OPERA\u00c7\u00c3O SARGENTO RODRIGO"},"content":{"rendered":"<div class=\"lavra-antes-do-conteudo_2\" id=\"lavra-190710291\"><div id=\"lavra-slider-27\" class=\"custom-slider lavra-slider-3546199192 lavra-slider\"><ul><li><div style=\"margin-left: auto;margin-right: auto;text-align: center;\" id=\"lavra-3935293439\"><a href=\"https:\/\/sistemas.lavras.mg.gov.br\/portalcidadao\/#df1b1a7c7b2a290bcb31e32771e610784662739a88807c0dacac58ede5f391a7530e299dc302d611ee73cb143fc22eaf93592e53e7b5bdb01b00a0b8d28dae460c141dd2ff83412e4dc1c31b16b25f33144a9e5620ea73b13f5bc1c59411d98439ad226e8af03840603796067d87afe130812cf3de24982d0e306f9e61e764e5\" aria-label=\"Lavras-TV&#8211;720x104px (1) (1)\"><img src=\"https:\/\/lavras.tv\/site\/wp-content\/uploads\/2025\/01\/Lavras-TV-720x104px-1-1.png\" alt=\"\"  srcset=\"https:\/\/lavras.tv\/site\/wp-content\/uploads\/2025\/01\/Lavras-TV-720x104px-1-1.png 720w, https:\/\/lavras.tv\/site\/wp-content\/uploads\/2025\/01\/Lavras-TV-720x104px-1-1-470x68.png 470w, https:\/\/lavras.tv\/site\/wp-content\/uploads\/2025\/01\/Lavras-TV-720x104px-1-1-170x25.png 170w, https:\/\/lavras.tv\/site\/wp-content\/uploads\/2025\/01\/Lavras-TV-720x104px-1-1-200x29.png 200w\" sizes=\"(max-width: 720px) 100vw, 720px\" width=\"720\" height=\"104\"  style=\"display: inline-block;\" \/><\/a><\/div><\/li><li><a href=\"https:\/\/sistemas.lavras.mg.gov.br\/portalcidadao\/#df1b1a7c7b2a290bcb31e32771e610784662739a88807c0dacac58ede5f391a7530e299dc302d611ee73cb143fc22eaf93592e53e7b5bdb01b00a0b8d28dae460c141dd2ff83412e4dc1c31b16b25f33144a9e5620ea73b13f5bc1c59411d98439ad226e8af03840603796067d87afe130812cf3de24982d0e306f9e61e764e5\" aria-label=\"Banner_Emprego_PortallavrasTV\"><img src=\"https:\/\/lavras.tv\/site\/wp-content\/uploads\/2025\/03\/Banner_Emprego_PortallavrasTV.png\" alt=\"\"  srcset=\"https:\/\/lavras.tv\/site\/wp-content\/uploads\/2025\/03\/Banner_Emprego_PortallavrasTV.png 720w, https:\/\/lavras.tv\/site\/wp-content\/uploads\/2025\/03\/Banner_Emprego_PortallavrasTV-470x68.png 470w, https:\/\/lavras.tv\/site\/wp-content\/uploads\/2025\/03\/Banner_Emprego_PortallavrasTV-170x25.png 170w, https:\/\/lavras.tv\/site\/wp-content\/uploads\/2025\/03\/Banner_Emprego_PortallavrasTV-200x29.png 200w\" sizes=\"(max-width: 720px) 100vw, 720px\" width=\"720\" height=\"104\"   \/><\/a><\/li><li><a href=\"https:\/\/sistemas.lavras.mg.gov.br\/portalcidadao\/#df1b1a7c7b2a290bcb31e32771e610784662739a88807c0dacac58ede5f391a7530e299dc302d611ee73cb143fc22eaf93592e53e7b5bdb01b00a0b8d28dae460c141dd2ff83412e4dc1c31b16b25f33144a9e5620ea73b13f5bc1c59411d98439ad226e8af03840603796067d87afe130812cf3de24982d0e306f9e61e764e5\" aria-label=\"Banner_Obras_PortallavrasTV\"><img src=\"https:\/\/lavras.tv\/site\/wp-content\/uploads\/2025\/03\/Banner_Obras_PortallavrasTV.png\" alt=\"\"  srcset=\"https:\/\/lavras.tv\/site\/wp-content\/uploads\/2025\/03\/Banner_Obras_PortallavrasTV.png 720w, https:\/\/lavras.tv\/site\/wp-content\/uploads\/2025\/03\/Banner_Obras_PortallavrasTV-470x68.png 470w, https:\/\/lavras.tv\/site\/wp-content\/uploads\/2025\/03\/Banner_Obras_PortallavrasTV-170x25.png 170w, https:\/\/lavras.tv\/site\/wp-content\/uploads\/2025\/03\/Banner_Obras_PortallavrasTV-200x29.png 200w\" sizes=\"(max-width: 720px) 100vw, 720px\" width=\"720\" height=\"104\"   \/><\/a><\/li><li><div style=\"margin-left: auto;margin-right: auto;text-align: center;\" id=\"lavra-2126221733\"><a href=\"https:\/\/sistemas.lavras.mg.gov.br\/portalcidadao\/#df1b1a7c7b2a290bcb31e32771e610784662739a88807c0dacac58ede5f391a7530e299dc302d611ee73cb143fc22eaf93592e53e7b5bdb01b00a0b8d28dae460c141dd2ff83412e4dc1c31b16b25f33144a9e5620ea73b13f5bc1c59411d98439ad226e8af03840603796067d87afe130812cf3de24982d0e306f9e61e764e5\" aria-label=\"Banner_Educa\u00e7\u00e3o_PortallavrasTV\"><img src=\"https:\/\/lavras.tv\/site\/wp-content\/uploads\/2025\/01\/Banner_Educacao_PortallavrasTV.png\" alt=\"\"  srcset=\"https:\/\/lavras.tv\/site\/wp-content\/uploads\/2025\/01\/Banner_Educacao_PortallavrasTV.png 720w, https:\/\/lavras.tv\/site\/wp-content\/uploads\/2025\/01\/Banner_Educacao_PortallavrasTV-470x68.png 470w, https:\/\/lavras.tv\/site\/wp-content\/uploads\/2025\/01\/Banner_Educacao_PortallavrasTV-170x25.png 170w, https:\/\/lavras.tv\/site\/wp-content\/uploads\/2025\/01\/Banner_Educacao_PortallavrasTV-200x29.png 200w\" sizes=\"(max-width: 720px) 100vw, 720px\" width=\"720\" height=\"104\"  style=\"display: inline-block;\" \/><\/a><\/div><\/li><li><a href=\"https:\/\/sistemas.lavras.mg.gov.br\/portalcidadao\/#df1b1a7c7b2a290bcb31e32771e610784662739a88807c0dacac58ede5f391a7530e299dc302d611ee73cb143fc22eaf93592e53e7b5bdb01b00a0b8d28dae460c141dd2ff83412e4dc1c31b16b25f33144a9e5620ea73b13f5bc1c59411d98439ad226e8af03840603796067d87afe130812cf3de24982d0e306f9e61e764e5\" aria-label=\"Banner_Sa\u00fade_PortallavrasTV\"><img src=\"https:\/\/lavras.tv\/site\/wp-content\/uploads\/2025\/03\/Banner_Saude_PortallavrasTV.png\" alt=\"\"  srcset=\"https:\/\/lavras.tv\/site\/wp-content\/uploads\/2025\/03\/Banner_Saude_PortallavrasTV.png 720w, https:\/\/lavras.tv\/site\/wp-content\/uploads\/2025\/03\/Banner_Saude_PortallavrasTV-470x68.png 470w, https:\/\/lavras.tv\/site\/wp-content\/uploads\/2025\/03\/Banner_Saude_PortallavrasTV-170x25.png 170w, https:\/\/lavras.tv\/site\/wp-content\/uploads\/2025\/03\/Banner_Saude_PortallavrasTV-200x29.png 200w\" sizes=\"(max-width: 720px) 100vw, 720px\" width=\"720\" height=\"104\"   \/><\/a><\/li><li><div id=\"lavra-1150883769\" style=\"width:720px;height:104px;background-color:#ddd;overflow:scroll;\">\n\t<strong>Sa\u00edda da depura\u00e7\u00e3o de an\u00fancios<\/strong>\n\t<br><br>\n\tO an\u00fancio n\u00e3o \u00e9 exibido na p\u00e1gina<br><br>post atual: A\u00c7\u00c3O DO GRUPO T\u00c1TICO RODOVI\u00c1RIO EM CAMPO BELO - OPERA\u00c7\u00c3O SARGENTO RODRIGO, ID: 169756<br><br><span style=\"color: red;\">O post atual n\u00e3o \u00e9 id\u00eantico ao post principal.<\/span><br><br>An\u00fancios: ROXO - TOPO INTERNA - ROTATIVO 2 (197)<br \/>Grupo de an\u00fancios: Princ_Meio01_720x104 (27)<br><br>Condi\u00e7\u00f5es de exibi\u00e7\u00e3o<div style=\"margin-bottom: 20px; white-space: pre-wrap; font-family: monospace; width: 100%; background: #ffe9e9;\"><strong>condi\u00e7\u00f5es gerais<\/strong><table border=\"1\"><thead><tr><th><\/th><th>An\u00fancios<\/th><th>wp_the_query<\/th><\/tr><\/thead><tr><td>is_main_query<\/td><td>1<\/td><td>1<\/td><\/tr><tr><td>is_rest_api<\/td><td>0<\/td><td>1<\/td><\/tr><tr><td>page<\/td><td>0<\/td><td>1<\/td><\/tr><tr><td>numpages<\/td><td>0<\/td><td>1<\/td><\/tr><tr><td>is_archive<\/td><td>1<\/td><td><\/td><\/tr><tr><td>is_search<\/td><td>1<\/td><td><\/td><\/tr><tr><td>is_home<\/td><td>1<\/td><td><\/td><\/tr><tr><td>is_404<\/td><td>1<\/td><td><\/td><\/tr><tr><td>is_attachment<\/td><td>1<\/td><td><\/td><\/tr><tr><td>is_singular<\/td><td>1<\/td><td><\/td><\/tr><tr><td>is_front_page<\/td><td>1<\/td><td><\/td><\/tr><tr><td>is_feed<\/td><td>1<\/td><td><\/td><\/tr><\/table><\/div><br><br><span style=\"color: red;\">Seu site usa HTTPS, mas o c\u00f3digo do an\u00fancio cont\u00e9m HTTP e pode n\u00e3o funcionar.<\/span>\t<br><br>\n\t<a style=\"color: green;\" href=\"https:\/\/wpadvancedads.com\/manual\/ad-debug-mode\/?utm_source=advanced-ads&utm_medium=link&utm_campaign=ad-debug-mode\" target=\"_blank\" rel=\"nofollow\">Encontre solu\u00e7\u00f5es no manual<\/a>\n<\/div>\n<\/li><\/ul><\/div><script>( window.advanced_ads_ready || jQuery( document ).ready ).call( null, function() {var $lavraslider3546199192 = jQuery( \".lavra-slider-3546199192\" );$lavraslider3546199192.on( \"unslider.ready\", function() { jQuery( \"div.custom-slider ul li\" ).css( \"display\", \"block\" ); });$lavraslider3546199192.unslider({ delay:4000, autoplay:true, nav:false, arrows:false, infinite:true });$lavraslider3546199192.on(\"mouseover\", function() {$lavraslider3546199192.unslider(\"stop\");}).on(\"mouseout\", function() {$lavraslider3546199192.unslider(\"start\");});});<\/script><\/div>\n<figure class=\"wp-block-image size-large\"><img fetchpriority=\"high\" decoding=\"async\" width=\"580\" height=\"1024\" src=\"https:\/\/lavras.tv\/site\/wp-content\/uploads\/2026\/03\/IMG_6080.MP4_snapshot_00.34.666-580x1024.png\" alt=\"\" class=\"wp-image-169757\" srcset=\"https:\/\/lavras.tv\/site\/wp-content\/uploads\/2026\/03\/IMG_6080.MP4_snapshot_00.34.666-580x1024.png 580w, https:\/\/lavras.tv\/site\/wp-content\/uploads\/2026\/03\/IMG_6080.MP4_snapshot_00.34.666-170x300.png 170w, https:\/\/lavras.tv\/site\/wp-content\/uploads\/2026\/03\/IMG_6080.MP4_snapshot_00.34.666-85x150.png 85w, https:\/\/lavras.tv\/site\/wp-content\/uploads\/2026\/03\/IMG_6080.MP4_snapshot_00.34.666-869x1536.png 869w, https:\/\/lavras.tv\/site\/wp-content\/uploads\/2026\/03\/IMG_6080.MP4_snapshot_00.34.666.png 1080w\" sizes=\"(max-width: 580px) 100vw, 580px\" \/><\/figure>\n\n\n\n<p>Nesse domingo, dia 15 de mar\u00e7o, os militares do GTR (Grupo T\u00e1tico Rodovi\u00e1rio) da 8\u00aa Cia TR do Batalh\u00e3o de Pol\u00edcia Militar Rodovi\u00e1ria, anteciparam a\u00e7\u00f5es de confronto entre quadrilhas rivais na cidade de Campo Belo.<\/p>\n\n\n\n<p>Foi realizada a\u00e7\u00e3o pol\u00edcia no local, momento em que, durante incurs\u00e3o, criminosos optaram pelo confronto efetuando disparos contra os policiais militares, que reagiram \u00e0 injusta agress\u00e3o. Tr\u00eas autores foram alvejados contudo n\u00e3o resistiram aos ferimentos.<\/p>\n\n\n\n<p>Foram apreendidas armas de fogo &#8211; uma pistola cal. 380. e um rev\u00f3lver cal. 38 marca Taurus &#8211; e drogas diversas.<\/p>\n\n\n\n<figure class=\"wp-block-video\"><video height=\"1908\" style=\"aspect-ratio: 1080 \/ 1908;\" width=\"1080\" controls src=\"https:\/\/lavras.tv\/site\/wp-content\/uploads\/2026\/03\/IMG_6080.mp4\"><\/video><\/figure>\n","protected":false},"excerpt":{"rendered":"<p>Nesse domingo, dia 15 de mar\u00e7o, os militares do GTR (Grupo T\u00e1tico Rodovi\u00e1rio) da 8\u00aa Cia TR do Batalh\u00e3o de Pol\u00edcia Militar Rodovi\u00e1ria, anteciparam a\u00e7\u00f5es de confronto entre quadrilhas rivais na cidade de Campo Belo. Foi realizada a\u00e7\u00e3o pol\u00edcia no local, momento em que, durante incurs\u00e3o, criminosos optaram pelo confronto efetuando disparos contra os policiais [&hellip;]<\/p>\n","protected":false},"author":5,"featured_media":169757,"comment_status":"closed","ping_status":"open","sticky":false,"template":"","format":"standard","meta":{"advgb_blocks_editor_width":"","advgb_blocks_columns_visual_guide":"","_exactmetrics_skip_tracking":false,"_exactmetrics_sitenote_active":false,"_exactmetrics_sitenote_note":"","_exactmetrics_sitenote_category":0,"footnotes":""},"categories":[7,2],"tags":[],"class_list":["post-169756","post","type-post","status-publish","format-standard","has-post-thumbnail","hentry","category-destaques","category-noticias"],"better_featured_image":{"id":169757,"alt_text":"","caption":"","description":"","media_type":"image","media_details":{"width":1080,"height":1908,"file":"2026\/03\/IMG_6080.MP4_snapshot_00.34.666.png","filesize":2909991,"sizes":{"medium":{"file":"IMG_6080.MP4_snapshot_00.34.666-170x300.png","width":170,"height":300,"mime-type":"image\/png","filesize":91358,"source_url":"https:\/\/lavras.tv\/site\/wp-content\/uploads\/2026\/03\/IMG_6080.MP4_snapshot_00.34.666-170x300.png"},"large":{"file":"IMG_6080.MP4_snapshot_00.34.666-580x1024.png","width":580,"height":1024,"mime-type":"image\/png","filesize":703103,"source_url":"https:\/\/lavras.tv\/site\/wp-content\/uploads\/2026\/03\/IMG_6080.MP4_snapshot_00.34.666-580x1024.png"},"thumbnail":{"file":"IMG_6080.MP4_snapshot_00.34.666-85x150.png","width":85,"height":150,"mime-type":"image\/png","filesize":26391,"source_url":"https:\/\/lavras.tv\/site\/wp-content\/uploads\/2026\/03\/IMG_6080.MP4_snapshot_00.34.666-85x150.png"},"1536x1536":{"file":"IMG_6080.MP4_snapshot_00.34.666-869x1536.png","width":869,"height":1536,"mime-type":"image\/png","filesize":1301811,"source_url":"https:\/\/lavras.tv\/site\/wp-content\/uploads\/2026\/03\/IMG_6080.MP4_snapshot_00.34.666-869x1536.png"},"alm-thumbnail":{"file":"IMG_6080.MP4_snapshot_00.34.666-150x150.png","width":150,"height":150,"mime-type":"image\/png","filesize":41775,"source_url":"https:\/\/lavras.tv\/site\/wp-content\/uploads\/2026\/03\/IMG_6080.MP4_snapshot_00.34.666-150x150.png"},"sow-carousel-default":{"file":"IMG_6080.MP4_snapshot_00.34.666-272x182.png","width":272,"height":182,"mime-type":"image\/png","filesize":80943,"source_url":"https:\/\/lavras.tv\/site\/wp-content\/uploads\/2026\/03\/IMG_6080.MP4_snapshot_00.34.666-272x182.png"}},"image_meta":{"aperture":"0","credit":"","camera":"","caption":"","created_timestamp":"0","copyright":"","focal_length":"0","iso":"0","shutter_speed":"0","title":"","orientation":"0","keywords":[]}},"post":169756,"source_url":"https:\/\/lavras.tv\/site\/wp-content\/uploads\/2026\/03\/IMG_6080.MP4_snapshot_00.34.666.png"},"author_meta":{"display_name":"Vinicius Bustamante","author_link":"https:\/\/lavras.tv\/site\/author\/vinicius-bustamante\/"},"featured_img":"https:\/\/lavras.tv\/site\/wp-content\/uploads\/2026\/03\/IMG_6080.MP4_snapshot_00.34.666-170x300.png","coauthors":[],"tax_additional":{"categories":{"linked":["<a href=\"https:\/\/lavras.tv\/site\/category\/destaques\/\" class=\"advgb-post-tax-term\">Destaques<\/a>","<a href=\"https:\/\/lavras.tv\/site\/category\/noticias\/\" class=\"advgb-post-tax-term\">Not\u00edcias<\/a>"],"unlinked":["<span class=\"advgb-post-tax-term\">Destaques<\/span>","<span class=\"advgb-post-tax-term\">Not\u00edcias<\/span>"]}},"comment_count":"0","relative_dates":{"created":"Publicado 2 meses atr\u00e1s","modified":"Atualizado 2 meses atr\u00e1s"},"absolute_dates":{"created":"Publicado em 16 de mar\u00e7o de 2026","modified":"Atualizado em 16 de mar\u00e7o de 2026"},"absolute_dates_time":{"created":"Publicado em 16 de mar\u00e7o de 2026 13:00","modified":"Atualizado em 16 de mar\u00e7o de 2026 13:00"},"featured_img_caption":"","series_order":"","_links":{"self":[{"href":"https:\/\/lavras.tv\/site\/wp-json\/wp\/v2\/posts\/169756","targetHints":{"allow":["GET"]}}],"collection":[{"href":"https:\/\/lavras.tv\/site\/wp-json\/wp\/v2\/posts"}],"about":[{"href":"https:\/\/lavras.tv\/site\/wp-json\/wp\/v2\/types\/post"}],"author":[{"embeddable":true,"href":"https:\/\/lavras.tv\/site\/wp-json\/wp\/v2\/users\/5"}],"replies":[{"embeddable":true,"href":"https:\/\/lavras.tv\/site\/wp-json\/wp\/v2\/comments?post=169756"}],"version-history":[{"count":1,"href":"https:\/\/lavras.tv\/site\/wp-json\/wp\/v2\/posts\/169756\/revisions"}],"predecessor-version":[{"id":169759,"href":"https:\/\/lavras.tv\/site\/wp-json\/wp\/v2\/posts\/169756\/revisions\/169759"}],"wp:featuredmedia":[{"embeddable":true,"href":"https:\/\/lavras.tv\/site\/wp-json\/wp\/v2\/media\/169757"}],"wp:attachment":[{"href":"https:\/\/lavras.tv\/site\/wp-json\/wp\/v2\/media?parent=169756"}],"wp:term":[{"taxonomy":"category","embeddable":true,"href":"https:\/\/lavras.tv\/site\/wp-json\/wp\/v2\/categories?post=169756"},{"taxonomy":"post_tag","embeddable":true,"href":"https:\/\/lavras.tv\/site\/wp-json\/wp\/v2\/tags?post=169756"}],"curies":[{"name":"wp","href":"https:\/\/api.w.org\/{rel}","templated":true}]}}