{"id":169760,"date":"2026-03-16T13:08:51","date_gmt":"2026-03-16T16:08:51","guid":{"rendered":"https:\/\/lavras.tv\/site\/?p=169760"},"modified":"2026-03-16T13:08:53","modified_gmt":"2026-03-16T16:08:53","slug":"homens-sao-baleados-durante-ataque-a-tiros-no-centro-de-lavras-uma-vitima-esta-em-estado-grave","status":"publish","type":"post","link":"https:\/\/lavras.tv\/site\/2026\/03\/16\/homens-sao-baleados-durante-ataque-a-tiros-no-centro-de-lavras-uma-vitima-esta-em-estado-grave\/","title":{"rendered":"Homens s\u00e3o baleados durante ataque a tiros no Centro de Lavras; uma v\u00edtima est\u00e1 em estado grave"},"content":{"rendered":"<div class=\"lavra-antes-do-conteudo_2\" id=\"lavra-3300379386\"><div id=\"lavra-slider-27\" class=\"custom-slider lavra-slider-2142390462 lavra-slider\"><ul><li><div style=\"margin-left: auto;margin-right: auto;text-align: center;\" id=\"lavra-1596688103\"><a href=\"https:\/\/sistemas.lavras.mg.gov.br\/portalcidadao\/#df1b1a7c7b2a290bcb31e32771e610784662739a88807c0dacac58ede5f391a7530e299dc302d611ee73cb143fc22eaf93592e53e7b5bdb01b00a0b8d28dae460c141dd2ff83412e4dc1c31b16b25f33144a9e5620ea73b13f5bc1c59411d98439ad226e8af03840603796067d87afe130812cf3de24982d0e306f9e61e764e5\" aria-label=\"Lavras-TV&#8211;720x104px (1) (1)\"><img src=\"https:\/\/lavras.tv\/site\/wp-content\/uploads\/2025\/01\/Lavras-TV-720x104px-1-1.png\" alt=\"\"  srcset=\"https:\/\/lavras.tv\/site\/wp-content\/uploads\/2025\/01\/Lavras-TV-720x104px-1-1.png 720w, https:\/\/lavras.tv\/site\/wp-content\/uploads\/2025\/01\/Lavras-TV-720x104px-1-1-470x68.png 470w, https:\/\/lavras.tv\/site\/wp-content\/uploads\/2025\/01\/Lavras-TV-720x104px-1-1-170x25.png 170w, https:\/\/lavras.tv\/site\/wp-content\/uploads\/2025\/01\/Lavras-TV-720x104px-1-1-200x29.png 200w\" sizes=\"(max-width: 720px) 100vw, 720px\" width=\"720\" height=\"104\"  style=\"display: inline-block;\" \/><\/a><\/div><\/li><li><a href=\"https:\/\/sistemas.lavras.mg.gov.br\/portalcidadao\/#df1b1a7c7b2a290bcb31e32771e610784662739a88807c0dacac58ede5f391a7530e299dc302d611ee73cb143fc22eaf93592e53e7b5bdb01b00a0b8d28dae460c141dd2ff83412e4dc1c31b16b25f33144a9e5620ea73b13f5bc1c59411d98439ad226e8af03840603796067d87afe130812cf3de24982d0e306f9e61e764e5\" aria-label=\"Banner_Emprego_PortallavrasTV\"><img src=\"https:\/\/lavras.tv\/site\/wp-content\/uploads\/2025\/03\/Banner_Emprego_PortallavrasTV.png\" alt=\"\"  srcset=\"https:\/\/lavras.tv\/site\/wp-content\/uploads\/2025\/03\/Banner_Emprego_PortallavrasTV.png 720w, https:\/\/lavras.tv\/site\/wp-content\/uploads\/2025\/03\/Banner_Emprego_PortallavrasTV-470x68.png 470w, https:\/\/lavras.tv\/site\/wp-content\/uploads\/2025\/03\/Banner_Emprego_PortallavrasTV-170x25.png 170w, https:\/\/lavras.tv\/site\/wp-content\/uploads\/2025\/03\/Banner_Emprego_PortallavrasTV-200x29.png 200w\" sizes=\"(max-width: 720px) 100vw, 720px\" width=\"720\" height=\"104\"   \/><\/a><\/li><li><a href=\"https:\/\/sistemas.lavras.mg.gov.br\/portalcidadao\/#df1b1a7c7b2a290bcb31e32771e610784662739a88807c0dacac58ede5f391a7530e299dc302d611ee73cb143fc22eaf93592e53e7b5bdb01b00a0b8d28dae460c141dd2ff83412e4dc1c31b16b25f33144a9e5620ea73b13f5bc1c59411d98439ad226e8af03840603796067d87afe130812cf3de24982d0e306f9e61e764e5\" aria-label=\"Banner_Obras_PortallavrasTV\"><img src=\"https:\/\/lavras.tv\/site\/wp-content\/uploads\/2025\/03\/Banner_Obras_PortallavrasTV.png\" alt=\"\"  srcset=\"https:\/\/lavras.tv\/site\/wp-content\/uploads\/2025\/03\/Banner_Obras_PortallavrasTV.png 720w, https:\/\/lavras.tv\/site\/wp-content\/uploads\/2025\/03\/Banner_Obras_PortallavrasTV-470x68.png 470w, https:\/\/lavras.tv\/site\/wp-content\/uploads\/2025\/03\/Banner_Obras_PortallavrasTV-170x25.png 170w, https:\/\/lavras.tv\/site\/wp-content\/uploads\/2025\/03\/Banner_Obras_PortallavrasTV-200x29.png 200w\" sizes=\"(max-width: 720px) 100vw, 720px\" width=\"720\" height=\"104\"   \/><\/a><\/li><li><div style=\"margin-left: auto;margin-right: auto;text-align: center;\" id=\"lavra-1429293442\"><a href=\"https:\/\/sistemas.lavras.mg.gov.br\/portalcidadao\/#df1b1a7c7b2a290bcb31e32771e610784662739a88807c0dacac58ede5f391a7530e299dc302d611ee73cb143fc22eaf93592e53e7b5bdb01b00a0b8d28dae460c141dd2ff83412e4dc1c31b16b25f33144a9e5620ea73b13f5bc1c59411d98439ad226e8af03840603796067d87afe130812cf3de24982d0e306f9e61e764e5\" aria-label=\"Banner_Educa\u00e7\u00e3o_PortallavrasTV\"><img src=\"https:\/\/lavras.tv\/site\/wp-content\/uploads\/2025\/01\/Banner_Educacao_PortallavrasTV.png\" alt=\"\"  srcset=\"https:\/\/lavras.tv\/site\/wp-content\/uploads\/2025\/01\/Banner_Educacao_PortallavrasTV.png 720w, https:\/\/lavras.tv\/site\/wp-content\/uploads\/2025\/01\/Banner_Educacao_PortallavrasTV-470x68.png 470w, https:\/\/lavras.tv\/site\/wp-content\/uploads\/2025\/01\/Banner_Educacao_PortallavrasTV-170x25.png 170w, https:\/\/lavras.tv\/site\/wp-content\/uploads\/2025\/01\/Banner_Educacao_PortallavrasTV-200x29.png 200w\" sizes=\"(max-width: 720px) 100vw, 720px\" width=\"720\" height=\"104\"  style=\"display: inline-block;\" \/><\/a><\/div><\/li><li><a href=\"https:\/\/sistemas.lavras.mg.gov.br\/portalcidadao\/#df1b1a7c7b2a290bcb31e32771e610784662739a88807c0dacac58ede5f391a7530e299dc302d611ee73cb143fc22eaf93592e53e7b5bdb01b00a0b8d28dae460c141dd2ff83412e4dc1c31b16b25f33144a9e5620ea73b13f5bc1c59411d98439ad226e8af03840603796067d87afe130812cf3de24982d0e306f9e61e764e5\" aria-label=\"Banner_Sa\u00fade_PortallavrasTV\"><img src=\"https:\/\/lavras.tv\/site\/wp-content\/uploads\/2025\/03\/Banner_Saude_PortallavrasTV.png\" alt=\"\"  srcset=\"https:\/\/lavras.tv\/site\/wp-content\/uploads\/2025\/03\/Banner_Saude_PortallavrasTV.png 720w, https:\/\/lavras.tv\/site\/wp-content\/uploads\/2025\/03\/Banner_Saude_PortallavrasTV-470x68.png 470w, https:\/\/lavras.tv\/site\/wp-content\/uploads\/2025\/03\/Banner_Saude_PortallavrasTV-170x25.png 170w, https:\/\/lavras.tv\/site\/wp-content\/uploads\/2025\/03\/Banner_Saude_PortallavrasTV-200x29.png 200w\" sizes=\"(max-width: 720px) 100vw, 720px\" width=\"720\" height=\"104\"   \/><\/a><\/li><li><div id=\"lavra-1845662937\" style=\"width:720px;height:104px;background-color:#ddd;overflow:scroll;\">\n\t<strong>Sa\u00edda da depura\u00e7\u00e3o de an\u00fancios<\/strong>\n\t<br><br>\n\tO an\u00fancio n\u00e3o \u00e9 exibido na p\u00e1gina<br><br>post atual: Homens s\u00e3o baleados durante ataque a tiros no Centro de Lavras; uma v\u00edtima est\u00e1 em estado grave, ID: 169760<br><br><span style=\"color: red;\">O post atual n\u00e3o \u00e9 id\u00eantico ao post principal.<\/span><br><br>An\u00fancios: ROXO - TOPO INTERNA - ROTATIVO 2 (197)<br \/>Grupo de an\u00fancios: Princ_Meio01_720x104 (27)<br><br>Condi\u00e7\u00f5es de exibi\u00e7\u00e3o<div style=\"margin-bottom: 20px; white-space: pre-wrap; font-family: monospace; width: 100%; background: #ffe9e9;\"><strong>condi\u00e7\u00f5es gerais<\/strong><table border=\"1\"><thead><tr><th><\/th><th>An\u00fancios<\/th><th>wp_the_query<\/th><\/tr><\/thead><tr><td>is_main_query<\/td><td>1<\/td><td>1<\/td><\/tr><tr><td>is_rest_api<\/td><td>0<\/td><td>1<\/td><\/tr><tr><td>page<\/td><td>0<\/td><td>1<\/td><\/tr><tr><td>numpages<\/td><td>0<\/td><td>1<\/td><\/tr><tr><td>is_archive<\/td><td>1<\/td><td><\/td><\/tr><tr><td>is_search<\/td><td>1<\/td><td><\/td><\/tr><tr><td>is_home<\/td><td>1<\/td><td><\/td><\/tr><tr><td>is_404<\/td><td>1<\/td><td><\/td><\/tr><tr><td>is_attachment<\/td><td>1<\/td><td><\/td><\/tr><tr><td>is_singular<\/td><td>1<\/td><td><\/td><\/tr><tr><td>is_front_page<\/td><td>1<\/td><td><\/td><\/tr><tr><td>is_feed<\/td><td>1<\/td><td><\/td><\/tr><\/table><\/div><br><br><span style=\"color: red;\">Seu site usa HTTPS, mas o c\u00f3digo do an\u00fancio cont\u00e9m HTTP e pode n\u00e3o funcionar.<\/span>\t<br><br>\n\t<a style=\"color: green;\" href=\"https:\/\/wpadvancedads.com\/manual\/ad-debug-mode\/?utm_source=advanced-ads&utm_medium=link&utm_campaign=ad-debug-mode\" target=\"_blank\" rel=\"nofollow\">Encontre solu\u00e7\u00f5es no manual<\/a>\n<\/div>\n<\/li><\/ul><\/div><script>( window.advanced_ads_ready || jQuery( document ).ready ).call( null, function() {var $lavraslider2142390462 = jQuery( \".lavra-slider-2142390462\" );$lavraslider2142390462.on( \"unslider.ready\", function() { jQuery( \"div.custom-slider ul li\" ).css( \"display\", \"block\" ); });$lavraslider2142390462.unslider({ delay:4000, autoplay:true, nav:false, arrows:false, infinite:true });$lavraslider2142390462.on(\"mouseover\", function() {$lavraslider2142390462.unslider(\"stop\");}).on(\"mouseout\", function() {$lavraslider2142390462.unslider(\"start\");});});<\/script><\/div>\n<figure class=\"wp-block-image size-large\"><img fetchpriority=\"high\" decoding=\"async\" width=\"970\" height=\"857\" src=\"https:\/\/lavras.tv\/site\/wp-content\/uploads\/2026\/03\/img_7077-1-970x857.jpg\" alt=\"\" class=\"wp-image-169761\" srcset=\"https:\/\/lavras.tv\/site\/wp-content\/uploads\/2026\/03\/img_7077-1-970x857.jpg 970w, https:\/\/lavras.tv\/site\/wp-content\/uploads\/2026\/03\/img_7077-1-340x300.jpg 340w, https:\/\/lavras.tv\/site\/wp-content\/uploads\/2026\/03\/img_7077-1-170x150.jpg 170w, https:\/\/lavras.tv\/site\/wp-content\/uploads\/2026\/03\/img_7077-1.jpg 1000w\" sizes=\"(max-width: 970px) 100vw, 970px\" \/><\/figure>\n\n\n\n<p>Na madrugada de 15 de mar\u00e7o, a Pol\u00edcia Militar foi acionada pelo 190 ap\u00f3s relatos de disparos de arma de fogo nas proximidades de um estabelecimento comercial localizado no bairro Centro em Lavras.<\/p>\n\n\n\n<p>No local, os militares encontraram um homem, de 24 anos, ferido no interior de um ve\u00edculo estacionado pr\u00f3ximo ao estabelecimento. A v\u00edtima apresentava perfura\u00e7\u00e3o provocada por disparo de arma de fogo na regi\u00e3o do t\u00f3rax. Ele foi socorrido imediatamente para a Unidade de Pronto Atendimento (UPA), onde recebeu atendimento m\u00e9dico, sendo constatado estado de sa\u00fade grave.<\/p>\n\n\n\n<p>Outra v\u00edtima, um homem de 28 anos, tamb\u00e9m foi atingido por disparos, sofrendo ferimentos na perna e no bra\u00e7o. Ele foi socorrido por terceiros at\u00e9 a UPA, onde recebeu atendimento e, segundo informa\u00e7\u00f5es m\u00e9dicas, n\u00e3o corre risco de morte.<\/p>\n\n\n\n<p>De acordo com testemunhas, um indiv\u00edduo em uma motocicleta teria passado pelo local e efetuado diversos disparos em dire\u00e7\u00e3o ao estabelecimento e \u00e0s pessoas que estavam nas proximidades, fugindo em seguida.<\/p>\n\n\n\n<p>A per\u00edcia t\u00e9cnica compareceu ao local e realizou os trabalhos de praxe, sendo recolhidos cartuchos deflagrados de muni\u00e7\u00e3o calibre 9mm.<\/p>\n\n\n\n<p>A Pol\u00edcia Militar segue em rastreamento e dilig\u00eancias para localizar e prender o autor.<\/p>\n\n\n\n<p>ALCO\/8\u00ba BPM<\/p>\n","protected":false},"excerpt":{"rendered":"<p>Na madrugada de 15 de mar\u00e7o, a Pol\u00edcia Militar foi acionada pelo 190 ap\u00f3s relatos de disparos de arma de fogo nas proximidades de um estabelecimento comercial localizado no bairro Centro em Lavras. No local, os militares encontraram um homem, de 24 anos, ferido no interior de um ve\u00edculo estacionado pr\u00f3ximo ao estabelecimento. A v\u00edtima [&hellip;]<\/p>\n","protected":false},"author":5,"featured_media":169761,"comment_status":"closed","ping_status":"open","sticky":false,"template":"","format":"standard","meta":{"advgb_blocks_editor_width":"","advgb_blocks_columns_visual_guide":"","_exactmetrics_skip_tracking":false,"_exactmetrics_sitenote_active":false,"_exactmetrics_sitenote_note":"","_exactmetrics_sitenote_category":0,"footnotes":""},"categories":[17,1,2,5760],"tags":[],"class_list":["post-169760","post","type-post","status-publish","format-standard","has-post-thumbnail","hentry","category-jornal-cidade","category-sem-categoria","category-noticias","category-noticias-jornal-cidade"],"better_featured_image":{"id":169761,"alt_text":"","caption":"Screenshot","description":"","media_type":"image","media_details":{"width":1000,"height":883,"file":"2026\/03\/img_7077-1.jpg","filesize":142040,"sizes":{"medium":{"file":"img_7077-1-340x300.jpg","width":340,"height":300,"mime-type":"image\/jpeg","filesize":21664,"source_url":"https:\/\/lavras.tv\/site\/wp-content\/uploads\/2026\/03\/img_7077-1-340x300.jpg"},"large":{"file":"img_7077-1-970x857.jpg","width":970,"height":857,"mime-type":"image\/jpeg","filesize":87486,"source_url":"https:\/\/lavras.tv\/site\/wp-content\/uploads\/2026\/03\/img_7077-1-970x857.jpg"},"thumbnail":{"file":"img_7077-1-170x150.jpg","width":170,"height":150,"mime-type":"image\/jpeg","filesize":8223,"source_url":"https:\/\/lavras.tv\/site\/wp-content\/uploads\/2026\/03\/img_7077-1-170x150.jpg"},"alm-thumbnail":{"file":"img_7077-1-150x150.jpg","width":150,"height":150,"mime-type":"image\/jpeg","filesize":7488,"source_url":"https:\/\/lavras.tv\/site\/wp-content\/uploads\/2026\/03\/img_7077-1-150x150.jpg"},"sow-carousel-default":{"file":"img_7077-1-272x182.jpg","width":272,"height":182,"mime-type":"image\/jpeg","filesize":12707,"source_url":"https:\/\/lavras.tv\/site\/wp-content\/uploads\/2026\/03\/img_7077-1-272x182.jpg"}},"image_meta":{"aperture":"0","credit":"","camera":"","caption":"Screenshot","created_timestamp":"1773581870","copyright":"","focal_length":"0","iso":"0","shutter_speed":"0","title":"Screenshot","orientation":"1","keywords":[]}},"post":169760,"source_url":"https:\/\/lavras.tv\/site\/wp-content\/uploads\/2026\/03\/img_7077-1.jpg"},"author_meta":{"display_name":"Vinicius Bustamante","author_link":"https:\/\/lavras.tv\/site\/author\/vinicius-bustamante\/"},"featured_img":"https:\/\/lavras.tv\/site\/wp-content\/uploads\/2026\/03\/img_7077-1-340x300.jpg","coauthors":[],"tax_additional":{"categories":{"linked":["<a href=\"https:\/\/lavras.tv\/site\/category\/sem-categoria\/jornal-cidade\/\" class=\"advgb-post-tax-term\">DESTAQUE PRINCIPAL<\/a>","<a href=\"https:\/\/lavras.tv\/site\/category\/sem-categoria\/\" class=\"advgb-post-tax-term\">JORNAL DA CIDADE<\/a>","<a href=\"https:\/\/lavras.tv\/site\/category\/noticias\/\" class=\"advgb-post-tax-term\">Not\u00edcias<\/a>","<a href=\"https:\/\/lavras.tv\/site\/category\/sem-categoria\/jornal-cidade\/noticias-jornal-cidade\/\" class=\"advgb-post-tax-term\">NOT\u00cdCIAS<\/a>"],"unlinked":["<span class=\"advgb-post-tax-term\">DESTAQUE PRINCIPAL<\/span>","<span class=\"advgb-post-tax-term\">JORNAL DA CIDADE<\/span>","<span class=\"advgb-post-tax-term\">Not\u00edcias<\/span>","<span class=\"advgb-post-tax-term\">NOT\u00cdCIAS<\/span>"]}},"comment_count":"0","relative_dates":{"created":"Publicado 2 meses atr\u00e1s","modified":"Atualizado 2 meses atr\u00e1s"},"absolute_dates":{"created":"Publicado em 16 de mar\u00e7o de 2026","modified":"Atualizado em 16 de mar\u00e7o de 2026"},"absolute_dates_time":{"created":"Publicado em 16 de mar\u00e7o de 2026 13:08","modified":"Atualizado em 16 de mar\u00e7o de 2026 13:08"},"featured_img_caption":"Screenshot","series_order":"","_links":{"self":[{"href":"https:\/\/lavras.tv\/site\/wp-json\/wp\/v2\/posts\/169760","targetHints":{"allow":["GET"]}}],"collection":[{"href":"https:\/\/lavras.tv\/site\/wp-json\/wp\/v2\/posts"}],"about":[{"href":"https:\/\/lavras.tv\/site\/wp-json\/wp\/v2\/types\/post"}],"author":[{"embeddable":true,"href":"https:\/\/lavras.tv\/site\/wp-json\/wp\/v2\/users\/5"}],"replies":[{"embeddable":true,"href":"https:\/\/lavras.tv\/site\/wp-json\/wp\/v2\/comments?post=169760"}],"version-history":[{"count":1,"href":"https:\/\/lavras.tv\/site\/wp-json\/wp\/v2\/posts\/169760\/revisions"}],"predecessor-version":[{"id":169762,"href":"https:\/\/lavras.tv\/site\/wp-json\/wp\/v2\/posts\/169760\/revisions\/169762"}],"wp:featuredmedia":[{"embeddable":true,"href":"https:\/\/lavras.tv\/site\/wp-json\/wp\/v2\/media\/169761"}],"wp:attachment":[{"href":"https:\/\/lavras.tv\/site\/wp-json\/wp\/v2\/media?parent=169760"}],"wp:term":[{"taxonomy":"category","embeddable":true,"href":"https:\/\/lavras.tv\/site\/wp-json\/wp\/v2\/categories?post=169760"},{"taxonomy":"post_tag","embeddable":true,"href":"https:\/\/lavras.tv\/site\/wp-json\/wp\/v2\/tags?post=169760"}],"curies":[{"name":"wp","href":"https:\/\/api.w.org\/{rel}","templated":true}]}}