{"id":169780,"date":"2026-03-17T18:21:23","date_gmt":"2026-03-17T21:21:23","guid":{"rendered":"https:\/\/lavras.tv\/site\/?p=169780"},"modified":"2026-03-17T18:21:25","modified_gmt":"2026-03-17T21:21:25","slug":"entre-codigos-e-literatura-estudantes-de-computacao-criam-clube-do-livro-no-gedai","status":"publish","type":"post","link":"https:\/\/lavras.tv\/site\/2026\/03\/17\/entre-codigos-e-literatura-estudantes-de-computacao-criam-clube-do-livro-no-gedai\/","title":{"rendered":"Entre c\u00f3digos e literatura: estudantes de computa\u00e7\u00e3o criam clube do livro no Gedai"},"content":{"rendered":"<div class=\"lavra-antes-do-conteudo_2\" id=\"lavra-498997662\"><div id=\"lavra-slider-27\" class=\"custom-slider lavra-slider-1167212187 lavra-slider\"><ul><li><div style=\"margin-left: auto;margin-right: auto;text-align: center;\" id=\"lavra-1922917027\"><a href=\"https:\/\/sistemas.lavras.mg.gov.br\/portalcidadao\/#df1b1a7c7b2a290bcb31e32771e610784662739a88807c0dacac58ede5f391a7530e299dc302d611ee73cb143fc22eaf93592e53e7b5bdb01b00a0b8d28dae460c141dd2ff83412e4dc1c31b16b25f33144a9e5620ea73b13f5bc1c59411d98439ad226e8af03840603796067d87afe130812cf3de24982d0e306f9e61e764e5\" aria-label=\"Lavras-TV&#8211;720x104px (1) (1)\"><img src=\"https:\/\/lavras.tv\/site\/wp-content\/uploads\/2025\/01\/Lavras-TV-720x104px-1-1.png\" alt=\"\"  srcset=\"https:\/\/lavras.tv\/site\/wp-content\/uploads\/2025\/01\/Lavras-TV-720x104px-1-1.png 720w, https:\/\/lavras.tv\/site\/wp-content\/uploads\/2025\/01\/Lavras-TV-720x104px-1-1-470x68.png 470w, https:\/\/lavras.tv\/site\/wp-content\/uploads\/2025\/01\/Lavras-TV-720x104px-1-1-170x25.png 170w, https:\/\/lavras.tv\/site\/wp-content\/uploads\/2025\/01\/Lavras-TV-720x104px-1-1-200x29.png 200w\" sizes=\"(max-width: 720px) 100vw, 720px\" width=\"720\" height=\"104\"  style=\"display: inline-block;\" \/><\/a><\/div><\/li><li><a href=\"https:\/\/sistemas.lavras.mg.gov.br\/portalcidadao\/#df1b1a7c7b2a290bcb31e32771e610784662739a88807c0dacac58ede5f391a7530e299dc302d611ee73cb143fc22eaf93592e53e7b5bdb01b00a0b8d28dae460c141dd2ff83412e4dc1c31b16b25f33144a9e5620ea73b13f5bc1c59411d98439ad226e8af03840603796067d87afe130812cf3de24982d0e306f9e61e764e5\" aria-label=\"Banner_Emprego_PortallavrasTV\"><img src=\"https:\/\/lavras.tv\/site\/wp-content\/uploads\/2025\/03\/Banner_Emprego_PortallavrasTV.png\" alt=\"\"  srcset=\"https:\/\/lavras.tv\/site\/wp-content\/uploads\/2025\/03\/Banner_Emprego_PortallavrasTV.png 720w, https:\/\/lavras.tv\/site\/wp-content\/uploads\/2025\/03\/Banner_Emprego_PortallavrasTV-470x68.png 470w, https:\/\/lavras.tv\/site\/wp-content\/uploads\/2025\/03\/Banner_Emprego_PortallavrasTV-170x25.png 170w, https:\/\/lavras.tv\/site\/wp-content\/uploads\/2025\/03\/Banner_Emprego_PortallavrasTV-200x29.png 200w\" sizes=\"(max-width: 720px) 100vw, 720px\" width=\"720\" height=\"104\"   \/><\/a><\/li><li><a href=\"https:\/\/sistemas.lavras.mg.gov.br\/portalcidadao\/#df1b1a7c7b2a290bcb31e32771e610784662739a88807c0dacac58ede5f391a7530e299dc302d611ee73cb143fc22eaf93592e53e7b5bdb01b00a0b8d28dae460c141dd2ff83412e4dc1c31b16b25f33144a9e5620ea73b13f5bc1c59411d98439ad226e8af03840603796067d87afe130812cf3de24982d0e306f9e61e764e5\" aria-label=\"Banner_Obras_PortallavrasTV\"><img src=\"https:\/\/lavras.tv\/site\/wp-content\/uploads\/2025\/03\/Banner_Obras_PortallavrasTV.png\" alt=\"\"  srcset=\"https:\/\/lavras.tv\/site\/wp-content\/uploads\/2025\/03\/Banner_Obras_PortallavrasTV.png 720w, https:\/\/lavras.tv\/site\/wp-content\/uploads\/2025\/03\/Banner_Obras_PortallavrasTV-470x68.png 470w, https:\/\/lavras.tv\/site\/wp-content\/uploads\/2025\/03\/Banner_Obras_PortallavrasTV-170x25.png 170w, https:\/\/lavras.tv\/site\/wp-content\/uploads\/2025\/03\/Banner_Obras_PortallavrasTV-200x29.png 200w\" sizes=\"(max-width: 720px) 100vw, 720px\" width=\"720\" height=\"104\"   \/><\/a><\/li><li><div style=\"margin-left: auto;margin-right: auto;text-align: center;\" id=\"lavra-2152023146\"><a href=\"https:\/\/sistemas.lavras.mg.gov.br\/portalcidadao\/#df1b1a7c7b2a290bcb31e32771e610784662739a88807c0dacac58ede5f391a7530e299dc302d611ee73cb143fc22eaf93592e53e7b5bdb01b00a0b8d28dae460c141dd2ff83412e4dc1c31b16b25f33144a9e5620ea73b13f5bc1c59411d98439ad226e8af03840603796067d87afe130812cf3de24982d0e306f9e61e764e5\" aria-label=\"Banner_Educa\u00e7\u00e3o_PortallavrasTV\"><img src=\"https:\/\/lavras.tv\/site\/wp-content\/uploads\/2025\/01\/Banner_Educacao_PortallavrasTV.png\" alt=\"\"  srcset=\"https:\/\/lavras.tv\/site\/wp-content\/uploads\/2025\/01\/Banner_Educacao_PortallavrasTV.png 720w, https:\/\/lavras.tv\/site\/wp-content\/uploads\/2025\/01\/Banner_Educacao_PortallavrasTV-470x68.png 470w, https:\/\/lavras.tv\/site\/wp-content\/uploads\/2025\/01\/Banner_Educacao_PortallavrasTV-170x25.png 170w, https:\/\/lavras.tv\/site\/wp-content\/uploads\/2025\/01\/Banner_Educacao_PortallavrasTV-200x29.png 200w\" sizes=\"(max-width: 720px) 100vw, 720px\" width=\"720\" height=\"104\"  style=\"display: inline-block;\" \/><\/a><\/div><\/li><li><a href=\"https:\/\/sistemas.lavras.mg.gov.br\/portalcidadao\/#df1b1a7c7b2a290bcb31e32771e610784662739a88807c0dacac58ede5f391a7530e299dc302d611ee73cb143fc22eaf93592e53e7b5bdb01b00a0b8d28dae460c141dd2ff83412e4dc1c31b16b25f33144a9e5620ea73b13f5bc1c59411d98439ad226e8af03840603796067d87afe130812cf3de24982d0e306f9e61e764e5\" aria-label=\"Banner_Sa\u00fade_PortallavrasTV\"><img src=\"https:\/\/lavras.tv\/site\/wp-content\/uploads\/2025\/03\/Banner_Saude_PortallavrasTV.png\" alt=\"\"  srcset=\"https:\/\/lavras.tv\/site\/wp-content\/uploads\/2025\/03\/Banner_Saude_PortallavrasTV.png 720w, https:\/\/lavras.tv\/site\/wp-content\/uploads\/2025\/03\/Banner_Saude_PortallavrasTV-470x68.png 470w, https:\/\/lavras.tv\/site\/wp-content\/uploads\/2025\/03\/Banner_Saude_PortallavrasTV-170x25.png 170w, https:\/\/lavras.tv\/site\/wp-content\/uploads\/2025\/03\/Banner_Saude_PortallavrasTV-200x29.png 200w\" sizes=\"(max-width: 720px) 100vw, 720px\" width=\"720\" height=\"104\"   \/><\/a><\/li><li><div id=\"lavra-1051378818\" style=\"width:720px;height:104px;background-color:#ddd;overflow:scroll;\">\n\t<strong>Sa\u00edda da depura\u00e7\u00e3o de an\u00fancios<\/strong>\n\t<br><br>\n\tO an\u00fancio n\u00e3o \u00e9 exibido na p\u00e1gina<br><br>post atual: Entre c\u00f3digos e literatura: estudantes de computa\u00e7\u00e3o criam clube do livro no Gedai, ID: 169780<br><br><span style=\"color: red;\">O post atual n\u00e3o \u00e9 id\u00eantico ao post principal.<\/span><br><br>An\u00fancios: ROXO - TOPO INTERNA - ROTATIVO 2 (197)<br \/>Grupo de an\u00fancios: Princ_Meio01_720x104 (27)<br><br>Condi\u00e7\u00f5es de exibi\u00e7\u00e3o<div style=\"margin-bottom: 20px; white-space: pre-wrap; font-family: monospace; width: 100%; background: #ffe9e9;\"><strong>condi\u00e7\u00f5es gerais<\/strong><table border=\"1\"><thead><tr><th><\/th><th>An\u00fancios<\/th><th>wp_the_query<\/th><\/tr><\/thead><tr><td>is_main_query<\/td><td>1<\/td><td>1<\/td><\/tr><tr><td>is_rest_api<\/td><td>0<\/td><td>1<\/td><\/tr><tr><td>page<\/td><td>0<\/td><td>1<\/td><\/tr><tr><td>numpages<\/td><td>0<\/td><td>1<\/td><\/tr><tr><td>is_archive<\/td><td>1<\/td><td><\/td><\/tr><tr><td>is_search<\/td><td>1<\/td><td><\/td><\/tr><tr><td>is_home<\/td><td>1<\/td><td><\/td><\/tr><tr><td>is_404<\/td><td>1<\/td><td><\/td><\/tr><tr><td>is_attachment<\/td><td>1<\/td><td><\/td><\/tr><tr><td>is_singular<\/td><td>1<\/td><td><\/td><\/tr><tr><td>is_front_page<\/td><td>1<\/td><td><\/td><\/tr><tr><td>is_feed<\/td><td>1<\/td><td><\/td><\/tr><\/table><\/div><br><br><span style=\"color: red;\">Seu site usa HTTPS, mas o c\u00f3digo do an\u00fancio cont\u00e9m HTTP e pode n\u00e3o funcionar.<\/span>\t<br><br>\n\t<a style=\"color: green;\" href=\"https:\/\/wpadvancedads.com\/manual\/ad-debug-mode\/?utm_source=advanced-ads&utm_medium=link&utm_campaign=ad-debug-mode\" target=\"_blank\" rel=\"nofollow\">Encontre solu\u00e7\u00f5es no manual<\/a>\n<\/div>\n<\/li><\/ul><\/div><script>( window.advanced_ads_ready || jQuery( document ).ready ).call( null, function() {var $lavraslider1167212187 = jQuery( \".lavra-slider-1167212187\" );$lavraslider1167212187.on( \"unslider.ready\", function() { jQuery( \"div.custom-slider ul li\" ).css( \"display\", \"block\" ); });$lavraslider1167212187.unslider({ delay:4000, autoplay:true, nav:false, arrows:false, infinite:true });$lavraslider1167212187.on(\"mouseover\", function() {$lavraslider1167212187.unslider(\"stop\");}).on(\"mouseout\", function() {$lavraslider1167212187.unslider(\"start\");});});<\/script><\/div>\n<figure class=\"wp-block-image\"><img decoding=\"async\" src=\"https:\/\/fundecc.org.br\/wp-content\/uploads\/2026\/03\/WhatsApp-Image-2026-03-17-at-09.26.32-600x540.jpeg\" alt=\"\"\/><\/figure>\n\n\n\n<p><strong>Iniciativa re\u00fane alunos de diferentes cursos para discutir obras liter\u00e1rias e ampliar o pensamento cr\u00edtico em meio \u00e0 rotina digital<\/strong><\/p>\n\n\n\n<p><em>Por&nbsp;<\/em><strong>Simone Paiva<\/strong>&nbsp;\u2013 Analista de Comunica\u00e7\u00e3o da FUNDECC \u2013 17 de mar\u00e7o de 2026.<\/p>\n\n\n\n<p>Na sala conhecida entre os estudantes como \u201c<strong><mark>Lado Negro da For\u00e7a<\/mark><\/strong>\u201d, inspirada no universo de Star Wars, um grupo se re\u00fane semanalmente em torno de um livro. O encontro foge ao esperado: em vez de algoritmos, c\u00f3digos ou sistemas, o foco est\u00e1 na literatura.<\/p>\n\n\n\n<figure class=\"wp-block-image\"><img decoding=\"async\" src=\"https:\/\/fundecc.org.br\/wp-content\/uploads\/2026\/03\/WhatsApp-Image-2026-03-17-at-09.26.31-edited-1.jpeg\" alt=\"\" class=\"wp-image-11651\"\/><\/figure>\n\n\n\n<figure class=\"wp-block-image\"><img decoding=\"async\" src=\"https:\/\/fundecc.org.br\/wp-content\/uploads\/2026\/03\/WhatsApp-Image-2026-03-17-at-09.26.33-796x1024.jpeg\" alt=\"\" class=\"wp-image-11642\"\/><\/figure>\n\n\n\n<p><strong>O espa\u00e7o \u00e9 o Gedai \u2013 Laborat\u00f3rio de Geoprocessamento, Ci\u00eancia de Dados e Intelig\u00eancia Artificial da UFLA \u2013, que conta com apoio da FUNDECC (Funda\u00e7\u00e3o de Desenvolvimento Cient\u00edfico e Cultural), frequentado por alunos de cursos como Sistemas de Informa\u00e7\u00e3o, Ci\u00eancia da Computa\u00e7\u00e3o e Engenharia de Controle e Automa\u00e7\u00e3o. Foi ali, a partir de uma conversa informal, que surgiu um clube do livro que hoje re\u00fane cerca de 14 participantes e segue uma proposta simples: ler e discutir uma obra por m\u00eas.<\/strong><\/p>\n\n\n\n<p>\u201c<em>A ideia surgiu aqui na sala. Todo mundo dizia que tinha vontade de ler, mas n\u00e3o tinha o h\u00e1bito. Ent\u00e3o pensamos em criar um clube do livro<\/em>\u201d, conta Eloiza Silva, Product Owner do Gedai, que ajudou a organizar o grupo.<\/p>\n\n\n\n<h2 class=\"wp-block-heading\"><a><\/a><strong>Leitura coletiva e aprofundamento<\/strong><\/h2>\n\n\n\n<p>Os livros s\u00e3o divididos ao longo do m\u00eas e debatidos em encontros semanais. A leitura atual \u00e9&nbsp;<em>Ensaio sobre a Cegueira<\/em>, de Jos\u00e9 Saramago \u2014 obra que tem provocado reflex\u00f5es sobre comportamento humano, \u00e9tica e sociedade.<\/p>\n\n\n\n<figure class=\"wp-block-image\"><img decoding=\"async\" src=\"https:\/\/fundecc.org.br\/wp-content\/uploads\/2026\/03\/WhatsApp-Image-2026-03-17-at-09.26.32-2-768x1024.jpeg\" alt=\"\" class=\"wp-image-11644\"\/><\/figure>\n\n\n\n<p>Para Gustavo Soares, estudante de Ci\u00eancia da Computa\u00e7\u00e3o, o formato coletivo transforma a experi\u00eancia de leitura.<\/p>\n\n\n\n<p>\u201c<em>N\u00e3o \u00e9 s\u00f3 ler por ler. A gente l\u00ea para depois discutir o livro juntos. Ent\u00e3o voc\u00ea presta mais aten\u00e7\u00e3o e tenta entender melhor o que o autor quis dizer<\/em>.\u201d<\/p>\n\n\n\n<p>Mais do que um exerc\u00edcio intelectual, a pr\u00e1tica tamb\u00e9m representa uma pausa na rotina marcada por telas.<\/p>\n\n\n\n<p>\u201c<em>Como a gente passa muito tempo em frente ao computador, lendo c\u00f3digo e mexendo com tecnologia, a leitura virou um momento de sil\u00eancio e concentra\u00e7\u00e3o<\/em>\u201d, afirma.<\/p>\n\n\n\n<h2 class=\"wp-block-heading\"><strong>Entre telas e p\u00e1gina<\/strong><\/h2>\n\n\n\n<figure class=\"wp-block-image\"><img decoding=\"async\" src=\"https:\/\/fundecc.org.br\/wp-content\/uploads\/2026\/03\/WhatsApp-Image-2026-03-17-at-09.26.32-3.jpeg\" alt=\"\" class=\"wp-image-11643\"\/><\/figure>\n\n\n\n<p>A iniciativa tamb\u00e9m tem revelado novos caminhos de desenvolvimento entre os participantes. Para Gabriel Aguiar Alves Silva, estudante de Sistemas de Informa\u00e7\u00e3o e integrante da equipe de design e acessibilidade do Gedai, o clube amplia o olhar dentro de um ambiente predominantemente t\u00e9cnico.<\/p>\n\n\n\n<p>\u201c<strong>A gente trabalha muito em tela. A leitura acaba sendo um momento diferente, de foco e de reflex\u00e3o<\/strong>.\u201d<\/p>\n\n\n\n<p>A experi\u00eancia \u00e9 compartilhada por outros integrantes, que destacam o impacto do clube para al\u00e9m da leitura individual.<\/p>\n\n\n\n<p>\u201c<em>Participar do Clube do Livro desde o in\u00edcio foi uma excelente iniciativa. A gente consegue unir o h\u00e1bito da leitura com discuss\u00f5es que normalmente n\u00e3o ter\u00edamos no dia a dia, abordando temas diferentes das nossas \u00e1reas<\/em>\u201d, afirma Vanessa Souza, estudante de Engenharia de Controle e Automa\u00e7\u00e3o. \u201c<em>Al\u00e9m disso, conseguimos reunir qualidades de todo mundo, desenvolvendo pensamento cr\u00edtico, criatividade e at\u00e9 aspectos de design, tudo isso em prol do nosso entretenimento e crescimento pessoal<\/em>.\u201d<\/p>\n\n\n\n<h2 class=\"wp-block-heading\"><a><\/a><strong>Leitura que vira experi\u00eancia<\/strong><\/h2>\n\n\n\n<figure class=\"wp-block-image\"><img decoding=\"async\" src=\"https:\/\/fundecc.org.br\/wp-content\/uploads\/2026\/03\/WhatsApp-Image-2026-03-17-at-09.26.32-1-768x1024.jpeg\" alt=\"\" class=\"wp-image-11645\"\/><\/figure>\n\n\n\n<p>Al\u00e9m dos encontros, o grupo criou uma forma simb\u00f3lica de registrar cada obra conclu\u00edda: marcadores de p\u00e1gina personalizados, desenvolvidos pelos pr\u00f3prios estudantes.<\/p>\n\n\n\n<p>\u201c<em>A gente quis criar algo que representasse o clube. Ent\u00e3o fizemos um marcador e depois pensamos em fazer um para cada livro que a gente lesse<\/em>\u201d, explica Tha\u00eds Geovana, estudante de Ci\u00eancia da Computa\u00e7\u00e3o.<\/p>\n\n\n\n<p>A proposta \u00e9 chegar ao final do ano com 12 marcadores \u2014 um para cada leitura realizada ao longo dos meses.<\/p>\n\n\n\n<h2 class=\"wp-block-heading\"><strong>Leitura no Brasil: cen\u00e1rio e desafios<\/strong><\/h2>\n\n\n\n<p>Iniciativas coletivas como a do Gedai ajudam a transformar a leitura em uma pr\u00e1tica mais cont\u00ednua, compartilhada e significativa \u2014 especialmente entre jovens inseridos em rotinas intensamente digitais.<\/p>\n\n\n\n<p><strong>Fonte:<\/strong>&nbsp;Instituto Pr\u00f3-Livro \u2013&nbsp;<em>Retratos da Leitura no Brasil (5\u00aa edi\u00e7\u00e3o)<\/em><\/p>\n\n\n\n<p><mark>Apesar de iniciativas como o clube do livro do Gedai evidenciarem o potencial da leitura como ferramenta de forma\u00e7\u00e3o cr\u00edtica, os dados nacionais mostram que o h\u00e1bito ainda enfrenta desafios no pa\u00eds.<\/mark><\/p>\n\n\n\n<blockquote class=\"wp-block-quote is-layout-flow wp-block-quote-is-layout-flow\">\n<ul class=\"wp-block-list\">\n<li><mark>Cerca de\u00a0<strong>52% dos brasileiros s\u00e3o leitores<\/strong>, ou seja, leram ao menos um livro (inteiro ou em partes) nos \u00faltimos tr\u00eas meses;<\/mark><\/li>\n\n\n\n<li>A m\u00e9dia nacional \u00e9 de aproximadamente\u00a0<strong>2 a 3 livros lidos por ano por pessoa<\/strong>;<\/li>\n\n\n\n<li>A leitura ainda est\u00e1 fortemente associada ao per\u00edodo escolar, com redu\u00e7\u00e3o ap\u00f3s a vida acad\u00eamica;<\/li>\n\n\n\n<li>Entre os principais obst\u00e1culos est\u00e3o a\u00a0<strong>falta de tempo<\/strong>, o\u00a0<strong>desinteresse<\/strong>\u00a0e a concorr\u00eancia com atividades digitais.<\/li>\n<\/ul>\n<\/blockquote>\n\n\n\n<h2 class=\"wp-block-heading\"><a><\/a><strong>Um espa\u00e7o de encontro e reflex\u00e3o<\/strong><\/h2>\n\n\n\n<p>Criado no final do ano passado, o clube do livro j\u00e1 se consolidou como um espa\u00e7o de conviv\u00eancia e troca de ideias entre os participantes. Mais do que incentivar o h\u00e1bito da leitura, a iniciativa mostra que ambientes voltados \u00e0 tecnologia tamb\u00e9m podem abrir espa\u00e7o para reflex\u00e3o, interpreta\u00e7\u00e3o e di\u00e1logo.<\/p>\n\n\n\n<p>Em um cen\u00e1rio em que o tempo \u00e9 disputado por telas e m\u00faltiplas informa\u00e7\u00f5es, o grupo do Gedai demonstra que o interesse pelos livros pode surgir justamente onde menos se espera \u2014 entre c\u00f3digos, algoritmos e conversas compartilhadas.<\/p>\n\n\n\n<figure class=\"wp-block-image\"><img decoding=\"async\" src=\"https:\/\/fundecc.org.br\/wp-content\/uploads\/2026\/03\/IMG_9212-1024x768.jpg\" alt=\"\" class=\"wp-image-11657\"\/><\/figure>\n","protected":false},"excerpt":{"rendered":"<p>Iniciativa re\u00fane alunos de diferentes cursos para discutir obras liter\u00e1rias e ampliar o pensamento cr\u00edtico em meio \u00e0 rotina digital Por&nbsp;Simone Paiva&nbsp;\u2013 Analista de Comunica\u00e7\u00e3o da FUNDECC \u2013 17 de mar\u00e7o de 2026. Na sala conhecida entre os estudantes como \u201cLado Negro da For\u00e7a\u201d, inspirada no universo de Star Wars, um grupo se re\u00fane semanalmente [&hellip;]<\/p>\n","protected":false},"author":5,"featured_media":169781,"comment_status":"closed","ping_status":"open","sticky":false,"template":"","format":"standard","meta":{"advgb_blocks_editor_width":"","advgb_blocks_columns_visual_guide":"","_exactmetrics_skip_tracking":false,"_exactmetrics_sitenote_active":false,"_exactmetrics_sitenote_note":"","_exactmetrics_sitenote_category":0,"footnotes":""},"categories":[17,1,2,5760],"tags":[],"class_list":["post-169780","post","type-post","status-publish","format-standard","has-post-thumbnail","hentry","category-jornal-cidade","category-sem-categoria","category-noticias","category-noticias-jornal-cidade"],"better_featured_image":{"id":169781,"alt_text":"","caption":"","description":"","media_type":"image","media_details":{"width":1600,"height":900,"file":"2026\/03\/WhatsApp-Image-2026-03-17-at-09.26.31-edited-1.webp","filesize":186416,"sizes":{"medium":{"file":"WhatsApp-Image-2026-03-17-at-09.26.31-edited-1-470x264.webp","width":470,"height":264,"mime-type":"image\/webp","filesize":24218,"source_url":"https:\/\/lavras.tv\/site\/wp-content\/uploads\/2026\/03\/WhatsApp-Image-2026-03-17-at-09.26.31-edited-1-470x264.webp"},"large":{"file":"WhatsApp-Image-2026-03-17-at-09.26.31-edited-1-970x546.webp","width":970,"height":546,"mime-type":"image\/webp","filesize":71182,"source_url":"https:\/\/lavras.tv\/site\/wp-content\/uploads\/2026\/03\/WhatsApp-Image-2026-03-17-at-09.26.31-edited-1-970x546.webp"},"thumbnail":{"file":"WhatsApp-Image-2026-03-17-at-09.26.31-edited-1-170x96.webp","width":170,"height":96,"mime-type":"image\/webp","filesize":5152,"source_url":"https:\/\/lavras.tv\/site\/wp-content\/uploads\/2026\/03\/WhatsApp-Image-2026-03-17-at-09.26.31-edited-1-170x96.webp"},"1536x1536":{"file":"WhatsApp-Image-2026-03-17-at-09.26.31-edited-1-1536x864.webp","width":1536,"height":864,"mime-type":"image\/webp","filesize":132960,"source_url":"https:\/\/lavras.tv\/site\/wp-content\/uploads\/2026\/03\/WhatsApp-Image-2026-03-17-at-09.26.31-edited-1-1536x864.webp"},"alm-thumbnail":{"file":"WhatsApp-Image-2026-03-17-at-09.26.31-edited-1-150x150.webp","width":150,"height":150,"mime-type":"image\/webp","filesize":7356,"source_url":"https:\/\/lavras.tv\/site\/wp-content\/uploads\/2026\/03\/WhatsApp-Image-2026-03-17-at-09.26.31-edited-1-150x150.webp"},"sow-carousel-default":{"file":"WhatsApp-Image-2026-03-17-at-09.26.31-edited-1-272x182.webp","width":272,"height":182,"mime-type":"image\/webp","filesize":13042,"source_url":"https:\/\/lavras.tv\/site\/wp-content\/uploads\/2026\/03\/WhatsApp-Image-2026-03-17-at-09.26.31-edited-1-272x182.webp"}},"image_meta":{"aperture":"0","credit":"","camera":"","caption":"","created_timestamp":"0","copyright":"","focal_length":"0","iso":"0","shutter_speed":"0","title":"","orientation":"0","keywords":[]}},"post":169780,"source_url":"https:\/\/lavras.tv\/site\/wp-content\/uploads\/2026\/03\/WhatsApp-Image-2026-03-17-at-09.26.31-edited-1.webp"},"author_meta":{"display_name":"Vinicius Bustamante","author_link":"https:\/\/lavras.tv\/site\/author\/vinicius-bustamante\/"},"featured_img":"https:\/\/lavras.tv\/site\/wp-content\/uploads\/2026\/03\/WhatsApp-Image-2026-03-17-at-09.26.31-edited-1-470x264.webp","coauthors":[],"tax_additional":{"categories":{"linked":["<a href=\"https:\/\/lavras.tv\/site\/category\/sem-categoria\/jornal-cidade\/\" class=\"advgb-post-tax-term\">DESTAQUE PRINCIPAL<\/a>","<a href=\"https:\/\/lavras.tv\/site\/category\/sem-categoria\/\" class=\"advgb-post-tax-term\">JORNAL DA CIDADE<\/a>","<a href=\"https:\/\/lavras.tv\/site\/category\/noticias\/\" class=\"advgb-post-tax-term\">Not\u00edcias<\/a>","<a href=\"https:\/\/lavras.tv\/site\/category\/sem-categoria\/jornal-cidade\/noticias-jornal-cidade\/\" class=\"advgb-post-tax-term\">NOT\u00cdCIAS<\/a>"],"unlinked":["<span class=\"advgb-post-tax-term\">DESTAQUE PRINCIPAL<\/span>","<span class=\"advgb-post-tax-term\">JORNAL DA CIDADE<\/span>","<span class=\"advgb-post-tax-term\">Not\u00edcias<\/span>","<span class=\"advgb-post-tax-term\">NOT\u00cdCIAS<\/span>"]}},"comment_count":"0","relative_dates":{"created":"Publicado 1 m\u00eas atr\u00e1s","modified":"Atualizado 1 m\u00eas atr\u00e1s"},"absolute_dates":{"created":"Publicado em 17 de mar\u00e7o de 2026","modified":"Atualizado em 17 de mar\u00e7o de 2026"},"absolute_dates_time":{"created":"Publicado em 17 de mar\u00e7o de 2026 18:21","modified":"Atualizado em 17 de mar\u00e7o de 2026 18:21"},"featured_img_caption":"","series_order":"","_links":{"self":[{"href":"https:\/\/lavras.tv\/site\/wp-json\/wp\/v2\/posts\/169780","targetHints":{"allow":["GET"]}}],"collection":[{"href":"https:\/\/lavras.tv\/site\/wp-json\/wp\/v2\/posts"}],"about":[{"href":"https:\/\/lavras.tv\/site\/wp-json\/wp\/v2\/types\/post"}],"author":[{"embeddable":true,"href":"https:\/\/lavras.tv\/site\/wp-json\/wp\/v2\/users\/5"}],"replies":[{"embeddable":true,"href":"https:\/\/lavras.tv\/site\/wp-json\/wp\/v2\/comments?post=169780"}],"version-history":[{"count":1,"href":"https:\/\/lavras.tv\/site\/wp-json\/wp\/v2\/posts\/169780\/revisions"}],"predecessor-version":[{"id":169782,"href":"https:\/\/lavras.tv\/site\/wp-json\/wp\/v2\/posts\/169780\/revisions\/169782"}],"wp:featuredmedia":[{"embeddable":true,"href":"https:\/\/lavras.tv\/site\/wp-json\/wp\/v2\/media\/169781"}],"wp:attachment":[{"href":"https:\/\/lavras.tv\/site\/wp-json\/wp\/v2\/media?parent=169780"}],"wp:term":[{"taxonomy":"category","embeddable":true,"href":"https:\/\/lavras.tv\/site\/wp-json\/wp\/v2\/categories?post=169780"},{"taxonomy":"post_tag","embeddable":true,"href":"https:\/\/lavras.tv\/site\/wp-json\/wp\/v2\/tags?post=169780"}],"curies":[{"name":"wp","href":"https:\/\/api.w.org\/{rel}","templated":true}]}}