{"id":169811,"date":"2026-03-24T10:27:19","date_gmt":"2026-03-24T13:27:19","guid":{"rendered":"https:\/\/lavras.tv\/site\/?p=169811"},"modified":"2026-03-24T10:27:20","modified_gmt":"2026-03-24T13:27:20","slug":"minas-antecipa-vacinacao-contra-a-gripe-e-amplia-a-protecao-em-todo-o-estado","status":"publish","type":"post","link":"https:\/\/lavras.tv\/site\/2026\/03\/24\/minas-antecipa-vacinacao-contra-a-gripe-e-amplia-a-protecao-em-todo-o-estado\/","title":{"rendered":"Minas antecipa vacina\u00e7\u00e3o contra a gripe e amplia a prote\u00e7\u00e3o em todo o estado"},"content":{"rendered":"<div class=\"lavra-antes-do-conteudo_2\" id=\"lavra-965857908\"><div id=\"lavra-slider-27\" class=\"custom-slider lavra-slider-949343240 lavra-slider\"><ul><li><div style=\"margin-left: auto;margin-right: auto;text-align: center;\" id=\"lavra-1327525643\"><a href=\"https:\/\/sistemas.lavras.mg.gov.br\/portalcidadao\/#df1b1a7c7b2a290bcb31e32771e610784662739a88807c0dacac58ede5f391a7530e299dc302d611ee73cb143fc22eaf93592e53e7b5bdb01b00a0b8d28dae460c141dd2ff83412e4dc1c31b16b25f33144a9e5620ea73b13f5bc1c59411d98439ad226e8af03840603796067d87afe130812cf3de24982d0e306f9e61e764e5\" aria-label=\"Lavras-TV&#8211;720x104px (1) (1)\"><img src=\"https:\/\/lavras.tv\/site\/wp-content\/uploads\/2025\/01\/Lavras-TV-720x104px-1-1.png\" alt=\"\"  srcset=\"https:\/\/lavras.tv\/site\/wp-content\/uploads\/2025\/01\/Lavras-TV-720x104px-1-1.png 720w, https:\/\/lavras.tv\/site\/wp-content\/uploads\/2025\/01\/Lavras-TV-720x104px-1-1-470x68.png 470w, https:\/\/lavras.tv\/site\/wp-content\/uploads\/2025\/01\/Lavras-TV-720x104px-1-1-170x25.png 170w, https:\/\/lavras.tv\/site\/wp-content\/uploads\/2025\/01\/Lavras-TV-720x104px-1-1-200x29.png 200w\" sizes=\"(max-width: 720px) 100vw, 720px\" width=\"720\" height=\"104\"  style=\"display: inline-block;\" \/><\/a><\/div><\/li><li><a href=\"https:\/\/sistemas.lavras.mg.gov.br\/portalcidadao\/#df1b1a7c7b2a290bcb31e32771e610784662739a88807c0dacac58ede5f391a7530e299dc302d611ee73cb143fc22eaf93592e53e7b5bdb01b00a0b8d28dae460c141dd2ff83412e4dc1c31b16b25f33144a9e5620ea73b13f5bc1c59411d98439ad226e8af03840603796067d87afe130812cf3de24982d0e306f9e61e764e5\" aria-label=\"Banner_Emprego_PortallavrasTV\"><img src=\"https:\/\/lavras.tv\/site\/wp-content\/uploads\/2025\/03\/Banner_Emprego_PortallavrasTV.png\" alt=\"\"  srcset=\"https:\/\/lavras.tv\/site\/wp-content\/uploads\/2025\/03\/Banner_Emprego_PortallavrasTV.png 720w, https:\/\/lavras.tv\/site\/wp-content\/uploads\/2025\/03\/Banner_Emprego_PortallavrasTV-470x68.png 470w, https:\/\/lavras.tv\/site\/wp-content\/uploads\/2025\/03\/Banner_Emprego_PortallavrasTV-170x25.png 170w, https:\/\/lavras.tv\/site\/wp-content\/uploads\/2025\/03\/Banner_Emprego_PortallavrasTV-200x29.png 200w\" sizes=\"(max-width: 720px) 100vw, 720px\" width=\"720\" height=\"104\"   \/><\/a><\/li><li><a href=\"https:\/\/sistemas.lavras.mg.gov.br\/portalcidadao\/#df1b1a7c7b2a290bcb31e32771e610784662739a88807c0dacac58ede5f391a7530e299dc302d611ee73cb143fc22eaf93592e53e7b5bdb01b00a0b8d28dae460c141dd2ff83412e4dc1c31b16b25f33144a9e5620ea73b13f5bc1c59411d98439ad226e8af03840603796067d87afe130812cf3de24982d0e306f9e61e764e5\" aria-label=\"Banner_Obras_PortallavrasTV\"><img src=\"https:\/\/lavras.tv\/site\/wp-content\/uploads\/2025\/03\/Banner_Obras_PortallavrasTV.png\" alt=\"\"  srcset=\"https:\/\/lavras.tv\/site\/wp-content\/uploads\/2025\/03\/Banner_Obras_PortallavrasTV.png 720w, https:\/\/lavras.tv\/site\/wp-content\/uploads\/2025\/03\/Banner_Obras_PortallavrasTV-470x68.png 470w, https:\/\/lavras.tv\/site\/wp-content\/uploads\/2025\/03\/Banner_Obras_PortallavrasTV-170x25.png 170w, https:\/\/lavras.tv\/site\/wp-content\/uploads\/2025\/03\/Banner_Obras_PortallavrasTV-200x29.png 200w\" sizes=\"(max-width: 720px) 100vw, 720px\" width=\"720\" height=\"104\"   \/><\/a><\/li><li><div style=\"margin-left: auto;margin-right: auto;text-align: center;\" id=\"lavra-3987076275\"><a href=\"https:\/\/sistemas.lavras.mg.gov.br\/portalcidadao\/#df1b1a7c7b2a290bcb31e32771e610784662739a88807c0dacac58ede5f391a7530e299dc302d611ee73cb143fc22eaf93592e53e7b5bdb01b00a0b8d28dae460c141dd2ff83412e4dc1c31b16b25f33144a9e5620ea73b13f5bc1c59411d98439ad226e8af03840603796067d87afe130812cf3de24982d0e306f9e61e764e5\" aria-label=\"Banner_Educa\u00e7\u00e3o_PortallavrasTV\"><img src=\"https:\/\/lavras.tv\/site\/wp-content\/uploads\/2025\/01\/Banner_Educacao_PortallavrasTV.png\" alt=\"\"  srcset=\"https:\/\/lavras.tv\/site\/wp-content\/uploads\/2025\/01\/Banner_Educacao_PortallavrasTV.png 720w, https:\/\/lavras.tv\/site\/wp-content\/uploads\/2025\/01\/Banner_Educacao_PortallavrasTV-470x68.png 470w, https:\/\/lavras.tv\/site\/wp-content\/uploads\/2025\/01\/Banner_Educacao_PortallavrasTV-170x25.png 170w, https:\/\/lavras.tv\/site\/wp-content\/uploads\/2025\/01\/Banner_Educacao_PortallavrasTV-200x29.png 200w\" sizes=\"(max-width: 720px) 100vw, 720px\" width=\"720\" height=\"104\"  style=\"display: inline-block;\" \/><\/a><\/div><\/li><li><a href=\"https:\/\/sistemas.lavras.mg.gov.br\/portalcidadao\/#df1b1a7c7b2a290bcb31e32771e610784662739a88807c0dacac58ede5f391a7530e299dc302d611ee73cb143fc22eaf93592e53e7b5bdb01b00a0b8d28dae460c141dd2ff83412e4dc1c31b16b25f33144a9e5620ea73b13f5bc1c59411d98439ad226e8af03840603796067d87afe130812cf3de24982d0e306f9e61e764e5\" aria-label=\"Banner_Sa\u00fade_PortallavrasTV\"><img src=\"https:\/\/lavras.tv\/site\/wp-content\/uploads\/2025\/03\/Banner_Saude_PortallavrasTV.png\" alt=\"\"  srcset=\"https:\/\/lavras.tv\/site\/wp-content\/uploads\/2025\/03\/Banner_Saude_PortallavrasTV.png 720w, https:\/\/lavras.tv\/site\/wp-content\/uploads\/2025\/03\/Banner_Saude_PortallavrasTV-470x68.png 470w, https:\/\/lavras.tv\/site\/wp-content\/uploads\/2025\/03\/Banner_Saude_PortallavrasTV-170x25.png 170w, https:\/\/lavras.tv\/site\/wp-content\/uploads\/2025\/03\/Banner_Saude_PortallavrasTV-200x29.png 200w\" sizes=\"(max-width: 720px) 100vw, 720px\" width=\"720\" height=\"104\"   \/><\/a><\/li><li><div id=\"lavra-4245659608\" style=\"width:720px;height:104px;background-color:#ddd;overflow:scroll;\">\n\t<strong>Sa\u00edda da depura\u00e7\u00e3o de an\u00fancios<\/strong>\n\t<br><br>\n\tO an\u00fancio n\u00e3o \u00e9 exibido na p\u00e1gina<br><br>post atual: Minas antecipa vacina\u00e7\u00e3o contra a gripe e amplia a prote\u00e7\u00e3o em todo o estado, ID: 169811<br><br><span style=\"color: red;\">O post atual n\u00e3o \u00e9 id\u00eantico ao post principal.<\/span><br><br>An\u00fancios: ROXO - TOPO INTERNA - ROTATIVO 2 (197)<br \/>Grupo de an\u00fancios: Princ_Meio01_720x104 (27)<br><br>Condi\u00e7\u00f5es de exibi\u00e7\u00e3o<div style=\"margin-bottom: 20px; white-space: pre-wrap; font-family: monospace; width: 100%; background: #ffe9e9;\"><strong>condi\u00e7\u00f5es gerais<\/strong><table border=\"1\"><thead><tr><th><\/th><th>An\u00fancios<\/th><th>wp_the_query<\/th><\/tr><\/thead><tr><td>is_main_query<\/td><td>1<\/td><td>1<\/td><\/tr><tr><td>is_rest_api<\/td><td>0<\/td><td>1<\/td><\/tr><tr><td>page<\/td><td>0<\/td><td>1<\/td><\/tr><tr><td>numpages<\/td><td>0<\/td><td>1<\/td><\/tr><tr><td>is_archive<\/td><td>1<\/td><td><\/td><\/tr><tr><td>is_search<\/td><td>1<\/td><td><\/td><\/tr><tr><td>is_home<\/td><td>1<\/td><td><\/td><\/tr><tr><td>is_404<\/td><td>1<\/td><td><\/td><\/tr><tr><td>is_attachment<\/td><td>1<\/td><td><\/td><\/tr><tr><td>is_singular<\/td><td>1<\/td><td><\/td><\/tr><tr><td>is_front_page<\/td><td>1<\/td><td><\/td><\/tr><tr><td>is_feed<\/td><td>1<\/td><td><\/td><\/tr><\/table><\/div><br><br><span style=\"color: red;\">Seu site usa HTTPS, mas o c\u00f3digo do an\u00fancio cont\u00e9m HTTP e pode n\u00e3o funcionar.<\/span>\t<br><br>\n\t<a style=\"color: green;\" href=\"https:\/\/wpadvancedads.com\/manual\/ad-debug-mode\/?utm_source=advanced-ads&utm_medium=link&utm_campaign=ad-debug-mode\" target=\"_blank\" rel=\"nofollow\">Encontre solu\u00e7\u00f5es no manual<\/a>\n<\/div>\n<\/li><\/ul><\/div><script>( window.advanced_ads_ready || jQuery( document ).ready ).call( null, function() {var $lavraslider949343240 = jQuery( \".lavra-slider-949343240\" );$lavraslider949343240.on( \"unslider.ready\", function() { jQuery( \"div.custom-slider ul li\" ).css( \"display\", \"block\" ); });$lavraslider949343240.unslider({ delay:4000, autoplay:true, nav:false, arrows:false, infinite:true });$lavraslider949343240.on(\"mouseover\", function() {$lavraslider949343240.unslider(\"stop\");}).on(\"mouseout\", function() {$lavraslider949343240.unslider(\"start\");});});<\/script><\/div>\n<h2 class=\"wp-block-heading\">Primeira remessa com 640 mil doses j\u00e1 est\u00e1 em distribui\u00e7\u00e3o&nbsp;no estado; vacina\u00e7\u00e3o come\u00e7a de imediato nos munic\u00edpios e ter\u00e1 Dia D em 11\/4<\/h2>\n\n\n\n<p><img decoding=\"async\" alt=\"imagem de destaque\" class=\"\" src=\"https:\/\/www.agenciaminas.mg.gov.br\/system\/news\/images\/000\/129\/448\/large\/Cr%C3%A9dito_Gil_LeonardiImprensa_MG_%2822%29.jpg?1774296684\">Gil Leonardi \/ Imprensa MG<\/p>\n\n\n\n<p><\/p>\n\n\n\n<p>A&nbsp;<a href=\"https:\/\/www.saude.mg.gov.br\/\" target=\"_blank\" rel=\"noreferrer noopener\">Secretaria de Estado de Sa\u00fade de Minas Gerais (SES-MG)<\/a>&nbsp;recebeu, no \u00faltimo s\u00e1bado (21\/3), a primeira remessa da vacina contra a influenza, com 640 mil doses. A distribui\u00e7\u00e3o para as 28 Unidades Regionais de Sa\u00fade j\u00e1 foi iniciada, permitindo que os munic\u00edpios comecem a vacina\u00e7\u00e3o do p\u00fablico priorit\u00e1rio assim que os imunizantes chegarem aos territ\u00f3rios.&nbsp;&nbsp;<\/p>\n\n\n\n<p>A meta do Programa Nacional de Imuniza\u00e7\u00f5es \u00e9 alcan\u00e7ar 90% de cobertura vacinal. Para isso, a orienta\u00e7\u00e3o \u00e9 que o p\u00fablico eleg\u00edvel procure a Unidade B\u00e1sica de Sa\u00fade (UBS) mais pr\u00f3xima para garantir a prote\u00e7\u00e3o contra a gripe.&nbsp;<\/p>\n\n\n\n<p>Segundo o subsecret\u00e1rio de Vigil\u00e2ncia em Sa\u00fade da SES-MG, Eduardo Prosdocimi, a vacina\u00e7\u00e3o \u00e9 a principal forma de preven\u00e7\u00e3o contra a influenza e outros v\u00edrus respirat\u00f3rios. \u201cA vacina reduz casos graves, interna\u00e7\u00f5es e \u00f3bitos, al\u00e9m de proteger durante o per\u00edodo de maior circula\u00e7\u00e3o dos v\u00edrus\u201d, destacou.&nbsp;&nbsp;<\/p>\n\n\n\n<p>A vacina deste ano protege contra as cepas A\/Missouri\/11\/2025 (H1N1), A\/Singapore\/GP20238\/2024 (H3N2) e B\/Austria\/1359417\/2021 (linhagem Victoria) e pode ser aplicada junto a outras vacinas do Calend\u00e1rio Nacional de Imuniza\u00e7\u00e3o.&nbsp;<\/p>\n\n\n\n<p><strong>Vacina\u00e7\u00e3o come\u00e7a de imediato e ter\u00e1 Dia D estadual<\/strong>&nbsp;<\/p>\n\n\n\n<p>Os munic\u00edpios est\u00e3o autorizados a iniciar a vacina\u00e7\u00e3o imediatamente ap\u00f3s o recebimento das doses. A previs\u00e3o da SES-MG \u00e9 que todas as regionais de sa\u00fade estejam abastecidas at\u00e9 esta semana, garantindo o in\u00edcio r\u00e1pido da campanha em todo o estado.&nbsp;<\/p>\n\n\n\n<p>&nbsp;A vacina\u00e7\u00e3o \u00e9 destinada aos grupos priorit\u00e1rios definidos pelo Minist\u00e9rio da Sa\u00fade, com destaque para crian\u00e7as de 6 meses a menores de 6 anos, gestantes, idosos com 60 anos ou mais e pu\u00e9rperas. Tamb\u00e9m fazem parte do p\u00fablico-alvo povos ind\u00edgenas e quilombolas, pessoas em situa\u00e7\u00e3o de rua, trabalhadores da sa\u00fade e da educa\u00e7\u00e3o, profissionais das for\u00e7as de seguran\u00e7a e salvamento, al\u00e9m de pessoas com comorbidades e defici\u00eancia permanente.&nbsp;<\/p>\n\n\n\n<p>A campanha contempla ainda caminhoneiros, trabalhadores do transporte coletivo, portu\u00e1rios e dos correios, popula\u00e7\u00e3o privada de liberdade e funcion\u00e1rios do sistema prisional, al\u00e9m de adolescentes e jovens sob medidas socioeducativas.&nbsp;<\/p>\n\n\n\n<p>&nbsp;A estrat\u00e9gia come\u00e7a com foco nos idosos, p\u00fablico mais vulner\u00e1vel a casos graves e interna\u00e7\u00f5es, e segue com mobiliza\u00e7\u00e3o para alcan\u00e7ar a meta de 90% de cobertura vacinal. Para ampliar a ades\u00e3o, ser\u00e1 realizado um Dia D estadual em 11\/4, al\u00e9m da mobiliza\u00e7\u00e3o nacional prevista para o pr\u00f3ximo s\u00e1bado (28\/3).&nbsp;<\/p>\n\n\n\n<p>Em Belo Horizonte, a campanha teve in\u00edcio nesta segunda-feira (23\/3), no Lar dos Idosos Nossa Senhora da Sa\u00fade, no bairro S\u00e3o Geraldo. A a\u00e7\u00e3o contou com a participa\u00e7\u00e3o de representantes da SES-MG e da Prefeitura de Belo Horizonte.&nbsp;<\/p>\n\n\n\n<p>&nbsp;\u201cNosso foco \u00e9 proteger os idosos, que t\u00eam maior risco de complica\u00e7\u00f5es. Mas todos os grupos priorit\u00e1rios devem se vacinar para evitar agravamentos da doen\u00e7a\u201d, refor\u00e7ou Prosdocimi.&nbsp;<\/p>\n\n\n\n<p><strong>Monitoramento refor\u00e7ado<\/strong>&nbsp;<\/p>\n\n\n\n<p>Com a chegada do per\u00edodo sazonal, o Estado intensificou o monitoramento dos v\u00edrus respirat\u00f3rios. As a\u00e7\u00f5es incluem acompanhamento de casos, interna\u00e7\u00f5es e \u00f3bitos, al\u00e9m de capacita\u00e7\u00f5es e amplia\u00e7\u00e3o da rede assistencial.&nbsp;&nbsp;<\/p>\n\n\n\n<p>A SES-MG ativou a Sala de Monitoramento na \u00faltima semana. At\u00e9 a \u00faltima sexta-feira (20\/3), Minas registrou&nbsp;4.267 casos de S\u00edndrome Respirat\u00f3ria Aguda Grave (SRAG), sendo 261 por covid, 155 por influenza e 49 por v\u00edrus sincicial&nbsp;respirat\u00f3rio (VSR).&nbsp;<\/p>\n\n\n\n<p>\u201cCom a sala de monitoramento, conseguimos acompanhar o cen\u00e1rio em tempo real e orientar a\u00e7\u00f5es mais r\u00e1pidas e eficazes em todo o estado\u201d, explicou o subsecret\u00e1rio.&nbsp;<\/p>\n\n\n\n<figure class=\"wp-block-image\"><img decoding=\"async\" src=\"https:\/\/www.agenciaminas.mg.gov.br\/ckeditor_assets\/pictures\/24044\/content_infografico_vacinacao_influenza.png\" alt=\"\"\/><\/figure>\n","protected":false},"excerpt":{"rendered":"<p>Primeira remessa com 640 mil doses j\u00e1 est\u00e1 em distribui\u00e7\u00e3o&nbsp;no estado; vacina\u00e7\u00e3o come\u00e7a de imediato nos munic\u00edpios e ter\u00e1 Dia D em 11\/4 Gil Leonardi \/ Imprensa MG A&nbsp;Secretaria de Estado de Sa\u00fade de Minas Gerais (SES-MG)&nbsp;recebeu, no \u00faltimo s\u00e1bado (21\/3), a primeira remessa da vacina contra a influenza, com 640 mil doses. A distribui\u00e7\u00e3o [&hellip;]<\/p>\n","protected":false},"author":5,"featured_media":169812,"comment_status":"closed","ping_status":"open","sticky":false,"template":"","format":"standard","meta":{"advgb_blocks_editor_width":"","advgb_blocks_columns_visual_guide":"","_exactmetrics_skip_tracking":false,"_exactmetrics_sitenote_active":false,"_exactmetrics_sitenote_note":"","_exactmetrics_sitenote_category":0,"footnotes":""},"categories":[7,2,5749],"tags":[],"class_list":["post-169811","post","type-post","status-publish","format-standard","has-post-thumbnail","hentry","category-destaques","category-noticias","category-saude"],"better_featured_image":{"id":169812,"alt_text":"","caption":"","description":"","media_type":"image","media_details":{"width":2560,"height":1661,"file":"2026\/03\/Credito_Gil_LeonardiImprensa_MG_22-scaled.jpg","filesize":325553,"sizes":{"medium":{"file":"Credito_Gil_LeonardiImprensa_MG_22-462x300.jpg","width":462,"height":300,"mime-type":"image\/jpeg","filesize":42630,"source_url":"https:\/\/lavras.tv\/site\/wp-content\/uploads\/2026\/03\/Credito_Gil_LeonardiImprensa_MG_22-462x300.jpg"},"large":{"file":"Credito_Gil_LeonardiImprensa_MG_22-970x629.jpg","width":970,"height":629,"mime-type":"image\/jpeg","filesize":83364,"source_url":"https:\/\/lavras.tv\/site\/wp-content\/uploads\/2026\/03\/Credito_Gil_LeonardiImprensa_MG_22-970x629.jpg"},"thumbnail":{"file":"Credito_Gil_LeonardiImprensa_MG_22-170x110.jpg","width":170,"height":110,"mime-type":"image\/jpeg","filesize":28659,"source_url":"https:\/\/lavras.tv\/site\/wp-content\/uploads\/2026\/03\/Credito_Gil_LeonardiImprensa_MG_22-170x110.jpg"},"1536x1536":{"file":"Credito_Gil_LeonardiImprensa_MG_22-1536x996.jpg","width":1536,"height":996,"mime-type":"image\/jpeg","filesize":154223,"source_url":"https:\/\/lavras.tv\/site\/wp-content\/uploads\/2026\/03\/Credito_Gil_LeonardiImprensa_MG_22-1536x996.jpg"},"2048x2048":{"file":"Credito_Gil_LeonardiImprensa_MG_22-2048x1329.jpg","width":2048,"height":1329,"mime-type":"image\/jpeg","filesize":236595,"source_url":"https:\/\/lavras.tv\/site\/wp-content\/uploads\/2026\/03\/Credito_Gil_LeonardiImprensa_MG_22-2048x1329.jpg"},"alm-thumbnail":{"file":"Credito_Gil_LeonardiImprensa_MG_22-150x150.jpg","width":150,"height":150,"mime-type":"image\/jpeg","filesize":28658,"source_url":"https:\/\/lavras.tv\/site\/wp-content\/uploads\/2026\/03\/Credito_Gil_LeonardiImprensa_MG_22-150x150.jpg"},"sow-carousel-default":{"file":"Credito_Gil_LeonardiImprensa_MG_22-272x182.jpg","width":272,"height":182,"mime-type":"image\/jpeg","filesize":32736,"source_url":"https:\/\/lavras.tv\/site\/wp-content\/uploads\/2026\/03\/Credito_Gil_LeonardiImprensa_MG_22-272x182.jpg"}},"image_meta":{"aperture":"4.5","credit":"","camera":"Canon EOS 7D","caption":"","created_timestamp":"1462020240","copyright":"","focal_length":"45","iso":"640","shutter_speed":"0.008","title":"","orientation":"0","keywords":[]},"original_image":"Credito_Gil_LeonardiImprensa_MG_22.jpg"},"post":169811,"source_url":"https:\/\/lavras.tv\/site\/wp-content\/uploads\/2026\/03\/Credito_Gil_LeonardiImprensa_MG_22-scaled.jpg"},"author_meta":{"display_name":"Vinicius Bustamante","author_link":"https:\/\/lavras.tv\/site\/author\/vinicius-bustamante\/"},"featured_img":"https:\/\/lavras.tv\/site\/wp-content\/uploads\/2026\/03\/Credito_Gil_LeonardiImprensa_MG_22-462x300.jpg","coauthors":[],"tax_additional":{"categories":{"linked":["<a href=\"https:\/\/lavras.tv\/site\/category\/destaques\/\" class=\"advgb-post-tax-term\">Destaques<\/a>","<a href=\"https:\/\/lavras.tv\/site\/category\/noticias\/\" class=\"advgb-post-tax-term\">Not\u00edcias<\/a>","<a href=\"https:\/\/lavras.tv\/site\/category\/saude\/\" class=\"advgb-post-tax-term\">Sa\u00fade<\/a>"],"unlinked":["<span class=\"advgb-post-tax-term\">Destaques<\/span>","<span class=\"advgb-post-tax-term\">Not\u00edcias<\/span>","<span class=\"advgb-post-tax-term\">Sa\u00fade<\/span>"]}},"comment_count":"0","relative_dates":{"created":"Publicado 1 m\u00eas atr\u00e1s","modified":"Atualizado 1 m\u00eas atr\u00e1s"},"absolute_dates":{"created":"Publicado em 24 de mar\u00e7o de 2026","modified":"Atualizado em 24 de mar\u00e7o de 2026"},"absolute_dates_time":{"created":"Publicado em 24 de mar\u00e7o de 2026 10:27","modified":"Atualizado em 24 de mar\u00e7o de 2026 10:27"},"featured_img_caption":"","series_order":"","_links":{"self":[{"href":"https:\/\/lavras.tv\/site\/wp-json\/wp\/v2\/posts\/169811","targetHints":{"allow":["GET"]}}],"collection":[{"href":"https:\/\/lavras.tv\/site\/wp-json\/wp\/v2\/posts"}],"about":[{"href":"https:\/\/lavras.tv\/site\/wp-json\/wp\/v2\/types\/post"}],"author":[{"embeddable":true,"href":"https:\/\/lavras.tv\/site\/wp-json\/wp\/v2\/users\/5"}],"replies":[{"embeddable":true,"href":"https:\/\/lavras.tv\/site\/wp-json\/wp\/v2\/comments?post=169811"}],"version-history":[{"count":1,"href":"https:\/\/lavras.tv\/site\/wp-json\/wp\/v2\/posts\/169811\/revisions"}],"predecessor-version":[{"id":169813,"href":"https:\/\/lavras.tv\/site\/wp-json\/wp\/v2\/posts\/169811\/revisions\/169813"}],"wp:featuredmedia":[{"embeddable":true,"href":"https:\/\/lavras.tv\/site\/wp-json\/wp\/v2\/media\/169812"}],"wp:attachment":[{"href":"https:\/\/lavras.tv\/site\/wp-json\/wp\/v2\/media?parent=169811"}],"wp:term":[{"taxonomy":"category","embeddable":true,"href":"https:\/\/lavras.tv\/site\/wp-json\/wp\/v2\/categories?post=169811"},{"taxonomy":"post_tag","embeddable":true,"href":"https:\/\/lavras.tv\/site\/wp-json\/wp\/v2\/tags?post=169811"}],"curies":[{"name":"wp","href":"https:\/\/api.w.org\/{rel}","templated":true}]}}