{"id":169828,"date":"2026-03-25T16:26:13","date_gmt":"2026-03-25T19:26:13","guid":{"rendered":"https:\/\/lavras.tv\/site\/?p=169828"},"modified":"2026-03-25T16:26:16","modified_gmt":"2026-03-25T19:26:16","slug":"pedro-lourenco-se-emociona-com-relato-de-artur-jorge-em-coletiva","status":"publish","type":"post","link":"https:\/\/lavras.tv\/site\/2026\/03\/25\/pedro-lourenco-se-emociona-com-relato-de-artur-jorge-em-coletiva\/","title":{"rendered":"PEDRO LOUREN\u00c7O SE EMOCIONA COM RELATO DE ARTUR JORGE, EM COLETIVA"},"content":{"rendered":"<div class=\"lavra-antes-do-conteudo_2\" id=\"lavra-2188655159\"><div id=\"lavra-slider-27\" class=\"custom-slider lavra-slider-3683345387 lavra-slider\"><ul><li><div style=\"margin-left: auto;margin-right: auto;text-align: center;\" id=\"lavra-2737935617\"><a href=\"https:\/\/sistemas.lavras.mg.gov.br\/portalcidadao\/#df1b1a7c7b2a290bcb31e32771e610784662739a88807c0dacac58ede5f391a7530e299dc302d611ee73cb143fc22eaf93592e53e7b5bdb01b00a0b8d28dae460c141dd2ff83412e4dc1c31b16b25f33144a9e5620ea73b13f5bc1c59411d98439ad226e8af03840603796067d87afe130812cf3de24982d0e306f9e61e764e5\" aria-label=\"Lavras-TV&#8211;720x104px (1) (1)\"><img src=\"https:\/\/lavras.tv\/site\/wp-content\/uploads\/2025\/01\/Lavras-TV-720x104px-1-1.png\" alt=\"\"  srcset=\"https:\/\/lavras.tv\/site\/wp-content\/uploads\/2025\/01\/Lavras-TV-720x104px-1-1.png 720w, https:\/\/lavras.tv\/site\/wp-content\/uploads\/2025\/01\/Lavras-TV-720x104px-1-1-470x68.png 470w, https:\/\/lavras.tv\/site\/wp-content\/uploads\/2025\/01\/Lavras-TV-720x104px-1-1-170x25.png 170w, https:\/\/lavras.tv\/site\/wp-content\/uploads\/2025\/01\/Lavras-TV-720x104px-1-1-200x29.png 200w\" sizes=\"(max-width: 720px) 100vw, 720px\" width=\"720\" height=\"104\"  style=\"display: inline-block;\" \/><\/a><\/div><\/li><li><a href=\"https:\/\/sistemas.lavras.mg.gov.br\/portalcidadao\/#df1b1a7c7b2a290bcb31e32771e610784662739a88807c0dacac58ede5f391a7530e299dc302d611ee73cb143fc22eaf93592e53e7b5bdb01b00a0b8d28dae460c141dd2ff83412e4dc1c31b16b25f33144a9e5620ea73b13f5bc1c59411d98439ad226e8af03840603796067d87afe130812cf3de24982d0e306f9e61e764e5\" aria-label=\"Banner_Emprego_PortallavrasTV\"><img src=\"https:\/\/lavras.tv\/site\/wp-content\/uploads\/2025\/03\/Banner_Emprego_PortallavrasTV.png\" alt=\"\"  srcset=\"https:\/\/lavras.tv\/site\/wp-content\/uploads\/2025\/03\/Banner_Emprego_PortallavrasTV.png 720w, https:\/\/lavras.tv\/site\/wp-content\/uploads\/2025\/03\/Banner_Emprego_PortallavrasTV-470x68.png 470w, https:\/\/lavras.tv\/site\/wp-content\/uploads\/2025\/03\/Banner_Emprego_PortallavrasTV-170x25.png 170w, https:\/\/lavras.tv\/site\/wp-content\/uploads\/2025\/03\/Banner_Emprego_PortallavrasTV-200x29.png 200w\" sizes=\"(max-width: 720px) 100vw, 720px\" width=\"720\" height=\"104\"   \/><\/a><\/li><li><a href=\"https:\/\/sistemas.lavras.mg.gov.br\/portalcidadao\/#df1b1a7c7b2a290bcb31e32771e610784662739a88807c0dacac58ede5f391a7530e299dc302d611ee73cb143fc22eaf93592e53e7b5bdb01b00a0b8d28dae460c141dd2ff83412e4dc1c31b16b25f33144a9e5620ea73b13f5bc1c59411d98439ad226e8af03840603796067d87afe130812cf3de24982d0e306f9e61e764e5\" aria-label=\"Banner_Obras_PortallavrasTV\"><img src=\"https:\/\/lavras.tv\/site\/wp-content\/uploads\/2025\/03\/Banner_Obras_PortallavrasTV.png\" alt=\"\"  srcset=\"https:\/\/lavras.tv\/site\/wp-content\/uploads\/2025\/03\/Banner_Obras_PortallavrasTV.png 720w, https:\/\/lavras.tv\/site\/wp-content\/uploads\/2025\/03\/Banner_Obras_PortallavrasTV-470x68.png 470w, https:\/\/lavras.tv\/site\/wp-content\/uploads\/2025\/03\/Banner_Obras_PortallavrasTV-170x25.png 170w, https:\/\/lavras.tv\/site\/wp-content\/uploads\/2025\/03\/Banner_Obras_PortallavrasTV-200x29.png 200w\" sizes=\"(max-width: 720px) 100vw, 720px\" width=\"720\" height=\"104\"   \/><\/a><\/li><li><div style=\"margin-left: auto;margin-right: auto;text-align: center;\" id=\"lavra-296059773\"><a href=\"https:\/\/sistemas.lavras.mg.gov.br\/portalcidadao\/#df1b1a7c7b2a290bcb31e32771e610784662739a88807c0dacac58ede5f391a7530e299dc302d611ee73cb143fc22eaf93592e53e7b5bdb01b00a0b8d28dae460c141dd2ff83412e4dc1c31b16b25f33144a9e5620ea73b13f5bc1c59411d98439ad226e8af03840603796067d87afe130812cf3de24982d0e306f9e61e764e5\" aria-label=\"Banner_Educa\u00e7\u00e3o_PortallavrasTV\"><img src=\"https:\/\/lavras.tv\/site\/wp-content\/uploads\/2025\/01\/Banner_Educacao_PortallavrasTV.png\" alt=\"\"  srcset=\"https:\/\/lavras.tv\/site\/wp-content\/uploads\/2025\/01\/Banner_Educacao_PortallavrasTV.png 720w, https:\/\/lavras.tv\/site\/wp-content\/uploads\/2025\/01\/Banner_Educacao_PortallavrasTV-470x68.png 470w, https:\/\/lavras.tv\/site\/wp-content\/uploads\/2025\/01\/Banner_Educacao_PortallavrasTV-170x25.png 170w, https:\/\/lavras.tv\/site\/wp-content\/uploads\/2025\/01\/Banner_Educacao_PortallavrasTV-200x29.png 200w\" sizes=\"(max-width: 720px) 100vw, 720px\" width=\"720\" height=\"104\"  style=\"display: inline-block;\" \/><\/a><\/div><\/li><li><a href=\"https:\/\/sistemas.lavras.mg.gov.br\/portalcidadao\/#df1b1a7c7b2a290bcb31e32771e610784662739a88807c0dacac58ede5f391a7530e299dc302d611ee73cb143fc22eaf93592e53e7b5bdb01b00a0b8d28dae460c141dd2ff83412e4dc1c31b16b25f33144a9e5620ea73b13f5bc1c59411d98439ad226e8af03840603796067d87afe130812cf3de24982d0e306f9e61e764e5\" aria-label=\"Banner_Sa\u00fade_PortallavrasTV\"><img src=\"https:\/\/lavras.tv\/site\/wp-content\/uploads\/2025\/03\/Banner_Saude_PortallavrasTV.png\" alt=\"\"  srcset=\"https:\/\/lavras.tv\/site\/wp-content\/uploads\/2025\/03\/Banner_Saude_PortallavrasTV.png 720w, https:\/\/lavras.tv\/site\/wp-content\/uploads\/2025\/03\/Banner_Saude_PortallavrasTV-470x68.png 470w, https:\/\/lavras.tv\/site\/wp-content\/uploads\/2025\/03\/Banner_Saude_PortallavrasTV-170x25.png 170w, https:\/\/lavras.tv\/site\/wp-content\/uploads\/2025\/03\/Banner_Saude_PortallavrasTV-200x29.png 200w\" sizes=\"(max-width: 720px) 100vw, 720px\" width=\"720\" height=\"104\"   \/><\/a><\/li><li><div id=\"lavra-708142622\" style=\"width:720px;height:104px;background-color:#ddd;overflow:scroll;\">\n\t<strong>Sa\u00edda da depura\u00e7\u00e3o de an\u00fancios<\/strong>\n\t<br><br>\n\tO an\u00fancio n\u00e3o \u00e9 exibido na p\u00e1gina<br><br>post atual: PEDRO LOUREN\u00c7O SE EMOCIONA COM RELATO DE ARTUR JORGE, EM COLETIVA, ID: 169828<br><br><span style=\"color: red;\">O post atual n\u00e3o \u00e9 id\u00eantico ao post principal.<\/span><br><br>An\u00fancios: ROXO - TOPO INTERNA - ROTATIVO 2 (197)<br \/>Grupo de an\u00fancios: Princ_Meio01_720x104 (27)<br><br>Condi\u00e7\u00f5es de exibi\u00e7\u00e3o<div style=\"margin-bottom: 20px; white-space: pre-wrap; font-family: monospace; width: 100%; background: #ffe9e9;\"><strong>condi\u00e7\u00f5es gerais<\/strong><table border=\"1\"><thead><tr><th><\/th><th>An\u00fancios<\/th><th>wp_the_query<\/th><\/tr><\/thead><tr><td>is_main_query<\/td><td>1<\/td><td>1<\/td><\/tr><tr><td>is_rest_api<\/td><td>0<\/td><td>1<\/td><\/tr><tr><td>page<\/td><td>0<\/td><td>1<\/td><\/tr><tr><td>numpages<\/td><td>0<\/td><td>1<\/td><\/tr><tr><td>is_archive<\/td><td>1<\/td><td><\/td><\/tr><tr><td>is_search<\/td><td>1<\/td><td><\/td><\/tr><tr><td>is_home<\/td><td>1<\/td><td><\/td><\/tr><tr><td>is_404<\/td><td>1<\/td><td><\/td><\/tr><tr><td>is_attachment<\/td><td>1<\/td><td><\/td><\/tr><tr><td>is_singular<\/td><td>1<\/td><td><\/td><\/tr><tr><td>is_front_page<\/td><td>1<\/td><td><\/td><\/tr><tr><td>is_feed<\/td><td>1<\/td><td><\/td><\/tr><\/table><\/div><br><br><span style=\"color: red;\">Seu site usa HTTPS, mas o c\u00f3digo do an\u00fancio cont\u00e9m HTTP e pode n\u00e3o funcionar.<\/span>\t<br><br>\n\t<a style=\"color: green;\" href=\"https:\/\/wpadvancedads.com\/manual\/ad-debug-mode\/?utm_source=advanced-ads&utm_medium=link&utm_campaign=ad-debug-mode\" target=\"_blank\" rel=\"nofollow\">Encontre solu\u00e7\u00f5es no manual<\/a>\n<\/div>\n<\/li><\/ul><\/div><script>( window.advanced_ads_ready || jQuery( document ).ready ).call( null, function() {var $lavraslider3683345387 = jQuery( \".lavra-slider-3683345387\" );$lavraslider3683345387.on( \"unslider.ready\", function() { jQuery( \"div.custom-slider ul li\" ).css( \"display\", \"block\" ); });$lavraslider3683345387.unslider({ delay:4000, autoplay:true, nav:false, arrows:false, infinite:true });$lavraslider3683345387.on(\"mouseover\", function() {$lavraslider3683345387.unslider(\"stop\");}).on(\"mouseout\", function() {$lavraslider3683345387.unslider(\"start\");});});<\/script><\/div>\n<p>O cora\u00e7\u00e3o bate forte pelo Cabuloso! \ud83d\udc99\ud83e\udd8a<\/p>\n\n\n\n<p>Durante a apresenta\u00e7\u00e3o de Artur Jorge, o dono do Cruzeiro, Pedro Louren\u00e7o, n\u00e3o segurou a emo\u00e7\u00e3o ao ouvir o novo comandante falar sobre o comprometimento de quem vive o clube no dia a dia.<\/p>\n\n\n\n<p>Para Artur Jorge, a paix\u00e3o de Pedrinho &#8220;obrigou&#8221; a todos a terem um compromisso emocional imediato com o projeto. \u00c9 esse sangue nos olhos que a gente quer ver!<\/p>\n\n\n\n<p>&#8220;Passado \u00e9 passado, agora vamos olhar para frente&#8221;, afirmou Louren\u00e7o. O foco \u00e9 total em tirar o time dessa situa\u00e7\u00e3o e honrar a nossa hist\u00f3ria.<\/p>\n\n\n\n<figure class=\"wp-block-embed is-type-video is-provider-youtube wp-block-embed-youtube wp-embed-aspect-9-16 wp-has-aspect-ratio\"><div class=\"wp-block-embed__wrapper\">\n<iframe title=\"PEDRO LOUREN\u00c7O SE EMOCIONA COM RELATO DE ARTUR JORGE, EM COLETIVA\" width=\"422\" height=\"750\" src=\"https:\/\/www.youtube.com\/embed\/wfP94nckarY?feature=oembed\" frameborder=\"0\" allow=\"accelerometer; autoplay; clipboard-write; encrypted-media; gyroscope; picture-in-picture; web-share\" referrerpolicy=\"strict-origin-when-cross-origin\" allowfullscreen><\/iframe>\n<\/div><\/figure>\n","protected":false},"excerpt":{"rendered":"<p>O cora\u00e7\u00e3o bate forte pelo Cabuloso! \ud83d\udc99\ud83e\udd8a Durante a apresenta\u00e7\u00e3o de Artur Jorge, o dono do Cruzeiro, Pedro Louren\u00e7o, n\u00e3o segurou a emo\u00e7\u00e3o ao ouvir o novo comandante falar sobre o comprometimento de quem vive o clube no dia a dia. Para Artur Jorge, a paix\u00e3o de Pedrinho &#8220;obrigou&#8221; a todos a terem um compromisso [&hellip;]<\/p>\n","protected":false},"author":5,"featured_media":169829,"comment_status":"closed","ping_status":"open","sticky":false,"template":"","format":"standard","meta":{"advgb_blocks_editor_width":"","advgb_blocks_columns_visual_guide":"","_exactmetrics_skip_tracking":false,"_exactmetrics_sitenote_active":false,"_exactmetrics_sitenote_note":"","_exactmetrics_sitenote_category":0,"footnotes":""},"categories":[17,3,1,2,5760],"tags":[],"class_list":["post-169828","post","type-post","status-publish","format-standard","has-post-thumbnail","hentry","category-jornal-cidade","category-esportes","category-sem-categoria","category-noticias","category-noticias-jornal-cidade"],"better_featured_image":{"id":169829,"alt_text":"","caption":"","description":"","media_type":"image","media_details":{"width":984,"height":867,"file":"2026\/03\/55168467240-63a1e74d58-k.avif_snapshot_00.02.158-e1774466761829.png","filesize":862343,"sizes":{"medium":{"file":"55168467240-63a1e74d58-k.avif_snapshot_00.02.158-e1774466761829-340x300.png","width":340,"height":300,"mime-type":"image\/png","filesize":142503,"source_url":"https:\/\/lavras.tv\/site\/wp-content\/uploads\/2026\/03\/55168467240-63a1e74d58-k.avif_snapshot_00.02.158-e1774466761829-340x300.png"},"large":{"file":"55168467240-63a1e74d58-k.avif_snapshot_00.02.158-e1774466761829-970x855.png","width":970,"height":855,"mime-type":"image\/png","filesize":804620,"source_url":"https:\/\/lavras.tv\/site\/wp-content\/uploads\/2026\/03\/55168467240-63a1e74d58-k.avif_snapshot_00.02.158-e1774466761829-970x855.png"},"thumbnail":{"file":"55168467240-63a1e74d58-k.avif_snapshot_00.02.158-e1774466761829-170x150.png","width":170,"height":150,"mime-type":"image\/png","filesize":42637,"source_url":"https:\/\/lavras.tv\/site\/wp-content\/uploads\/2026\/03\/55168467240-63a1e74d58-k.avif_snapshot_00.02.158-e1774466761829-170x150.png"},"alm-thumbnail":{"file":"55168467240-63a1e74d58-k.avif_snapshot_00.02.158-e1774466761829-150x150.png","width":150,"height":150,"mime-type":"image\/png","filesize":39010,"source_url":"https:\/\/lavras.tv\/site\/wp-content\/uploads\/2026\/03\/55168467240-63a1e74d58-k.avif_snapshot_00.02.158-e1774466761829-150x150.png"},"sow-carousel-default":{"file":"55168467240-63a1e74d58-k.avif_snapshot_00.02.158-e1774466761829-272x182.png","width":272,"height":182,"mime-type":"image\/png","filesize":73067,"source_url":"https:\/\/lavras.tv\/site\/wp-content\/uploads\/2026\/03\/55168467240-63a1e74d58-k.avif_snapshot_00.02.158-e1774466761829-272x182.png"}},"image_meta":{"aperture":"0","credit":"","camera":"","caption":"","created_timestamp":"0","copyright":"","focal_length":"0","iso":"0","shutter_speed":"0","title":"","orientation":"0","keywords":[]}},"post":169828,"source_url":"https:\/\/lavras.tv\/site\/wp-content\/uploads\/2026\/03\/55168467240-63a1e74d58-k.avif_snapshot_00.02.158-e1774466761829.png"},"author_meta":{"display_name":"Vinicius Bustamante","author_link":"https:\/\/lavras.tv\/site\/author\/vinicius-bustamante\/"},"featured_img":"https:\/\/lavras.tv\/site\/wp-content\/uploads\/2026\/03\/55168467240-63a1e74d58-k.avif_snapshot_00.02.158-e1774466761829-340x300.png","coauthors":[],"tax_additional":{"categories":{"linked":["<a href=\"https:\/\/lavras.tv\/site\/category\/sem-categoria\/jornal-cidade\/\" class=\"advgb-post-tax-term\">DESTAQUE PRINCIPAL<\/a>","<a href=\"https:\/\/lavras.tv\/site\/category\/esportes\/\" class=\"advgb-post-tax-term\">Esportes<\/a>","<a href=\"https:\/\/lavras.tv\/site\/category\/sem-categoria\/\" class=\"advgb-post-tax-term\">JORNAL DA CIDADE<\/a>","<a href=\"https:\/\/lavras.tv\/site\/category\/noticias\/\" class=\"advgb-post-tax-term\">Not\u00edcias<\/a>","<a href=\"https:\/\/lavras.tv\/site\/category\/sem-categoria\/jornal-cidade\/noticias-jornal-cidade\/\" class=\"advgb-post-tax-term\">NOT\u00cdCIAS<\/a>"],"unlinked":["<span class=\"advgb-post-tax-term\">DESTAQUE PRINCIPAL<\/span>","<span class=\"advgb-post-tax-term\">Esportes<\/span>","<span class=\"advgb-post-tax-term\">JORNAL DA CIDADE<\/span>","<span class=\"advgb-post-tax-term\">Not\u00edcias<\/span>","<span class=\"advgb-post-tax-term\">NOT\u00cdCIAS<\/span>"]}},"comment_count":"0","relative_dates":{"created":"Publicado 1 m\u00eas atr\u00e1s","modified":"Atualizado 1 m\u00eas atr\u00e1s"},"absolute_dates":{"created":"Publicado em 25 de mar\u00e7o de 2026","modified":"Atualizado em 25 de mar\u00e7o de 2026"},"absolute_dates_time":{"created":"Publicado em 25 de mar\u00e7o de 2026 16:26","modified":"Atualizado em 25 de mar\u00e7o de 2026 16:26"},"featured_img_caption":"","series_order":"","_links":{"self":[{"href":"https:\/\/lavras.tv\/site\/wp-json\/wp\/v2\/posts\/169828","targetHints":{"allow":["GET"]}}],"collection":[{"href":"https:\/\/lavras.tv\/site\/wp-json\/wp\/v2\/posts"}],"about":[{"href":"https:\/\/lavras.tv\/site\/wp-json\/wp\/v2\/types\/post"}],"author":[{"embeddable":true,"href":"https:\/\/lavras.tv\/site\/wp-json\/wp\/v2\/users\/5"}],"replies":[{"embeddable":true,"href":"https:\/\/lavras.tv\/site\/wp-json\/wp\/v2\/comments?post=169828"}],"version-history":[{"count":1,"href":"https:\/\/lavras.tv\/site\/wp-json\/wp\/v2\/posts\/169828\/revisions"}],"predecessor-version":[{"id":169832,"href":"https:\/\/lavras.tv\/site\/wp-json\/wp\/v2\/posts\/169828\/revisions\/169832"}],"wp:featuredmedia":[{"embeddable":true,"href":"https:\/\/lavras.tv\/site\/wp-json\/wp\/v2\/media\/169829"}],"wp:attachment":[{"href":"https:\/\/lavras.tv\/site\/wp-json\/wp\/v2\/media?parent=169828"}],"wp:term":[{"taxonomy":"category","embeddable":true,"href":"https:\/\/lavras.tv\/site\/wp-json\/wp\/v2\/categories?post=169828"},{"taxonomy":"post_tag","embeddable":true,"href":"https:\/\/lavras.tv\/site\/wp-json\/wp\/v2\/tags?post=169828"}],"curies":[{"name":"wp","href":"https:\/\/api.w.org\/{rel}","templated":true}]}}